{"id":155164,"date":"2025-12-14T17:30:00","date_gmt":"2025-12-14T20:30:00","guid":{"rendered":"https:\/\/www.correiobraziliense.com.br\/cbradar\/?p=155164"},"modified":"2025-12-12T18:41:15","modified_gmt":"2025-12-12T21:41:15","slug":"quanto-tempo-realmente-dura-a-carne-no-congelador","status":"publish","type":"post","link":"https:\/\/www.correiobraziliense.com.br\/cbradar\/quanto-tempo-realmente-dura-a-carne-no-congelador\/","title":{"rendered":"Quanto tempo realmente dura a carne no congelador"},"content":{"rendered":"\n<p>Guardar carne no congelador \u00e9 um h\u00e1bito comum em muitos lares, especialmente para quem faz compras em maior quantidade e precisa prolongar a durabilidade dos alimentos. Apesar de ser um m\u00e9todo bastante usado, ainda existem d\u00favidas sobre quanto tempo a carne pode ficar congelada sem perder qualidade ou representar risco \u00e0 sa\u00fade, e conhecer esses prazos e algumas regras b\u00e1sicas de higiene ajuda a tornar o consumo mais seguro no dia a dia.<\/p>\n\n\n\n<h2 class=\"wp-block-heading\">Quanto tempo a carne pode ficar no freezer com seguran\u00e7a<\/h2>\n\n\n\n<p>A palavra-chave para esse tema \u00e9 <strong>tempo de congelamento da carne<\/strong>. Do ponto de vista de <strong>seguran\u00e7a alimentar<\/strong>, a carne mantida constantemente em congelamento profundo pode permanecer segura por meses, desde que o equipamento esteja sempre a cerca de <strong>-18 \u00baC<\/strong> ou menos.<\/p>\n\n\n\n<p>O congelamento funciona como uma esp\u00e9cie de \u201cpausa\u201d no processo natural de deteriora\u00e7\u00e3o dos alimentos. Em temperaturas baixas, a atividade de <strong>bact\u00e9rias, leveduras e fungos<\/strong> \u00e9 interrompida, bem como as rea\u00e7\u00f5es enzim\u00e1ticas que alteram cor, cheiro e textura da carne, preservando melhor o alimento.<\/p>\n\n\n\n<figure class=\"wp-block-image size-large\"><img decoding=\"async\" width=\"1024\" height=\"576\" src=\"https:\/\/www.correiobraziliense.com.br\/cbradar\/wp-content\/uploads\/2025\/12\/carne-congelador_1765575300687-1024x576.jpg\" alt=\"Quanto tempo realmente dura a carne no congelador\" class=\"wp-image-155167\" srcset=\"https:\/\/www.correiobraziliense.com.br\/cbradar\/wp-content\/uploads\/2025\/12\/carne-congelador_1765575300687-1024x576.jpg 1024w, https:\/\/www.correiobraziliense.com.br\/cbradar\/wp-content\/uploads\/2025\/12\/carne-congelador_1765575300687-300x169.jpg 300w, https:\/\/www.correiobraziliense.com.br\/cbradar\/wp-content\/uploads\/2025\/12\/carne-congelador_1765575300687-768x432.jpg 768w, https:\/\/www.correiobraziliense.com.br\/cbradar\/wp-content\/uploads\/2025\/12\/carne-congelador_1765575300687-750x422.jpg 750w, https:\/\/www.correiobraziliense.com.br\/cbradar\/wp-content\/uploads\/2025\/12\/carne-congelador_1765575300687-1140x641.jpg 1140w, https:\/\/www.correiobraziliense.com.br\/cbradar\/wp-content\/uploads\/2025\/12\/carne-congelador_1765575300687.jpg 1280w\" sizes=\"(max-width: 1024px) 100vw, 1024px\" \/><figcaption class=\"wp-element-caption\"> -18\u00b0C, carne bovina resiste 6-12 meses sem perda nutricional; evite oscila\u00e7\u00f5es t\u00e9rmicas e recongelamentos para prevenir bact\u00e9rias. Cr\u00e9ditos: depositphotos.com \/ qwartm<\/figcaption><\/figure>\n\n\n\n<h2 class=\"wp-block-heading\">Quais s\u00e3o os prazos indicados para congelar diferentes tipos de carne<\/h2>\n\n\n\n<p>Os \u00f3rg\u00e3os de seguran\u00e7a alimentar sugerem prazos de refer\u00eancia para manter boa qualidade sensorial. Em geral, quanto maior o tempo de estocagem, maior a chance de a carne perder <strong>sucul\u00eancia, sabor e textura<\/strong>, mesmo continuando segura se sempre ficou bem congelada.<\/p>\n\n\n\n<p>Esses per\u00edodos s\u00e3o indicativos para preservar o sabor e a textura em condi\u00e7\u00f5es dom\u00e9sticas de congelamento. Abaixo est\u00e3o prazos m\u00e9dios recomendados para o <strong>tempo de congelamento da carne<\/strong> em freezers adequados:<\/p>\n\n\n\n<ul class=\"wp-block-list\">\n<li><strong>Carnes bovinas em cortes grandes<\/strong> (pe\u00e7as inteiras, assados): entre 8 e 12 meses.<\/li>\n\n\n\n<li><strong>Bife e carne em peda\u00e7os menores<\/strong>: cerca de 4 a 6 meses.<\/li>\n\n\n\n<li><strong>Carne su\u00edna em pe\u00e7as<\/strong>: de 4 a 8 meses.<\/li>\n\n\n\n<li><strong>Carne mo\u00edda<\/strong> de boi, porco ou mista: preferencialmente at\u00e9 3 a 4 meses.<\/li>\n\n\n\n<li><strong>Embutidos e fiambres<\/strong> (presunto, peito de peru fatiado, salsichas): em torno de 1 a 2 meses para melhor qualidade.<\/li>\n<\/ul>\n\n\n\n<h2 class=\"wp-block-heading\">Como congelar carne corretamente para manter a qualidade<\/h2>\n\n\n\n<p>Al\u00e9m do <strong>tempo de congelamento da carne<\/strong>, a forma de armazenar influencia diretamente na conserva\u00e7\u00e3o do alimento. A exposi\u00e7\u00e3o ao ar frio e seco do freezer favorece o chamado \u201c<strong>queimado de freezer<\/strong>\u201d, quando a superf\u00edcie da carne fica esbranqui\u00e7ada, ressecada e com textura desagrad\u00e1vel ap\u00f3s o preparo.<\/p>\n\n\n\n<p>Alguns cuidados simples ajudam a evitar problemas de textura e sabor. Adotar t\u00e9cnicas corretas de <strong>embalagem, porcionamento e identifica\u00e7\u00e3o<\/strong> facilita o dia a dia e reduz o desperd\u00edcio de alimentos.<\/p>\n\n\n\n<ol class=\"wp-block-list\">\n<li><strong>Dividir em por\u00e7\u00f5es<\/strong>: separar a carne em quantidades adequadas para uma refei\u00e7\u00e3o, evitando descongelar mais do que ser\u00e1 utilizado.<\/li>\n\n\n\n<li><strong>Embalar bem<\/strong>: usar sacos pr\u00f3prios para congelamento, potes pl\u00e1sticos com boa veda\u00e7\u00e3o ou papel-filme, retirando o m\u00e1ximo de ar poss\u00edvel.<\/li>\n\n\n\n<li><strong>Identificar e datar<\/strong>: anotar tipo de carne e data de congelamento na embalagem para controlar o tempo de armazenamento.<\/li>\n\n\n\n<li><strong>Congelar rapidamente<\/strong>: colocar os alimentos j\u00e1 embalados na parte mais fria do freezer, ajudando a reduzir o tempo de forma\u00e7\u00e3o de cristais de gelo.<\/li>\n\n\n\n<li><strong>Evitar abrir o freezer com frequ\u00eancia<\/strong>: oscila\u00e7\u00f5es de temperatura interferem na estabilidade do congelamento.<\/li>\n<\/ol>\n\n\n\n<p>Para aprofundar o tema, trouxemos o v\u00eddeo do especialista Davi Laranjeira:<\/p>\n\n\n\n<blockquote class=\"tiktok-embed\" cite=\"https:\/\/www.tiktok.com\/@davi.laranjeira\/video\/7190385037412470022\" data-video-id=\"7190385037412470022\" style=\"max-width: 605px;min-width: 325px;\" > <section> <a target=\"_blank\" title=\"@davi.laranjeira\" href=\"https:\/\/www.tiktok.com\/@davi.laranjeira?refer=embed\">@davi.laranjeira<\/a> Congelar ou n\u00e3o congelar a carne, eis a quest\u00e3o. \ud83e\udd69 Se voc\u00ea quer saber como conservar suas carnes da melhor maneira e quais s\u00e3o os melhores cortes de carne para cada prato, clique no link da bio e venha ser aluno do Voc\u00ea Chef em 24h! \u2705 <a title=\"chefcurioso\" target=\"_blank\" href=\"https:\/\/www.tiktok.com\/tag\/chefcurioso?refer=embed\">#chefcurioso<\/a> <a title=\"cozinhando\" target=\"_blank\" href=\"https:\/\/www.tiktok.com\/tag\/cozinhando?refer=embed\">#cozinhando<\/a> <a title=\"cozinhandocomamor\" target=\"_blank\" href=\"https:\/\/www.tiktok.com\/tag\/cozinhandocomamor?refer=embed\">#cozinhandocomamor<\/a> <a title=\"cozinhandoemfam\u00edlia\" target=\"_blank\" href=\"https:\/\/www.tiktok.com\/tag\/cozinhandoemfam%C3%ADlia?refer=embed\">#cozinhandoemfam\u00edlia<\/a> <a title=\"cozinhapratica\" target=\"_blank\" href=\"https:\/\/www.tiktok.com\/tag\/cozinhapratica?refer=embed\">#cozinhapratica<\/a> <a title=\"panela\" target=\"_blank\" href=\"https:\/\/www.tiktok.com\/tag\/panela?refer=embed\">#panela<\/a> <a title=\"dicasdecozinha\" target=\"_blank\" href=\"https:\/\/www.tiktok.com\/tag\/dicasdecozinha?refer=embed\">#dicasdecozinha<\/a> <a title=\"gastronomia\" target=\"_blank\" href=\"https:\/\/www.tiktok.com\/tag\/gastronomia?refer=embed\">#gastronomia<\/a> <a title=\"culinariabrasileira\" target=\"_blank\" href=\"https:\/\/www.tiktok.com\/tag\/culinariabrasileira?refer=embed\">#culinariabrasileira<\/a> <a title=\"culinariafuncional\" target=\"_blank\" href=\"https:\/\/www.tiktok.com\/tag\/culinariafuncional?refer=embed\">#culinariafuncional<\/a> <a title=\"comida\" target=\"_blank\" href=\"https:\/\/www.tiktok.com\/tag\/comida?refer=embed\">#comida<\/a> <a title=\"receita\" target=\"_blank\" href=\"https:\/\/www.tiktok.com\/tag\/receita?refer=embed\">#receita<\/a> <a title=\"receitaspraticas\" target=\"_blank\" href=\"https:\/\/www.tiktok.com\/tag\/receitaspraticas?refer=embed\">#receitaspraticas<\/a> <a title=\"receitasfaceis\" target=\"_blank\" href=\"https:\/\/www.tiktok.com\/tag\/receitasfaceis?refer=embed\">#receitasfaceis<\/a> <a title=\"tanamesa\" target=\"_blank\" href=\"https:\/\/www.tiktok.com\/tag\/tanamesa?refer=embed\">#tanamesa<\/a> <a title=\"receitapratica\" target=\"_blank\" href=\"https:\/\/www.tiktok.com\/tag\/receitapratica?refer=embed\">#receitapratica<\/a> <a title=\"receitascaseiras\" target=\"_blank\" href=\"https:\/\/www.tiktok.com\/tag\/receitascaseiras?refer=embed\">#receitascaseiras<\/a> <a title=\"culinaria\" target=\"_blank\" href=\"https:\/\/www.tiktok.com\/tag\/culinaria?refer=embed\">#culinaria<\/a> <a title=\"receitafacil\" target=\"_blank\" href=\"https:\/\/www.tiktok.com\/tag\/receitafacil?refer=embed\">#receitafacil<\/a> <a title=\"receitas\" target=\"_blank\" href=\"https:\/\/www.tiktok.com\/tag\/receitas?refer=embed\">#receitas<\/a> <a title=\"comidacaseira\" target=\"_blank\" href=\"https:\/\/www.tiktok.com\/tag\/comidacaseira?refer=embed\">#comidacaseira<\/a> <a title=\"comidaboa\" target=\"_blank\" href=\"https:\/\/www.tiktok.com\/tag\/comidaboa?refer=embed\">#comidaboa<\/a> <a title=\"comidareal\" target=\"_blank\" href=\"https:\/\/www.tiktok.com\/tag\/comidareal?refer=embed\">#comidareal<\/a> <a title=\"comidas\" target=\"_blank\" href=\"https:\/\/www.tiktok.com\/tag\/comidas?refer=embed\">#comidas<\/a> <a target=\"_blank\" title=\"\u266c som original - Davi Laranjeira - Alimenta\u00e7\u00e3o\" href=\"https:\/\/www.tiktok.com\/music\/som-original-7190385052600781573?refer=embed\">\u266c som original &#8211; Davi Laranjeira &#8211; Alimenta\u00e7\u00e3o<\/a> <\/section> <\/blockquote> <script async src=\"https:\/\/www.tiktok.com\/embed.js\"><\/script>\n\n\n\n<h2 class=\"wp-block-heading\">Carne pode ser congelada e descongelada mais de uma vez com seguran\u00e7a<\/h2>\n\n\n\n<p>Uma d\u00favida comum \u00e9 se a carne crua pode voltar ao freezer depois de descongelada. A orienta\u00e7\u00e3o mais segura \u00e9 que <strong>carne crua descongelada n\u00e3o seja recongelada<\/strong>, a menos que tenha sido totalmente cozida antes de retornar ao congelador, pois isso reduz a carga de microrganismos.<\/p>\n\n\n\n<p>Ao sair do ambiente de congelamento e voltar a temperaturas mais altas, mesmo na geladeira, os microrganismos retomam sua atividade. Recongelar a carne ainda crua aumenta o risco de <strong>multiplica\u00e7\u00e3o de bact\u00e9rias<\/strong> e provoca perda adicional de textura e sucul\u00eancia.<\/p>\n\n\n\n<h2 class=\"wp-block-heading\">Quanto tempo frango peixe e frutos do mar podem ficar congelados<\/h2>\n\n\n\n<p>As orienta\u00e7\u00f5es para o <strong>tempo de congelamento da carne<\/strong> tamb\u00e9m se aplicam a outros tipos de prote\u00edna animal, com alguns ajustes importantes. As aves inteiras suportam per\u00edodos mais longos sem grande perda de qualidade, enquanto peixes e frutos do mar s\u00e3o mais sens\u00edveis \u00e0 oxida\u00e7\u00e3o e ao ran\u00e7o.<\/p>\n\n\n\n<p>Para manter melhor textura e sabor, \u00e9 essencial usar <strong>embalagens bem vedadas<\/strong> e evitar flutua\u00e7\u00f5es de temperatura. Veja prazos m\u00e9dios de armazenamento para diferentes tipos de prote\u00edna:<\/p>\n\n\n\n<ul class=\"wp-block-list\">\n<li><strong>Frango ou peru inteiros<\/strong>: at\u00e9 cerca de 12 meses.<\/li>\n\n\n\n<li><strong>Peda\u00e7os de frango<\/strong> (peito, coxa, asa): em torno de 6 a 9 meses.<\/li>\n\n\n\n<li><strong>Mi\u00fados de aves<\/strong> (f\u00edgado, cora\u00e7\u00e3o, moela): aproximadamente 3 a 4 meses.<\/li>\n\n\n\n<li><strong>Peixes magros<\/strong> (como bacalhau fresco, pescada): 6 a 8 meses.<\/li>\n\n\n\n<li><strong>Peixes gordurosos<\/strong> (como salm\u00e3o, atum): 2 a 3 meses para manter melhor sabor.<\/li>\n\n\n\n<li><strong>Frutos do mar<\/strong> (camar\u00e3o, lula, mariscos): em torno de 3 a 6 meses, dependendo do tipo e da qualidade da embalagem.<\/li>\n<\/ul>\n\n\n\n<h2 class=\"wp-block-heading\">Quais s\u00e3o os cuidados ideais ao descongelar a carne<\/h2>\n\n\n\n<p>O descongelamento \u00e9 t\u00e3o importante quanto o tempo de congelamento da carne. Mesmo que o alimento tenha sido bem armazenado, uma etapa de descongelamento inadequada pode favorecer a multiplica\u00e7\u00e3o de microrganismos e comprometer a <strong>seguran\u00e7a do alimento<\/strong>.<\/p>\n\n\n\n<p>As formas mais seguras de descongelar evitam que a carne permane\u00e7a muito tempo na chamada \u201c<strong>zona de perigo<\/strong>\u201d de temperatura, entre 5 \u00baC e 60 \u00baC. Nessas condi\u00e7\u00f5es, as bact\u00e9rias se multiplicam rapidamente e aumentam o risco de <strong>intoxica\u00e7\u00e3o alimentar<\/strong>.<\/p>\n\n\n\n<ol class=\"wp-block-list\">\n<li><strong>Na geladeira<\/strong>: colocar a carne em recipiente fechado na prateleira inferior, evitando contato com outros alimentos. \u00c9 o m\u00e9todo mais seguro, embora mais lento.<\/li>\n\n\n\n<li><strong>No micro-ondas<\/strong>: usar a fun\u00e7\u00e3o espec\u00edfica de descongelar e cozinhar imediatamente ap\u00f3s, pois parte da carne aquece e entra na zona de perigo.<\/li>\n\n\n\n<li><strong>Em \u00e1gua fria<\/strong>: manter a carne em embalagem bem fechada, submersa em \u00e1gua fria, trocando a \u00e1gua periodicamente, e cozinhar logo em seguida.<\/li>\n<\/ol>\n","protected":false},"excerpt":{"rendered":"<p>Descubra quanto tempo \u00e9 seguro congelar carne, aves e peixes, como descongelar corretamente e evitar riscos \u00e0 sa\u00fade.<\/p>\n","protected":false},"author":3,"featured_media":155166,"comment_status":"open","ping_status":"open","sticky":false,"template":"","format":"standard","meta":{"_yoast_wpseo_focuskw":"quanto tempo carne congelador","_yoast_wpseo_title":"%%title%%","_yoast_wpseo_metadesc":"Descubra quanto tempo \u00e9 seguro congelar carne, aves e peixes, como descongelar corretamente e evitar riscos \u00e0 sa\u00fade.","jnews-multi-image_gallery":[],"jnews_single_post":{"format":"standard"},"jnews_primary_category":[],"jnews_social_meta":[],"jnews_override_counter":[],"footnotes":""},"categories":[112],"post_tag":[281,1423,9559,144],"class_list":["post-155164","post","type-post","status-publish","format-standard","has-post-thumbnail","hentry","category-curiosidades","tag-alimentacao","tag-alimentos","tag-carnes","tag-curiosidades"],"yoast_head":"<!-- This site is optimized with the Yoast SEO plugin v24.6 - https:\/\/yoast.com\/wordpress\/plugins\/seo\/ -->\n<title>Quanto tempo realmente dura a carne no congelador<\/title>\n<meta name=\"description\" content=\"Descubra quanto tempo \u00e9 seguro congelar carne, aves e peixes, como descongelar corretamente e evitar riscos \u00e0 sa\u00fade.\" \/>\n<meta name=\"robots\" content=\"index, follow, max-snippet:-1, max-image-preview:large, max-video-preview:-1\" \/>\n<link rel=\"canonical\" href=\"https:\/\/www.correiobraziliense.com.br\/cbradar\/quanto-tempo-realmente-dura-a-carne-no-congelador\/\" \/>\n<meta property=\"og:locale\" content=\"pt_BR\" \/>\n<meta property=\"og:type\" content=\"article\" \/>\n<meta property=\"og:title\" content=\"Quanto tempo realmente dura a carne no congelador\" \/>\n<meta property=\"og:description\" content=\"Descubra quanto tempo \u00e9 seguro congelar carne, aves e peixes, como descongelar corretamente e evitar riscos \u00e0 sa\u00fade.\" \/>\n<meta property=\"og:url\" content=\"https:\/\/www.correiobraziliense.com.br\/cbradar\/quanto-tempo-realmente-dura-a-carne-no-congelador\/\" \/>\n<meta property=\"og:site_name\" content=\"Correio Braziliense - Radar\" \/>\n<meta property=\"article:published_time\" content=\"2025-12-14T20:30:00+00:00\" \/>\n<meta property=\"og:image\" content=\"https:\/\/www.correiobraziliense.com.br\/cbradar\/wp-content\/uploads\/2025\/12\/mosaico_1765575402556.jpg\" \/>\n\t<meta property=\"og:image:width\" content=\"1280\" \/>\n\t<meta property=\"og:image:height\" content=\"720\" \/>\n\t<meta property=\"og:image:type\" content=\"image\/jpeg\" \/>\n<meta name=\"author\" content=\"Larissa Carvalho\" \/>\n<meta name=\"twitter:card\" content=\"summary_large_image\" \/>\n<meta name=\"twitter:label1\" content=\"Escrito por\" \/>\n\t<meta name=\"twitter:data1\" content=\"Larissa Carvalho\" \/>\n\t<meta name=\"twitter:label2\" content=\"Est. tempo de leitura\" \/>\n\t<meta name=\"twitter:data2\" content=\"6 minutos\" \/>\n<!-- \/ Yoast SEO plugin. -->","yoast_head_json":{"title":"Quanto tempo realmente dura a carne no congelador","description":"Descubra quanto tempo \u00e9 seguro congelar carne, aves e peixes, como descongelar corretamente e evitar riscos \u00e0 sa\u00fade.","robots":{"index":"index","follow":"follow","max-snippet":"max-snippet:-1","max-image-preview":"max-image-preview:large","max-video-preview":"max-video-preview:-1"},"canonical":"https:\/\/www.correiobraziliense.com.br\/cbradar\/quanto-tempo-realmente-dura-a-carne-no-congelador\/","og_locale":"pt_BR","og_type":"article","og_title":"Quanto tempo realmente dura a carne no congelador","og_description":"Descubra quanto tempo \u00e9 seguro congelar carne, aves e peixes, como descongelar corretamente e evitar riscos \u00e0 sa\u00fade.","og_url":"https:\/\/www.correiobraziliense.com.br\/cbradar\/quanto-tempo-realmente-dura-a-carne-no-congelador\/","og_site_name":"Correio Braziliense - Radar","article_published_time":"2025-12-14T20:30:00+00:00","og_image":[{"width":1280,"height":720,"url":"https:\/\/www.correiobraziliense.com.br\/cbradar\/wp-content\/uploads\/2025\/12\/mosaico_1765575402556.jpg","type":"image\/jpeg"}],"author":"Larissa Carvalho","twitter_card":"summary_large_image","twitter_misc":{"Escrito por":"Larissa Carvalho","Est. tempo de leitura":"6 minutos"},"schema":{"@context":"https:\/\/schema.org","@graph":[{"@type":"WebPage","@id":"https:\/\/www.correiobraziliense.com.br\/cbradar\/quanto-tempo-realmente-dura-a-carne-no-congelador\/","url":"https:\/\/www.correiobraziliense.com.br\/cbradar\/quanto-tempo-realmente-dura-a-carne-no-congelador\/","name":"Quanto tempo realmente dura a carne no congelador","isPartOf":{"@id":"https:\/\/www.correiobraziliense.com.br\/cbradar\/#website"},"primaryImageOfPage":{"@id":"https:\/\/www.correiobraziliense.com.br\/cbradar\/quanto-tempo-realmente-dura-a-carne-no-congelador\/#primaryimage"},"image":{"@id":"https:\/\/www.correiobraziliense.com.br\/cbradar\/quanto-tempo-realmente-dura-a-carne-no-congelador\/#primaryimage"},"thumbnailUrl":"https:\/\/www.correiobraziliense.com.br\/cbradar\/wp-content\/uploads\/2025\/12\/mosaico_1765575402556.jpg","datePublished":"2025-12-14T20:30:00+00:00","author":{"@id":"https:\/\/www.correiobraziliense.com.br\/cbradar\/#\/schema\/person\/58422787644df994b53a19d3e56c1513"},"description":"Descubra quanto tempo \u00e9 seguro congelar carne, aves e peixes, como descongelar corretamente e evitar riscos \u00e0 sa\u00fade.","breadcrumb":{"@id":"https:\/\/www.correiobraziliense.com.br\/cbradar\/quanto-tempo-realmente-dura-a-carne-no-congelador\/#breadcrumb"},"inLanguage":"pt-BR","potentialAction":[{"@type":"ReadAction","target":["https:\/\/www.correiobraziliense.com.br\/cbradar\/quanto-tempo-realmente-dura-a-carne-no-congelador\/"]}]},{"@type":"ImageObject","inLanguage":"pt-BR","@id":"https:\/\/www.correiobraziliense.com.br\/cbradar\/quanto-tempo-realmente-dura-a-carne-no-congelador\/#primaryimage","url":"https:\/\/www.correiobraziliense.com.br\/cbradar\/wp-content\/uploads\/2025\/12\/mosaico_1765575402556.jpg","contentUrl":"https:\/\/www.correiobraziliense.com.br\/cbradar\/wp-content\/uploads\/2025\/12\/mosaico_1765575402556.jpg","width":1280,"height":720,"caption":"Congele carnes com sabedoria! Prolongue frescor e sabor para refei\u00e7\u00f5es familiares nutritivas, transformando compras em economia inteligente. Cr\u00e9ditos: depositphotos.com \/ IgorVetushko e Cr\u00e9ditos: depositphotos.com \/ EdZbarzhyvetsky"},{"@type":"BreadcrumbList","@id":"https:\/\/www.correiobraziliense.com.br\/cbradar\/quanto-tempo-realmente-dura-a-carne-no-congelador\/#breadcrumb","itemListElement":[{"@type":"ListItem","position":1,"name":"In\u00edcio","item":"https:\/\/www.correiobraziliense.com.br\/cbradar\/"},{"@type":"ListItem","position":2,"name":"Quanto tempo realmente dura a carne no congelador"}]},{"@type":"WebSite","@id":"https:\/\/www.correiobraziliense.com.br\/cbradar\/#website","url":"https:\/\/www.correiobraziliense.com.br\/cbradar\/","name":"Correio Braziliense - Radar","description":"Acompanhe as \u00faltimas not\u00edcias e fique bem informado sobre tudo o que acontece no Brasil e no mundo.","potentialAction":[{"@type":"SearchAction","target":{"@type":"EntryPoint","urlTemplate":"https:\/\/www.correiobraziliense.com.br\/cbradar\/?s={search_term_string}"},"query-input":{"@type":"PropertyValueSpecification","valueRequired":true,"valueName":"search_term_string"}}],"inLanguage":"pt-BR"},{"@type":"Person","@id":"https:\/\/www.correiobraziliense.com.br\/cbradar\/#\/schema\/person\/58422787644df994b53a19d3e56c1513","name":"Larissa Carvalho","image":{"@type":"ImageObject","inLanguage":"pt-BR","@id":"https:\/\/www.correiobraziliense.com.br\/cbradar\/#\/schema\/person\/image\/","url":"https:\/\/secure.gravatar.com\/avatar\/fe4f91a0de32b52a838d0d612abdc1aa?s=96&d=mm&r=g","contentUrl":"https:\/\/secure.gravatar.com\/avatar\/fe4f91a0de32b52a838d0d612abdc1aa?s=96&d=mm&r=g","caption":"Larissa Carvalho"},"url":"https:\/\/www.correiobraziliense.com.br\/cbradar\/author\/larissamyth\/"}]}},"_links":{"self":[{"href":"https:\/\/www.correiobraziliense.com.br\/cbradar\/wp-json\/wp\/v2\/posts\/155164","targetHints":{"allow":["GET"]}}],"collection":[{"href":"https:\/\/www.correiobraziliense.com.br\/cbradar\/wp-json\/wp\/v2\/posts"}],"about":[{"href":"https:\/\/www.correiobraziliense.com.br\/cbradar\/wp-json\/wp\/v2\/types\/post"}],"author":[{"embeddable":true,"href":"https:\/\/www.correiobraziliense.com.br\/cbradar\/wp-json\/wp\/v2\/users\/3"}],"replies":[{"embeddable":true,"href":"https:\/\/www.correiobraziliense.com.br\/cbradar\/wp-json\/wp\/v2\/comments?post=155164"}],"version-history":[{"count":2,"href":"https:\/\/www.correiobraziliense.com.br\/cbradar\/wp-json\/wp\/v2\/posts\/155164\/revisions"}],"predecessor-version":[{"id":155168,"href":"https:\/\/www.correiobraziliense.com.br\/cbradar\/wp-json\/wp\/v2\/posts\/155164\/revisions\/155168"}],"wp:featuredmedia":[{"embeddable":true,"href":"https:\/\/www.correiobraziliense.com.br\/cbradar\/wp-json\/wp\/v2\/media\/155166"}],"wp:attachment":[{"href":"https:\/\/www.correiobraziliense.com.br\/cbradar\/wp-json\/wp\/v2\/media?parent=155164"}],"wp:term":[{"taxonomy":"category","embeddable":true,"href":"https:\/\/www.correiobraziliense.com.br\/cbradar\/wp-json\/wp\/v2\/categories?post=155164"},{"taxonomy":"post_tag","embeddable":true,"href":"https:\/\/www.correiobraziliense.com.br\/cbradar\/wp-json\/wp\/v2\/post_tag?post=155164"}],"curies":[{"name":"wp","href":"https:\/\/api.w.org\/{rel}","templated":true}]}}