{"id":15524,"date":"2025-03-26T20:10:00","date_gmt":"2025-03-26T23:10:00","guid":{"rendered":"https:\/\/www.correiobraziliense.com.br\/cbradar\/?p=15524"},"modified":"2025-03-25T14:28:18","modified_gmt":"2025-03-25T17:28:18","slug":"conheca-a-cidade-onde-os-moradores-dividem-tudo-ate-roupas","status":"publish","type":"post","link":"https:\/\/www.correiobraziliense.com.br\/cbradar\/conheca-a-cidade-onde-os-moradores-dividem-tudo-ate-roupas\/","title":{"rendered":"Conhe\u00e7a a cidade onde os moradores dividem tudo, at\u00e9 roupas"},"content":{"rendered":"\n<p>No cora\u00e7\u00e3o de <strong>Copenhague<\/strong>, capital da <strong>Dinamarca<\/strong>, existe uma comunidade que parece funcionar fora das regras do mundo moderno. Trata-se de <strong>Christiania<\/strong>, tamb\u00e9m conhecida como <strong>Cidade Livre de Christiania<\/strong>, um experimento social e urbano onde os moradores praticam <strong>compartilhamento radical<\/strong> \u2014 inclusive de <strong>comida, moradia, bicicletas e at\u00e9 roupas<\/strong>.<\/p>\n\n\n\n<p>Fundada nos anos 1970 por hippies, artistas e ativistas que ocuparam uma antiga \u00e1rea militar abandonada, Christiania se transformou em <strong>um modelo de vida comunit\u00e1ria \u00fanica na Europa<\/strong>, onde o coletivo tem prioridade sobre o individual.<\/p>\n\n\n\n<h2 class=\"wp-block-heading\">Como funciona a vida comunit\u00e1ria em Christiania?<\/h2>\n\n\n\n<p>Christiania abriga cerca de <strong>800 a 1.000 pessoas<\/strong>, que vivem segundo princ\u00edpios de:<\/p>\n\n\n\n<ul class=\"wp-block-list\">\n<li><strong>Autogest\u00e3o e democracia direta<\/strong>: todas as decis\u00f5es s\u00e3o tomadas em assembleias abertas.<\/li>\n\n\n\n<li><strong>Propriedade coletiva<\/strong>: ningu\u00e9m \u00e9 dono de casa ou terreno, tudo pertence \u00e0 comunidade.<\/li>\n\n\n\n<li><strong>Troca e colabora\u00e7\u00e3o<\/strong>: ao inv\u00e9s de consumo individual, h\u00e1 <strong>bancos de roupas compartilhadas<\/strong>, oficinas coletivas e hortas comunit\u00e1rias.<\/li>\n\n\n\n<li><strong>Compartilhamento radical<\/strong>: roupas, utens\u00edlios, livros, bicicletas e at\u00e9 ferramentas s\u00e3o de uso comum \u2014 dispon\u00edveis para quem precisar.<\/li>\n<\/ul>\n\n\n\n<p>Esse estilo de vida promove <strong>sustentabilidade, igualdade e criatividade<\/strong>, sendo uma alternativa vis\u00edvel ao modelo capitalista tradicional.<\/p>\n\n\n\n<figure class=\"wp-block-image size-large\"><img decoding=\"async\" width=\"1024\" height=\"576\" src=\"https:\/\/www.correiobraziliense.com.br\/cbradar\/wp-content\/uploads\/2025\/03\/Christiania_1742892314425-1024x576.jpg\" alt=\"Conhe\u00e7a a cidade onde os moradores dividem tudo, at\u00e9 roupas\" class=\"wp-image-15526\" srcset=\"https:\/\/www.correiobraziliense.com.br\/cbradar\/wp-content\/uploads\/2025\/03\/Christiania_1742892314425-1024x576.jpg 1024w, https:\/\/www.correiobraziliense.com.br\/cbradar\/wp-content\/uploads\/2025\/03\/Christiania_1742892314425-300x169.jpg 300w, https:\/\/www.correiobraziliense.com.br\/cbradar\/wp-content\/uploads\/2025\/03\/Christiania_1742892314425-768x432.jpg 768w, https:\/\/www.correiobraziliense.com.br\/cbradar\/wp-content\/uploads\/2025\/03\/Christiania_1742892314425-750x422.jpg 750w, https:\/\/www.correiobraziliense.com.br\/cbradar\/wp-content\/uploads\/2025\/03\/Christiania_1742892314425-1140x641.jpg 1140w, https:\/\/www.correiobraziliense.com.br\/cbradar\/wp-content\/uploads\/2025\/03\/Christiania_1742892314425.jpg 1280w\" sizes=\"(max-width: 1024px) 100vw, 1024px\" \/><figcaption class=\"wp-element-caption\">Christiania. Cr\u00e9ditos: depositphotos.com \/ arnaudmartinez<\/figcaption><\/figure>\n\n\n\n<h2 class=\"wp-block-heading\">Por que Christiania ainda existe?<\/h2>\n\n\n\n<p>Apesar de v\u00e1rias tentativas do governo dinamarqu\u00eas de desmantel\u00e1-la, <strong>Christiania resistiu por meio do di\u00e1logo e da organiza\u00e7\u00e3o interna s\u00f3lida<\/strong>. Em 2011, um acordo legal permitiu que os moradores comprassem coletivamente os direitos sobre o terreno, tornando a comunidade parcialmente regularizada.<\/p>\n\n\n\n<p>Hoje, Christiania \u00e9 considerada:<\/p>\n\n\n\n<ul class=\"wp-block-list\">\n<li><strong>Uma das atra\u00e7\u00f5es tur\u00edsticas mais visitadas da Dinamarca<\/strong><\/li>\n\n\n\n<li><strong>Um s\u00edmbolo de contracultura e autonomia urbana<\/strong><\/li>\n\n\n\n<li><strong>Um laborat\u00f3rio vivo de novos modelos sociais e econ\u00f4micos<\/strong><\/li>\n<\/ul>\n\n\n\n<h2 class=\"wp-block-heading\">Curiosidades sobre Christiania<\/h2>\n\n\n\n<ul class=\"wp-block-list\">\n<li><strong>Christiania tem sua pr\u00f3pria bandeira, regras e at\u00e9 moeda informal<\/strong>, usada apenas dentro da comunidade.<\/li>\n\n\n\n<li><strong>Carros s\u00e3o proibidos<\/strong> \u2014 as pessoas se locomovem a p\u00e9 ou de bicicleta.<\/li>\n\n\n\n<li><strong>A famosa \u201cPusher Street\u201d<\/strong> j\u00e1 foi centro do com\u00e9rcio informal de cannabis, o que gerou tens\u00e3o com as autoridades.<\/li>\n\n\n\n<li><strong>H\u00e1 escolas, padarias, caf\u00e9s, galerias de arte e eventos culturais regulares<\/strong> na comunidade.<\/li>\n\n\n\n<li><strong>A arquitetura \u00e9 completamente alternativa<\/strong>, com casas coloridas, constru\u00eddas com materiais reaproveitados e designs criativos.<\/li>\n<\/ul>\n\n\n\n<p>Christiania \u00e9 mais do que um lugar \u2013 \u00e9 <strong>um modo de pensar e viver<\/strong>, onde o coletivo supera o individual e onde at\u00e9 <strong>as roupas s\u00e3o compartilhadas com base na confian\u00e7a e solidariedade<\/strong>.<\/p>\n","protected":false},"excerpt":{"rendered":"<p>Em Christiania, na Dinamarca, moradores dividem tudo. Conhe\u00e7a essa comunidade alternativa onde a vida \u00e9 baseada no compartilhamento.<\/p>\n","protected":false},"author":3,"featured_media":15525,"comment_status":"open","ping_status":"open","sticky":false,"template":"","format":"standard","meta":{"_yoast_wpseo_focuskw":"cidade moradores dividem","_yoast_wpseo_title":"%%title%%","_yoast_wpseo_metadesc":"Em Christiania, na Dinamarca, moradores dividem tudo. Conhe\u00e7a essa comunidade alternativa onde a vida \u00e9 baseada no compartilhamento.","jnews-multi-image_gallery":[],"jnews_single_post":{"format":"standard"},"jnews_primary_category":[],"jnews_social_meta":[],"jnews_override_counter":[],"footnotes":""},"categories":[108],"tags":[109],"class_list":["post-15524","post","type-post","status-publish","format-standard","has-post-thumbnail","hentry","category-cidades","tag-cidades"],"yoast_head":"<!-- This site is optimized with the Yoast SEO plugin v24.6 - https:\/\/yoast.com\/wordpress\/plugins\/seo\/ -->\n<title>Conhe\u00e7a a cidade onde os moradores dividem tudo, at\u00e9 roupas<\/title>\n<meta name=\"description\" content=\"Em Christiania, na Dinamarca, moradores dividem tudo. Conhe\u00e7a essa comunidade alternativa onde a vida \u00e9 baseada no compartilhamento.\" \/>\n<meta name=\"robots\" content=\"index, follow, max-snippet:-1, max-image-preview:large, max-video-preview:-1\" \/>\n<link rel=\"canonical\" href=\"https:\/\/www.correiobraziliense.com.br\/cbradar\/conheca-a-cidade-onde-os-moradores-dividem-tudo-ate-roupas\/\" \/>\n<meta property=\"og:locale\" content=\"pt_BR\" \/>\n<meta property=\"og:type\" content=\"article\" \/>\n<meta property=\"og:title\" content=\"Conhe\u00e7a a cidade onde os moradores dividem tudo, at\u00e9 roupas\" \/>\n<meta property=\"og:description\" content=\"Em Christiania, na Dinamarca, moradores dividem tudo. Conhe\u00e7a essa comunidade alternativa onde a vida \u00e9 baseada no compartilhamento.\" \/>\n<meta property=\"og:url\" content=\"https:\/\/www.correiobraziliense.com.br\/cbradar\/conheca-a-cidade-onde-os-moradores-dividem-tudo-ate-roupas\/\" \/>\n<meta property=\"og:site_name\" content=\"Correio Braziliense - Radar\" \/>\n<meta property=\"article:published_time\" content=\"2025-03-26T23:10:00+00:00\" \/>\n<meta property=\"og:image\" content=\"https:\/\/www.correiobraziliense.com.br\/cbradar\/wp-content\/uploads\/2025\/03\/Christiania_1742892284649.jpg\" \/>\n\t<meta property=\"og:image:width\" content=\"1280\" \/>\n\t<meta property=\"og:image:height\" content=\"720\" \/>\n\t<meta property=\"og:image:type\" content=\"image\/jpeg\" \/>\n<meta name=\"author\" content=\"Larissa Carvalho\" \/>\n<meta name=\"twitter:card\" content=\"summary_large_image\" \/>\n<meta name=\"twitter:label1\" content=\"Escrito por\" \/>\n\t<meta name=\"twitter:data1\" content=\"Larissa Carvalho\" \/>\n\t<meta name=\"twitter:label2\" content=\"Est. tempo de leitura\" \/>\n\t<meta name=\"twitter:data2\" content=\"3 minutos\" \/>\n<!-- \/ Yoast SEO plugin. -->","yoast_head_json":{"title":"Conhe\u00e7a a cidade onde os moradores dividem tudo, at\u00e9 roupas","description":"Em Christiania, na Dinamarca, moradores dividem tudo. Conhe\u00e7a essa comunidade alternativa onde a vida \u00e9 baseada no compartilhamento.","robots":{"index":"index","follow":"follow","max-snippet":"max-snippet:-1","max-image-preview":"max-image-preview:large","max-video-preview":"max-video-preview:-1"},"canonical":"https:\/\/www.correiobraziliense.com.br\/cbradar\/conheca-a-cidade-onde-os-moradores-dividem-tudo-ate-roupas\/","og_locale":"pt_BR","og_type":"article","og_title":"Conhe\u00e7a a cidade onde os moradores dividem tudo, at\u00e9 roupas","og_description":"Em Christiania, na Dinamarca, moradores dividem tudo. Conhe\u00e7a essa comunidade alternativa onde a vida \u00e9 baseada no compartilhamento.","og_url":"https:\/\/www.correiobraziliense.com.br\/cbradar\/conheca-a-cidade-onde-os-moradores-dividem-tudo-ate-roupas\/","og_site_name":"Correio Braziliense - Radar","article_published_time":"2025-03-26T23:10:00+00:00","og_image":[{"width":1280,"height":720,"url":"https:\/\/www.correiobraziliense.com.br\/cbradar\/wp-content\/uploads\/2025\/03\/Christiania_1742892284649.jpg","type":"image\/jpeg"}],"author":"Larissa Carvalho","twitter_card":"summary_large_image","twitter_misc":{"Escrito por":"Larissa Carvalho","Est. tempo de leitura":"3 minutos"},"schema":{"@context":"https:\/\/schema.org","@graph":[{"@type":"WebPage","@id":"https:\/\/www.correiobraziliense.com.br\/cbradar\/conheca-a-cidade-onde-os-moradores-dividem-tudo-ate-roupas\/","url":"https:\/\/www.correiobraziliense.com.br\/cbradar\/conheca-a-cidade-onde-os-moradores-dividem-tudo-ate-roupas\/","name":"Conhe\u00e7a a cidade onde os moradores dividem tudo, at\u00e9 roupas","isPartOf":{"@id":"https:\/\/www.correiobraziliense.com.br\/cbradar\/#website"},"primaryImageOfPage":{"@id":"https:\/\/www.correiobraziliense.com.br\/cbradar\/conheca-a-cidade-onde-os-moradores-dividem-tudo-ate-roupas\/#primaryimage"},"image":{"@id":"https:\/\/www.correiobraziliense.com.br\/cbradar\/conheca-a-cidade-onde-os-moradores-dividem-tudo-ate-roupas\/#primaryimage"},"thumbnailUrl":"https:\/\/www.correiobraziliense.com.br\/cbradar\/wp-content\/uploads\/2025\/03\/Christiania_1742892284649.jpg","datePublished":"2025-03-26T23:10:00+00:00","author":{"@id":"https:\/\/www.correiobraziliense.com.br\/cbradar\/#\/schema\/person\/58422787644df994b53a19d3e56c1513"},"description":"Em Christiania, na Dinamarca, moradores dividem tudo. Conhe\u00e7a essa comunidade alternativa onde a vida \u00e9 baseada no compartilhamento.","breadcrumb":{"@id":"https:\/\/www.correiobraziliense.com.br\/cbradar\/conheca-a-cidade-onde-os-moradores-dividem-tudo-ate-roupas\/#breadcrumb"},"inLanguage":"pt-BR","potentialAction":[{"@type":"ReadAction","target":["https:\/\/www.correiobraziliense.com.br\/cbradar\/conheca-a-cidade-onde-os-moradores-dividem-tudo-ate-roupas\/"]}]},{"@type":"ImageObject","inLanguage":"pt-BR","@id":"https:\/\/www.correiobraziliense.com.br\/cbradar\/conheca-a-cidade-onde-os-moradores-dividem-tudo-ate-roupas\/#primaryimage","url":"https:\/\/www.correiobraziliense.com.br\/cbradar\/wp-content\/uploads\/2025\/03\/Christiania_1742892284649.jpg","contentUrl":"https:\/\/www.correiobraziliense.com.br\/cbradar\/wp-content\/uploads\/2025\/03\/Christiania_1742892284649.jpg","width":1280,"height":720,"caption":"Christiania. Cr\u00e9ditos: depositphotos.com \/ JJFarquitectos"},{"@type":"BreadcrumbList","@id":"https:\/\/www.correiobraziliense.com.br\/cbradar\/conheca-a-cidade-onde-os-moradores-dividem-tudo-ate-roupas\/#breadcrumb","itemListElement":[{"@type":"ListItem","position":1,"name":"In\u00edcio","item":"https:\/\/www.correiobraziliense.com.br\/cbradar\/"},{"@type":"ListItem","position":2,"name":"Conhe\u00e7a a cidade onde os moradores dividem tudo, at\u00e9 roupas"}]},{"@type":"WebSite","@id":"https:\/\/www.correiobraziliense.com.br\/cbradar\/#website","url":"https:\/\/www.correiobraziliense.com.br\/cbradar\/","name":"Correio Braziliense - Radar","description":"Acompanhe as \u00faltimas not\u00edcias e fique bem informado sobre tudo o que acontece no Brasil e no mundo.","potentialAction":[{"@type":"SearchAction","target":{"@type":"EntryPoint","urlTemplate":"https:\/\/www.correiobraziliense.com.br\/cbradar\/?s={search_term_string}"},"query-input":{"@type":"PropertyValueSpecification","valueRequired":true,"valueName":"search_term_string"}}],"inLanguage":"pt-BR"},{"@type":"Person","@id":"https:\/\/www.correiobraziliense.com.br\/cbradar\/#\/schema\/person\/58422787644df994b53a19d3e56c1513","name":"Larissa Carvalho","image":{"@type":"ImageObject","inLanguage":"pt-BR","@id":"https:\/\/www.correiobraziliense.com.br\/cbradar\/#\/schema\/person\/image\/","url":"https:\/\/secure.gravatar.com\/avatar\/fe4f91a0de32b52a838d0d612abdc1aa?s=96&d=mm&r=g","contentUrl":"https:\/\/secure.gravatar.com\/avatar\/fe4f91a0de32b52a838d0d612abdc1aa?s=96&d=mm&r=g","caption":"Larissa Carvalho"},"url":"https:\/\/www.correiobraziliense.com.br\/cbradar\/author\/larissamyth\/"}]}},"_links":{"self":[{"href":"https:\/\/www.correiobraziliense.com.br\/cbradar\/wp-json\/wp\/v2\/posts\/15524","targetHints":{"allow":["GET"]}}],"collection":[{"href":"https:\/\/www.correiobraziliense.com.br\/cbradar\/wp-json\/wp\/v2\/posts"}],"about":[{"href":"https:\/\/www.correiobraziliense.com.br\/cbradar\/wp-json\/wp\/v2\/types\/post"}],"author":[{"embeddable":true,"href":"https:\/\/www.correiobraziliense.com.br\/cbradar\/wp-json\/wp\/v2\/users\/3"}],"replies":[{"embeddable":true,"href":"https:\/\/www.correiobraziliense.com.br\/cbradar\/wp-json\/wp\/v2\/comments?post=15524"}],"version-history":[{"count":1,"href":"https:\/\/www.correiobraziliense.com.br\/cbradar\/wp-json\/wp\/v2\/posts\/15524\/revisions"}],"predecessor-version":[{"id":15527,"href":"https:\/\/www.correiobraziliense.com.br\/cbradar\/wp-json\/wp\/v2\/posts\/15524\/revisions\/15527"}],"wp:featuredmedia":[{"embeddable":true,"href":"https:\/\/www.correiobraziliense.com.br\/cbradar\/wp-json\/wp\/v2\/media\/15525"}],"wp:attachment":[{"href":"https:\/\/www.correiobraziliense.com.br\/cbradar\/wp-json\/wp\/v2\/media?parent=15524"}],"wp:term":[{"taxonomy":"category","embeddable":true,"href":"https:\/\/www.correiobraziliense.com.br\/cbradar\/wp-json\/wp\/v2\/categories?post=15524"},{"taxonomy":"post_tag","embeddable":true,"href":"https:\/\/www.correiobraziliense.com.br\/cbradar\/wp-json\/wp\/v2\/tags?post=15524"}],"curies":[{"name":"wp","href":"https:\/\/api.w.org\/{rel}","templated":true}]}}