{"id":15532,"date":"2025-03-26T22:50:00","date_gmt":"2025-03-27T01:50:00","guid":{"rendered":"https:\/\/www.correiobraziliense.com.br\/cbradar\/?p=15532"},"modified":"2025-03-25T14:26:57","modified_gmt":"2025-03-25T17:26:57","slug":"conheca-a-cidade-com-ruas-que-tocam-musica","status":"publish","type":"post","link":"https:\/\/www.correiobraziliense.com.br\/cbradar\/conheca-a-cidade-com-ruas-que-tocam-musica\/","title":{"rendered":"Conhe\u00e7a a cidade com ruas que tocam m\u00fasica"},"content":{"rendered":"\n<p>Imagine dirigir por uma estrada e ouvir uma <strong>melodia sendo tocada pelos pneus do seu carro<\/strong>. Essa experi\u00eancia \u00fanica \u00e9 real em <strong>Asuka<\/strong>, uma cidade hist\u00f3rica localizada na prov\u00edncia de <strong>Nara, no Jap\u00e3o<\/strong>, onde algumas <strong>estradas foram projetadas para \u201ccantar\u201d<\/strong> conforme os ve\u00edculos passam \u2014 s\u00e3o as chamadas <strong>estradas musicais (melody roads)<\/strong>.<\/p>\n\n\n\n<h2 class=\"wp-block-heading\">Como funcionam as ruas musicais de Asuka?<\/h2>\n\n\n\n<p>As estradas musicais s\u00e3o criadas com <strong>ranhuras cuidadosamente espa\u00e7adas no asfalto<\/strong>. Quando um carro passa por elas em determinada velocidade (geralmente entre 40\u201360 km\/h), <strong>as vibra\u00e7\u00f5es dos pneus sobre essas ranhuras produzem notas musicais aud\u00edveis dentro do carro<\/strong>.<\/p>\n\n\n\n<p>Em Asuka, essa tecnologia foi usada para tocar <strong>m\u00fasicas tradicionais japonesas<\/strong>, conectando inova\u00e7\u00e3o com a rica heran\u00e7a cultural da cidade.<\/p>\n\n\n\n<p>O som \u00e9 poss\u00edvel gra\u00e7as a:<\/p>\n\n\n\n<ul class=\"wp-block-list\">\n<li><strong>Ranhuras com espa\u00e7amento variado<\/strong> que vibram em diferentes frequ\u00eancias<\/li>\n\n\n\n<li>O uso da pr\u00f3pria estrutura do carro como <strong>caixa de resson\u00e2ncia sonora<\/strong><\/li>\n\n\n\n<li>A velocidade do carro influenciando o ritmo e a afina\u00e7\u00e3o da melodia<\/li>\n<\/ul>\n\n\n\n<figure class=\"wp-block-image size-large\"><img decoding=\"async\" width=\"1024\" height=\"576\" src=\"https:\/\/www.correiobraziliense.com.br\/cbradar\/wp-content\/uploads\/2025\/03\/Japao-Nara_1742892582240-1024x576.jpg\" alt=\"Conhe\u00e7a a cidade com ruas que tocam m\u00fasica\" class=\"wp-image-15534\" srcset=\"https:\/\/www.correiobraziliense.com.br\/cbradar\/wp-content\/uploads\/2025\/03\/Japao-Nara_1742892582240-1024x576.jpg 1024w, https:\/\/www.correiobraziliense.com.br\/cbradar\/wp-content\/uploads\/2025\/03\/Japao-Nara_1742892582240-300x169.jpg 300w, https:\/\/www.correiobraziliense.com.br\/cbradar\/wp-content\/uploads\/2025\/03\/Japao-Nara_1742892582240-768x432.jpg 768w, https:\/\/www.correiobraziliense.com.br\/cbradar\/wp-content\/uploads\/2025\/03\/Japao-Nara_1742892582240-750x422.jpg 750w, https:\/\/www.correiobraziliense.com.br\/cbradar\/wp-content\/uploads\/2025\/03\/Japao-Nara_1742892582240-1140x641.jpg 1140w, https:\/\/www.correiobraziliense.com.br\/cbradar\/wp-content\/uploads\/2025\/03\/Japao-Nara_1742892582240.jpg 1280w\" sizes=\"(max-width: 1024px) 100vw, 1024px\" \/><figcaption class=\"wp-element-caption\">Jap\u00e3o. Cr\u00e9ditos: depositphotos.com \/ Shawn.ccf<\/figcaption><\/figure>\n\n\n\n<h2 class=\"wp-block-heading\">Por que o Jap\u00e3o criou estradas musicais?<\/h2>\n\n\n\n<p>Al\u00e9m do fator curiosidade e turismo, as estradas musicais foram criadas com objetivos funcionais:<\/p>\n\n\n\n<ul class=\"wp-block-list\">\n<li><strong>Incentivar os motoristas a manter uma velocidade segura<\/strong><\/li>\n\n\n\n<li><strong>Reduzir a monotonia em longas viagens rurais<\/strong><\/li>\n\n\n\n<li><strong>Oferecer experi\u00eancias sensoriais \u00fanicas e educativas<\/strong><\/li>\n\n\n\n<li><strong>Atrair turistas para regi\u00f5es menos visitadas, como Asuka<\/strong><\/li>\n<\/ul>\n\n\n\n<p>O Jap\u00e3o foi o primeiro pa\u00eds a popularizar esse tipo de estrada, e desde ent\u00e3o outras cidades japonesas e pa\u00edses como Coreia do Sul, Dinamarca e EUA tamb\u00e9m adotaram projetos semelhantes.<\/p>\n\n\n\n<h2 class=\"wp-block-heading\">Curiosidades sobre Asuka e suas estradas musicais<\/h2>\n\n\n\n<ul class=\"wp-block-list\">\n<li><strong>Asuka foi a capital imperial do Jap\u00e3o no s\u00e9culo VI<\/strong>, cheia de ru\u00ednas e templos hist\u00f3ricos.<\/li>\n\n\n\n<li><strong>A m\u00fasica \u201cMiagete goran yoru no hoshi o\u201d<\/strong> \u00e9 uma das can\u00e7\u00f5es tocadas pelas estradas musicais locais.<\/li>\n\n\n\n<li><strong>A estrada musical de Asuka tem placas indicando a velocidade ideal para ouvir a melodia corretamente.<\/strong><\/li>\n\n\n\n<li><strong>\u00c9 necess\u00e1rio manter uma trajet\u00f3ria precisa sobre as ranhuras para ouvir a m\u00fasica completa.<\/strong><\/li>\n\n\n\n<li><strong>O projeto foi desenvolvido por engenheiros da Hokkaido Industrial Research Institute.<\/strong><\/li>\n<\/ul>\n\n\n\n<p>Asuka mostra que <strong>tecnologia, arte e seguran\u00e7a podem andar juntas<\/strong>, criando experi\u00eancias urbanas encantadoras at\u00e9 nos trajetos mais comuns.<\/p>\n","protected":false},"excerpt":{"rendered":"<p>Em Asuka, Jap\u00e3o, ruas foram projetadas para tocar m\u00fasica quando carros passam. Descubra como funcionam as estradas musicais dessa cidade!<\/p>\n","protected":false},"author":3,"featured_media":15533,"comment_status":"open","ping_status":"open","sticky":false,"template":"","format":"standard","meta":{"_yoast_wpseo_focuskw":"cidade ruas m\u00fasica","_yoast_wpseo_title":"%%title%%","_yoast_wpseo_metadesc":"Em Asuka, Jap\u00e3o, ruas foram projetadas para tocar m\u00fasica quando carros passam. Descubra como funcionam as estradas musicais dessa cidade!","jnews-multi-image_gallery":[],"jnews_single_post":{"format":"standard"},"jnews_primary_category":[],"jnews_social_meta":[],"jnews_override_counter":[],"footnotes":""},"categories":[108],"tags":[109],"class_list":["post-15532","post","type-post","status-publish","format-standard","has-post-thumbnail","hentry","category-cidades","tag-cidades"],"yoast_head":"<!-- This site is optimized with the Yoast SEO plugin v24.6 - https:\/\/yoast.com\/wordpress\/plugins\/seo\/ -->\n<title>Conhe\u00e7a a cidade com ruas que tocam m\u00fasica<\/title>\n<meta name=\"description\" content=\"Em Asuka, Jap\u00e3o, ruas foram projetadas para tocar m\u00fasica quando carros passam. Descubra como funcionam as estradas musicais dessa cidade!\" \/>\n<meta name=\"robots\" content=\"index, follow, max-snippet:-1, max-image-preview:large, max-video-preview:-1\" \/>\n<link rel=\"canonical\" href=\"https:\/\/www.correiobraziliense.com.br\/cbradar\/conheca-a-cidade-com-ruas-que-tocam-musica\/\" \/>\n<meta property=\"og:locale\" content=\"pt_BR\" \/>\n<meta property=\"og:type\" content=\"article\" \/>\n<meta property=\"og:title\" content=\"Conhe\u00e7a a cidade com ruas que tocam m\u00fasica\" \/>\n<meta property=\"og:description\" content=\"Em Asuka, Jap\u00e3o, ruas foram projetadas para tocar m\u00fasica quando carros passam. Descubra como funcionam as estradas musicais dessa cidade!\" \/>\n<meta property=\"og:url\" content=\"https:\/\/www.correiobraziliense.com.br\/cbradar\/conheca-a-cidade-com-ruas-que-tocam-musica\/\" \/>\n<meta property=\"og:site_name\" content=\"Correio Braziliense - Radar\" \/>\n<meta property=\"article:published_time\" content=\"2025-03-27T01:50:00+00:00\" \/>\n<meta property=\"og:image\" content=\"https:\/\/www.correiobraziliense.com.br\/cbradar\/wp-content\/uploads\/2025\/03\/Asuka-Japao_1742892545693.jpg\" \/>\n\t<meta property=\"og:image:width\" content=\"1280\" \/>\n\t<meta property=\"og:image:height\" content=\"720\" \/>\n\t<meta property=\"og:image:type\" content=\"image\/jpeg\" \/>\n<meta name=\"author\" content=\"Larissa Carvalho\" \/>\n<meta name=\"twitter:card\" content=\"summary_large_image\" \/>\n<meta name=\"twitter:label1\" content=\"Escrito por\" \/>\n\t<meta name=\"twitter:data1\" content=\"Larissa Carvalho\" \/>\n\t<meta name=\"twitter:label2\" content=\"Est. tempo de leitura\" \/>\n\t<meta name=\"twitter:data2\" content=\"3 minutos\" \/>\n<!-- \/ Yoast SEO plugin. -->","yoast_head_json":{"title":"Conhe\u00e7a a cidade com ruas que tocam m\u00fasica","description":"Em Asuka, Jap\u00e3o, ruas foram projetadas para tocar m\u00fasica quando carros passam. Descubra como funcionam as estradas musicais dessa cidade!","robots":{"index":"index","follow":"follow","max-snippet":"max-snippet:-1","max-image-preview":"max-image-preview:large","max-video-preview":"max-video-preview:-1"},"canonical":"https:\/\/www.correiobraziliense.com.br\/cbradar\/conheca-a-cidade-com-ruas-que-tocam-musica\/","og_locale":"pt_BR","og_type":"article","og_title":"Conhe\u00e7a a cidade com ruas que tocam m\u00fasica","og_description":"Em Asuka, Jap\u00e3o, ruas foram projetadas para tocar m\u00fasica quando carros passam. Descubra como funcionam as estradas musicais dessa cidade!","og_url":"https:\/\/www.correiobraziliense.com.br\/cbradar\/conheca-a-cidade-com-ruas-que-tocam-musica\/","og_site_name":"Correio Braziliense - Radar","article_published_time":"2025-03-27T01:50:00+00:00","og_image":[{"width":1280,"height":720,"url":"https:\/\/www.correiobraziliense.com.br\/cbradar\/wp-content\/uploads\/2025\/03\/Asuka-Japao_1742892545693.jpg","type":"image\/jpeg"}],"author":"Larissa Carvalho","twitter_card":"summary_large_image","twitter_misc":{"Escrito por":"Larissa Carvalho","Est. tempo de leitura":"3 minutos"},"schema":{"@context":"https:\/\/schema.org","@graph":[{"@type":"WebPage","@id":"https:\/\/www.correiobraziliense.com.br\/cbradar\/conheca-a-cidade-com-ruas-que-tocam-musica\/","url":"https:\/\/www.correiobraziliense.com.br\/cbradar\/conheca-a-cidade-com-ruas-que-tocam-musica\/","name":"Conhe\u00e7a a cidade com ruas que tocam m\u00fasica","isPartOf":{"@id":"https:\/\/www.correiobraziliense.com.br\/cbradar\/#website"},"primaryImageOfPage":{"@id":"https:\/\/www.correiobraziliense.com.br\/cbradar\/conheca-a-cidade-com-ruas-que-tocam-musica\/#primaryimage"},"image":{"@id":"https:\/\/www.correiobraziliense.com.br\/cbradar\/conheca-a-cidade-com-ruas-que-tocam-musica\/#primaryimage"},"thumbnailUrl":"https:\/\/www.correiobraziliense.com.br\/cbradar\/wp-content\/uploads\/2025\/03\/Asuka-Japao_1742892545693.jpg","datePublished":"2025-03-27T01:50:00+00:00","author":{"@id":"https:\/\/www.correiobraziliense.com.br\/cbradar\/#\/schema\/person\/58422787644df994b53a19d3e56c1513"},"description":"Em Asuka, Jap\u00e3o, ruas foram projetadas para tocar m\u00fasica quando carros passam. Descubra como funcionam as estradas musicais dessa cidade!","breadcrumb":{"@id":"https:\/\/www.correiobraziliense.com.br\/cbradar\/conheca-a-cidade-com-ruas-que-tocam-musica\/#breadcrumb"},"inLanguage":"pt-BR","potentialAction":[{"@type":"ReadAction","target":["https:\/\/www.correiobraziliense.com.br\/cbradar\/conheca-a-cidade-com-ruas-que-tocam-musica\/"]}]},{"@type":"ImageObject","inLanguage":"pt-BR","@id":"https:\/\/www.correiobraziliense.com.br\/cbradar\/conheca-a-cidade-com-ruas-que-tocam-musica\/#primaryimage","url":"https:\/\/www.correiobraziliense.com.br\/cbradar\/wp-content\/uploads\/2025\/03\/Asuka-Japao_1742892545693.jpg","contentUrl":"https:\/\/www.correiobraziliense.com.br\/cbradar\/wp-content\/uploads\/2025\/03\/Asuka-Japao_1742892545693.jpg","width":1280,"height":720,"caption":"Asuka Jap\u00e3o. Cr\u00e9ditos: depositphotos.com \/ smithore"},{"@type":"BreadcrumbList","@id":"https:\/\/www.correiobraziliense.com.br\/cbradar\/conheca-a-cidade-com-ruas-que-tocam-musica\/#breadcrumb","itemListElement":[{"@type":"ListItem","position":1,"name":"In\u00edcio","item":"https:\/\/www.correiobraziliense.com.br\/cbradar\/"},{"@type":"ListItem","position":2,"name":"Conhe\u00e7a a cidade com ruas que tocam m\u00fasica"}]},{"@type":"WebSite","@id":"https:\/\/www.correiobraziliense.com.br\/cbradar\/#website","url":"https:\/\/www.correiobraziliense.com.br\/cbradar\/","name":"Correio Braziliense - Radar","description":"Acompanhe as \u00faltimas not\u00edcias e fique bem informado sobre tudo o que acontece no Brasil e no mundo.","potentialAction":[{"@type":"SearchAction","target":{"@type":"EntryPoint","urlTemplate":"https:\/\/www.correiobraziliense.com.br\/cbradar\/?s={search_term_string}"},"query-input":{"@type":"PropertyValueSpecification","valueRequired":true,"valueName":"search_term_string"}}],"inLanguage":"pt-BR"},{"@type":"Person","@id":"https:\/\/www.correiobraziliense.com.br\/cbradar\/#\/schema\/person\/58422787644df994b53a19d3e56c1513","name":"Larissa Carvalho","image":{"@type":"ImageObject","inLanguage":"pt-BR","@id":"https:\/\/www.correiobraziliense.com.br\/cbradar\/#\/schema\/person\/image\/","url":"https:\/\/secure.gravatar.com\/avatar\/fe4f91a0de32b52a838d0d612abdc1aa?s=96&d=mm&r=g","contentUrl":"https:\/\/secure.gravatar.com\/avatar\/fe4f91a0de32b52a838d0d612abdc1aa?s=96&d=mm&r=g","caption":"Larissa Carvalho"},"url":"https:\/\/www.correiobraziliense.com.br\/cbradar\/author\/larissamyth\/"}]}},"_links":{"self":[{"href":"https:\/\/www.correiobraziliense.com.br\/cbradar\/wp-json\/wp\/v2\/posts\/15532","targetHints":{"allow":["GET"]}}],"collection":[{"href":"https:\/\/www.correiobraziliense.com.br\/cbradar\/wp-json\/wp\/v2\/posts"}],"about":[{"href":"https:\/\/www.correiobraziliense.com.br\/cbradar\/wp-json\/wp\/v2\/types\/post"}],"author":[{"embeddable":true,"href":"https:\/\/www.correiobraziliense.com.br\/cbradar\/wp-json\/wp\/v2\/users\/3"}],"replies":[{"embeddable":true,"href":"https:\/\/www.correiobraziliense.com.br\/cbradar\/wp-json\/wp\/v2\/comments?post=15532"}],"version-history":[{"count":1,"href":"https:\/\/www.correiobraziliense.com.br\/cbradar\/wp-json\/wp\/v2\/posts\/15532\/revisions"}],"predecessor-version":[{"id":15535,"href":"https:\/\/www.correiobraziliense.com.br\/cbradar\/wp-json\/wp\/v2\/posts\/15532\/revisions\/15535"}],"wp:featuredmedia":[{"embeddable":true,"href":"https:\/\/www.correiobraziliense.com.br\/cbradar\/wp-json\/wp\/v2\/media\/15533"}],"wp:attachment":[{"href":"https:\/\/www.correiobraziliense.com.br\/cbradar\/wp-json\/wp\/v2\/media?parent=15532"}],"wp:term":[{"taxonomy":"category","embeddable":true,"href":"https:\/\/www.correiobraziliense.com.br\/cbradar\/wp-json\/wp\/v2\/categories?post=15532"},{"taxonomy":"post_tag","embeddable":true,"href":"https:\/\/www.correiobraziliense.com.br\/cbradar\/wp-json\/wp\/v2\/tags?post=15532"}],"curies":[{"name":"wp","href":"https:\/\/api.w.org\/{rel}","templated":true}]}}