{"id":15540,"date":"2025-03-26T16:10:00","date_gmt":"2025-03-26T19:10:00","guid":{"rendered":"https:\/\/www.correiobraziliense.com.br\/cbradar\/?p=15540"},"modified":"2025-03-25T14:29:50","modified_gmt":"2025-03-25T17:29:50","slug":"entenda-se-pode-colocar-liquidos-na-air-fryer-e-quais-os-riscos","status":"publish","type":"post","link":"https:\/\/www.correiobraziliense.com.br\/cbradar\/entenda-se-pode-colocar-liquidos-na-air-fryer-e-quais-os-riscos\/","title":{"rendered":"Entenda se pode colocar l\u00edquidos na Air Fryer e quais os riscos"},"content":{"rendered":"\n<p>A air fryer tornou-se um dos eletrodom\u00e9sticos mais populares nas cozinhas modernas, oferecendo uma maneira pr\u00e1tica e saud\u00e1vel de preparar alimentos. No entanto, uma d\u00favida comum entre os usu\u00e1rios \u00e9 se \u00e9 seguro colocar l\u00edquidos no cesto do aparelho. Compreender o funcionamento da air fryer \u00e9 essencial para evitar danos ao equipamento e garantir a seguran\u00e7a durante o uso.<\/p>\n\n\n\n<p>Este artigo explora as considera\u00e7\u00f5es necess\u00e1rias ao utilizar l\u00edquidos na air fryer, abordando os riscos potenciais e as pr\u00e1ticas recomendadas para o uso seguro. Vamos examinar se \u00e9 poss\u00edvel preparar pratos com l\u00edquidos e como fazer isso de forma eficaz.<\/p>\n\n\n\n<h2 class=\"wp-block-heading\"><strong>Como funciona a Air Fryer?<\/strong><\/h2>\n\n\n\n<p>A air fryer utiliza ar quente que circula rapidamente para cozinhar os alimentos, proporcionando uma textura crocante por fora e mantendo a sucul\u00eancia por dentro. Este m\u00e9todo de cozimento \u00e9 semelhante \u00e0 fritura tradicional, mas sem a necessidade de grandes quantidades de \u00f3leo. No entanto, a introdu\u00e7\u00e3o de l\u00edquidos no cesto pode apresentar riscos devido \u00e0 alta velocidade do ar.<\/p>\n\n\n\n<p>Colocar l\u00edquidos diretamente no cesto pode resultar em respingos que atingem as partes el\u00e9tricas, causando curtos-circuitos e at\u00e9 mesmo inc\u00eandios. Portanto, \u00e9 crucial entender como e quando \u00e9 seguro usar l\u00edquidos na air fryer.<\/p>\n\n\n\n<figure class=\"wp-block-image size-large\"><img decoding=\"async\" width=\"1024\" height=\"576\" src=\"https:\/\/www.correiobraziliense.com.br\/cbradar\/wp-content\/uploads\/2025\/03\/Air-Fryer_1742893168750-1024x576.jpg\" alt=\"Entenda se pode colocar l\u00edquidos na Air Fryer e quais os riscos\" class=\"wp-image-15542\" srcset=\"https:\/\/www.correiobraziliense.com.br\/cbradar\/wp-content\/uploads\/2025\/03\/Air-Fryer_1742893168750-1024x576.jpg 1024w, https:\/\/www.correiobraziliense.com.br\/cbradar\/wp-content\/uploads\/2025\/03\/Air-Fryer_1742893168750-300x169.jpg 300w, https:\/\/www.correiobraziliense.com.br\/cbradar\/wp-content\/uploads\/2025\/03\/Air-Fryer_1742893168750-768x432.jpg 768w, https:\/\/www.correiobraziliense.com.br\/cbradar\/wp-content\/uploads\/2025\/03\/Air-Fryer_1742893168750-750x422.jpg 750w, https:\/\/www.correiobraziliense.com.br\/cbradar\/wp-content\/uploads\/2025\/03\/Air-Fryer_1742893168750-1140x641.jpg 1140w, https:\/\/www.correiobraziliense.com.br\/cbradar\/wp-content\/uploads\/2025\/03\/Air-Fryer_1742893168750.jpg 1280w\" sizes=\"(max-width: 1024px) 100vw, 1024px\" \/><figcaption class=\"wp-element-caption\">Air Fryer, Cr\u00e9ditos: depositphotos.com \/ Bubbers<\/figcaption><\/figure>\n\n\n\n<h2 class=\"wp-block-heading\"><strong>\u00c9 seguro colocar l\u00edquidos na Air Fryer?<\/strong><\/h2>\n\n\n\n<p>Sim, \u00e9 poss\u00edvel usar l\u00edquidos na air fryer, mas com algumas restri\u00e7\u00f5es importantes. Os l\u00edquidos devem ser utilizados em pequenas quantidades e sempre acompanhados de outros alimentos. Isso evita que o l\u00edquido &#8220;voe&#8221; dentro do cesto e atinja componentes el\u00e9tricos. Por exemplo, tentar ferver \u00e1gua na air fryer pode danificar permanentemente o aparelho e n\u00e3o \u00e9 coberto pela garantia.<\/p>\n\n\n\n<p>Alguns usu\u00e1rios colocam \u00e1gua no fundo da fritadeira para reduzir a fuma\u00e7a ao cozinhar alimentos gordurosos. No entanto, essa pr\u00e1tica n\u00e3o \u00e9 recomendada, pois o vapor pode comprometer as partes el\u00e9tricas e causar corros\u00e3o ao longo do tempo.<\/p>\n\n\n\n<h2 class=\"wp-block-heading\"><strong>Quais pratos com l\u00edquido podem ser preparados na Air Fryer?<\/strong><\/h2>\n\n\n\n<p>Algumas air fryers possuem a fun\u00e7\u00e3o de cozimento a vapor, permitindo o preparo de vegetais e outros alimentos de forma saud\u00e1vel. Nesses casos, \u00e9 recomendado adicionar \u00e1gua quente ao cesto e tampar bem o recipiente para evitar que o vapor atinja as partes el\u00e9tricas.<\/p>\n\n\n\n<p>Receitas como bolos podem ser feitas na air fryer, desde que a massa n\u00e3o seja muito l\u00edquida. Massas mais consistentes assam sem problemas, enquanto misturas muito fluidas podem respingar e danificar o aparelho.<\/p>\n\n\n\n<h2 class=\"wp-block-heading\"><strong>\u00c9 poss\u00edvel cozinhar a vapor na Air Fryer?<\/strong><\/h2>\n\n\n\n<p>Depende do modelo da air fryer. Algumas unidades, como a WAP Barbecue, v\u00eam com a fun\u00e7\u00e3o de cozimento a vapor, permitindo preparar alimentos como legumes e peixes. Para modelos sem essa fun\u00e7\u00e3o, \u00e9 necess\u00e1rio seguir as recomenda\u00e7\u00f5es do manual do usu\u00e1rio para evitar danos.<\/p>\n\n\n\n<p>Antes de tentar qualquer m\u00e9todo n\u00e3o convencional, \u00e9 importante consultar o manual da air fryer para garantir o uso correto do equipamento. Isso ajuda a evitar danos e a maximizar a vida \u00fatil do aparelho.<\/p>\n","protected":false},"excerpt":{"rendered":"<p>Aprenda sobre o uso seguro de l\u00edquidos na sua air fryer. Evite danos e perigoso com nosso guia completo sobre l\u00edquidos na cesta da air fryer.<\/p>\n","protected":false},"author":3,"featured_media":15541,"comment_status":"open","ping_status":"open","sticky":false,"template":"","format":"standard","meta":{"_yoast_wpseo_focuskw":"l\u00edquidos air fryer","_yoast_wpseo_title":"%%title%%","_yoast_wpseo_metadesc":"Aprenda sobre o uso seguro de l\u00edquidos na sua air fryer. Evite danos e perigoso com nosso guia completo sobre l\u00edquidos na cesta da air fryer.","jnews-multi-image_gallery":[],"jnews_single_post":{"format":"standard"},"jnews_primary_category":[],"jnews_social_meta":[],"jnews_override_counter":[],"footnotes":""},"categories":[112],"tags":[212],"class_list":["post-15540","post","type-post","status-publish","format-standard","has-post-thumbnail","hentry","category-curiosidades","tag-air-fryer"],"yoast_head":"<!-- This site is optimized with the Yoast SEO plugin v24.6 - https:\/\/yoast.com\/wordpress\/plugins\/seo\/ -->\n<title>Entenda se pode colocar l\u00edquidos na Air Fryer e quais os riscos<\/title>\n<meta name=\"description\" content=\"Aprenda sobre o uso seguro de l\u00edquidos na sua air fryer. Evite danos e perigoso com nosso guia completo sobre l\u00edquidos na cesta da air fryer.\" \/>\n<meta name=\"robots\" content=\"index, follow, max-snippet:-1, max-image-preview:large, max-video-preview:-1\" \/>\n<link rel=\"canonical\" href=\"https:\/\/www.correiobraziliense.com.br\/cbradar\/entenda-se-pode-colocar-liquidos-na-air-fryer-e-quais-os-riscos\/\" \/>\n<meta property=\"og:locale\" content=\"pt_BR\" \/>\n<meta property=\"og:type\" content=\"article\" \/>\n<meta property=\"og:title\" content=\"Entenda se pode colocar l\u00edquidos na Air Fryer e quais os riscos\" \/>\n<meta property=\"og:description\" content=\"Aprenda sobre o uso seguro de l\u00edquidos na sua air fryer. Evite danos e perigoso com nosso guia completo sobre l\u00edquidos na cesta da air fryer.\" \/>\n<meta property=\"og:url\" content=\"https:\/\/www.correiobraziliense.com.br\/cbradar\/entenda-se-pode-colocar-liquidos-na-air-fryer-e-quais-os-riscos\/\" \/>\n<meta property=\"og:site_name\" content=\"Correio Braziliense - Radar\" \/>\n<meta property=\"article:published_time\" content=\"2025-03-26T19:10:00+00:00\" \/>\n<meta property=\"og:image\" content=\"https:\/\/www.correiobraziliense.com.br\/cbradar\/wp-content\/uploads\/2025\/03\/Air-Fryer_1742893138484.jpg\" \/>\n\t<meta property=\"og:image:width\" content=\"1280\" \/>\n\t<meta property=\"og:image:height\" content=\"720\" \/>\n\t<meta property=\"og:image:type\" content=\"image\/jpeg\" \/>\n<meta name=\"author\" content=\"Larissa Carvalho\" \/>\n<meta name=\"twitter:card\" content=\"summary_large_image\" \/>\n<meta name=\"twitter:label1\" content=\"Escrito por\" \/>\n\t<meta name=\"twitter:data1\" content=\"Larissa Carvalho\" \/>\n\t<meta name=\"twitter:label2\" content=\"Est. tempo de leitura\" \/>\n\t<meta name=\"twitter:data2\" content=\"4 minutos\" \/>\n<!-- \/ Yoast SEO plugin. -->","yoast_head_json":{"title":"Entenda se pode colocar l\u00edquidos na Air Fryer e quais os riscos","description":"Aprenda sobre o uso seguro de l\u00edquidos na sua air fryer. Evite danos e perigoso com nosso guia completo sobre l\u00edquidos na cesta da air fryer.","robots":{"index":"index","follow":"follow","max-snippet":"max-snippet:-1","max-image-preview":"max-image-preview:large","max-video-preview":"max-video-preview:-1"},"canonical":"https:\/\/www.correiobraziliense.com.br\/cbradar\/entenda-se-pode-colocar-liquidos-na-air-fryer-e-quais-os-riscos\/","og_locale":"pt_BR","og_type":"article","og_title":"Entenda se pode colocar l\u00edquidos na Air Fryer e quais os riscos","og_description":"Aprenda sobre o uso seguro de l\u00edquidos na sua air fryer. Evite danos e perigoso com nosso guia completo sobre l\u00edquidos na cesta da air fryer.","og_url":"https:\/\/www.correiobraziliense.com.br\/cbradar\/entenda-se-pode-colocar-liquidos-na-air-fryer-e-quais-os-riscos\/","og_site_name":"Correio Braziliense - Radar","article_published_time":"2025-03-26T19:10:00+00:00","og_image":[{"width":1280,"height":720,"url":"https:\/\/www.correiobraziliense.com.br\/cbradar\/wp-content\/uploads\/2025\/03\/Air-Fryer_1742893138484.jpg","type":"image\/jpeg"}],"author":"Larissa Carvalho","twitter_card":"summary_large_image","twitter_misc":{"Escrito por":"Larissa Carvalho","Est. tempo de leitura":"4 minutos"},"schema":{"@context":"https:\/\/schema.org","@graph":[{"@type":"WebPage","@id":"https:\/\/www.correiobraziliense.com.br\/cbradar\/entenda-se-pode-colocar-liquidos-na-air-fryer-e-quais-os-riscos\/","url":"https:\/\/www.correiobraziliense.com.br\/cbradar\/entenda-se-pode-colocar-liquidos-na-air-fryer-e-quais-os-riscos\/","name":"Entenda se pode colocar l\u00edquidos na Air Fryer e quais os riscos","isPartOf":{"@id":"https:\/\/www.correiobraziliense.com.br\/cbradar\/#website"},"primaryImageOfPage":{"@id":"https:\/\/www.correiobraziliense.com.br\/cbradar\/entenda-se-pode-colocar-liquidos-na-air-fryer-e-quais-os-riscos\/#primaryimage"},"image":{"@id":"https:\/\/www.correiobraziliense.com.br\/cbradar\/entenda-se-pode-colocar-liquidos-na-air-fryer-e-quais-os-riscos\/#primaryimage"},"thumbnailUrl":"https:\/\/www.correiobraziliense.com.br\/cbradar\/wp-content\/uploads\/2025\/03\/Air-Fryer_1742893138484.jpg","datePublished":"2025-03-26T19:10:00+00:00","author":{"@id":"https:\/\/www.correiobraziliense.com.br\/cbradar\/#\/schema\/person\/58422787644df994b53a19d3e56c1513"},"description":"Aprenda sobre o uso seguro de l\u00edquidos na sua air fryer. Evite danos e perigoso com nosso guia completo sobre l\u00edquidos na cesta da air fryer.","breadcrumb":{"@id":"https:\/\/www.correiobraziliense.com.br\/cbradar\/entenda-se-pode-colocar-liquidos-na-air-fryer-e-quais-os-riscos\/#breadcrumb"},"inLanguage":"pt-BR","potentialAction":[{"@type":"ReadAction","target":["https:\/\/www.correiobraziliense.com.br\/cbradar\/entenda-se-pode-colocar-liquidos-na-air-fryer-e-quais-os-riscos\/"]}]},{"@type":"ImageObject","inLanguage":"pt-BR","@id":"https:\/\/www.correiobraziliense.com.br\/cbradar\/entenda-se-pode-colocar-liquidos-na-air-fryer-e-quais-os-riscos\/#primaryimage","url":"https:\/\/www.correiobraziliense.com.br\/cbradar\/wp-content\/uploads\/2025\/03\/Air-Fryer_1742893138484.jpg","contentUrl":"https:\/\/www.correiobraziliense.com.br\/cbradar\/wp-content\/uploads\/2025\/03\/Air-Fryer_1742893138484.jpg","width":1280,"height":720,"caption":"Air Fryer. Cr\u00e9ditos: depositphotos.com \/ grandbrothers"},{"@type":"BreadcrumbList","@id":"https:\/\/www.correiobraziliense.com.br\/cbradar\/entenda-se-pode-colocar-liquidos-na-air-fryer-e-quais-os-riscos\/#breadcrumb","itemListElement":[{"@type":"ListItem","position":1,"name":"In\u00edcio","item":"https:\/\/www.correiobraziliense.com.br\/cbradar\/"},{"@type":"ListItem","position":2,"name":"Entenda se pode colocar l\u00edquidos na Air Fryer e quais os riscos"}]},{"@type":"WebSite","@id":"https:\/\/www.correiobraziliense.com.br\/cbradar\/#website","url":"https:\/\/www.correiobraziliense.com.br\/cbradar\/","name":"Correio Braziliense - Radar","description":"Acompanhe as \u00faltimas not\u00edcias e fique bem informado sobre tudo o que acontece no Brasil e no mundo.","potentialAction":[{"@type":"SearchAction","target":{"@type":"EntryPoint","urlTemplate":"https:\/\/www.correiobraziliense.com.br\/cbradar\/?s={search_term_string}"},"query-input":{"@type":"PropertyValueSpecification","valueRequired":true,"valueName":"search_term_string"}}],"inLanguage":"pt-BR"},{"@type":"Person","@id":"https:\/\/www.correiobraziliense.com.br\/cbradar\/#\/schema\/person\/58422787644df994b53a19d3e56c1513","name":"Larissa Carvalho","image":{"@type":"ImageObject","inLanguage":"pt-BR","@id":"https:\/\/www.correiobraziliense.com.br\/cbradar\/#\/schema\/person\/image\/","url":"https:\/\/secure.gravatar.com\/avatar\/fe4f91a0de32b52a838d0d612abdc1aa?s=96&d=mm&r=g","contentUrl":"https:\/\/secure.gravatar.com\/avatar\/fe4f91a0de32b52a838d0d612abdc1aa?s=96&d=mm&r=g","caption":"Larissa Carvalho"},"url":"https:\/\/www.correiobraziliense.com.br\/cbradar\/author\/larissamyth\/"}]}},"_links":{"self":[{"href":"https:\/\/www.correiobraziliense.com.br\/cbradar\/wp-json\/wp\/v2\/posts\/15540","targetHints":{"allow":["GET"]}}],"collection":[{"href":"https:\/\/www.correiobraziliense.com.br\/cbradar\/wp-json\/wp\/v2\/posts"}],"about":[{"href":"https:\/\/www.correiobraziliense.com.br\/cbradar\/wp-json\/wp\/v2\/types\/post"}],"author":[{"embeddable":true,"href":"https:\/\/www.correiobraziliense.com.br\/cbradar\/wp-json\/wp\/v2\/users\/3"}],"replies":[{"embeddable":true,"href":"https:\/\/www.correiobraziliense.com.br\/cbradar\/wp-json\/wp\/v2\/comments?post=15540"}],"version-history":[{"count":1,"href":"https:\/\/www.correiobraziliense.com.br\/cbradar\/wp-json\/wp\/v2\/posts\/15540\/revisions"}],"predecessor-version":[{"id":15543,"href":"https:\/\/www.correiobraziliense.com.br\/cbradar\/wp-json\/wp\/v2\/posts\/15540\/revisions\/15543"}],"wp:featuredmedia":[{"embeddable":true,"href":"https:\/\/www.correiobraziliense.com.br\/cbradar\/wp-json\/wp\/v2\/media\/15541"}],"wp:attachment":[{"href":"https:\/\/www.correiobraziliense.com.br\/cbradar\/wp-json\/wp\/v2\/media?parent=15540"}],"wp:term":[{"taxonomy":"category","embeddable":true,"href":"https:\/\/www.correiobraziliense.com.br\/cbradar\/wp-json\/wp\/v2\/categories?post=15540"},{"taxonomy":"post_tag","embeddable":true,"href":"https:\/\/www.correiobraziliense.com.br\/cbradar\/wp-json\/wp\/v2\/tags?post=15540"}],"curies":[{"name":"wp","href":"https:\/\/api.w.org\/{rel}","templated":true}]}}