{"id":155484,"date":"2025-12-14T21:35:00","date_gmt":"2025-12-15T00:35:00","guid":{"rendered":"https:\/\/www.correiobraziliense.com.br\/cbradar\/?p=155484"},"modified":"2025-12-13T07:29:55","modified_gmt":"2025-12-13T10:29:55","slug":"entenda-a-doenca-pulmonar-que-mais-mata-no-mundo","status":"publish","type":"post","link":"https:\/\/www.correiobraziliense.com.br\/cbradar\/entenda-a-doenca-pulmonar-que-mais-mata-no-mundo\/","title":{"rendered":"Entenda a doen\u00e7a pulmonar que mais mata no mundo"},"content":{"rendered":"\n<p>A <strong>Doen\u00e7a Pulmonar Obstrutiva Cr\u00f4nica (DPOC)<\/strong> \u00e9 uma enfermidade respirat\u00f3ria que reduz progressivamente a capacidade pulmonar, dificultando a passagem de ar. Embora incur\u00e1vel, os sintomas podem ser controlados com mudan\u00e7as nos h\u00e1bitos de vida e tratamento m\u00e9dico cont\u00ednuo. Nos \u00faltimos anos, essa condi\u00e7\u00e3o se tornou um grande desafio de sa\u00fade p\u00fablica, sobretudo em lugares onde o tabagismo e a polui\u00e7\u00e3o ambiental s\u00e3o comuns.<\/p>\n\n\n\n<p>Dados de 2021 destacam que a DPOC resultou em mais de 3 milh\u00f5es de mortes globais, posicionando-se entre as principais causas de \u00f3bito. Assim, \u00e9 essencial reconhecer os sintomas precoces e entender as op\u00e7\u00f5es de tratamento dispon\u00edveis para essa condi\u00e7\u00e3o debilitante.<\/p>\n\n\n\n<h2 class=\"wp-block-heading\">Qual o impacto da DPOC nos pulm\u00f5es?<\/h2>\n\n\n\n<p>A DPOC \u00e9 caracterizada por uma obstru\u00e7\u00e3o persistente das vias a\u00e9reas, resultante de inflama\u00e7\u00e3o cr\u00f4nica e destrui\u00e7\u00e3o dos alv\u00e9olos, que s\u00e3o respons\u00e1veis pelas trocas gasosas. Essa obstru\u00e7\u00e3o leva a um estreitamento dos br\u00f4nquios, ac\u00famulo de muco e perda da elasticidade pulmonar, tornando a respira\u00e7\u00e3o mais trabalhosa.<\/p>\n\n\n\n<p>Duas condi\u00e7\u00f5es principais comp\u00f5em a DPOC: bronquite cr\u00f4nica, marcada por tosse prolongada e produ\u00e7\u00e3o de muco, e enfisema pulmonar, que envolve a destrui\u00e7\u00e3o dos alv\u00e9olos. O resultado \u00e9 uma maior dificuldade para respirar e a sensa\u00e7\u00e3o de cansa\u00e7o em atividades cotidianas.<\/p>\n\n\n\n<h2 class=\"wp-block-heading\">Quais s\u00e3o os sintomas da DPOC?<\/h2>\n\n\n\n<p>Os sintomas da DPOC variam em severidade e tendem a piorar com o tempo. Entre os mais comuns, encontram-se a falta de ar, inicialmente em esfor\u00e7os f\u00edsicos maiores, mas progressivamente em tarefas simples; tosse persistente que pode durar meses; e produ\u00e7\u00e3o de catarro, geralmente matinal.<\/p>\n\n\n\n<p>Outros sinais incluem chiado no peito, sensa\u00e7\u00e3o de aperto no t\u00f3rax e cansa\u00e7o f\u00e1cil. Em est\u00e1gios avan\u00e7ados, a doen\u00e7a pode causar perda de peso, incha\u00e7o nas pernas e infec\u00e7\u00f5es respirat\u00f3rias recorrentes, frequentemente necessitando de oxig\u00eanio suplementar e aten\u00e7\u00e3o emergencial.<\/p>\n\n\n\n<h2 class=\"wp-block-heading\">Fatores que causam a DPOC?<\/h2>\n\n\n\n<p>O principal fator de risco para a DPOC \u00e9 o tabagismo. As subst\u00e2ncias nocivas na fuma\u00e7a do cigarro agridem e inflamam as vias a\u00e9reas, causando danos duradouros. Mesmo aqueles que pararam de fumar h\u00e1 anos podem desenvolver a doen\u00e7a se tiverem um hist\u00f3rico de fumo prolongado.<\/p>\n\n\n\n<figure class=\"wp-block-image aligncenter size-large\"><img decoding=\"async\" width=\"1024\" height=\"576\" src=\"https:\/\/www.correiobraziliense.com.br\/cbradar\/wp-content\/uploads\/2025\/05\/cigarro_1746900862513-1024x576.jpg\" alt=\"\" class=\"wp-image-35073\" srcset=\"https:\/\/www.correiobraziliense.com.br\/cbradar\/wp-content\/uploads\/2025\/05\/cigarro_1746900862513-1024x576.jpg 1024w, https:\/\/www.correiobraziliense.com.br\/cbradar\/wp-content\/uploads\/2025\/05\/cigarro_1746900862513-300x169.jpg 300w, https:\/\/www.correiobraziliense.com.br\/cbradar\/wp-content\/uploads\/2025\/05\/cigarro_1746900862513-768x432.jpg 768w, https:\/\/www.correiobraziliense.com.br\/cbradar\/wp-content\/uploads\/2025\/05\/cigarro_1746900862513-750x422.jpg 750w, https:\/\/www.correiobraziliense.com.br\/cbradar\/wp-content\/uploads\/2025\/05\/cigarro_1746900862513-1140x641.jpg 1140w, https:\/\/www.correiobraziliense.com.br\/cbradar\/wp-content\/uploads\/2025\/05\/cigarro_1746900862513.jpg 1280w\" sizes=\"(max-width: 1024px) 100vw, 1024px\" \/><figcaption class=\"wp-element-caption\">Cigarro &#8211; Cr\u00e9ditos: depositphotos.com \/ VadimVasenin\n\n<\/figcaption><\/figure>\n\n\n\n<p>Outros fatores de risco incluem exposi\u00e7\u00e3o a poeiras e produtos qu\u00edmicos no ambiente de trabalho, polui\u00e7\u00e3o do ar e uso de combust\u00edveis s\u00f3lidos indoor sem ventila\u00e7\u00e3o adequada. Al\u00e9m disso, certas predisposi\u00e7\u00f5es gen\u00e9ticas podem tornar os pulm\u00f5es mais suscet\u00edveis \u00e0 DPOC.<\/p>\n\n\n\n<h2 class=\"wp-block-heading\">Por que a DPOC \u00e9 t\u00e3o letal?<\/h2>\n\n\n\n<p>A DPOC figura entre as principais causas de morte no mundo devido \u00e0 sua natureza cr\u00f4nica e progressiva. Frequentemente, o diagn\u00f3stico s\u00f3 ocorre em est\u00e1gios avan\u00e7ados, quando a fun\u00e7\u00e3o pulmonar j\u00e1 est\u00e1 significativamente comprometida. Ademais, o tabagismo e a polui\u00e7\u00e3o, especialmente em pa\u00edses em desenvolvimento, perpetuam a preval\u00eancia desta <a href=\"https:\/\/www.correiobraziliense.com.br\/cbradar\/o-metodo-unico-que-esta-revolucionando-o-rejuvenescimento-facial\/\" target=\"_blank\" rel=\"noreferrer noopener\">doen\u00e7a<\/a>.<\/p>\n\n\n\n<p>Complica\u00e7\u00f5es cardiovasculares, infec\u00e7\u00f5es respirat\u00f3rias graves e insufici\u00eancia respirat\u00f3ria s\u00e3o fatores que aumentam a mortalidade associada \u00e0 DPOC. O envelhecimento populacional tamb\u00e9m contribui para um maior n\u00famero de casos, j\u00e1 que muitos transtornos cr\u00f4nicos tendem a emergir ou se agravar com o tempo.<\/p>\n\n\n\n<h2 class=\"wp-block-heading\">Como \u00e9 o tratamento e qualidade de vida com DPOC?<\/h2>\n\n\n\n<p>Embora a DPOC n\u00e3o tenha cura, o tratamento visa aliviar os sintomas, minimizar as exacerba\u00e7\u00f5es e melhorar a qualidade de vida. O primeiro passo \u00e9 abandonar o tabagismo, com aux\u00edlio de programas de cessa\u00e7\u00e3o, suporte psicol\u00f3gico e medicamentos quando necess\u00e1rio.<\/p>\n\n\n\n<ul class=\"wp-block-list\">\n<li>Uso de broncodilatadores inal\u00e1veis para facilitar a respira\u00e7\u00e3o.<\/li>\n\n\n\n<li>Administra\u00e7\u00e3o de corticoides inal\u00e1veis para reduzir a inflama\u00e7\u00e3o.<\/li>\n\n\n\n<li>Reabilita\u00e7\u00e3o pulmonar, incluindo exerc\u00edcios f\u00edsicos e t\u00e9cnicas respirat\u00f3rias.<\/li>\n\n\n\n<li>Oxigenoterapia em casos mais avan\u00e7ados para manter a satura\u00e7\u00e3o de oxig\u00eanio.<\/li>\n<\/ul>\n\n\n\n<p>Vacina\u00e7\u00f5es, alimenta\u00e7\u00e3o equilibrada e acompanhamento regular com um pneumologista s\u00e3o essenciais para a gest\u00e3o eficaz da doen\u00e7a. Em casos espec\u00edficos, procedimentos cir\u00fargicos ou transplantes podem ser considerados.<\/p>\n\n\n\n<h2 class=\"wp-block-heading\">Quais as estrat\u00e9gias de preven\u00e7\u00e3o e redu\u00e7\u00e3o de risco?<\/h2>\n\n\n\n<p>Prevenir a DPOC envolve basicamente evitar os fatores de risco conhecidos desde cedo. Entre as pr\u00e1ticas preventivas est\u00e3o:<\/p>\n\n\n\n<ul class=\"wp-block-list\">\n<li>N\u00e3o fumar e buscar ajuda profissional para cessa\u00e7\u00e3o do tabagismo.<\/li>\n\n\n\n<li>Usar equipamentos de prote\u00e7\u00e3o onde h\u00e1 exposi\u00e7\u00e3o a agentes nocivos.<\/li>\n\n\n\n<li>Optar por combust\u00edveis limpos e ambientes bem ventilados.<\/li>\n\n\n\n<li>Procurar avalia\u00e7\u00e3o m\u00e9dica para sintomas respirat\u00f3rios persistentes.<\/li>\n<\/ul>\n\n\n\n<p>Compreender a DPOC, seus sinais e causas, o alto risco de mortalidade e as possibilidades de tratamento dispon\u00edveis s\u00e3o passos fundamentais para detectar a doen\u00e7a precocemente e adotar estrat\u00e9gias adequadas para viver melhor e mais seguro.<\/p>\n\n\n<a href=\"https:\/\/www.instagram.com\/dra.annaluisabf\/\" target=\"_blank\" rel=\"noopener\" style=\"text-decoration: none; color: inherit;\">\n    <span style=\"display: inline-block; border: 1px solid #ccc; border-radius: 10px; padding: 15px; max-width: 550px; font-family: sans-serif; box-shadow: 0 2px 5px rgba(0,0,0,0.1); width: 100%;\">\n\n      <!-- T\u00edtulo -->\n      <span style=\"display: block; margin: 0 0 15px 0; font-weight: bold; color: #2c3e50; text-align: center;\">\n        Entre em contato:\n      <\/span>\n\n      <!-- Linha do perfil -->\n      <span style=\"display: flex; align-items: center; gap: 15px;\">\n        <img decoding=\"async\"\n          src=\"https:\/\/www.correiobraziliense.com.br\/cbradar\/wp-content\/uploads\/2025\/08\/dra_anna_luisa.jpeg\"\n          alt=\"Foto da Dra. Anna Lu\u00edsa\"\n          style=\"border-radius: 50%; width: 80px; height: 80px; object-fit: cover;\"\n        \/>\n        <span style=\"display: flex; flex-direction: column;\">\n          <span style=\"font-size: 18px; font-weight: 700; color: #2c3e50;\">Dra. Anna Lu\u00edsa Barbosa Fernandes<\/span>\n          <span style=\"color: #555;\">CRM-GO 33.271<\/span>\n        <\/span>\n      <\/span>\n\n      <!-- Redes -->\n      <span style=\"display: flex; align-items: center; gap: 10px; margin-top: 12px;\">\n        <img decoding=\"async\" src=\"https:\/\/cdn-icons-png.flaticon.com\/24\/1384\/1384063.png\" alt=\"Instagram\" width=\"24\" height=\"24\" \/>\n        <span style=\"text-decoration: underline; color: #2c3e50;\">@dra.annaluisabf<\/span>\n      <\/span>\n\n    <\/span>\n  <\/a>\n\n\n<p><\/p>\n","protected":false},"excerpt":{"rendered":"<p>A Doen\u00e7a Pulmonar Obstrutiva Cr\u00f4nica (DPOC) \u00e9 uma enfermidade respirat\u00f3ria que reduz progressivamente a capacidade pulmonar, dificultando a passagem de ar. Embora incur\u00e1vel, os sintomas podem ser controlados com mudan\u00e7as nos h\u00e1bitos de vida e tratamento m\u00e9dico cont\u00ednuo. Nos \u00faltimos anos, essa condi\u00e7\u00e3o se tornou um grande desafio de sa\u00fade p\u00fablica, sobretudo em lugares onde [&hellip;]<\/p>\n","protected":false},"author":14,"featured_media":155485,"comment_status":"open","ping_status":"open","sticky":false,"template":"","format":"standard","meta":{"_yoast_wpseo_focuskw":"DPOC","_yoast_wpseo_title":"","_yoast_wpseo_metadesc":"Tosse persistente, falta de ar e cansa\u00e7o podem ser sinais de DPOC. Veja causas, tratamentos e como prevenir essa doen\u00e7a respirat\u00f3ria grave.","jnews-multi-image_gallery":[],"jnews_single_post":{"format":"standard"},"jnews_primary_category":[],"jnews_social_meta":[],"jnews_override_counter":[],"footnotes":""},"categories":[4404],"tags":[12749,12748,1318],"class_list":["post-155484","post","type-post","status-publish","format-standard","has-post-thumbnail","hentry","category-saude","tag-doenca-pulmonar","tag-dpoc","tag-saude-2"],"yoast_head":"<!-- This site is optimized with the Yoast SEO plugin v24.6 - https:\/\/yoast.com\/wordpress\/plugins\/seo\/ -->\n<title>Entenda a doen\u00e7a pulmonar que mais mata no mundo - Correio Braziliense - Radar<\/title>\n<meta name=\"description\" content=\"Tosse persistente, falta de ar e cansa\u00e7o podem ser sinais de DPOC. Veja causas, tratamentos e como prevenir essa doen\u00e7a respirat\u00f3ria grave.\" \/>\n<meta name=\"robots\" content=\"index, follow, max-snippet:-1, max-image-preview:large, max-video-preview:-1\" \/>\n<link rel=\"canonical\" href=\"https:\/\/www.correiobraziliense.com.br\/cbradar\/entenda-a-doenca-pulmonar-que-mais-mata-no-mundo\/\" \/>\n<meta property=\"og:locale\" content=\"pt_BR\" \/>\n<meta property=\"og:type\" content=\"article\" \/>\n<meta property=\"og:title\" content=\"Entenda a doen\u00e7a pulmonar que mais mata no mundo - Correio Braziliense - Radar\" \/>\n<meta property=\"og:description\" content=\"Tosse persistente, falta de ar e cansa\u00e7o podem ser sinais de DPOC. Veja causas, tratamentos e como prevenir essa doen\u00e7a respirat\u00f3ria grave.\" \/>\n<meta property=\"og:url\" content=\"https:\/\/www.correiobraziliense.com.br\/cbradar\/entenda-a-doenca-pulmonar-que-mais-mata-no-mundo\/\" \/>\n<meta property=\"og:site_name\" content=\"Correio Braziliense - Radar\" \/>\n<meta property=\"article:published_time\" content=\"2025-12-15T00:35:00+00:00\" \/>\n<meta property=\"og:image\" content=\"https:\/\/www.correiobraziliense.com.br\/cbradar\/wp-content\/uploads\/2025\/12\/DPOC_1765621759930.jpg\" \/>\n\t<meta property=\"og:image:width\" content=\"1280\" \/>\n\t<meta property=\"og:image:height\" content=\"720\" \/>\n\t<meta property=\"og:image:type\" content=\"image\/jpeg\" \/>\n<meta name=\"author\" content=\"guilherme_saude\" \/>\n<meta name=\"twitter:card\" content=\"summary_large_image\" \/>\n<meta name=\"twitter:label1\" content=\"Escrito por\" \/>\n\t<meta name=\"twitter:data1\" content=\"guilherme_saude\" \/>\n\t<meta name=\"twitter:label2\" content=\"Est. tempo de leitura\" \/>\n\t<meta name=\"twitter:data2\" content=\"5 minutos\" \/>\n<!-- \/ Yoast SEO plugin. -->","yoast_head_json":{"title":"Entenda a doen\u00e7a pulmonar que mais mata no mundo - Correio Braziliense - Radar","description":"Tosse persistente, falta de ar e cansa\u00e7o podem ser sinais de DPOC. Veja causas, tratamentos e como prevenir essa doen\u00e7a respirat\u00f3ria grave.","robots":{"index":"index","follow":"follow","max-snippet":"max-snippet:-1","max-image-preview":"max-image-preview:large","max-video-preview":"max-video-preview:-1"},"canonical":"https:\/\/www.correiobraziliense.com.br\/cbradar\/entenda-a-doenca-pulmonar-que-mais-mata-no-mundo\/","og_locale":"pt_BR","og_type":"article","og_title":"Entenda a doen\u00e7a pulmonar que mais mata no mundo - Correio Braziliense - Radar","og_description":"Tosse persistente, falta de ar e cansa\u00e7o podem ser sinais de DPOC. Veja causas, tratamentos e como prevenir essa doen\u00e7a respirat\u00f3ria grave.","og_url":"https:\/\/www.correiobraziliense.com.br\/cbradar\/entenda-a-doenca-pulmonar-que-mais-mata-no-mundo\/","og_site_name":"Correio Braziliense - Radar","article_published_time":"2025-12-15T00:35:00+00:00","og_image":[{"width":1280,"height":720,"url":"https:\/\/www.correiobraziliense.com.br\/cbradar\/wp-content\/uploads\/2025\/12\/DPOC_1765621759930.jpg","type":"image\/jpeg"}],"author":"guilherme_saude","twitter_card":"summary_large_image","twitter_misc":{"Escrito por":"guilherme_saude","Est. tempo de leitura":"5 minutos"},"schema":{"@context":"https:\/\/schema.org","@graph":[{"@type":"WebPage","@id":"https:\/\/www.correiobraziliense.com.br\/cbradar\/entenda-a-doenca-pulmonar-que-mais-mata-no-mundo\/","url":"https:\/\/www.correiobraziliense.com.br\/cbradar\/entenda-a-doenca-pulmonar-que-mais-mata-no-mundo\/","name":"Entenda a doen\u00e7a pulmonar que mais mata no mundo - Correio Braziliense - Radar","isPartOf":{"@id":"https:\/\/www.correiobraziliense.com.br\/cbradar\/#website"},"primaryImageOfPage":{"@id":"https:\/\/www.correiobraziliense.com.br\/cbradar\/entenda-a-doenca-pulmonar-que-mais-mata-no-mundo\/#primaryimage"},"image":{"@id":"https:\/\/www.correiobraziliense.com.br\/cbradar\/entenda-a-doenca-pulmonar-que-mais-mata-no-mundo\/#primaryimage"},"thumbnailUrl":"https:\/\/www.correiobraziliense.com.br\/cbradar\/wp-content\/uploads\/2025\/12\/DPOC_1765621759930.jpg","datePublished":"2025-12-15T00:35:00+00:00","author":{"@id":"https:\/\/www.correiobraziliense.com.br\/cbradar\/#\/schema\/person\/5aa4bf3c8fa699c267933611de12978b"},"description":"Tosse persistente, falta de ar e cansa\u00e7o podem ser sinais de DPOC. Veja causas, tratamentos e como prevenir essa doen\u00e7a respirat\u00f3ria grave.","breadcrumb":{"@id":"https:\/\/www.correiobraziliense.com.br\/cbradar\/entenda-a-doenca-pulmonar-que-mais-mata-no-mundo\/#breadcrumb"},"inLanguage":"pt-BR","potentialAction":[{"@type":"ReadAction","target":["https:\/\/www.correiobraziliense.com.br\/cbradar\/entenda-a-doenca-pulmonar-que-mais-mata-no-mundo\/"]}]},{"@type":"ImageObject","inLanguage":"pt-BR","@id":"https:\/\/www.correiobraziliense.com.br\/cbradar\/entenda-a-doenca-pulmonar-que-mais-mata-no-mundo\/#primaryimage","url":"https:\/\/www.correiobraziliense.com.br\/cbradar\/wp-content\/uploads\/2025\/12\/DPOC_1765621759930.jpg","contentUrl":"https:\/\/www.correiobraziliense.com.br\/cbradar\/wp-content\/uploads\/2025\/12\/DPOC_1765621759930.jpg","width":1280,"height":720,"caption":"DPOC - Cr\u00e9ditos: depositphotos.com \/ imagepointfr"},{"@type":"BreadcrumbList","@id":"https:\/\/www.correiobraziliense.com.br\/cbradar\/entenda-a-doenca-pulmonar-que-mais-mata-no-mundo\/#breadcrumb","itemListElement":[{"@type":"ListItem","position":1,"name":"In\u00edcio","item":"https:\/\/www.correiobraziliense.com.br\/cbradar\/"},{"@type":"ListItem","position":2,"name":"Entenda a doen\u00e7a pulmonar que mais mata no mundo"}]},{"@type":"WebSite","@id":"https:\/\/www.correiobraziliense.com.br\/cbradar\/#website","url":"https:\/\/www.correiobraziliense.com.br\/cbradar\/","name":"Correio Braziliense - Radar","description":"Acompanhe as \u00faltimas not\u00edcias e fique bem informado sobre tudo o que acontece no Brasil e no mundo.","potentialAction":[{"@type":"SearchAction","target":{"@type":"EntryPoint","urlTemplate":"https:\/\/www.correiobraziliense.com.br\/cbradar\/?s={search_term_string}"},"query-input":{"@type":"PropertyValueSpecification","valueRequired":true,"valueName":"search_term_string"}}],"inLanguage":"pt-BR"},{"@type":"Person","@id":"https:\/\/www.correiobraziliense.com.br\/cbradar\/#\/schema\/person\/5aa4bf3c8fa699c267933611de12978b","name":"guilherme_saude","image":{"@type":"ImageObject","inLanguage":"pt-BR","@id":"https:\/\/www.correiobraziliense.com.br\/cbradar\/#\/schema\/person\/image\/","url":"https:\/\/secure.gravatar.com\/avatar\/df9adfb835d344bc0af109d41756253f?s=96&d=mm&r=g","contentUrl":"https:\/\/secure.gravatar.com\/avatar\/df9adfb835d344bc0af109d41756253f?s=96&d=mm&r=g","caption":"guilherme_saude"},"url":"https:\/\/www.correiobraziliense.com.br\/cbradar\/author\/guilherme_saude\/"}]}},"_links":{"self":[{"href":"https:\/\/www.correiobraziliense.com.br\/cbradar\/wp-json\/wp\/v2\/posts\/155484","targetHints":{"allow":["GET"]}}],"collection":[{"href":"https:\/\/www.correiobraziliense.com.br\/cbradar\/wp-json\/wp\/v2\/posts"}],"about":[{"href":"https:\/\/www.correiobraziliense.com.br\/cbradar\/wp-json\/wp\/v2\/types\/post"}],"author":[{"embeddable":true,"href":"https:\/\/www.correiobraziliense.com.br\/cbradar\/wp-json\/wp\/v2\/users\/14"}],"replies":[{"embeddable":true,"href":"https:\/\/www.correiobraziliense.com.br\/cbradar\/wp-json\/wp\/v2\/comments?post=155484"}],"version-history":[{"count":1,"href":"https:\/\/www.correiobraziliense.com.br\/cbradar\/wp-json\/wp\/v2\/posts\/155484\/revisions"}],"predecessor-version":[{"id":155486,"href":"https:\/\/www.correiobraziliense.com.br\/cbradar\/wp-json\/wp\/v2\/posts\/155484\/revisions\/155486"}],"wp:featuredmedia":[{"embeddable":true,"href":"https:\/\/www.correiobraziliense.com.br\/cbradar\/wp-json\/wp\/v2\/media\/155485"}],"wp:attachment":[{"href":"https:\/\/www.correiobraziliense.com.br\/cbradar\/wp-json\/wp\/v2\/media?parent=155484"}],"wp:term":[{"taxonomy":"category","embeddable":true,"href":"https:\/\/www.correiobraziliense.com.br\/cbradar\/wp-json\/wp\/v2\/categories?post=155484"},{"taxonomy":"post_tag","embeddable":true,"href":"https:\/\/www.correiobraziliense.com.br\/cbradar\/wp-json\/wp\/v2\/tags?post=155484"}],"curies":[{"name":"wp","href":"https:\/\/api.w.org\/{rel}","templated":true}]}}