{"id":155488,"date":"2025-12-15T21:35:00","date_gmt":"2025-12-16T00:35:00","guid":{"rendered":"https:\/\/www.correiobraziliense.com.br\/cbradar\/?p=155488"},"modified":"2025-12-13T07:56:54","modified_gmt":"2025-12-13T10:56:54","slug":"como-o-otimismo-pode-prolongar-a-sua-vida","status":"publish","type":"post","link":"https:\/\/www.correiobraziliense.com.br\/cbradar\/como-o-otimismo-pode-prolongar-a-sua-vida\/","title":{"rendered":"Como o otimismo pode prolongar a sua vida"},"content":{"rendered":"\n<p>Viver por um s\u00e9culo \u00e9 um feito not\u00e1vel que poucos alcan\u00e7am, e para muitos, entender como certas pessoas conseguem isso pode fornecer insights valiosos sobre como viver vidas mais longas e saud\u00e1veis. <strong>Dick Van Dyke<\/strong>, famoso por seus pap\u00e9is ic\u00f4nicos em filmes cl\u00e1ssicos, recentemente celebrou seu cent\u00e9simo anivers\u00e1rio. Ele atribui sua longevidade a uma abordagem <strong>Otimista <\/strong>da vida e \u00e0 habilidade de n\u00e3o guardar raiva. Esta perspectiva \u00e9 apoiada por v\u00e1rias evid\u00eancias cient\u00edficas que apontam uma conex\u00e3o significativa entre atitudes positivas, como o otimismo, e a sa\u00fade.<\/p>\n\n\n\n<p>Pesquisas sugerem que indiv\u00edduos que mant\u00eam uma vis\u00e3o positiva tendem a viver mais. Um estudo not\u00e1vel analisou relatos autobiogr\u00e1ficos de freiras e descobriu que aquelas com uma vis\u00e3o mais <strong>Otimista <\/strong>tinham uma expectativa de vida significativamente maior. Entretanto, a longevidade \u00e9 multifacetada, influenciada n\u00e3o apenas por atitudes mentais, mas tamb\u00e9m por fatores como gen\u00e9tica, sa\u00fade f\u00edsica e h\u00e1bitos de vida.<\/p>\n\n\n\n<h2 class=\"wp-block-heading\">Como as emo\u00e7\u00f5es afetam a sa\u00fade?<\/h2>\n\n\n\n<p>Pessoas que gerenciam melhor suas emo\u00e7\u00f5es, especialmente a raiva, demonstram uma <a href=\"https:\/\/www.correiobraziliense.com.br\/cbradar\/o-metodo-unico-que-esta-revolucionando-o-rejuvenescimento-facial\/\" target=\"_blank\" rel=\"noreferrer noopener\">sa\u00fade <\/a>cardiovascular mais robusta. A raiva libera horm\u00f4nios como adrenalina e cortisol, que, em excesso, podem prejudicar o cora\u00e7\u00e3o. Mesmo epis\u00f3dios curtos de raiva intensa podem causar danos cumulativos ao sistema cardiovascular, aumentando o risco de doen\u00e7as card\u00edacas e outras condi\u00e7\u00f5es s\u00e9rias.<\/p>\n\n\n<div class=\"wp-block-image\">\n<figure class=\"aligncenter size-large\"><img decoding=\"async\" width=\"1024\" height=\"576\" src=\"https:\/\/www.correiobraziliense.com.br\/cbradar\/wp-content\/uploads\/2025\/12\/Otimista-_1765621952104-1024x576.jpg\" alt=\"\" class=\"wp-image-155489\" srcset=\"https:\/\/www.correiobraziliense.com.br\/cbradar\/wp-content\/uploads\/2025\/12\/Otimista-_1765621952104-1024x576.jpg 1024w, https:\/\/www.correiobraziliense.com.br\/cbradar\/wp-content\/uploads\/2025\/12\/Otimista-_1765621952104-300x169.jpg 300w, https:\/\/www.correiobraziliense.com.br\/cbradar\/wp-content\/uploads\/2025\/12\/Otimista-_1765621952104-768x432.jpg 768w, https:\/\/www.correiobraziliense.com.br\/cbradar\/wp-content\/uploads\/2025\/12\/Otimista-_1765621952104-750x422.jpg 750w, https:\/\/www.correiobraziliense.com.br\/cbradar\/wp-content\/uploads\/2025\/12\/Otimista-_1765621952104-1140x641.jpg 1140w, https:\/\/www.correiobraziliense.com.br\/cbradar\/wp-content\/uploads\/2025\/12\/Otimista-_1765621952104.jpg 1280w\" sizes=\"(max-width: 1024px) 100vw, 1024px\" \/><figcaption class=\"wp-element-caption\">Otimista &#8211; Cr\u00e9ditos: depositphotos.com \/ IgorVetushko<\/figcaption><\/figure><\/div>\n\n\n<p>Al\u00e9m disso, um estado de estresse prolongado pode influenciar o envelhecimento em n\u00edvel celular. Tel\u00f4meros, as extremidades protetoras dos cromossomos, encurtam ao longo do tempo, mas esse processo \u00e9 acelerado por fatores estressantes. Em contraste, pr\u00e1ticas que reduzem o estresse, como medita\u00e7\u00e3o, est\u00e3o associadas \u00e0 manuten\u00e7\u00e3o do comprimento dos tel\u00f4meros, sugerindo que a gest\u00e3o emocional pode literalmente prolongar a vida celular.<\/p>\n\n\n\n<h2 class=\"wp-block-heading\">\u00c9 poss\u00edvel cultivar uma vida longa atrav\u00e9s do otimismo?<\/h2>\n\n\n\n<p>Adotar uma perspectiva Otimista na vida pode influenciar positivamente a sa\u00fade geral. Indiv\u00edduos otimistas frequentemente adotam estilos de vida mais saud\u00e1veis, como pr\u00e1ticas regulares de exerc\u00edcios e dietas balanceadas, que contribuem para a longevidade ao prevenir doen\u00e7as. As emo\u00e7\u00f5es positivas tamb\u00e9m promovem resili\u00eancia diante de desafios, contribuindo para uma melhor adapta\u00e7\u00e3o ao estresse.<\/p>\n\n\n\n<p>Um exemplo pr\u00e1tico de aumento da longevidade atrav\u00e9s de atitudes otimistas pode ser visto nas pr\u00e1ticas di\u00e1rias de Dick Van Dyke. O ator dedica-se a exerc\u00edcios regulares, mostrando que um compromisso consistente com h\u00e1bitos saud\u00e1veis pode ser crucial para uma vida longa e ativa.<\/p>\n\n\n\n<h2 class=\"wp-block-heading\">Quais t\u00e9cnicas ajudam a controlar o estresse?<\/h2>\n\n\n\n<p>Pr\u00e1ticas como a respira\u00e7\u00e3o controlada, medita\u00e7\u00e3o e yoga s\u00e3o estrat\u00e9gias eficazes para acalmar o sistema nervoso e reduzir os impactos negativos do estresse no corpo. Em vez de permitir que a raiva se manifeste em explos\u00f5es, t\u00e9cnicas de relaxamento ajudam a minimizar a resposta ao estresse, promovendo uma sensa\u00e7\u00e3o duradoura de calma.<\/p>\n\n\n\n<p>Incorporar momentos de lazer e atividades que tragam prazer pode aumentar as emo\u00e7\u00f5es positivas, permitindo um ref\u00fagio do estresse di\u00e1rio. Estas atividades n\u00e3o devem ter um prop\u00f3sito al\u00e9m do prazer, tal como brincar ou apreciar um hobby, o que pode contribuir significativamente para a sa\u00fade mental e f\u00edsica.<\/p>\n\n\n\n<h2 class=\"wp-block-heading\">Como transformar a vida di\u00e1ria com atitudes positivas?<\/h2>\n\n\n\n<p>A pr\u00e1tica de estar presente no momento tamb\u00e9m \u00e9 fundamental. Pequenas mudan\u00e7as, como apreciar um jantar com mais aten\u00e7\u00e3o ou envolver-se plenamente em uma conversa, podem aumentar a satisfa\u00e7\u00e3o e a qualidade de vida. A chave \u00e9 cultivar um equil\u00edbrio entre responsabilidades e prazer, permitindo tempo di\u00e1rio para agu\u00e7ar a percep\u00e7\u00e3o dos aspectos positivos da vida.<\/p>\n\n\n\n<p>Assim, enquanto n\u00e3o se pode controlar todos os aspectos que afetam a longevidade, as evid\u00eancias sugerem que cultivar uma perspectiva Otimista e manejar melhor o estresse pode contribuir significativamente para uma vida mais longa e saud\u00e1vel. Essas pr\u00e1ticas simples, mas poderosas, ressoam com os conselhos de Van Dyke, provando que age bem quem adota o positivo n\u00e3o apenas como postura, mas como um modo de viver.<\/p>\n\n\n<a href=\"https:\/\/www.instagram.com\/dra.annaluisabf\/\" target=\"_blank\" rel=\"noopener\" style=\"text-decoration: none; color: inherit;\">\n    <span style=\"display: inline-block; border: 1px solid #ccc; border-radius: 10px; padding: 15px; max-width: 550px; font-family: sans-serif; box-shadow: 0 2px 5px rgba(0,0,0,0.1); width: 100%;\">\n\n      <!-- T\u00edtulo -->\n      <span style=\"display: block; margin: 0 0 15px 0; font-weight: bold; color: #2c3e50; text-align: center;\">\n        Entre em contato:\n      <\/span>\n\n      <!-- Linha do perfil -->\n      <span style=\"display: flex; align-items: center; gap: 15px;\">\n        <img decoding=\"async\"\n          src=\"https:\/\/www.correiobraziliense.com.br\/cbradar\/wp-content\/uploads\/2025\/08\/dra_anna_luisa.jpeg\"\n          alt=\"Foto da Dra. Anna Lu\u00edsa\"\n          style=\"border-radius: 50%; width: 80px; height: 80px; object-fit: cover;\"\n        \/>\n        <span style=\"display: flex; flex-direction: column;\">\n          <span style=\"font-size: 18px; font-weight: 700; color: #2c3e50;\">Dra. Anna Lu\u00edsa Barbosa Fernandes<\/span>\n          <span style=\"color: #555;\">CRM-GO 33.271<\/span>\n        <\/span>\n      <\/span>\n\n      <!-- Redes -->\n      <span style=\"display: flex; align-items: center; gap: 10px; margin-top: 12px;\">\n        <img decoding=\"async\" src=\"https:\/\/cdn-icons-png.flaticon.com\/24\/1384\/1384063.png\" alt=\"Instagram\" width=\"24\" height=\"24\" \/>\n        <span style=\"text-decoration: underline; color: #2c3e50;\">@dra.annaluisabf<\/span>\n      <\/span>\n\n    <\/span>\n  <\/a>\n\n\n<p><\/p>\n","protected":false},"excerpt":{"rendered":"<p>Viver por um s\u00e9culo \u00e9 um feito not\u00e1vel que poucos alcan\u00e7am, e para muitos, entender como certas pessoas conseguem isso pode fornecer insights valiosos sobre como viver vidas mais longas e saud\u00e1veis. Dick Van Dyke, famoso por seus pap\u00e9is ic\u00f4nicos em filmes cl\u00e1ssicos, recentemente celebrou seu cent\u00e9simo anivers\u00e1rio. Ele atribui sua longevidade a uma abordagem [&hellip;]<\/p>\n","protected":false},"author":14,"featured_media":155490,"comment_status":"open","ping_status":"open","sticky":false,"template":"","format":"standard","meta":{"_yoast_wpseo_focuskw":"Otimista","_yoast_wpseo_title":"","_yoast_wpseo_metadesc":"Dick Van Dyke chegou aos 100 anos com leveza e alegria. Saiba como atitudes positivas influenciam a sa\u00fade e a expectativa de vida.","jnews-multi-image_gallery":[],"jnews_single_post":{"format":"standard"},"jnews_primary_category":[],"jnews_social_meta":[],"jnews_override_counter":[],"footnotes":""},"categories":[4404],"tags":[120,12750,404,565],"class_list":["post-155488","post","type-post","status-publish","format-standard","has-post-thumbnail","hentry","category-saude","tag-bem-estar","tag-otimista","tag-psicologia","tag-saude"],"yoast_head":"<!-- This site is optimized with the Yoast SEO plugin v24.6 - https:\/\/yoast.com\/wordpress\/plugins\/seo\/ -->\n<title>Como o otimismo pode prolongar a sua vida - Correio Braziliense - Radar<\/title>\n<meta name=\"description\" content=\"Dick Van Dyke chegou aos 100 anos com leveza e alegria. Saiba como atitudes positivas influenciam a sa\u00fade e a expectativa de vida.\" \/>\n<meta name=\"robots\" content=\"index, follow, max-snippet:-1, max-image-preview:large, max-video-preview:-1\" \/>\n<link rel=\"canonical\" href=\"https:\/\/www.correiobraziliense.com.br\/cbradar\/como-o-otimismo-pode-prolongar-a-sua-vida\/\" \/>\n<meta property=\"og:locale\" content=\"pt_BR\" \/>\n<meta property=\"og:type\" content=\"article\" \/>\n<meta property=\"og:title\" content=\"Como o otimismo pode prolongar a sua vida - Correio Braziliense - Radar\" \/>\n<meta property=\"og:description\" content=\"Dick Van Dyke chegou aos 100 anos com leveza e alegria. Saiba como atitudes positivas influenciam a sa\u00fade e a expectativa de vida.\" \/>\n<meta property=\"og:url\" content=\"https:\/\/www.correiobraziliense.com.br\/cbradar\/como-o-otimismo-pode-prolongar-a-sua-vida\/\" \/>\n<meta property=\"og:site_name\" content=\"Correio Braziliense - Radar\" \/>\n<meta property=\"article:published_time\" content=\"2025-12-16T00:35:00+00:00\" \/>\n<meta property=\"og:image\" content=\"https:\/\/www.correiobraziliense.com.br\/cbradar\/wp-content\/uploads\/2025\/12\/Otimista-_1765621980006.jpg\" \/>\n\t<meta property=\"og:image:width\" content=\"1280\" \/>\n\t<meta property=\"og:image:height\" content=\"720\" \/>\n\t<meta property=\"og:image:type\" content=\"image\/jpeg\" \/>\n<meta name=\"author\" content=\"guilherme_saude\" \/>\n<meta name=\"twitter:card\" content=\"summary_large_image\" \/>\n<meta name=\"twitter:label1\" content=\"Escrito por\" \/>\n\t<meta name=\"twitter:data1\" content=\"guilherme_saude\" \/>\n\t<meta name=\"twitter:label2\" content=\"Est. tempo de leitura\" \/>\n\t<meta name=\"twitter:data2\" content=\"5 minutos\" \/>\n<!-- \/ Yoast SEO plugin. -->","yoast_head_json":{"title":"Como o otimismo pode prolongar a sua vida - Correio Braziliense - Radar","description":"Dick Van Dyke chegou aos 100 anos com leveza e alegria. Saiba como atitudes positivas influenciam a sa\u00fade e a expectativa de vida.","robots":{"index":"index","follow":"follow","max-snippet":"max-snippet:-1","max-image-preview":"max-image-preview:large","max-video-preview":"max-video-preview:-1"},"canonical":"https:\/\/www.correiobraziliense.com.br\/cbradar\/como-o-otimismo-pode-prolongar-a-sua-vida\/","og_locale":"pt_BR","og_type":"article","og_title":"Como o otimismo pode prolongar a sua vida - Correio Braziliense - Radar","og_description":"Dick Van Dyke chegou aos 100 anos com leveza e alegria. Saiba como atitudes positivas influenciam a sa\u00fade e a expectativa de vida.","og_url":"https:\/\/www.correiobraziliense.com.br\/cbradar\/como-o-otimismo-pode-prolongar-a-sua-vida\/","og_site_name":"Correio Braziliense - Radar","article_published_time":"2025-12-16T00:35:00+00:00","og_image":[{"width":1280,"height":720,"url":"https:\/\/www.correiobraziliense.com.br\/cbradar\/wp-content\/uploads\/2025\/12\/Otimista-_1765621980006.jpg","type":"image\/jpeg"}],"author":"guilherme_saude","twitter_card":"summary_large_image","twitter_misc":{"Escrito por":"guilherme_saude","Est. tempo de leitura":"5 minutos"},"schema":{"@context":"https:\/\/schema.org","@graph":[{"@type":"WebPage","@id":"https:\/\/www.correiobraziliense.com.br\/cbradar\/como-o-otimismo-pode-prolongar-a-sua-vida\/","url":"https:\/\/www.correiobraziliense.com.br\/cbradar\/como-o-otimismo-pode-prolongar-a-sua-vida\/","name":"Como o otimismo pode prolongar a sua vida - Correio Braziliense - Radar","isPartOf":{"@id":"https:\/\/www.correiobraziliense.com.br\/cbradar\/#website"},"primaryImageOfPage":{"@id":"https:\/\/www.correiobraziliense.com.br\/cbradar\/como-o-otimismo-pode-prolongar-a-sua-vida\/#primaryimage"},"image":{"@id":"https:\/\/www.correiobraziliense.com.br\/cbradar\/como-o-otimismo-pode-prolongar-a-sua-vida\/#primaryimage"},"thumbnailUrl":"https:\/\/www.correiobraziliense.com.br\/cbradar\/wp-content\/uploads\/2025\/12\/Otimista-_1765621980006.jpg","datePublished":"2025-12-16T00:35:00+00:00","author":{"@id":"https:\/\/www.correiobraziliense.com.br\/cbradar\/#\/schema\/person\/5aa4bf3c8fa699c267933611de12978b"},"description":"Dick Van Dyke chegou aos 100 anos com leveza e alegria. Saiba como atitudes positivas influenciam a sa\u00fade e a expectativa de vida.","breadcrumb":{"@id":"https:\/\/www.correiobraziliense.com.br\/cbradar\/como-o-otimismo-pode-prolongar-a-sua-vida\/#breadcrumb"},"inLanguage":"pt-BR","potentialAction":[{"@type":"ReadAction","target":["https:\/\/www.correiobraziliense.com.br\/cbradar\/como-o-otimismo-pode-prolongar-a-sua-vida\/"]}]},{"@type":"ImageObject","inLanguage":"pt-BR","@id":"https:\/\/www.correiobraziliense.com.br\/cbradar\/como-o-otimismo-pode-prolongar-a-sua-vida\/#primaryimage","url":"https:\/\/www.correiobraziliense.com.br\/cbradar\/wp-content\/uploads\/2025\/12\/Otimista-_1765621980006.jpg","contentUrl":"https:\/\/www.correiobraziliense.com.br\/cbradar\/wp-content\/uploads\/2025\/12\/Otimista-_1765621980006.jpg","width":1280,"height":720,"caption":"Otimista - Cr\u00e9ditos: depositphotos.com \/ antstang@yahoo.com"},{"@type":"BreadcrumbList","@id":"https:\/\/www.correiobraziliense.com.br\/cbradar\/como-o-otimismo-pode-prolongar-a-sua-vida\/#breadcrumb","itemListElement":[{"@type":"ListItem","position":1,"name":"In\u00edcio","item":"https:\/\/www.correiobraziliense.com.br\/cbradar\/"},{"@type":"ListItem","position":2,"name":"Como o otimismo pode prolongar a sua vida"}]},{"@type":"WebSite","@id":"https:\/\/www.correiobraziliense.com.br\/cbradar\/#website","url":"https:\/\/www.correiobraziliense.com.br\/cbradar\/","name":"Correio Braziliense - Radar","description":"Acompanhe as \u00faltimas not\u00edcias e fique bem informado sobre tudo o que acontece no Brasil e no mundo.","potentialAction":[{"@type":"SearchAction","target":{"@type":"EntryPoint","urlTemplate":"https:\/\/www.correiobraziliense.com.br\/cbradar\/?s={search_term_string}"},"query-input":{"@type":"PropertyValueSpecification","valueRequired":true,"valueName":"search_term_string"}}],"inLanguage":"pt-BR"},{"@type":"Person","@id":"https:\/\/www.correiobraziliense.com.br\/cbradar\/#\/schema\/person\/5aa4bf3c8fa699c267933611de12978b","name":"guilherme_saude","image":{"@type":"ImageObject","inLanguage":"pt-BR","@id":"https:\/\/www.correiobraziliense.com.br\/cbradar\/#\/schema\/person\/image\/","url":"https:\/\/secure.gravatar.com\/avatar\/df9adfb835d344bc0af109d41756253f?s=96&d=mm&r=g","contentUrl":"https:\/\/secure.gravatar.com\/avatar\/df9adfb835d344bc0af109d41756253f?s=96&d=mm&r=g","caption":"guilherme_saude"},"url":"https:\/\/www.correiobraziliense.com.br\/cbradar\/author\/guilherme_saude\/"}]}},"_links":{"self":[{"href":"https:\/\/www.correiobraziliense.com.br\/cbradar\/wp-json\/wp\/v2\/posts\/155488","targetHints":{"allow":["GET"]}}],"collection":[{"href":"https:\/\/www.correiobraziliense.com.br\/cbradar\/wp-json\/wp\/v2\/posts"}],"about":[{"href":"https:\/\/www.correiobraziliense.com.br\/cbradar\/wp-json\/wp\/v2\/types\/post"}],"author":[{"embeddable":true,"href":"https:\/\/www.correiobraziliense.com.br\/cbradar\/wp-json\/wp\/v2\/users\/14"}],"replies":[{"embeddable":true,"href":"https:\/\/www.correiobraziliense.com.br\/cbradar\/wp-json\/wp\/v2\/comments?post=155488"}],"version-history":[{"count":1,"href":"https:\/\/www.correiobraziliense.com.br\/cbradar\/wp-json\/wp\/v2\/posts\/155488\/revisions"}],"predecessor-version":[{"id":155491,"href":"https:\/\/www.correiobraziliense.com.br\/cbradar\/wp-json\/wp\/v2\/posts\/155488\/revisions\/155491"}],"wp:featuredmedia":[{"embeddable":true,"href":"https:\/\/www.correiobraziliense.com.br\/cbradar\/wp-json\/wp\/v2\/media\/155490"}],"wp:attachment":[{"href":"https:\/\/www.correiobraziliense.com.br\/cbradar\/wp-json\/wp\/v2\/media?parent=155488"}],"wp:term":[{"taxonomy":"category","embeddable":true,"href":"https:\/\/www.correiobraziliense.com.br\/cbradar\/wp-json\/wp\/v2\/categories?post=155488"},{"taxonomy":"post_tag","embeddable":true,"href":"https:\/\/www.correiobraziliense.com.br\/cbradar\/wp-json\/wp\/v2\/tags?post=155488"}],"curies":[{"name":"wp","href":"https:\/\/api.w.org\/{rel}","templated":true}]}}