{"id":155523,"date":"2025-12-15T17:15:00","date_gmt":"2025-12-15T20:15:00","guid":{"rendered":"https:\/\/www.correiobraziliense.com.br\/cbradar\/?p=155523"},"modified":"2025-12-13T08:27:43","modified_gmt":"2025-12-13T11:27:43","slug":"como-o-intestino-afeta-seu-humor-e-imunidade","status":"publish","type":"post","link":"https:\/\/www.correiobraziliense.com.br\/cbradar\/como-o-intestino-afeta-seu-humor-e-imunidade\/","title":{"rendered":"Como o intestino afeta seu humor e imunidade"},"content":{"rendered":"\n<p>Ao longo dos anos, a fun\u00e7\u00e3o do <strong>Intestino <\/strong>foi ressignificada pela ci\u00eancia m\u00e9dica. De sua compreens\u00e3o inicial como um mero componente do sistema digestivo, ele agora \u00e9 reconhecido por sua influ\u00eancia abrangente sobre a sa\u00fade global do corpo. Este \u00f3rg\u00e3o crucial desempenha pap\u00e9is cr\u00edticos na imunidade, humor, metabolismo e no risco de desenvolvimento de diversas doen\u00e7as. Portanto, a manuten\u00e7\u00e3o adequada do funcionamento intestinal transcende a simples preven\u00e7\u00e3o da pris\u00e3o de ventre ou diarreia, constituindo, na verdade, uma s\u00e9rie de decis\u00f5es cotidianas que impactam a sa\u00fade geral.<\/p>\n\n\n\n<p>Estudos atuais revelam que cerca de 70% da imunidade do corpo reside no Intestino. Ademais, o \u00f3rg\u00e3o contribui significativamente para a produ\u00e7\u00e3o de neurotransmissores, que est\u00e3o diretamente conectados aos sentimentos de bem-estar, reduzindo a ansiedade e regulando o humor. Essa nova compreens\u00e3o coloca o intestino como um elemento quase an\u00e1logo ao c\u00e9rebro em suas fun\u00e7\u00f5es, influenciando a regula\u00e7\u00e3o hormonal, controle de peso e <a href=\"https:\/\/www.correiobraziliense.com.br\/cbradar\/o-metodo-unico-que-esta-revolucionando-o-rejuvenescimento-facial\/\" target=\"_blank\" rel=\"noreferrer noopener\">sa\u00fade <\/a>emocional.<\/p>\n\n\n\n<h2 class=\"wp-block-heading\">Qual a rela\u00e7\u00e3o entre o Intestino e a imunidade?<\/h2>\n\n\n\n<p>A fun\u00e7\u00e3o protetora do Intestino vai al\u00e9m da digest\u00e3o e absor\u00e7\u00e3o de nutrientes. Ele atua como uma barreira interna, oferecendo prote\u00e7\u00e3o entre o ambiente externo e o Intestino do corpo. O contato dos alimentos ingeridos com as c\u00e9lulas da mucosa intestinal e com a microbiota, que \u00e9 a popula\u00e7\u00e3o de microrganismos residentes no intestino, \u00e9 primordial para a modula\u00e7\u00e3o do sistema imunol\u00f3gico e outras fun\u00e7\u00f5es corporais.<\/p>\n\n\n<div class=\"wp-block-image\">\n<figure class=\"aligncenter size-large\"><img decoding=\"async\" width=\"1024\" height=\"576\" src=\"https:\/\/www.correiobraziliense.com.br\/cbradar\/wp-content\/uploads\/2025\/10\/Saude-do-Intestino_1759771639090-1024x576.jpg\" alt=\"\" class=\"wp-image-114833\" srcset=\"https:\/\/www.correiobraziliense.com.br\/cbradar\/wp-content\/uploads\/2025\/10\/Saude-do-Intestino_1759771639090-1024x576.jpg 1024w, https:\/\/www.correiobraziliense.com.br\/cbradar\/wp-content\/uploads\/2025\/10\/Saude-do-Intestino_1759771639090-300x169.jpg 300w, https:\/\/www.correiobraziliense.com.br\/cbradar\/wp-content\/uploads\/2025\/10\/Saude-do-Intestino_1759771639090-768x432.jpg 768w, https:\/\/www.correiobraziliense.com.br\/cbradar\/wp-content\/uploads\/2025\/10\/Saude-do-Intestino_1759771639090-750x422.jpg 750w, https:\/\/www.correiobraziliense.com.br\/cbradar\/wp-content\/uploads\/2025\/10\/Saude-do-Intestino_1759771639090-1140x641.jpg 1140w, https:\/\/www.correiobraziliense.com.br\/cbradar\/wp-content\/uploads\/2025\/10\/Saude-do-Intestino_1759771639090.jpg 1280w\" sizes=\"(max-width: 1024px) 100vw, 1024px\" \/><figcaption class=\"wp-element-caption\">Sa\u00fade do Intestino &#8211; Cr\u00e9ditos: depositphotos.com \/ Tharakorn<\/figcaption><\/figure><\/div>\n\n\n<p>Esse sistema complexo \u00e9 conectado ao sistema nervoso, formando o chamado eixo Intestino-c\u00e9rebro. Problemas emocionais, portanto, tendem a manifestar-se em sintomas intestinais, e vice-versa. Este elo crucial pode explicar por que altera\u00e7\u00f5es no humor frequentemente resultam em dist\u00farbios intestinais.<\/p>\n\n\n\n<h2 class=\"wp-block-heading\">Quais h\u00e1bitos impactam negativamente a sa\u00fade intestinal?<\/h2>\n\n\n\n<p>Uma s\u00e9rie de h\u00e1bitos modernos prejudica a sa\u00fade do Intestino. O consumo intenso de alimentos ultraprocessados, ricos em a\u00e7\u00facares e pobres em fibras, associado ao estresse cr\u00f4nico e ao sedentarismo, s\u00e3o fatores determinantes. Al\u00e9m disso, o uso indiscriminado de certos medicamentos, como antibi\u00f3ticos e laxantes, pode desestabilizar a flora intestinal, reduzindo o n\u00famero de bact\u00e9rias ben\u00e9ficas e promovendo sintomas como constipa\u00e7\u00e3o e incha\u00e7o.<\/p>\n\n\n\n<p>H\u00e1 consenso cient\u00edfico sobre os efeitos adversos desses h\u00e1bitos alimentares e comportamentais. Os aditivos qu\u00edmicos presentes nos ultraprocessados, por exemplo, enfraquecem as fun\u00e7\u00f5es de barreira do Intestino, abrindo margem para estados inflamat\u00f3rios e outras complica\u00e7\u00f5es de sa\u00fade.<\/p>\n\n\n\n<h2 class=\"wp-block-heading\">Como promover um Intestino saud\u00e1vel?<\/h2>\n\n\n\n<p>Manter um Intestino saud\u00e1vel pode ser alcan\u00e7ado atrav\u00e9s de escolhas de estilo de vida e alimentares. \u00c9 aconselh\u00e1vel consumir uma dieta rica em fibras, incluindo uma variedade de frutas, vegetais, legumes, sementes e cereais integrais. Limitar o consumo de alimentos ultraprocessados e manter uma boa ingest\u00e3o de \u00e1gua ao longo do dia s\u00e3o pr\u00e1ticas essenciais para evitar problemas como a constipa\u00e7\u00e3o.<\/p>\n\n\n\n<p>Al\u00e9m da alimenta\u00e7\u00e3o, engajar-se em atividades f\u00edsicas regulares promove a movimenta\u00e7\u00e3o intestinal eficiente, prevenindo desconfortos como a constipa\u00e7\u00e3o e aliviando o incha\u00e7o abdominal. Estresse e ansiedade, que s\u00e3o conhecidos por agravar quest\u00f5es intestinais, devem ser geridos de maneira adequada para preservar a sa\u00fade mental e f\u00edsica. Por fim, o uso de laxantes e probi\u00f3ticos deve ser feito sob orienta\u00e7\u00e3o m\u00e9dica para evitar efeitos nocivos ou depend\u00eancia.<\/p>\n\n\n\n<p>Portanto, o cuidado com o Intestino se traduz em benef\u00edcios duradouros para todo o organismo, tanto em termos f\u00edsicos quanto emocionais. A preven\u00e7\u00e3o e a manuten\u00e7\u00e3o de um intestino saud\u00e1vel exigem aten\u00e7\u00e3o cont\u00ednua e um compromisso com escolhas saud\u00e1veis no dia a dia.<\/p>\n\n\n<a href=\"https:\/\/www.instagram.com\/dra.annaluisabf\/\" target=\"_blank\" rel=\"noopener\" style=\"text-decoration: none; color: inherit;\">\n    <span style=\"display: inline-block; border: 1px solid #ccc; border-radius: 10px; padding: 15px; max-width: 550px; font-family: sans-serif; box-shadow: 0 2px 5px rgba(0,0,0,0.1); width: 100%;\">\n\n      <!-- T\u00edtulo -->\n      <span style=\"display: block; margin: 0 0 15px 0; font-weight: bold; color: #2c3e50; text-align: center;\">\n        Entre em contato:\n      <\/span>\n\n      <!-- Linha do perfil -->\n      <span style=\"display: flex; align-items: center; gap: 15px;\">\n        <img decoding=\"async\"\n          src=\"https:\/\/www.correiobraziliense.com.br\/cbradar\/wp-content\/uploads\/2025\/08\/dra_anna_luisa.jpeg\"\n          alt=\"Foto da Dra. Anna Lu\u00edsa\"\n          style=\"border-radius: 50%; width: 80px; height: 80px; object-fit: cover;\"\n        \/>\n        <span style=\"display: flex; flex-direction: column;\">\n          <span style=\"font-size: 18px; font-weight: 700; color: #2c3e50;\">Dra. Anna Lu\u00edsa Barbosa Fernandes<\/span>\n          <span style=\"color: #555;\">CRM-GO 33.271<\/span>\n        <\/span>\n      <\/span>\n\n      <!-- Redes -->\n      <span style=\"display: flex; align-items: center; gap: 10px; margin-top: 12px;\">\n        <img decoding=\"async\" src=\"https:\/\/cdn-icons-png.flaticon.com\/24\/1384\/1384063.png\" alt=\"Instagram\" width=\"24\" height=\"24\" \/>\n        <span style=\"text-decoration: underline; color: #2c3e50;\">@dra.annaluisabf<\/span>\n      <\/span>\n\n    <\/span>\n  <\/a>\n\n\n<p><\/p>\n","protected":false},"excerpt":{"rendered":"<p>Ao longo dos anos, a fun\u00e7\u00e3o do Intestino foi ressignificada pela ci\u00eancia m\u00e9dica. De sua compreens\u00e3o inicial como um mero componente do sistema digestivo, ele agora \u00e9 reconhecido por sua influ\u00eancia abrangente sobre a sa\u00fade global do corpo. Este \u00f3rg\u00e3o crucial desempenha pap\u00e9is cr\u00edticos na imunidade, humor, metabolismo e no risco de desenvolvimento de diversas [&hellip;]<\/p>\n","protected":false},"author":14,"featured_media":64224,"comment_status":"open","ping_status":"open","sticky":false,"template":"","format":"standard","meta":{"_yoast_wpseo_focuskw":"Intestino","_yoast_wpseo_title":"","_yoast_wpseo_metadesc":"Seu intestino afeta muito mais do que voc\u00ea imagina. Descubra h\u00e1bitos que prejudicam e como promover um intestino saud\u00e1vel no dia a dia.","jnews-multi-image_gallery":[],"jnews_single_post":{"format":"standard"},"jnews_primary_category":[],"jnews_social_meta":[],"jnews_override_counter":[],"footnotes":""},"categories":[4404],"tags":[281,120,1318],"class_list":["post-155523","post","type-post","status-publish","format-standard","has-post-thumbnail","hentry","category-saude","tag-alimentacao","tag-bem-estar","tag-saude-2"],"yoast_head":"<!-- This site is optimized with the Yoast SEO plugin v24.6 - https:\/\/yoast.com\/wordpress\/plugins\/seo\/ -->\n<title>Como o intestino afeta seu humor e imunidade - Correio Braziliense - Radar<\/title>\n<meta name=\"description\" content=\"Seu intestino afeta muito mais do que voc\u00ea imagina. Descubra h\u00e1bitos que prejudicam e como promover um intestino saud\u00e1vel no dia a dia.\" \/>\n<meta name=\"robots\" content=\"index, follow, max-snippet:-1, max-image-preview:large, max-video-preview:-1\" \/>\n<link rel=\"canonical\" href=\"https:\/\/www.correiobraziliense.com.br\/cbradar\/como-o-intestino-afeta-seu-humor-e-imunidade\/\" \/>\n<meta property=\"og:locale\" content=\"pt_BR\" \/>\n<meta property=\"og:type\" content=\"article\" \/>\n<meta property=\"og:title\" content=\"Como o intestino afeta seu humor e imunidade - Correio Braziliense - Radar\" \/>\n<meta property=\"og:description\" content=\"Seu intestino afeta muito mais do que voc\u00ea imagina. Descubra h\u00e1bitos que prejudicam e como promover um intestino saud\u00e1vel no dia a dia.\" \/>\n<meta property=\"og:url\" content=\"https:\/\/www.correiobraziliense.com.br\/cbradar\/como-o-intestino-afeta-seu-humor-e-imunidade\/\" \/>\n<meta property=\"og:site_name\" content=\"Correio Braziliense - Radar\" \/>\n<meta property=\"article:published_time\" content=\"2025-12-15T20:15:00+00:00\" \/>\n<meta property=\"og:image\" content=\"https:\/\/www.correiobraziliense.com.br\/cbradar\/wp-content\/uploads\/2025\/07\/intestino_1751564732303.jpg\" \/>\n\t<meta property=\"og:image:width\" content=\"1280\" \/>\n\t<meta property=\"og:image:height\" content=\"720\" \/>\n\t<meta property=\"og:image:type\" content=\"image\/jpeg\" \/>\n<meta name=\"author\" content=\"guilherme_saude\" \/>\n<meta name=\"twitter:card\" content=\"summary_large_image\" \/>\n<meta name=\"twitter:label1\" content=\"Escrito por\" \/>\n\t<meta name=\"twitter:data1\" content=\"guilherme_saude\" \/>\n\t<meta name=\"twitter:label2\" content=\"Est. tempo de leitura\" \/>\n\t<meta name=\"twitter:data2\" content=\"4 minutos\" \/>\n<!-- \/ Yoast SEO plugin. -->","yoast_head_json":{"title":"Como o intestino afeta seu humor e imunidade - Correio Braziliense - Radar","description":"Seu intestino afeta muito mais do que voc\u00ea imagina. Descubra h\u00e1bitos que prejudicam e como promover um intestino saud\u00e1vel no dia a dia.","robots":{"index":"index","follow":"follow","max-snippet":"max-snippet:-1","max-image-preview":"max-image-preview:large","max-video-preview":"max-video-preview:-1"},"canonical":"https:\/\/www.correiobraziliense.com.br\/cbradar\/como-o-intestino-afeta-seu-humor-e-imunidade\/","og_locale":"pt_BR","og_type":"article","og_title":"Como o intestino afeta seu humor e imunidade - Correio Braziliense - Radar","og_description":"Seu intestino afeta muito mais do que voc\u00ea imagina. Descubra h\u00e1bitos que prejudicam e como promover um intestino saud\u00e1vel no dia a dia.","og_url":"https:\/\/www.correiobraziliense.com.br\/cbradar\/como-o-intestino-afeta-seu-humor-e-imunidade\/","og_site_name":"Correio Braziliense - Radar","article_published_time":"2025-12-15T20:15:00+00:00","og_image":[{"width":1280,"height":720,"url":"https:\/\/www.correiobraziliense.com.br\/cbradar\/wp-content\/uploads\/2025\/07\/intestino_1751564732303.jpg","type":"image\/jpeg"}],"author":"guilherme_saude","twitter_card":"summary_large_image","twitter_misc":{"Escrito por":"guilherme_saude","Est. tempo de leitura":"4 minutos"},"schema":{"@context":"https:\/\/schema.org","@graph":[{"@type":"WebPage","@id":"https:\/\/www.correiobraziliense.com.br\/cbradar\/como-o-intestino-afeta-seu-humor-e-imunidade\/","url":"https:\/\/www.correiobraziliense.com.br\/cbradar\/como-o-intestino-afeta-seu-humor-e-imunidade\/","name":"Como o intestino afeta seu humor e imunidade - Correio Braziliense - Radar","isPartOf":{"@id":"https:\/\/www.correiobraziliense.com.br\/cbradar\/#website"},"primaryImageOfPage":{"@id":"https:\/\/www.correiobraziliense.com.br\/cbradar\/como-o-intestino-afeta-seu-humor-e-imunidade\/#primaryimage"},"image":{"@id":"https:\/\/www.correiobraziliense.com.br\/cbradar\/como-o-intestino-afeta-seu-humor-e-imunidade\/#primaryimage"},"thumbnailUrl":"https:\/\/www.correiobraziliense.com.br\/cbradar\/wp-content\/uploads\/2025\/07\/intestino_1751564732303.jpg","datePublished":"2025-12-15T20:15:00+00:00","author":{"@id":"https:\/\/www.correiobraziliense.com.br\/cbradar\/#\/schema\/person\/5aa4bf3c8fa699c267933611de12978b"},"description":"Seu intestino afeta muito mais do que voc\u00ea imagina. Descubra h\u00e1bitos que prejudicam e como promover um intestino saud\u00e1vel no dia a dia.","breadcrumb":{"@id":"https:\/\/www.correiobraziliense.com.br\/cbradar\/como-o-intestino-afeta-seu-humor-e-imunidade\/#breadcrumb"},"inLanguage":"pt-BR","potentialAction":[{"@type":"ReadAction","target":["https:\/\/www.correiobraziliense.com.br\/cbradar\/como-o-intestino-afeta-seu-humor-e-imunidade\/"]}]},{"@type":"ImageObject","inLanguage":"pt-BR","@id":"https:\/\/www.correiobraziliense.com.br\/cbradar\/como-o-intestino-afeta-seu-humor-e-imunidade\/#primaryimage","url":"https:\/\/www.correiobraziliense.com.br\/cbradar\/wp-content\/uploads\/2025\/07\/intestino_1751564732303.jpg","contentUrl":"https:\/\/www.correiobraziliense.com.br\/cbradar\/wp-content\/uploads\/2025\/07\/intestino_1751564732303.jpg","width":1280,"height":720,"caption":"Intestino - Cr\u00e9ditos: depositphotos.com \/ Tharakorn"},{"@type":"BreadcrumbList","@id":"https:\/\/www.correiobraziliense.com.br\/cbradar\/como-o-intestino-afeta-seu-humor-e-imunidade\/#breadcrumb","itemListElement":[{"@type":"ListItem","position":1,"name":"In\u00edcio","item":"https:\/\/www.correiobraziliense.com.br\/cbradar\/"},{"@type":"ListItem","position":2,"name":"Como o intestino afeta seu humor e imunidade"}]},{"@type":"WebSite","@id":"https:\/\/www.correiobraziliense.com.br\/cbradar\/#website","url":"https:\/\/www.correiobraziliense.com.br\/cbradar\/","name":"Correio Braziliense - Radar","description":"Acompanhe as \u00faltimas not\u00edcias e fique bem informado sobre tudo o que acontece no Brasil e no mundo.","potentialAction":[{"@type":"SearchAction","target":{"@type":"EntryPoint","urlTemplate":"https:\/\/www.correiobraziliense.com.br\/cbradar\/?s={search_term_string}"},"query-input":{"@type":"PropertyValueSpecification","valueRequired":true,"valueName":"search_term_string"}}],"inLanguage":"pt-BR"},{"@type":"Person","@id":"https:\/\/www.correiobraziliense.com.br\/cbradar\/#\/schema\/person\/5aa4bf3c8fa699c267933611de12978b","name":"guilherme_saude","image":{"@type":"ImageObject","inLanguage":"pt-BR","@id":"https:\/\/www.correiobraziliense.com.br\/cbradar\/#\/schema\/person\/image\/","url":"https:\/\/secure.gravatar.com\/avatar\/df9adfb835d344bc0af109d41756253f?s=96&d=mm&r=g","contentUrl":"https:\/\/secure.gravatar.com\/avatar\/df9adfb835d344bc0af109d41756253f?s=96&d=mm&r=g","caption":"guilherme_saude"},"url":"https:\/\/www.correiobraziliense.com.br\/cbradar\/author\/guilherme_saude\/"}]}},"_links":{"self":[{"href":"https:\/\/www.correiobraziliense.com.br\/cbradar\/wp-json\/wp\/v2\/posts\/155523","targetHints":{"allow":["GET"]}}],"collection":[{"href":"https:\/\/www.correiobraziliense.com.br\/cbradar\/wp-json\/wp\/v2\/posts"}],"about":[{"href":"https:\/\/www.correiobraziliense.com.br\/cbradar\/wp-json\/wp\/v2\/types\/post"}],"author":[{"embeddable":true,"href":"https:\/\/www.correiobraziliense.com.br\/cbradar\/wp-json\/wp\/v2\/users\/14"}],"replies":[{"embeddable":true,"href":"https:\/\/www.correiobraziliense.com.br\/cbradar\/wp-json\/wp\/v2\/comments?post=155523"}],"version-history":[{"count":1,"href":"https:\/\/www.correiobraziliense.com.br\/cbradar\/wp-json\/wp\/v2\/posts\/155523\/revisions"}],"predecessor-version":[{"id":155524,"href":"https:\/\/www.correiobraziliense.com.br\/cbradar\/wp-json\/wp\/v2\/posts\/155523\/revisions\/155524"}],"wp:featuredmedia":[{"embeddable":true,"href":"https:\/\/www.correiobraziliense.com.br\/cbradar\/wp-json\/wp\/v2\/media\/64224"}],"wp:attachment":[{"href":"https:\/\/www.correiobraziliense.com.br\/cbradar\/wp-json\/wp\/v2\/media?parent=155523"}],"wp:term":[{"taxonomy":"category","embeddable":true,"href":"https:\/\/www.correiobraziliense.com.br\/cbradar\/wp-json\/wp\/v2\/categories?post=155523"},{"taxonomy":"post_tag","embeddable":true,"href":"https:\/\/www.correiobraziliense.com.br\/cbradar\/wp-json\/wp\/v2\/tags?post=155523"}],"curies":[{"name":"wp","href":"https:\/\/api.w.org\/{rel}","templated":true}]}}