{"id":155526,"date":"2025-12-15T18:25:00","date_gmt":"2025-12-15T21:25:00","guid":{"rendered":"https:\/\/www.correiobraziliense.com.br\/cbradar\/?p=155526"},"modified":"2025-12-13T08:29:53","modified_gmt":"2025-12-13T11:29:53","slug":"criancas-podem-ser-veganas-veja-o-que-dizem-os-especialistas","status":"publish","type":"post","link":"https:\/\/www.correiobraziliense.com.br\/cbradar\/criancas-podem-ser-veganas-veja-o-que-dizem-os-especialistas\/","title":{"rendered":"Crian\u00e7as podem ser veganas? Veja o que dizem os especialistas"},"content":{"rendered":"\n<p>Com a crescente preocupa\u00e7\u00e3o sobre os impactos ambientais e de sa\u00fade das <strong>Dietas <\/strong>\u00e0 base de carne, muitos pais est\u00e3o considerando <strong>Dietas <\/strong>vegetarianas e veganas para seus filhos. A chave para o sucesso na ado\u00e7\u00e3o desse estilo de alimenta\u00e7\u00e3o infantil \u00e9 o planejamento cuidadoso, assegurando que todos os nutrientes essenciais sejam inclu\u00eddos. Especialistas em nutri\u00e7\u00e3o destacam a import\u00e2ncia de um olhar atento sobre a dieta das crian\u00e7as para promover um desenvolvimento saud\u00e1vel.<\/p>\n\n\n\n<p>Pesquisas recentes apontam que Dietas \u00e0 base de plantas podem ser adequadas para crian\u00e7as, desde que haja uma cuidadosa administra\u00e7\u00e3o dos nutrientes. Essas Dietas oferecem naturalmente mais fibras e algumas vitaminas, mas podem carecer de prote\u00ednas e certos minerais cr\u00edticos. Por isso, \u00e9 fundamental que os respons\u00e1veis tomem medidas para suprir essas necessidades com alternativas nutricionais adequadas.<\/p>\n\n\n\n<h2 class=\"wp-block-heading\">Quais nutrientes devem ser priorizados em dietas vegetarianas e veganas?<\/h2>\n\n\n\n<p>Entre os nutrientes que demandam maior aten\u00e7\u00e3o est\u00e3o a\u00a0<strong>vitamina B12<\/strong>,\u00a0<strong>c\u00e1lcio<\/strong>,\u00a0<strong>ferro<\/strong>,\u00a0<strong>iodo<\/strong>\u00a0e\u00a0<strong>zinco<\/strong>. A vitamina B12, em particular, \u00e9 encontrada predominantemente em produtos de origem animal, portanto, fortifica\u00e7\u00e3o ou suplementa\u00e7\u00e3o \u00e9 frequentemente necess\u00e1ria para crian\u00e7as que seguem Dietas veganas. O c\u00e1lcio, necess\u00e1rio para o crescimento \u00f3sseo, pode ser suplementado com bebidas \u00e0 base de plantas que sejam fortificadas.<\/p>\n\n\n<div class=\"wp-block-image\">\n<figure class=\"aligncenter size-large\"><img decoding=\"async\" width=\"1024\" height=\"576\" src=\"https:\/\/www.correiobraziliense.com.br\/cbradar\/wp-content\/uploads\/2025\/08\/vegan_1756130145646-1024x576.jpg\" alt=\"\" class=\"wp-image-92919\" srcset=\"https:\/\/www.correiobraziliense.com.br\/cbradar\/wp-content\/uploads\/2025\/08\/vegan_1756130145646-1024x576.jpg 1024w, https:\/\/www.correiobraziliense.com.br\/cbradar\/wp-content\/uploads\/2025\/08\/vegan_1756130145646-300x169.jpg 300w, https:\/\/www.correiobraziliense.com.br\/cbradar\/wp-content\/uploads\/2025\/08\/vegan_1756130145646-768x432.jpg 768w, https:\/\/www.correiobraziliense.com.br\/cbradar\/wp-content\/uploads\/2025\/08\/vegan_1756130145646-750x422.jpg 750w, https:\/\/www.correiobraziliense.com.br\/cbradar\/wp-content\/uploads\/2025\/08\/vegan_1756130145646-1140x641.jpg 1140w, https:\/\/www.correiobraziliense.com.br\/cbradar\/wp-content\/uploads\/2025\/08\/vegan_1756130145646.jpg 1280w\" sizes=\"(max-width: 1024px) 100vw, 1024px\" \/><figcaption class=\"wp-element-caption\">Dietas  &#8211; Cr\u00e9ditos: depositphotos.com \/ ArturVerkhovetskiy<\/figcaption><\/figure><\/div>\n\n\n<p>Al\u00e9m disso, garantir a ingest\u00e3o suficiente de prote\u00ednas \u00e9 crucial. Isso pode ser alcan\u00e7ado, por exemplo, atrav\u00e9s do consumo de leguminosas, tofu e produtos de soja. As dietas vegetarianas bem planejadas, que incluem ovos e latic\u00ednios, como ovolactovegetarianas, podem facilitar o alcance dessas necessidades nutricionais.<\/p>\n\n\n\n<h2 class=\"wp-block-heading\">Benef\u00edcios potenciais e recomenda\u00e7\u00f5es de sa\u00fade para Dietas \u00e0 base de plantas?<\/h2>\n\n\n\n<p>Aderir a uma dieta baseada em vegetais pode oferecer vantagens, como a redu\u00e7\u00e3o do colesterol e melhorias na <a href=\"https:\/\/www.correiobraziliense.com.br\/cbradar\/o-metodo-unico-que-esta-revolucionando-o-rejuvenescimento-facial\/\" target=\"_blank\" rel=\"noreferrer noopener\">sa\u00fade <\/a>cardiovascular. Crian\u00e7as vegetarianas muitas vezes possuem um perfil lip\u00eddico mais saud\u00e1vel. Entretanto, para manter esses benef\u00edcios, \u00e9 necess\u00e1rio equil\u00edbrio diet\u00e9tico e poss\u00edvel suplementa\u00e7\u00e3o.<\/p>\n\n\n\n<ul class=\"wp-block-list\">\n<li>A dieta deve incluir uma ampla variedade de alimentos integrais.<\/li>\n\n\n\n<li>Monitoramento regular por um profissional de sa\u00fade para garantir a nutri\u00e7\u00e3o adequada.<\/li>\n\n\n\n<li>Uso de vitaminas e suplementos conforme a orienta\u00e7\u00e3o m\u00e9dica.<\/li>\n<\/ul>\n\n\n\n<h2 class=\"wp-block-heading\">Como garantir uma dieta vegetariana segura e nutritiva para crian\u00e7as?<\/h2>\n\n\n\n<p>Um papel essencial na seguran\u00e7a das dietas vegetarianas para crian\u00e7as \u00e9 desempenhado pelos pais e cuidadores, que devem educar-se sobre as necessidades espec\u00edficas dos jovens. Consultas regulares com um nutricionista podem auxiliar na personaliza\u00e7\u00e3o das Dietas para incluir todos os nutrientes necess\u00e1rios.<\/p>\n\n\n\n<p>Com uma dieta equilibrada e bem avaliada, crian\u00e7as podem desenvolver-se saudavelmente sem a inclus\u00e3o de carne. Conforme mais pesquisas s\u00e3o realizadas, espera-se que haja novas diretrizes para auxiliar as fam\u00edlias na transi\u00e7\u00e3o para essas Dietas, maximizando benef\u00edcios enquanto minimiza riscos de defici\u00eancias nutricionais.<\/p>\n\n\n<a href=\"https:\/\/www.instagram.com\/dra.annaluisabf\/\" target=\"_blank\" rel=\"noopener\" style=\"text-decoration: none; color: inherit;\">\n    <span style=\"display: inline-block; border: 1px solid #ccc; border-radius: 10px; padding: 15px; max-width: 550px; font-family: sans-serif; box-shadow: 0 2px 5px rgba(0,0,0,0.1); width: 100%;\">\n\n      <!-- T\u00edtulo -->\n      <span style=\"display: block; margin: 0 0 15px 0; font-weight: bold; color: #2c3e50; text-align: center;\">\n        Entre em contato:\n      <\/span>\n\n      <!-- Linha do perfil -->\n      <span style=\"display: flex; align-items: center; gap: 15px;\">\n        <img decoding=\"async\"\n          src=\"https:\/\/www.correiobraziliense.com.br\/cbradar\/wp-content\/uploads\/2025\/08\/dra_anna_luisa.jpeg\"\n          alt=\"Foto da Dra. Anna Lu\u00edsa\"\n          style=\"border-radius: 50%; width: 80px; height: 80px; object-fit: cover;\"\n        \/>\n        <span style=\"display: flex; flex-direction: column;\">\n          <span style=\"font-size: 18px; font-weight: 700; color: #2c3e50;\">Dra. Anna Lu\u00edsa Barbosa Fernandes<\/span>\n          <span style=\"color: #555;\">CRM-GO 33.271<\/span>\n        <\/span>\n      <\/span>\n\n      <!-- Redes -->\n      <span style=\"display: flex; align-items: center; gap: 10px; margin-top: 12px;\">\n        <img decoding=\"async\" src=\"https:\/\/cdn-icons-png.flaticon.com\/24\/1384\/1384063.png\" alt=\"Instagram\" width=\"24\" height=\"24\" \/>\n        <span style=\"text-decoration: underline; color: #2c3e50;\">@dra.annaluisabf<\/span>\n      <\/span>\n\n    <\/span>\n  <\/a>","protected":false},"excerpt":{"rendered":"<p>Com a crescente preocupa\u00e7\u00e3o sobre os impactos ambientais e de sa\u00fade das Dietas \u00e0 base de carne, muitos pais est\u00e3o considerando Dietas vegetarianas e veganas para seus filhos. A chave para o sucesso na ado\u00e7\u00e3o desse estilo de alimenta\u00e7\u00e3o infantil \u00e9 o planejamento cuidadoso, assegurando que todos os nutrientes essenciais sejam inclu\u00eddos. Especialistas em nutri\u00e7\u00e3o [&hellip;]<\/p>\n","protected":false},"author":14,"featured_media":92918,"comment_status":"open","ping_status":"open","sticky":false,"template":"","format":"standard","meta":{"_yoast_wpseo_focuskw":"Dietas","_yoast_wpseo_title":"","_yoast_wpseo_metadesc":"Crian\u00e7as veganas precisam de aten\u00e7\u00e3o especial na alimenta\u00e7\u00e3o. Descubra quais nutrientes s\u00e3o essenciais e como montar um card\u00e1pio seguro.","jnews-multi-image_gallery":[],"jnews_single_post":{"format":"standard"},"jnews_primary_category":[],"jnews_social_meta":[],"jnews_override_counter":[],"footnotes":""},"categories":[4404],"tags":[281,120,1318],"class_list":["post-155526","post","type-post","status-publish","format-standard","has-post-thumbnail","hentry","category-saude","tag-alimentacao","tag-bem-estar","tag-saude-2"],"yoast_head":"<!-- This site is optimized with the Yoast SEO plugin v24.6 - https:\/\/yoast.com\/wordpress\/plugins\/seo\/ -->\n<title>Crian\u00e7as podem ser veganas? Veja o que dizem os especialistas - Correio Braziliense - Radar<\/title>\n<meta name=\"description\" content=\"Crian\u00e7as veganas precisam de aten\u00e7\u00e3o especial na alimenta\u00e7\u00e3o. Descubra quais nutrientes s\u00e3o essenciais e como montar um card\u00e1pio seguro.\" \/>\n<meta name=\"robots\" content=\"index, follow, max-snippet:-1, max-image-preview:large, max-video-preview:-1\" \/>\n<link rel=\"canonical\" href=\"https:\/\/www.correiobraziliense.com.br\/cbradar\/criancas-podem-ser-veganas-veja-o-que-dizem-os-especialistas\/\" \/>\n<meta property=\"og:locale\" content=\"pt_BR\" \/>\n<meta property=\"og:type\" content=\"article\" \/>\n<meta property=\"og:title\" content=\"Crian\u00e7as podem ser veganas? Veja o que dizem os especialistas - Correio Braziliense - Radar\" \/>\n<meta property=\"og:description\" content=\"Crian\u00e7as veganas precisam de aten\u00e7\u00e3o especial na alimenta\u00e7\u00e3o. Descubra quais nutrientes s\u00e3o essenciais e como montar um card\u00e1pio seguro.\" \/>\n<meta property=\"og:url\" content=\"https:\/\/www.correiobraziliense.com.br\/cbradar\/criancas-podem-ser-veganas-veja-o-que-dizem-os-especialistas\/\" \/>\n<meta property=\"og:site_name\" content=\"Correio Braziliense - Radar\" \/>\n<meta property=\"article:published_time\" content=\"2025-12-15T21:25:00+00:00\" \/>\n<meta property=\"og:image\" content=\"https:\/\/www.correiobraziliense.com.br\/cbradar\/wp-content\/uploads\/2025\/08\/vegan_1756130111686.jpg\" \/>\n\t<meta property=\"og:image:width\" content=\"1280\" \/>\n\t<meta property=\"og:image:height\" content=\"720\" \/>\n\t<meta property=\"og:image:type\" content=\"image\/jpeg\" \/>\n<meta name=\"author\" content=\"guilherme_saude\" \/>\n<meta name=\"twitter:card\" content=\"summary_large_image\" \/>\n<meta name=\"twitter:label1\" content=\"Escrito por\" \/>\n\t<meta name=\"twitter:data1\" content=\"guilherme_saude\" \/>\n\t<meta name=\"twitter:label2\" content=\"Est. tempo de leitura\" \/>\n\t<meta name=\"twitter:data2\" content=\"4 minutos\" \/>\n<!-- \/ Yoast SEO plugin. -->","yoast_head_json":{"title":"Crian\u00e7as podem ser veganas? Veja o que dizem os especialistas - Correio Braziliense - Radar","description":"Crian\u00e7as veganas precisam de aten\u00e7\u00e3o especial na alimenta\u00e7\u00e3o. Descubra quais nutrientes s\u00e3o essenciais e como montar um card\u00e1pio seguro.","robots":{"index":"index","follow":"follow","max-snippet":"max-snippet:-1","max-image-preview":"max-image-preview:large","max-video-preview":"max-video-preview:-1"},"canonical":"https:\/\/www.correiobraziliense.com.br\/cbradar\/criancas-podem-ser-veganas-veja-o-que-dizem-os-especialistas\/","og_locale":"pt_BR","og_type":"article","og_title":"Crian\u00e7as podem ser veganas? Veja o que dizem os especialistas - Correio Braziliense - Radar","og_description":"Crian\u00e7as veganas precisam de aten\u00e7\u00e3o especial na alimenta\u00e7\u00e3o. Descubra quais nutrientes s\u00e3o essenciais e como montar um card\u00e1pio seguro.","og_url":"https:\/\/www.correiobraziliense.com.br\/cbradar\/criancas-podem-ser-veganas-veja-o-que-dizem-os-especialistas\/","og_site_name":"Correio Braziliense - Radar","article_published_time":"2025-12-15T21:25:00+00:00","og_image":[{"width":1280,"height":720,"url":"https:\/\/www.correiobraziliense.com.br\/cbradar\/wp-content\/uploads\/2025\/08\/vegan_1756130111686.jpg","type":"image\/jpeg"}],"author":"guilherme_saude","twitter_card":"summary_large_image","twitter_misc":{"Escrito por":"guilherme_saude","Est. tempo de leitura":"4 minutos"},"schema":{"@context":"https:\/\/schema.org","@graph":[{"@type":"WebPage","@id":"https:\/\/www.correiobraziliense.com.br\/cbradar\/criancas-podem-ser-veganas-veja-o-que-dizem-os-especialistas\/","url":"https:\/\/www.correiobraziliense.com.br\/cbradar\/criancas-podem-ser-veganas-veja-o-que-dizem-os-especialistas\/","name":"Crian\u00e7as podem ser veganas? Veja o que dizem os especialistas - Correio Braziliense - Radar","isPartOf":{"@id":"https:\/\/www.correiobraziliense.com.br\/cbradar\/#website"},"primaryImageOfPage":{"@id":"https:\/\/www.correiobraziliense.com.br\/cbradar\/criancas-podem-ser-veganas-veja-o-que-dizem-os-especialistas\/#primaryimage"},"image":{"@id":"https:\/\/www.correiobraziliense.com.br\/cbradar\/criancas-podem-ser-veganas-veja-o-que-dizem-os-especialistas\/#primaryimage"},"thumbnailUrl":"https:\/\/www.correiobraziliense.com.br\/cbradar\/wp-content\/uploads\/2025\/08\/vegan_1756130111686.jpg","datePublished":"2025-12-15T21:25:00+00:00","author":{"@id":"https:\/\/www.correiobraziliense.com.br\/cbradar\/#\/schema\/person\/5aa4bf3c8fa699c267933611de12978b"},"description":"Crian\u00e7as veganas precisam de aten\u00e7\u00e3o especial na alimenta\u00e7\u00e3o. Descubra quais nutrientes s\u00e3o essenciais e como montar um card\u00e1pio seguro.","breadcrumb":{"@id":"https:\/\/www.correiobraziliense.com.br\/cbradar\/criancas-podem-ser-veganas-veja-o-que-dizem-os-especialistas\/#breadcrumb"},"inLanguage":"pt-BR","potentialAction":[{"@type":"ReadAction","target":["https:\/\/www.correiobraziliense.com.br\/cbradar\/criancas-podem-ser-veganas-veja-o-que-dizem-os-especialistas\/"]}]},{"@type":"ImageObject","inLanguage":"pt-BR","@id":"https:\/\/www.correiobraziliense.com.br\/cbradar\/criancas-podem-ser-veganas-veja-o-que-dizem-os-especialistas\/#primaryimage","url":"https:\/\/www.correiobraziliense.com.br\/cbradar\/wp-content\/uploads\/2025\/08\/vegan_1756130111686.jpg","contentUrl":"https:\/\/www.correiobraziliense.com.br\/cbradar\/wp-content\/uploads\/2025\/08\/vegan_1756130111686.jpg","width":1280,"height":720,"caption":"Dietas Veganas - Cr\u00e9ditos: depositphotos.com \/ VadimVasenin"},{"@type":"BreadcrumbList","@id":"https:\/\/www.correiobraziliense.com.br\/cbradar\/criancas-podem-ser-veganas-veja-o-que-dizem-os-especialistas\/#breadcrumb","itemListElement":[{"@type":"ListItem","position":1,"name":"In\u00edcio","item":"https:\/\/www.correiobraziliense.com.br\/cbradar\/"},{"@type":"ListItem","position":2,"name":"Crian\u00e7as podem ser veganas? Veja o que dizem os especialistas"}]},{"@type":"WebSite","@id":"https:\/\/www.correiobraziliense.com.br\/cbradar\/#website","url":"https:\/\/www.correiobraziliense.com.br\/cbradar\/","name":"Correio Braziliense - Radar","description":"Acompanhe as \u00faltimas not\u00edcias e fique bem informado sobre tudo o que acontece no Brasil e no mundo.","potentialAction":[{"@type":"SearchAction","target":{"@type":"EntryPoint","urlTemplate":"https:\/\/www.correiobraziliense.com.br\/cbradar\/?s={search_term_string}"},"query-input":{"@type":"PropertyValueSpecification","valueRequired":true,"valueName":"search_term_string"}}],"inLanguage":"pt-BR"},{"@type":"Person","@id":"https:\/\/www.correiobraziliense.com.br\/cbradar\/#\/schema\/person\/5aa4bf3c8fa699c267933611de12978b","name":"guilherme_saude","image":{"@type":"ImageObject","inLanguage":"pt-BR","@id":"https:\/\/www.correiobraziliense.com.br\/cbradar\/#\/schema\/person\/image\/","url":"https:\/\/secure.gravatar.com\/avatar\/df9adfb835d344bc0af109d41756253f?s=96&d=mm&r=g","contentUrl":"https:\/\/secure.gravatar.com\/avatar\/df9adfb835d344bc0af109d41756253f?s=96&d=mm&r=g","caption":"guilherme_saude"},"url":"https:\/\/www.correiobraziliense.com.br\/cbradar\/author\/guilherme_saude\/"}]}},"_links":{"self":[{"href":"https:\/\/www.correiobraziliense.com.br\/cbradar\/wp-json\/wp\/v2\/posts\/155526","targetHints":{"allow":["GET"]}}],"collection":[{"href":"https:\/\/www.correiobraziliense.com.br\/cbradar\/wp-json\/wp\/v2\/posts"}],"about":[{"href":"https:\/\/www.correiobraziliense.com.br\/cbradar\/wp-json\/wp\/v2\/types\/post"}],"author":[{"embeddable":true,"href":"https:\/\/www.correiobraziliense.com.br\/cbradar\/wp-json\/wp\/v2\/users\/14"}],"replies":[{"embeddable":true,"href":"https:\/\/www.correiobraziliense.com.br\/cbradar\/wp-json\/wp\/v2\/comments?post=155526"}],"version-history":[{"count":1,"href":"https:\/\/www.correiobraziliense.com.br\/cbradar\/wp-json\/wp\/v2\/posts\/155526\/revisions"}],"predecessor-version":[{"id":155527,"href":"https:\/\/www.correiobraziliense.com.br\/cbradar\/wp-json\/wp\/v2\/posts\/155526\/revisions\/155527"}],"wp:featuredmedia":[{"embeddable":true,"href":"https:\/\/www.correiobraziliense.com.br\/cbradar\/wp-json\/wp\/v2\/media\/92918"}],"wp:attachment":[{"href":"https:\/\/www.correiobraziliense.com.br\/cbradar\/wp-json\/wp\/v2\/media?parent=155526"}],"wp:term":[{"taxonomy":"category","embeddable":true,"href":"https:\/\/www.correiobraziliense.com.br\/cbradar\/wp-json\/wp\/v2\/categories?post=155526"},{"taxonomy":"post_tag","embeddable":true,"href":"https:\/\/www.correiobraziliense.com.br\/cbradar\/wp-json\/wp\/v2\/tags?post=155526"}],"curies":[{"name":"wp","href":"https:\/\/api.w.org\/{rel}","templated":true}]}}