{"id":155625,"date":"2025-12-14T17:25:00","date_gmt":"2025-12-14T20:25:00","guid":{"rendered":"https:\/\/www.correiobraziliense.com.br\/cbradar\/?p=155625"},"modified":"2025-12-13T18:07:33","modified_gmt":"2025-12-13T21:07:33","slug":"poucos-sabem-o-que-e-o-ginkgo-biloba-e-por-que-ele-virou-simbolo-de-memoria-e-longevidade","status":"publish","type":"post","link":"https:\/\/www.correiobraziliense.com.br\/cbradar\/poucos-sabem-o-que-e-o-ginkgo-biloba-e-por-que-ele-virou-simbolo-de-memoria-e-longevidade\/","title":{"rendered":"Poucos sabem o que \u00e9 o ginkgo biloba e por que ele virou s\u00edmbolo de mem\u00f3ria e longevidade"},"content":{"rendered":"\n<p>O <strong>ginkgo biloba<\/strong> \u00e9 uma das \u00e1rvores mais antigas do mundo e, em 2025, voltou ao centro das conversas por aparecer em ch\u00e1s, c\u00e1psulas e conte\u00fados sobre bem-estar. Muita gente associa a planta \u00e0 mem\u00f3ria, mas poucos sabem que a hist\u00f3ria do ginkgo \u00e9 muito maior do que isso, e que seus efeitos n\u00e3o s\u00e3o \u201cmilagrosos\u201d.<\/p>\n\n\n\n<h2 class=\"wp-block-heading\">O que \u00e9 o ginkgo biloba e por que ele chama tanta aten\u00e7\u00e3o?<\/h2>\n\n\n\n<p>O ginkgo biloba \u00e9 uma \u00e1rvore de folhas em formato de leque, conhecida por resistir a condi\u00e7\u00f5es extremas e por ter uma apar\u00eancia muito caracter\u00edstica. Por ser associado \u00e0 longevidade, ele ganhou fama como \u201c\u00e1rvore da resist\u00eancia\u201d e virou refer\u00eancia cultural em v\u00e1rios pa\u00edses.<\/p>\n\n\n\n<p>Na pr\u00e1tica, o que as pessoas consomem como \u201cginkgo\u201d s\u00e3o extratos feitos a partir das folhas, usados h\u00e1 d\u00e9cadas em produtos que prometem apoiar a circula\u00e7\u00e3o e o funcionamento cerebral.<\/p>\n\n\n<div class=\"wp-block-image\">\n<figure class=\"aligncenter size-large\"><img decoding=\"async\" width=\"1024\" height=\"576\" src=\"https:\/\/www.correiobraziliense.com.br\/cbradar\/wp-content\/uploads\/2025\/12\/ginko-biloba_1765659867073-1024x576.jpg\" alt=\"Poucos sabem o que \u00e9 o ginkgo biloba e por que ele virou s\u00edmbolo de mem\u00f3ria e longevidade\" class=\"wp-image-155627\" srcset=\"https:\/\/www.correiobraziliense.com.br\/cbradar\/wp-content\/uploads\/2025\/12\/ginko-biloba_1765659867073-1024x576.jpg 1024w, https:\/\/www.correiobraziliense.com.br\/cbradar\/wp-content\/uploads\/2025\/12\/ginko-biloba_1765659867073-300x169.jpg 300w, https:\/\/www.correiobraziliense.com.br\/cbradar\/wp-content\/uploads\/2025\/12\/ginko-biloba_1765659867073-768x432.jpg 768w, https:\/\/www.correiobraziliense.com.br\/cbradar\/wp-content\/uploads\/2025\/12\/ginko-biloba_1765659867073-750x422.jpg 750w, https:\/\/www.correiobraziliense.com.br\/cbradar\/wp-content\/uploads\/2025\/12\/ginko-biloba_1765659867073-1140x641.jpg 1140w, https:\/\/www.correiobraziliense.com.br\/cbradar\/wp-content\/uploads\/2025\/12\/ginko-biloba_1765659867073.jpg 1280w\" sizes=\"(max-width: 1024px) 100vw, 1024px\" \/><\/figure><\/div>\n\n\n<h2 class=\"wp-block-heading\">De onde vem a fama de que o ginkgo ajuda a mem\u00f3ria?<\/h2>\n\n\n\n<p>A reputa\u00e7\u00e3o do ginkgo est\u00e1 ligada \u00e0 ideia de que ele pode favorecer a circula\u00e7\u00e3o sangu\u00ednea e, indiretamente, influenciar fun\u00e7\u00f5es cognitivas. Por isso, ele passou a ser divulgado como um aliado da mem\u00f3ria e da concentra\u00e7\u00e3o, especialmente entre adultos mais velhos.<\/p>\n\n\n\n<p>O ponto importante \u00e9 que essa fama n\u00e3o significa que ele funcione para todo mundo. Em muitas situa\u00e7\u00f5es, os resultados s\u00e3o modestos, variam de pessoa para pessoa e dependem de dose, padr\u00e3o do extrato e acompanhamento adequado.<\/p>\n\n\n\n<h2 class=\"wp-block-heading\">O que a ci\u00eancia sugere e o que costuma ser exagero?<\/h2>\n\n\n\n<p>Em 2025, a forma mais respons\u00e1vel de falar sobre ginkgo \u00e9 assim: <a href=\"https:\/\/www.aafp.org\/pubs\/afp\/issues\/2003\/0901\/p923.html\" target=\"_blank\" rel=\"noreferrer noopener\">h\u00e1 pesquisas investigando o uso do extrato em sintomas cognitivos <\/a>e circula\u00e7\u00e3o, mas n\u00e3o existe consenso de que ele seja uma \u201csolu\u00e7\u00e3o\u201d para mem\u00f3ria, nem substituto de h\u00e1bitos b\u00e1sicos como sono, alimenta\u00e7\u00e3o e atividade f\u00edsica.<\/p>\n\n\n\n<p>Tamb\u00e9m \u00e9 comum circular exagero em redes sociais, como promessas de \u201crecuperar a mem\u00f3ria rapidamente\u201d ou \u201cevitar Alzheimer\u201d. Esse tipo de afirma\u00e7\u00e3o \u00e9 simplifica\u00e7\u00e3o e pode induzir ao uso sem crit\u00e9rio.<\/p>\n\n\n<div class=\"wp-block-image\">\n<figure class=\"aligncenter size-large\"><img decoding=\"async\" width=\"1024\" height=\"576\" src=\"https:\/\/www.correiobraziliense.com.br\/cbradar\/wp-content\/uploads\/2025\/12\/ginko-biloba_1765659874908-1024x576.jpg\" alt=\"Poucos sabem o que \u00e9 o ginkgo biloba e por que ele virou s\u00edmbolo de mem\u00f3ria e longevidade\" class=\"wp-image-155628\" srcset=\"https:\/\/www.correiobraziliense.com.br\/cbradar\/wp-content\/uploads\/2025\/12\/ginko-biloba_1765659874908-1024x576.jpg 1024w, https:\/\/www.correiobraziliense.com.br\/cbradar\/wp-content\/uploads\/2025\/12\/ginko-biloba_1765659874908-300x169.jpg 300w, https:\/\/www.correiobraziliense.com.br\/cbradar\/wp-content\/uploads\/2025\/12\/ginko-biloba_1765659874908-768x432.jpg 768w, https:\/\/www.correiobraziliense.com.br\/cbradar\/wp-content\/uploads\/2025\/12\/ginko-biloba_1765659874908-750x422.jpg 750w, https:\/\/www.correiobraziliense.com.br\/cbradar\/wp-content\/uploads\/2025\/12\/ginko-biloba_1765659874908-1140x641.jpg 1140w, https:\/\/www.correiobraziliense.com.br\/cbradar\/wp-content\/uploads\/2025\/12\/ginko-biloba_1765659874908.jpg 1280w\" sizes=\"(max-width: 1024px) 100vw, 1024px\" \/><figcaption class=\"wp-element-caption\">Em 2025, a forma mais respons\u00e1vel de falar sobre ginkgo \u00e9 assim: h\u00e1 pesquisas investigando o uso do extrato em sintomas cognitivos e circula\u00e7\u00e3o &#8211; Cr\u00e9ditos: depositphotos.com \/ joannawnuk<\/figcaption><\/figure><\/div>\n\n\n<h2 class=\"wp-block-heading\">Cuidados antes de usar ginkgo biloba no dia a dia?<\/h2>\n\n\n\n<p>Mesmo sendo uma planta, ginkgo biloba pode ter efeitos indesejados e interagir com medicamentos. Pessoas que usam anticoagulantes, t\u00eam hist\u00f3rico de sangramento, est\u00e3o gr\u00e1vidas ou fazem tratamento cont\u00ednuo devem ter aten\u00e7\u00e3o redobrada.<\/p>\n\n\n\n<p>O Ginko Biloba \u00e9 uma planta considerada jur\u00e1ssica, abaixo, <strong>canal.cultivando<\/strong> fala sobre a planta em seu TikTok:<\/p>\n\n\n\n<figure class=\"wp-block-embed is-type-video is-provider-tiktok wp-block-embed-tiktok\"><div class=\"wp-block-embed__wrapper\">\n<blockquote class=\"tiktok-embed\" cite=\"https:\/\/www.tiktok.com\/@canal.cultivando\/video\/7391833918820994309\" data-video-id=\"7391833918820994309\" data-embed-from=\"oembed\" style=\"max-width:605px; min-width:325px;\"> <section> <a target=\"_blank\" title=\"@canal.cultivando\" href=\"https:\/\/www.tiktok.com\/@canal.cultivando?refer=embed\">@canal.cultivando<\/a> <p>Acreditem ou n\u00e3o, esta planta \u00e9 um f\u00f3ssil vivo, pois o Ginkgo biloba \u00e9 uma esp\u00e9cie que j\u00e1 existia na \u00e9poca dos dinossauros, ao contr\u00e1rio da grande maioria das outras esp\u00e9cies de plantas que conhecemos. Este v\u00eddeo foi gravado no Jardim Bot\u00e2nico Plantarum, em Nova Odessa\/SP. Venham conhecer! <a title=\"plantas\" target=\"_blank\" href=\"https:\/\/www.tiktok.com\/tag\/plantas?refer=embed\">#plantas<\/a> <a title=\"jurassico\" target=\"_blank\" href=\"https:\/\/www.tiktok.com\/tag\/jurassico?refer=embed\">#jurassico<\/a> <a title=\"fossilvivo\" target=\"_blank\" href=\"https:\/\/www.tiktok.com\/tag\/fossilvivo?refer=embed\">#fossilvivo<\/a> <a title=\"especiesantigas\" target=\"_blank\" href=\"https:\/\/www.tiktok.com\/tag\/especiesantigas?refer=embed\">#especiesantigas<\/a> <a title=\"especiesdeplantas\" target=\"_blank\" href=\"https:\/\/www.tiktok.com\/tag\/especiesdeplantas?refer=embed\">#especiesdeplantas<\/a> <a title=\"especues\" target=\"_blank\" href=\"https:\/\/www.tiktok.com\/tag\/especues?refer=embed\">#especues<\/a> <a title=\"ginkgo\" target=\"_blank\" href=\"https:\/\/www.tiktok.com\/tag\/ginkgo?refer=embed\">#ginkgo<\/a> <a title=\"ginkgobiloba\" target=\"_blank\" href=\"https:\/\/www.tiktok.com\/tag\/ginkgobiloba?refer=embed\">#ginkgobiloba<\/a>  <a title=\"jardim\" target=\"_blank\" href=\"https:\/\/www.tiktok.com\/tag\/jardim?refer=embed\">#jardim<\/a> <a title=\"jardinagem\" target=\"_blank\" href=\"https:\/\/www.tiktok.com\/tag\/jardinagem?refer=embed\">#jardinagem<\/a>  <a title=\"paisagismos\" target=\"_blank\" href=\"https:\/\/www.tiktok.com\/tag\/paisagismos?refer=embed\">#paisagismos<\/a> <\/p> <a target=\"_blank\" title=\"\u266c Jurassic Adventure_update(1138153) - Scoring Heroes\" href=\"https:\/\/www.tiktok.com\/music\/Jurassic-Adventureupdate-1138153-7031727448844666882?refer=embed\">\u266c Jurassic Adventure_update(1138153) &#8211; Scoring Heroes<\/a> <\/section> <\/blockquote> <script async src=\"https:\/\/www.tiktok.com\/embed.js\"><\/script>\n<\/div><\/figure>\n\n\n\n<p>O mais seguro \u00e9 encarar o ginkgo como um produto que exige orienta\u00e7\u00e3o, especialmente se a inten\u00e7\u00e3o for uso frequente. E, quando o objetivo \u00e9 melhorar mem\u00f3ria e foco, o caminho mais consistente ainda passa por rotina de sono, controle de estresse e h\u00e1bitos de sa\u00fade.<\/p>\n","protected":false},"excerpt":{"rendered":"<p>O ginkgo biloba \u00e9 uma das \u00e1rvores mais antigas do mundo e, em 2025, voltou ao centro das conversas por aparecer em ch\u00e1s, c\u00e1psulas e conte\u00fados sobre bem-estar. Muita gente associa a planta \u00e0 mem\u00f3ria, mas poucos sabem que a hist\u00f3ria do ginkgo \u00e9 muito maior do que isso, e que seus efeitos n\u00e3o s\u00e3o [&hellip;]<\/p>\n","protected":false},"author":18,"featured_media":155626,"comment_status":"open","ping_status":"open","sticky":false,"template":"","format":"standard","meta":{"_yoast_wpseo_focuskw":"o que \u00e9 ginko biloba","_yoast_wpseo_title":"","_yoast_wpseo_metadesc":"Essa planta milenar virou s\u00edmbolo de longevidade e foco, mas nem tudo que dizem sobre o ginkgo biloba \u00e9 verdade. Veja o que a ci\u00eancia diz.","jnews-multi-image_gallery":[],"jnews_single_post":{"format":"standard"},"jnews_primary_category":[],"jnews_social_meta":[],"jnews_override_counter":[],"footnotes":""},"categories":[112],"tags":[736,11844,1616,1318],"class_list":["post-155625","post","type-post","status-publish","format-standard","has-post-thumbnail","hentry","category-curiosidades","tag-ciencia","tag-ginko-biloba","tag-memoria","tag-saude-2"],"yoast_head":"<!-- This site is optimized with the Yoast SEO plugin v24.6 - https:\/\/yoast.com\/wordpress\/plugins\/seo\/ -->\n<title>Poucos sabem o que \u00e9 o ginkgo biloba e por que ele virou s\u00edmbolo de mem\u00f3ria e longevidade - Correio Braziliense - Radar<\/title>\n<meta name=\"description\" content=\"Essa planta milenar virou s\u00edmbolo de longevidade e foco, mas nem tudo que dizem sobre o ginkgo biloba \u00e9 verdade. Veja o que a ci\u00eancia diz.\" \/>\n<meta name=\"robots\" content=\"index, follow, max-snippet:-1, max-image-preview:large, max-video-preview:-1\" \/>\n<link rel=\"canonical\" href=\"https:\/\/www.correiobraziliense.com.br\/cbradar\/poucos-sabem-o-que-e-o-ginkgo-biloba-e-por-que-ele-virou-simbolo-de-memoria-e-longevidade\/\" \/>\n<meta property=\"og:locale\" content=\"pt_BR\" \/>\n<meta property=\"og:type\" content=\"article\" \/>\n<meta property=\"og:title\" content=\"Poucos sabem o que \u00e9 o ginkgo biloba e por que ele virou s\u00edmbolo de mem\u00f3ria e longevidade - Correio Braziliense - Radar\" \/>\n<meta property=\"og:description\" content=\"Essa planta milenar virou s\u00edmbolo de longevidade e foco, mas nem tudo que dizem sobre o ginkgo biloba \u00e9 verdade. Veja o que a ci\u00eancia diz.\" \/>\n<meta property=\"og:url\" content=\"https:\/\/www.correiobraziliense.com.br\/cbradar\/poucos-sabem-o-que-e-o-ginkgo-biloba-e-por-que-ele-virou-simbolo-de-memoria-e-longevidade\/\" \/>\n<meta property=\"og:site_name\" content=\"Correio Braziliense - Radar\" \/>\n<meta property=\"article:published_time\" content=\"2025-12-14T20:25:00+00:00\" \/>\n<meta property=\"og:image\" content=\"https:\/\/www.correiobraziliense.com.br\/cbradar\/wp-content\/uploads\/2025\/12\/ginko-biloba_1765659858904.jpg\" \/>\n\t<meta property=\"og:image:width\" content=\"1280\" \/>\n\t<meta property=\"og:image:height\" content=\"720\" \/>\n\t<meta property=\"og:image:type\" content=\"image\/jpeg\" \/>\n<meta name=\"author\" content=\"Maria Eduarda Pacheco\" \/>\n<meta name=\"twitter:card\" content=\"summary_large_image\" \/>\n<meta name=\"twitter:label1\" content=\"Escrito por\" \/>\n\t<meta name=\"twitter:data1\" content=\"Maria Eduarda Pacheco\" \/>\n\t<meta name=\"twitter:label2\" content=\"Est. tempo de leitura\" \/>\n\t<meta name=\"twitter:data2\" content=\"4 minutos\" \/>\n<!-- \/ Yoast SEO plugin. -->","yoast_head_json":{"title":"Poucos sabem o que \u00e9 o ginkgo biloba e por que ele virou s\u00edmbolo de mem\u00f3ria e longevidade - Correio Braziliense - Radar","description":"Essa planta milenar virou s\u00edmbolo de longevidade e foco, mas nem tudo que dizem sobre o ginkgo biloba \u00e9 verdade. Veja o que a ci\u00eancia diz.","robots":{"index":"index","follow":"follow","max-snippet":"max-snippet:-1","max-image-preview":"max-image-preview:large","max-video-preview":"max-video-preview:-1"},"canonical":"https:\/\/www.correiobraziliense.com.br\/cbradar\/poucos-sabem-o-que-e-o-ginkgo-biloba-e-por-que-ele-virou-simbolo-de-memoria-e-longevidade\/","og_locale":"pt_BR","og_type":"article","og_title":"Poucos sabem o que \u00e9 o ginkgo biloba e por que ele virou s\u00edmbolo de mem\u00f3ria e longevidade - Correio Braziliense - Radar","og_description":"Essa planta milenar virou s\u00edmbolo de longevidade e foco, mas nem tudo que dizem sobre o ginkgo biloba \u00e9 verdade. Veja o que a ci\u00eancia diz.","og_url":"https:\/\/www.correiobraziliense.com.br\/cbradar\/poucos-sabem-o-que-e-o-ginkgo-biloba-e-por-que-ele-virou-simbolo-de-memoria-e-longevidade\/","og_site_name":"Correio Braziliense - Radar","article_published_time":"2025-12-14T20:25:00+00:00","og_image":[{"width":1280,"height":720,"url":"https:\/\/www.correiobraziliense.com.br\/cbradar\/wp-content\/uploads\/2025\/12\/ginko-biloba_1765659858904.jpg","type":"image\/jpeg"}],"author":"Maria Eduarda Pacheco","twitter_card":"summary_large_image","twitter_misc":{"Escrito por":"Maria Eduarda Pacheco","Est. tempo de leitura":"4 minutos"},"schema":{"@context":"https:\/\/schema.org","@graph":[{"@type":"WebPage","@id":"https:\/\/www.correiobraziliense.com.br\/cbradar\/poucos-sabem-o-que-e-o-ginkgo-biloba-e-por-que-ele-virou-simbolo-de-memoria-e-longevidade\/","url":"https:\/\/www.correiobraziliense.com.br\/cbradar\/poucos-sabem-o-que-e-o-ginkgo-biloba-e-por-que-ele-virou-simbolo-de-memoria-e-longevidade\/","name":"Poucos sabem o que \u00e9 o ginkgo biloba e por que ele virou s\u00edmbolo de mem\u00f3ria e longevidade - Correio Braziliense - Radar","isPartOf":{"@id":"https:\/\/www.correiobraziliense.com.br\/cbradar\/#website"},"primaryImageOfPage":{"@id":"https:\/\/www.correiobraziliense.com.br\/cbradar\/poucos-sabem-o-que-e-o-ginkgo-biloba-e-por-que-ele-virou-simbolo-de-memoria-e-longevidade\/#primaryimage"},"image":{"@id":"https:\/\/www.correiobraziliense.com.br\/cbradar\/poucos-sabem-o-que-e-o-ginkgo-biloba-e-por-que-ele-virou-simbolo-de-memoria-e-longevidade\/#primaryimage"},"thumbnailUrl":"https:\/\/www.correiobraziliense.com.br\/cbradar\/wp-content\/uploads\/2025\/12\/ginko-biloba_1765659858904.jpg","datePublished":"2025-12-14T20:25:00+00:00","author":{"@id":"https:\/\/www.correiobraziliense.com.br\/cbradar\/#\/schema\/person\/6fdd694c4c0d658f15df15f390ddf066"},"description":"Essa planta milenar virou s\u00edmbolo de longevidade e foco, mas nem tudo que dizem sobre o ginkgo biloba \u00e9 verdade. Veja o que a ci\u00eancia diz.","breadcrumb":{"@id":"https:\/\/www.correiobraziliense.com.br\/cbradar\/poucos-sabem-o-que-e-o-ginkgo-biloba-e-por-que-ele-virou-simbolo-de-memoria-e-longevidade\/#breadcrumb"},"inLanguage":"pt-BR","potentialAction":[{"@type":"ReadAction","target":["https:\/\/www.correiobraziliense.com.br\/cbradar\/poucos-sabem-o-que-e-o-ginkgo-biloba-e-por-que-ele-virou-simbolo-de-memoria-e-longevidade\/"]}]},{"@type":"ImageObject","inLanguage":"pt-BR","@id":"https:\/\/www.correiobraziliense.com.br\/cbradar\/poucos-sabem-o-que-e-o-ginkgo-biloba-e-por-que-ele-virou-simbolo-de-memoria-e-longevidade\/#primaryimage","url":"https:\/\/www.correiobraziliense.com.br\/cbradar\/wp-content\/uploads\/2025\/12\/ginko-biloba_1765659858904.jpg","contentUrl":"https:\/\/www.correiobraziliense.com.br\/cbradar\/wp-content\/uploads\/2025\/12\/ginko-biloba_1765659858904.jpg","width":1280,"height":720,"caption":"O ginkgo biloba \u00e9 uma das \u00e1rvores mais antigas do mundo e, em 2025, voltou ao centro das conversas por aparecer em ch\u00e1s, c\u00e1psulas e conte\u00fados sobre bem-estar - Cr\u00e9ditos: depositphotos.com \/ Sapientisat"},{"@type":"BreadcrumbList","@id":"https:\/\/www.correiobraziliense.com.br\/cbradar\/poucos-sabem-o-que-e-o-ginkgo-biloba-e-por-que-ele-virou-simbolo-de-memoria-e-longevidade\/#breadcrumb","itemListElement":[{"@type":"ListItem","position":1,"name":"In\u00edcio","item":"https:\/\/www.correiobraziliense.com.br\/cbradar\/"},{"@type":"ListItem","position":2,"name":"Poucos sabem o que \u00e9 o ginkgo biloba e por que ele virou s\u00edmbolo de mem\u00f3ria e longevidade"}]},{"@type":"WebSite","@id":"https:\/\/www.correiobraziliense.com.br\/cbradar\/#website","url":"https:\/\/www.correiobraziliense.com.br\/cbradar\/","name":"Correio Braziliense - Radar","description":"Acompanhe as \u00faltimas not\u00edcias e fique bem informado sobre tudo o que acontece no Brasil e no mundo.","potentialAction":[{"@type":"SearchAction","target":{"@type":"EntryPoint","urlTemplate":"https:\/\/www.correiobraziliense.com.br\/cbradar\/?s={search_term_string}"},"query-input":{"@type":"PropertyValueSpecification","valueRequired":true,"valueName":"search_term_string"}}],"inLanguage":"pt-BR"},{"@type":"Person","@id":"https:\/\/www.correiobraziliense.com.br\/cbradar\/#\/schema\/person\/6fdd694c4c0d658f15df15f390ddf066","name":"Maria Eduarda Pacheco","image":{"@type":"ImageObject","inLanguage":"pt-BR","@id":"https:\/\/www.correiobraziliense.com.br\/cbradar\/#\/schema\/person\/image\/","url":"https:\/\/secure.gravatar.com\/avatar\/f72a487b26fdeec08ba4868875ea328e?s=96&d=mm&r=g","contentUrl":"https:\/\/secure.gravatar.com\/avatar\/f72a487b26fdeec08ba4868875ea328e?s=96&d=mm&r=g","caption":"Maria Eduarda Pacheco"},"sameAs":["https:\/\/www.correiobraziliense.com.br\/cbradar\/"],"url":"https:\/\/www.correiobraziliense.com.br\/cbradar\/author\/maria-eduarda\/"}]}},"_links":{"self":[{"href":"https:\/\/www.correiobraziliense.com.br\/cbradar\/wp-json\/wp\/v2\/posts\/155625","targetHints":{"allow":["GET"]}}],"collection":[{"href":"https:\/\/www.correiobraziliense.com.br\/cbradar\/wp-json\/wp\/v2\/posts"}],"about":[{"href":"https:\/\/www.correiobraziliense.com.br\/cbradar\/wp-json\/wp\/v2\/types\/post"}],"author":[{"embeddable":true,"href":"https:\/\/www.correiobraziliense.com.br\/cbradar\/wp-json\/wp\/v2\/users\/18"}],"replies":[{"embeddable":true,"href":"https:\/\/www.correiobraziliense.com.br\/cbradar\/wp-json\/wp\/v2\/comments?post=155625"}],"version-history":[{"count":1,"href":"https:\/\/www.correiobraziliense.com.br\/cbradar\/wp-json\/wp\/v2\/posts\/155625\/revisions"}],"predecessor-version":[{"id":155629,"href":"https:\/\/www.correiobraziliense.com.br\/cbradar\/wp-json\/wp\/v2\/posts\/155625\/revisions\/155629"}],"wp:featuredmedia":[{"embeddable":true,"href":"https:\/\/www.correiobraziliense.com.br\/cbradar\/wp-json\/wp\/v2\/media\/155626"}],"wp:attachment":[{"href":"https:\/\/www.correiobraziliense.com.br\/cbradar\/wp-json\/wp\/v2\/media?parent=155625"}],"wp:term":[{"taxonomy":"category","embeddable":true,"href":"https:\/\/www.correiobraziliense.com.br\/cbradar\/wp-json\/wp\/v2\/categories?post=155625"},{"taxonomy":"post_tag","embeddable":true,"href":"https:\/\/www.correiobraziliense.com.br\/cbradar\/wp-json\/wp\/v2\/tags?post=155625"}],"curies":[{"name":"wp","href":"https:\/\/api.w.org\/{rel}","templated":true}]}}