{"id":15564,"date":"2025-03-26T06:30:00","date_gmt":"2025-03-26T09:30:00","guid":{"rendered":"https:\/\/www.correiobraziliense.com.br\/cbradar\/?p=15564"},"modified":"2025-03-25T14:33:56","modified_gmt":"2025-03-25T17:33:56","slug":"esse-e-o-jeito-mais-facil-de-crescer-no-instagram","status":"publish","type":"post","link":"https:\/\/www.correiobraziliense.com.br\/cbradar\/esse-e-o-jeito-mais-facil-de-crescer-no-instagram\/","title":{"rendered":"Esse \u00e9 o jeito mais f\u00e1cil de crescer no Instagram"},"content":{"rendered":"\n<p>Os stories do <strong>Instagram<\/strong> t\u00eam se destacado como uma ferramenta poderosa para aumentar a intera\u00e7\u00e3o e a visibilidade nas redes sociais. Com sua natureza ef\u00eamera e din\u00e2mica, eles oferecem uma maneira \u00fanica de se conectar com o p\u00fablico de forma mais pessoal e imediata. No entanto, uma quest\u00e3o comum entre os criadores de conte\u00fado \u00e9 quantos stories devem ser postados diariamente para otimizar o engajamento.<\/p>\n\n\n\n<p>N\u00e3o h\u00e1 uma resposta definitiva, mas muitos especialistas sugerem que entre 5 e 10 stories por dia \u00e9 uma quantidade eficaz. Essa faixa mant\u00e9m o p\u00fablico engajado sem sobrecarreg\u00e1-lo com excesso de conte\u00fado. Ajustar essa frequ\u00eancia com base no feedback dos seguidores pode ajudar a encontrar o equil\u00edbrio ideal.<\/p>\n\n\n\n<h2 class=\"wp-block-heading\"><strong>Como utilizar os stories de forma eficiente?<\/strong><\/h2>\n\n\n\n<p>Para maximizar o potencial dos stories, \u00e9 importante diversificar o conte\u00fado e incentivar a participa\u00e7\u00e3o ativa dos seguidores. Ferramentas interativas, como enquetes e perguntas, s\u00e3o excelentes para aumentar o envolvimento e manter o p\u00fablico interessado. Esses elementos n\u00e3o apenas prolongam o tempo de visualiza\u00e7\u00e3o, mas tamb\u00e9m fortalecem a conex\u00e3o com os seguidores.<\/p>\n\n\n\n<figure class=\"wp-block-image size-large\"><img decoding=\"async\" width=\"1024\" height=\"576\" src=\"https:\/\/www.correiobraziliense.com.br\/cbradar\/wp-content\/uploads\/2025\/03\/Instagram-_1742905758974-1024x576.jpg\" alt=\"Esse \u00e9 o jeito mais f\u00e1cil de crescer no Instagram\" class=\"wp-image-15581\" srcset=\"https:\/\/www.correiobraziliense.com.br\/cbradar\/wp-content\/uploads\/2025\/03\/Instagram-_1742905758974-1024x576.jpg 1024w, https:\/\/www.correiobraziliense.com.br\/cbradar\/wp-content\/uploads\/2025\/03\/Instagram-_1742905758974-300x169.jpg 300w, https:\/\/www.correiobraziliense.com.br\/cbradar\/wp-content\/uploads\/2025\/03\/Instagram-_1742905758974-768x432.jpg 768w, https:\/\/www.correiobraziliense.com.br\/cbradar\/wp-content\/uploads\/2025\/03\/Instagram-_1742905758974-750x422.jpg 750w, https:\/\/www.correiobraziliense.com.br\/cbradar\/wp-content\/uploads\/2025\/03\/Instagram-_1742905758974-1140x641.jpg 1140w, https:\/\/www.correiobraziliense.com.br\/cbradar\/wp-content\/uploads\/2025\/03\/Instagram-_1742905758974.jpg 1280w\" sizes=\"(max-width: 1024px) 100vw, 1024px\" \/><figcaption class=\"wp-element-caption\">Instagram.Cr\u00e9ditos: depositphotos.com \/ Primakov<\/figcaption><\/figure>\n\n\n\n<p>Equilibrar postagens espont\u00e2neas com conte\u00fados planejados \u00e9 essencial. Mostrar momentos do dia a dia pode humanizar a marca, enquanto informa\u00e7\u00f5es estruturadas e promo\u00e7\u00f5es ajudam a consolidar a presen\u00e7a no mercado. A primeira postagem do dia deve ser especialmente atraente para capturar a aten\u00e7\u00e3o do p\u00fablico desde o in\u00edcio.<\/p>\n\n\n\n<h2 class=\"wp-block-heading\"><strong>Outras estrat\u00e9gias para potencializar o crescimento nas redes sociais<\/strong><\/h2>\n\n\n\n<p>Al\u00e9m dos stories, outras pr\u00e1ticas podem ser implementadas para impulsionar o crescimento no Instagram. Publicar regularmente no feed, utilizar hashtags relevantes e explorar o potencial dos reels s\u00e3o estrat\u00e9gias eficazes para alcan\u00e7ar um p\u00fablico mais amplo. O timing das postagens tamb\u00e9m \u00e9 crucial; identificar os hor\u00e1rios de maior atividade dos seguidores pode melhorar significativamente o desempenho.<\/p>\n\n\n\n<p>Monitorar as m\u00e9tricas de engajamento \u00e9 fundamental para ajustar as estrat\u00e9gias de conte\u00fado. Compreender quais tipos de postagens ressoam melhor com o p\u00fablico permite otimizar futuras abordagens. A consist\u00eancia, aliada \u00e0 experimenta\u00e7\u00e3o e an\u00e1lise de resultados, \u00e9 a chave para um crescimento sustent\u00e1vel e eficaz nas redes sociais.<\/p>\n","protected":false},"excerpt":{"rendered":"<p>Aumente o engajamento no Instagram com estrat\u00e9gias eficazes de stories. Descubra a quantidade ideal di\u00e1ria e dicas de conte\u00fado.<\/p>\n","protected":false},"author":3,"featured_media":15565,"comment_status":"open","ping_status":"open","sticky":false,"template":"","format":"standard","meta":{"_yoast_wpseo_focuskw":"Instagram crescer","_yoast_wpseo_title":"%%title%%","_yoast_wpseo_metadesc":"Aumente o engajamento no Instagram com estrat\u00e9gias eficazes de stories. Descubra a quantidade ideal di\u00e1ria e dicas de conte\u00fado.","jnews-multi-image_gallery":[],"jnews_single_post":{"format":"standard"},"jnews_primary_category":[],"jnews_social_meta":[],"jnews_override_counter":[],"footnotes":""},"categories":[115],"tags":[840],"class_list":["post-15564","post","type-post","status-publish","format-standard","has-post-thumbnail","hentry","category-tecnologia","tag-instagram"],"yoast_head":"<!-- This site is optimized with the Yoast SEO plugin v24.6 - https:\/\/yoast.com\/wordpress\/plugins\/seo\/ -->\n<title>Esse \u00e9 o jeito mais f\u00e1cil de crescer no Instagram<\/title>\n<meta name=\"description\" content=\"Aumente o engajamento no Instagram com estrat\u00e9gias eficazes de stories. Descubra a quantidade ideal di\u00e1ria e dicas de conte\u00fado.\" \/>\n<meta name=\"robots\" content=\"index, follow, max-snippet:-1, max-image-preview:large, max-video-preview:-1\" \/>\n<link rel=\"canonical\" href=\"https:\/\/www.correiobraziliense.com.br\/cbradar\/esse-e-o-jeito-mais-facil-de-crescer-no-instagram\/\" \/>\n<meta property=\"og:locale\" content=\"pt_BR\" \/>\n<meta property=\"og:type\" content=\"article\" \/>\n<meta property=\"og:title\" content=\"Esse \u00e9 o jeito mais f\u00e1cil de crescer no Instagram\" \/>\n<meta property=\"og:description\" content=\"Aumente o engajamento no Instagram com estrat\u00e9gias eficazes de stories. Descubra a quantidade ideal di\u00e1ria e dicas de conte\u00fado.\" \/>\n<meta property=\"og:url\" content=\"https:\/\/www.correiobraziliense.com.br\/cbradar\/esse-e-o-jeito-mais-facil-de-crescer-no-instagram\/\" \/>\n<meta property=\"og:site_name\" content=\"Correio Braziliense - Radar\" \/>\n<meta property=\"article:published_time\" content=\"2025-03-26T09:30:00+00:00\" \/>\n<meta property=\"og:image\" content=\"https:\/\/www.correiobraziliense.com.br\/cbradar\/wp-content\/uploads\/2025\/03\/Instagram-_1742905521152.jpg\" \/>\n\t<meta property=\"og:image:width\" content=\"1280\" \/>\n\t<meta property=\"og:image:height\" content=\"720\" \/>\n\t<meta property=\"og:image:type\" content=\"image\/jpeg\" \/>\n<meta name=\"author\" content=\"Larissa Carvalho\" \/>\n<meta name=\"twitter:card\" content=\"summary_large_image\" \/>\n<meta name=\"twitter:label1\" content=\"Escrito por\" \/>\n\t<meta name=\"twitter:data1\" content=\"Larissa Carvalho\" \/>\n\t<meta name=\"twitter:label2\" content=\"Est. tempo de leitura\" \/>\n\t<meta name=\"twitter:data2\" content=\"3 minutos\" \/>\n<!-- \/ Yoast SEO plugin. -->","yoast_head_json":{"title":"Esse \u00e9 o jeito mais f\u00e1cil de crescer no Instagram","description":"Aumente o engajamento no Instagram com estrat\u00e9gias eficazes de stories. Descubra a quantidade ideal di\u00e1ria e dicas de conte\u00fado.","robots":{"index":"index","follow":"follow","max-snippet":"max-snippet:-1","max-image-preview":"max-image-preview:large","max-video-preview":"max-video-preview:-1"},"canonical":"https:\/\/www.correiobraziliense.com.br\/cbradar\/esse-e-o-jeito-mais-facil-de-crescer-no-instagram\/","og_locale":"pt_BR","og_type":"article","og_title":"Esse \u00e9 o jeito mais f\u00e1cil de crescer no Instagram","og_description":"Aumente o engajamento no Instagram com estrat\u00e9gias eficazes de stories. Descubra a quantidade ideal di\u00e1ria e dicas de conte\u00fado.","og_url":"https:\/\/www.correiobraziliense.com.br\/cbradar\/esse-e-o-jeito-mais-facil-de-crescer-no-instagram\/","og_site_name":"Correio Braziliense - Radar","article_published_time":"2025-03-26T09:30:00+00:00","og_image":[{"width":1280,"height":720,"url":"https:\/\/www.correiobraziliense.com.br\/cbradar\/wp-content\/uploads\/2025\/03\/Instagram-_1742905521152.jpg","type":"image\/jpeg"}],"author":"Larissa Carvalho","twitter_card":"summary_large_image","twitter_misc":{"Escrito por":"Larissa Carvalho","Est. tempo de leitura":"3 minutos"},"schema":{"@context":"https:\/\/schema.org","@graph":[{"@type":"WebPage","@id":"https:\/\/www.correiobraziliense.com.br\/cbradar\/esse-e-o-jeito-mais-facil-de-crescer-no-instagram\/","url":"https:\/\/www.correiobraziliense.com.br\/cbradar\/esse-e-o-jeito-mais-facil-de-crescer-no-instagram\/","name":"Esse \u00e9 o jeito mais f\u00e1cil de crescer no Instagram","isPartOf":{"@id":"https:\/\/www.correiobraziliense.com.br\/cbradar\/#website"},"primaryImageOfPage":{"@id":"https:\/\/www.correiobraziliense.com.br\/cbradar\/esse-e-o-jeito-mais-facil-de-crescer-no-instagram\/#primaryimage"},"image":{"@id":"https:\/\/www.correiobraziliense.com.br\/cbradar\/esse-e-o-jeito-mais-facil-de-crescer-no-instagram\/#primaryimage"},"thumbnailUrl":"https:\/\/www.correiobraziliense.com.br\/cbradar\/wp-content\/uploads\/2025\/03\/Instagram-_1742905521152.jpg","datePublished":"2025-03-26T09:30:00+00:00","author":{"@id":"https:\/\/www.correiobraziliense.com.br\/cbradar\/#\/schema\/person\/58422787644df994b53a19d3e56c1513"},"description":"Aumente o engajamento no Instagram com estrat\u00e9gias eficazes de stories. Descubra a quantidade ideal di\u00e1ria e dicas de conte\u00fado.","breadcrumb":{"@id":"https:\/\/www.correiobraziliense.com.br\/cbradar\/esse-e-o-jeito-mais-facil-de-crescer-no-instagram\/#breadcrumb"},"inLanguage":"pt-BR","potentialAction":[{"@type":"ReadAction","target":["https:\/\/www.correiobraziliense.com.br\/cbradar\/esse-e-o-jeito-mais-facil-de-crescer-no-instagram\/"]}]},{"@type":"ImageObject","inLanguage":"pt-BR","@id":"https:\/\/www.correiobraziliense.com.br\/cbradar\/esse-e-o-jeito-mais-facil-de-crescer-no-instagram\/#primaryimage","url":"https:\/\/www.correiobraziliense.com.br\/cbradar\/wp-content\/uploads\/2025\/03\/Instagram-_1742905521152.jpg","contentUrl":"https:\/\/www.correiobraziliense.com.br\/cbradar\/wp-content\/uploads\/2025\/03\/Instagram-_1742905521152.jpg","width":1280,"height":720,"caption":"Instagram .Cr\u00e9ditos: depositphotos.com \/ Primakov"},{"@type":"BreadcrumbList","@id":"https:\/\/www.correiobraziliense.com.br\/cbradar\/esse-e-o-jeito-mais-facil-de-crescer-no-instagram\/#breadcrumb","itemListElement":[{"@type":"ListItem","position":1,"name":"In\u00edcio","item":"https:\/\/www.correiobraziliense.com.br\/cbradar\/"},{"@type":"ListItem","position":2,"name":"Esse \u00e9 o jeito mais f\u00e1cil de crescer no Instagram"}]},{"@type":"WebSite","@id":"https:\/\/www.correiobraziliense.com.br\/cbradar\/#website","url":"https:\/\/www.correiobraziliense.com.br\/cbradar\/","name":"Correio Braziliense - Radar","description":"Acompanhe as \u00faltimas not\u00edcias e fique bem informado sobre tudo o que acontece no Brasil e no mundo.","potentialAction":[{"@type":"SearchAction","target":{"@type":"EntryPoint","urlTemplate":"https:\/\/www.correiobraziliense.com.br\/cbradar\/?s={search_term_string}"},"query-input":{"@type":"PropertyValueSpecification","valueRequired":true,"valueName":"search_term_string"}}],"inLanguage":"pt-BR"},{"@type":"Person","@id":"https:\/\/www.correiobraziliense.com.br\/cbradar\/#\/schema\/person\/58422787644df994b53a19d3e56c1513","name":"Larissa Carvalho","image":{"@type":"ImageObject","inLanguage":"pt-BR","@id":"https:\/\/www.correiobraziliense.com.br\/cbradar\/#\/schema\/person\/image\/","url":"https:\/\/secure.gravatar.com\/avatar\/fe4f91a0de32b52a838d0d612abdc1aa?s=96&d=mm&r=g","contentUrl":"https:\/\/secure.gravatar.com\/avatar\/fe4f91a0de32b52a838d0d612abdc1aa?s=96&d=mm&r=g","caption":"Larissa Carvalho"},"url":"https:\/\/www.correiobraziliense.com.br\/cbradar\/author\/larissamyth\/"}]}},"_links":{"self":[{"href":"https:\/\/www.correiobraziliense.com.br\/cbradar\/wp-json\/wp\/v2\/posts\/15564","targetHints":{"allow":["GET"]}}],"collection":[{"href":"https:\/\/www.correiobraziliense.com.br\/cbradar\/wp-json\/wp\/v2\/posts"}],"about":[{"href":"https:\/\/www.correiobraziliense.com.br\/cbradar\/wp-json\/wp\/v2\/types\/post"}],"author":[{"embeddable":true,"href":"https:\/\/www.correiobraziliense.com.br\/cbradar\/wp-json\/wp\/v2\/users\/3"}],"replies":[{"embeddable":true,"href":"https:\/\/www.correiobraziliense.com.br\/cbradar\/wp-json\/wp\/v2\/comments?post=15564"}],"version-history":[{"count":2,"href":"https:\/\/www.correiobraziliense.com.br\/cbradar\/wp-json\/wp\/v2\/posts\/15564\/revisions"}],"predecessor-version":[{"id":15753,"href":"https:\/\/www.correiobraziliense.com.br\/cbradar\/wp-json\/wp\/v2\/posts\/15564\/revisions\/15753"}],"wp:featuredmedia":[{"embeddable":true,"href":"https:\/\/www.correiobraziliense.com.br\/cbradar\/wp-json\/wp\/v2\/media\/15565"}],"wp:attachment":[{"href":"https:\/\/www.correiobraziliense.com.br\/cbradar\/wp-json\/wp\/v2\/media?parent=15564"}],"wp:term":[{"taxonomy":"category","embeddable":true,"href":"https:\/\/www.correiobraziliense.com.br\/cbradar\/wp-json\/wp\/v2\/categories?post=15564"},{"taxonomy":"post_tag","embeddable":true,"href":"https:\/\/www.correiobraziliense.com.br\/cbradar\/wp-json\/wp\/v2\/tags?post=15564"}],"curies":[{"name":"wp","href":"https:\/\/api.w.org\/{rel}","templated":true}]}}