{"id":155647,"date":"2025-12-14T20:35:00","date_gmt":"2025-12-14T23:35:00","guid":{"rendered":"https:\/\/www.correiobraziliense.com.br\/cbradar\/?p=155647"},"modified":"2025-12-13T18:57:13","modified_gmt":"2025-12-13T21:57:13","slug":"elas-parecem-iguais-mas-mudam-tudo-o-que-voce-esta-querendo-dizer-qual-a-diferenca-entre-sessao-e-secao","status":"publish","type":"post","link":"https:\/\/www.correiobraziliense.com.br\/cbradar\/elas-parecem-iguais-mas-mudam-tudo-o-que-voce-esta-querendo-dizer-qual-a-diferenca-entre-sessao-e-secao\/","title":{"rendered":"Elas parecem iguais, mas mudam tudo o que voc\u00ea est\u00e1 querendo dizer, qual a diferen\u00e7a entre sess\u00e3o e se\u00e7\u00e3o"},"content":{"rendered":"\n<p>No portugu\u00eas, algumas palavras soam exatamente iguais, mas mudam completamente de sentido quando escritas. \u00c9 o caso de \u201csess\u00e3o\u201d, \u201cse\u00e7\u00e3o\u201d e \u201ccess\u00e3o\u201d. Em 2025, <a href=\"https:\/\/www.correiobraziliense.com.br\/cbradar\/palavras-comuns-que-ninguem-percebe-que-sao-totalmente-erradas\/\" target=\"_blank\" rel=\"noreferrer noopener\">esses termos continuam entre os campe\u00f5es de erro<\/a>, mesmo sendo usados o tempo todo em textos, an\u00fancios e conversas do dia a dia.<\/p>\n\n\n\n<h2 class=\"wp-block-heading\">Por que essas palavras confundem tanta gente?<\/h2>\n\n\n\n<p>A principal raz\u00e3o da confus\u00e3o \u00e9 a pron\u00fancia. No portugu\u00eas falado, \u201csess\u00e3o\u201d, \u201cse\u00e7\u00e3o\u201d e \u201ccess\u00e3o\u201d t\u00eam praticamente o mesmo som. O ouvido entende, mas a escrita exige aten\u00e7\u00e3o.<\/p>\n\n\n\n<p>Al\u00e9m disso, todas aparecem em contextos formais, como documentos, jornais, eventos e contratos, o que aumenta a chance de erro.<\/p>\n\n\n<div class=\"wp-block-image\">\n<figure class=\"aligncenter size-large\"><img decoding=\"async\" width=\"1024\" height=\"576\" src=\"https:\/\/www.correiobraziliense.com.br\/cbradar\/wp-content\/uploads\/2025\/12\/hand-writing-_1765548037590-1024x576.jpg\" alt=\"Elas parecem iguais, mas mudam tudo o que voc\u00ea est\u00e1 querendo dizer, qual a diferen\u00e7a entre sess\u00e3o e se\u00e7\u00e3o\" class=\"wp-image-154952\" srcset=\"https:\/\/www.correiobraziliense.com.br\/cbradar\/wp-content\/uploads\/2025\/12\/hand-writing-_1765548037590-1024x576.jpg 1024w, https:\/\/www.correiobraziliense.com.br\/cbradar\/wp-content\/uploads\/2025\/12\/hand-writing-_1765548037590-300x169.jpg 300w, https:\/\/www.correiobraziliense.com.br\/cbradar\/wp-content\/uploads\/2025\/12\/hand-writing-_1765548037590-768x432.jpg 768w, https:\/\/www.correiobraziliense.com.br\/cbradar\/wp-content\/uploads\/2025\/12\/hand-writing-_1765548037590-750x422.jpg 750w, https:\/\/www.correiobraziliense.com.br\/cbradar\/wp-content\/uploads\/2025\/12\/hand-writing-_1765548037590-1140x641.jpg 1140w, https:\/\/www.correiobraziliense.com.br\/cbradar\/wp-content\/uploads\/2025\/12\/hand-writing-_1765548037590.jpg 1280w\" sizes=\"(max-width: 1024px) 100vw, 1024px\" \/><figcaption class=\"wp-element-caption\">O ouvido entende, mas a escrita exige aten\u00e7\u00e3o &#8211; Cr\u00e9ditos: depositphotos.com \/ IgorVetushko<\/figcaption><\/figure><\/div>\n\n\n<h2 class=\"wp-block-heading\">O que significa \u201csess\u00e3o\u201d?<\/h2>\n\n\n\n<p><strong>Sess\u00e3o<\/strong> est\u00e1 ligada a tempo e acontecimento. \u00c9 usada para indicar uma reuni\u00e3o, um per\u00edodo ou um evento com in\u00edcio e fim definidos.<\/p>\n\n\n\n<p>Exemplos comuns incluem sess\u00e3o de cinema, sess\u00e3o de terapia, sess\u00e3o da C\u00e2mara ou sess\u00e3o de julgamento. Sempre que houver a ideia de dura\u00e7\u00e3o ou encontro, a forma correta costuma ser \u201csess\u00e3o\u201d.<\/p>\n\n\n\n<h2 class=\"wp-block-heading\">O que significa \u201cse\u00e7\u00e3o\u201d?<\/h2>\n\n\n\n<p><strong>Se\u00e7\u00e3o<\/strong> se refere a divis\u00e3o, parte ou \u00e1rea de algo maior. \u00c9 muito usada para organizar espa\u00e7os f\u00edsicos ou conte\u00fados.<\/p>\n\n\n\n<p>Se\u00e7\u00e3o de esportes, se\u00e7\u00e3o de eletr\u00f4nicos, se\u00e7\u00e3o infantil ou se\u00e7\u00e3o do jornal s\u00e3o bons exemplos. Quando a ideia for separar ou dividir, a palavra certa \u00e9 \u201cse\u00e7\u00e3o\u201d.<\/p>\n\n\n<div class=\"wp-block-image\">\n<figure class=\"aligncenter size-large\"><img decoding=\"async\" width=\"1024\" height=\"576\" src=\"https:\/\/www.correiobraziliense.com.br\/cbradar\/wp-content\/uploads\/2025\/12\/books_1765231160636-1024x576.jpg\" alt=\"Elas parecem iguais, mas mudam tudo o que voc\u00ea est\u00e1 querendo dizer, qual a diferen\u00e7a entre sess\u00e3o e se\u00e7\u00e3o\" class=\"wp-image-152936\" srcset=\"https:\/\/www.correiobraziliense.com.br\/cbradar\/wp-content\/uploads\/2025\/12\/books_1765231160636-1024x576.jpg 1024w, https:\/\/www.correiobraziliense.com.br\/cbradar\/wp-content\/uploads\/2025\/12\/books_1765231160636-300x169.jpg 300w, https:\/\/www.correiobraziliense.com.br\/cbradar\/wp-content\/uploads\/2025\/12\/books_1765231160636-768x432.jpg 768w, https:\/\/www.correiobraziliense.com.br\/cbradar\/wp-content\/uploads\/2025\/12\/books_1765231160636-750x422.jpg 750w, https:\/\/www.correiobraziliense.com.br\/cbradar\/wp-content\/uploads\/2025\/12\/books_1765231160636-1140x641.jpg 1140w, https:\/\/www.correiobraziliense.com.br\/cbradar\/wp-content\/uploads\/2025\/12\/books_1765231160636.jpg 1280w\" sizes=\"(max-width: 1024px) 100vw, 1024px\" \/><figcaption class=\"wp-element-caption\">Uma dica simples para n\u00e3o errar: se puder trocar por \u201cceder\u201d, use \u201ccess\u00e3o\u201d. Se for tempo, use \u201csess\u00e3o\u201d. Se for divis\u00e3o, use \u201cse\u00e7\u00e3o\u201d &#8211; Cr\u00e9ditos: depositphotos.com \/ Ischukigor<\/figcaption><\/figure><\/div>\n\n\n<h2 class=\"wp-block-heading\">O que significa \u201ccess\u00e3o\u201d e como nunca mais errar?<\/h2>\n\n\n\n<p><strong>Cess\u00e3o<\/strong> vem do verbo ceder. Ela envolve transfer\u00eancia, entrega ou concess\u00e3o de algo para outra pessoa ou entidade.<\/p>\n\n\n\n<p>A l\u00edngua portuguesa possui diversas palavras que, no dia a dia, acabam nos confundindo, abaixo,<strong> linguaportuguesa_<\/strong> fala sobre em seu TikTok:<\/p>\n\n\n\n<figure class=\"wp-block-embed is-type-video is-provider-tiktok wp-block-embed-tiktok\"><div class=\"wp-block-embed__wrapper\">\n<blockquote class=\"tiktok-embed\" cite=\"https:\/\/www.tiktok.com\/@linguaportuguesa_\/video\/7394984902946557190\" data-video-id=\"7394984902946557190\" data-embed-from=\"oembed\" style=\"max-width:605px; min-width:325px;\"> <section> <a target=\"_blank\" title=\"@linguaportuguesa_\" href=\"https:\/\/www.tiktok.com\/@linguaportuguesa_?refer=embed\">@linguaportuguesa_<\/a> <p>Palavras que quase todos falam errado.  <a title=\"linguaportuguesa\" target=\"_blank\" href=\"https:\/\/www.tiktok.com\/tag\/linguaportuguesa?refer=embed\">#linguaportuguesa<\/a>  <a title=\"palavras\" target=\"_blank\" href=\"https:\/\/www.tiktok.com\/tag\/palavras?refer=embed\">#palavras<\/a> <\/p> <a target=\"_blank\" title=\"\u266c som original - L\u00edngua Portuguesa\" href=\"https:\/\/www.tiktok.com\/music\/som-original-7394984936153090821?refer=embed\">\u266c som original &#8211; L\u00edngua Portuguesa<\/a> <\/section> <\/blockquote> <script async src=\"https:\/\/www.tiktok.com\/embed.js\"><\/script>\n<\/div><\/figure>\n\n\n\n<p>Cess\u00e3o de direitos, cess\u00e3o de espa\u00e7o ou cess\u00e3o de uso indicam que algu\u00e9m est\u00e1 abrindo m\u00e3o de algo. Uma dica simples para n\u00e3o errar: se puder trocar por \u201cceder\u201d, use \u201ccess\u00e3o\u201d. Se for tempo, use \u201csess\u00e3o\u201d. Se for divis\u00e3o, use \u201cse\u00e7\u00e3o\u201d.<\/p>\n","protected":false},"excerpt":{"rendered":"<p>No portugu\u00eas, algumas palavras soam exatamente iguais, mas mudam completamente de sentido quando escritas. \u00c9 o caso de \u201csess\u00e3o\u201d, \u201cse\u00e7\u00e3o\u201d e \u201ccess\u00e3o\u201d. Em 2025, esses termos continuam entre os campe\u00f5es de erro, mesmo sendo usados o tempo todo em textos, an\u00fancios e conversas do dia a dia. Por que essas palavras confundem tanta gente? A [&hellip;]<\/p>\n","protected":false},"author":18,"featured_media":155648,"comment_status":"open","ping_status":"open","sticky":false,"template":"","format":"standard","meta":{"_yoast_wpseo_focuskw":"diferen\u00e7a de sess\u00e3o e se\u00e7\u00e3o","_yoast_wpseo_title":"","_yoast_wpseo_metadesc":"Sess\u00e3o, se\u00e7\u00e3o e cess\u00e3o parecem iguais, mas mudam tudo na frase Veja a diferen\u00e7a e aprenda a usar cada uma sem erro.","jnews-multi-image_gallery":[],"jnews_single_post":{"format":"standard"},"jnews_primary_category":[],"jnews_social_meta":[],"jnews_override_counter":[],"footnotes":""},"categories":[112],"tags":[12767,5829,12766,12765],"class_list":["post-155647","post","type-post","status-publish","format-standard","has-post-thumbnail","hentry","category-curiosidades","tag-confusao","tag-palavras","tag-secao","tag-sessao"],"yoast_head":"<!-- This site is optimized with the Yoast SEO plugin v24.6 - https:\/\/yoast.com\/wordpress\/plugins\/seo\/ -->\n<title>Elas parecem iguais, mas mudam tudo o que voc\u00ea est\u00e1 querendo dizer, qual a diferen\u00e7a entre sess\u00e3o e se\u00e7\u00e3o - Correio Braziliense - Radar<\/title>\n<meta name=\"description\" content=\"Sess\u00e3o, se\u00e7\u00e3o e cess\u00e3o parecem iguais, mas mudam tudo na frase Veja a diferen\u00e7a e aprenda a usar cada uma sem erro.\" \/>\n<meta name=\"robots\" content=\"index, follow, max-snippet:-1, max-image-preview:large, max-video-preview:-1\" \/>\n<link rel=\"canonical\" href=\"https:\/\/www.correiobraziliense.com.br\/cbradar\/elas-parecem-iguais-mas-mudam-tudo-o-que-voce-esta-querendo-dizer-qual-a-diferenca-entre-sessao-e-secao\/\" \/>\n<meta property=\"og:locale\" content=\"pt_BR\" \/>\n<meta property=\"og:type\" content=\"article\" \/>\n<meta property=\"og:title\" content=\"Elas parecem iguais, mas mudam tudo o que voc\u00ea est\u00e1 querendo dizer, qual a diferen\u00e7a entre sess\u00e3o e se\u00e7\u00e3o - Correio Braziliense - Radar\" \/>\n<meta property=\"og:description\" content=\"Sess\u00e3o, se\u00e7\u00e3o e cess\u00e3o parecem iguais, mas mudam tudo na frase Veja a diferen\u00e7a e aprenda a usar cada uma sem erro.\" \/>\n<meta property=\"og:url\" content=\"https:\/\/www.correiobraziliense.com.br\/cbradar\/elas-parecem-iguais-mas-mudam-tudo-o-que-voce-esta-querendo-dizer-qual-a-diferenca-entre-sessao-e-secao\/\" \/>\n<meta property=\"og:site_name\" content=\"Correio Braziliense - Radar\" \/>\n<meta property=\"article:published_time\" content=\"2025-12-14T23:35:00+00:00\" \/>\n<meta property=\"og:image\" content=\"https:\/\/www.correiobraziliense.com.br\/cbradar\/wp-content\/uploads\/2025\/12\/writing_1765662913580.jpg\" \/>\n\t<meta property=\"og:image:width\" content=\"1280\" \/>\n\t<meta property=\"og:image:height\" content=\"720\" \/>\n\t<meta property=\"og:image:type\" content=\"image\/jpeg\" \/>\n<meta name=\"author\" content=\"Maria Eduarda Pacheco\" \/>\n<meta name=\"twitter:card\" content=\"summary_large_image\" \/>\n<meta name=\"twitter:label1\" content=\"Escrito por\" \/>\n\t<meta name=\"twitter:data1\" content=\"Maria Eduarda Pacheco\" \/>\n\t<meta name=\"twitter:label2\" content=\"Est. tempo de leitura\" \/>\n\t<meta name=\"twitter:data2\" content=\"3 minutos\" \/>\n<!-- \/ Yoast SEO plugin. -->","yoast_head_json":{"title":"Elas parecem iguais, mas mudam tudo o que voc\u00ea est\u00e1 querendo dizer, qual a diferen\u00e7a entre sess\u00e3o e se\u00e7\u00e3o - Correio Braziliense - Radar","description":"Sess\u00e3o, se\u00e7\u00e3o e cess\u00e3o parecem iguais, mas mudam tudo na frase Veja a diferen\u00e7a e aprenda a usar cada uma sem erro.","robots":{"index":"index","follow":"follow","max-snippet":"max-snippet:-1","max-image-preview":"max-image-preview:large","max-video-preview":"max-video-preview:-1"},"canonical":"https:\/\/www.correiobraziliense.com.br\/cbradar\/elas-parecem-iguais-mas-mudam-tudo-o-que-voce-esta-querendo-dizer-qual-a-diferenca-entre-sessao-e-secao\/","og_locale":"pt_BR","og_type":"article","og_title":"Elas parecem iguais, mas mudam tudo o que voc\u00ea est\u00e1 querendo dizer, qual a diferen\u00e7a entre sess\u00e3o e se\u00e7\u00e3o - Correio Braziliense - Radar","og_description":"Sess\u00e3o, se\u00e7\u00e3o e cess\u00e3o parecem iguais, mas mudam tudo na frase Veja a diferen\u00e7a e aprenda a usar cada uma sem erro.","og_url":"https:\/\/www.correiobraziliense.com.br\/cbradar\/elas-parecem-iguais-mas-mudam-tudo-o-que-voce-esta-querendo-dizer-qual-a-diferenca-entre-sessao-e-secao\/","og_site_name":"Correio Braziliense - Radar","article_published_time":"2025-12-14T23:35:00+00:00","og_image":[{"width":1280,"height":720,"url":"https:\/\/www.correiobraziliense.com.br\/cbradar\/wp-content\/uploads\/2025\/12\/writing_1765662913580.jpg","type":"image\/jpeg"}],"author":"Maria Eduarda Pacheco","twitter_card":"summary_large_image","twitter_misc":{"Escrito por":"Maria Eduarda Pacheco","Est. tempo de leitura":"3 minutos"},"schema":{"@context":"https:\/\/schema.org","@graph":[{"@type":"WebPage","@id":"https:\/\/www.correiobraziliense.com.br\/cbradar\/elas-parecem-iguais-mas-mudam-tudo-o-que-voce-esta-querendo-dizer-qual-a-diferenca-entre-sessao-e-secao\/","url":"https:\/\/www.correiobraziliense.com.br\/cbradar\/elas-parecem-iguais-mas-mudam-tudo-o-que-voce-esta-querendo-dizer-qual-a-diferenca-entre-sessao-e-secao\/","name":"Elas parecem iguais, mas mudam tudo o que voc\u00ea est\u00e1 querendo dizer, qual a diferen\u00e7a entre sess\u00e3o e se\u00e7\u00e3o - Correio Braziliense - Radar","isPartOf":{"@id":"https:\/\/www.correiobraziliense.com.br\/cbradar\/#website"},"primaryImageOfPage":{"@id":"https:\/\/www.correiobraziliense.com.br\/cbradar\/elas-parecem-iguais-mas-mudam-tudo-o-que-voce-esta-querendo-dizer-qual-a-diferenca-entre-sessao-e-secao\/#primaryimage"},"image":{"@id":"https:\/\/www.correiobraziliense.com.br\/cbradar\/elas-parecem-iguais-mas-mudam-tudo-o-que-voce-esta-querendo-dizer-qual-a-diferenca-entre-sessao-e-secao\/#primaryimage"},"thumbnailUrl":"https:\/\/www.correiobraziliense.com.br\/cbradar\/wp-content\/uploads\/2025\/12\/writing_1765662913580.jpg","datePublished":"2025-12-14T23:35:00+00:00","author":{"@id":"https:\/\/www.correiobraziliense.com.br\/cbradar\/#\/schema\/person\/6fdd694c4c0d658f15df15f390ddf066"},"description":"Sess\u00e3o, se\u00e7\u00e3o e cess\u00e3o parecem iguais, mas mudam tudo na frase Veja a diferen\u00e7a e aprenda a usar cada uma sem erro.","breadcrumb":{"@id":"https:\/\/www.correiobraziliense.com.br\/cbradar\/elas-parecem-iguais-mas-mudam-tudo-o-que-voce-esta-querendo-dizer-qual-a-diferenca-entre-sessao-e-secao\/#breadcrumb"},"inLanguage":"pt-BR","potentialAction":[{"@type":"ReadAction","target":["https:\/\/www.correiobraziliense.com.br\/cbradar\/elas-parecem-iguais-mas-mudam-tudo-o-que-voce-esta-querendo-dizer-qual-a-diferenca-entre-sessao-e-secao\/"]}]},{"@type":"ImageObject","inLanguage":"pt-BR","@id":"https:\/\/www.correiobraziliense.com.br\/cbradar\/elas-parecem-iguais-mas-mudam-tudo-o-que-voce-esta-querendo-dizer-qual-a-diferenca-entre-sessao-e-secao\/#primaryimage","url":"https:\/\/www.correiobraziliense.com.br\/cbradar\/wp-content\/uploads\/2025\/12\/writing_1765662913580.jpg","contentUrl":"https:\/\/www.correiobraziliense.com.br\/cbradar\/wp-content\/uploads\/2025\/12\/writing_1765662913580.jpg","width":1280,"height":720,"caption":"Na pr\u00e1tica, isso simplificou a escrita, mas tamb\u00e9m criou uma sensa\u00e7\u00e3o de perda para quem aprendeu a escrever antes da mudan\u00e7a - Cr\u00e9ditos: depositphotos.com \/ HayDmitriy"},{"@type":"BreadcrumbList","@id":"https:\/\/www.correiobraziliense.com.br\/cbradar\/elas-parecem-iguais-mas-mudam-tudo-o-que-voce-esta-querendo-dizer-qual-a-diferenca-entre-sessao-e-secao\/#breadcrumb","itemListElement":[{"@type":"ListItem","position":1,"name":"In\u00edcio","item":"https:\/\/www.correiobraziliense.com.br\/cbradar\/"},{"@type":"ListItem","position":2,"name":"Elas parecem iguais, mas mudam tudo o que voc\u00ea est\u00e1 querendo dizer, qual a diferen\u00e7a entre sess\u00e3o e se\u00e7\u00e3o"}]},{"@type":"WebSite","@id":"https:\/\/www.correiobraziliense.com.br\/cbradar\/#website","url":"https:\/\/www.correiobraziliense.com.br\/cbradar\/","name":"Correio Braziliense - Radar","description":"Acompanhe as \u00faltimas not\u00edcias e fique bem informado sobre tudo o que acontece no Brasil e no mundo.","potentialAction":[{"@type":"SearchAction","target":{"@type":"EntryPoint","urlTemplate":"https:\/\/www.correiobraziliense.com.br\/cbradar\/?s={search_term_string}"},"query-input":{"@type":"PropertyValueSpecification","valueRequired":true,"valueName":"search_term_string"}}],"inLanguage":"pt-BR"},{"@type":"Person","@id":"https:\/\/www.correiobraziliense.com.br\/cbradar\/#\/schema\/person\/6fdd694c4c0d658f15df15f390ddf066","name":"Maria Eduarda Pacheco","image":{"@type":"ImageObject","inLanguage":"pt-BR","@id":"https:\/\/www.correiobraziliense.com.br\/cbradar\/#\/schema\/person\/image\/","url":"https:\/\/secure.gravatar.com\/avatar\/f72a487b26fdeec08ba4868875ea328e?s=96&d=mm&r=g","contentUrl":"https:\/\/secure.gravatar.com\/avatar\/f72a487b26fdeec08ba4868875ea328e?s=96&d=mm&r=g","caption":"Maria Eduarda Pacheco"},"sameAs":["https:\/\/www.correiobraziliense.com.br\/cbradar\/"],"url":"https:\/\/www.correiobraziliense.com.br\/cbradar\/author\/maria-eduarda\/"}]}},"_links":{"self":[{"href":"https:\/\/www.correiobraziliense.com.br\/cbradar\/wp-json\/wp\/v2\/posts\/155647","targetHints":{"allow":["GET"]}}],"collection":[{"href":"https:\/\/www.correiobraziliense.com.br\/cbradar\/wp-json\/wp\/v2\/posts"}],"about":[{"href":"https:\/\/www.correiobraziliense.com.br\/cbradar\/wp-json\/wp\/v2\/types\/post"}],"author":[{"embeddable":true,"href":"https:\/\/www.correiobraziliense.com.br\/cbradar\/wp-json\/wp\/v2\/users\/18"}],"replies":[{"embeddable":true,"href":"https:\/\/www.correiobraziliense.com.br\/cbradar\/wp-json\/wp\/v2\/comments?post=155647"}],"version-history":[{"count":1,"href":"https:\/\/www.correiobraziliense.com.br\/cbradar\/wp-json\/wp\/v2\/posts\/155647\/revisions"}],"predecessor-version":[{"id":155649,"href":"https:\/\/www.correiobraziliense.com.br\/cbradar\/wp-json\/wp\/v2\/posts\/155647\/revisions\/155649"}],"wp:featuredmedia":[{"embeddable":true,"href":"https:\/\/www.correiobraziliense.com.br\/cbradar\/wp-json\/wp\/v2\/media\/155648"}],"wp:attachment":[{"href":"https:\/\/www.correiobraziliense.com.br\/cbradar\/wp-json\/wp\/v2\/media?parent=155647"}],"wp:term":[{"taxonomy":"category","embeddable":true,"href":"https:\/\/www.correiobraziliense.com.br\/cbradar\/wp-json\/wp\/v2\/categories?post=155647"},{"taxonomy":"post_tag","embeddable":true,"href":"https:\/\/www.correiobraziliense.com.br\/cbradar\/wp-json\/wp\/v2\/tags?post=155647"}],"curies":[{"name":"wp","href":"https:\/\/api.w.org\/{rel}","templated":true}]}}