{"id":155669,"date":"2025-12-16T09:45:00","date_gmt":"2025-12-16T12:45:00","guid":{"rendered":"https:\/\/www.correiobraziliense.com.br\/cbradar\/?p=155669"},"modified":"2025-12-15T09:25:49","modified_gmt":"2025-12-15T12:25:49","slug":"o-que-significa-quando-uma-pessoa-nao-quer-montar-a-arvore-de-natal-segundo-a-psicologia","status":"publish","type":"post","link":"https:\/\/www.correiobraziliense.com.br\/cbradar\/o-que-significa-quando-uma-pessoa-nao-quer-montar-a-arvore-de-natal-segundo-a-psicologia\/","title":{"rendered":"O que significa quando uma pessoa n\u00e3o quer montar a \u00e1rvore de Natal, segundo a psicologia"},"content":{"rendered":"\n<p>Em muitos lares, o m\u00eas de dezembro costuma ser associado a luzes, enfeites e ao tradicional ritual de montar o <strong>\u00e1rvore de Natal<\/strong>. Para uma parcela crescente da popula\u00e7\u00e3o, por\u00e9m, essa pr\u00e1tica perdeu sentido ou passou a gerar inc\u00f4modo. Em vez de empolga\u00e7\u00e3o, o per\u00edodo desperta <strong>cansa\u00e7o<\/strong>, <strong>press\u00e3o emocional<\/strong> e lembran\u00e7as dif\u00edceis, o que leva algumas pessoas a evitar totalmente esse costume, buscando formas mais <strong>aut\u00eanticas<\/strong> e respeitosas de viver o fim de ano.<\/p>\n\n\n\n<h2 class=\"wp-block-heading\">Por que o \u00e1rvore de Natal pode causar estresse e desconforto emocional<\/h2>\n\n\n\n<p>A <strong>press\u00e3o social<\/strong> em torno do Natal \u00e9 um dos fatores mais citados por psic\u00f3logos ao explicar por que algumas pessoas deixam o <strong>\u00e1rvore de Natal<\/strong> guardado. Espera-se que todos estejam bem-dispostos e com esp\u00edrito festivo, mesmo quando o ano foi marcado por <strong>dificuldades<\/strong>, frustra\u00e7\u00f5es pessoais ou adoecimento emocional.<\/p>\n\n\n\n<p>Quando o per\u00edodo natalino se combina com <strong>luto<\/strong>, doen\u00e7as, desemprego ou conflitos, essa cobran\u00e7a silenciosa de \u201cfelicidade obrigat\u00f3ria\u201d entra em choque com o que a pessoa sente. Muitas vezes, evitar o ritual \u00e9 uma forma de <strong>autoprote\u00e7\u00e3o emocional<\/strong>, e n\u00e3o de rejei\u00e7\u00e3o ao afeto ou \u00e0 fam\u00edlia, evidenciando o ideal social de felicidade discutido por Ahmed (2010) em <strong>The Promise of Happiness<\/strong>.<\/p>\n\n\n\n<p>A psic\u00f3loga Ana Paula Franco, em seu perfil @psicorevolucionaria, explicou sobre a psicologia em torno dessas a\u00e7\u00f5es:<\/p>\n\n\n\n<blockquote class=\"tiktok-embed\" cite=\"https:\/\/www.tiktok.com\/@psicorevolucionaria\/video\/7578973058820525333\" data-video-id=\"7578973058820525333\" style=\"max-width: 605px;min-width: 325px;\" > <section> <a target=\"_blank\" title=\"@psicorevolucionaria\" href=\"https:\/\/www.tiktok.com\/@psicorevolucionaria?refer=embed\">@psicorevolucionaria<\/a> \u200bSE VOC\u00ca s\u00f3 monta a \u00c1rvore de Natal no \u00faltimo fim de semana de dezembro, num frenesim de stress e adrenalina, porque tem medo de se comprometer com a alegria antes da hora, parab\u00e9ns! Voc\u00ea n\u00e3o \u00e9 ocupado, \u00e9 apenas um Escravo do \u00daltimo Minuto. <a title=\"creatorsearchinsights\" target=\"_blank\" href=\"https:\/\/www.tiktok.com\/tag\/creatorsearchinsights?refer=embed\">#creatorsearchinsights<\/a> <a title=\"procrastinacao\" target=\"_blank\" href=\"https:\/\/www.tiktok.com\/tag\/procrastinacao?refer=embed\">#Procrastinacao<\/a> <a title=\"stressdenatal\" target=\"_blank\" href=\"https:\/\/www.tiktok.com\/tag\/stressdenatal?refer=embed\">#StressDeNatal<\/a> <a title=\"\u00e1rvoredenatal\" target=\"_blank\" href=\"https:\/\/www.tiktok.com\/tag\/%C3%A1rvoredenatal?refer=embed\">#\u00c1rvoreDeNatal<\/a> <a title=\"mecanismosdefuga\" target=\"_blank\" href=\"https:\/\/www.tiktok.com\/tag\/mecanismosdefuga?refer=embed\">#MecanismosDeFuga<\/a> <a target=\"_blank\" title=\"\u266c Natal feliz - Ajotta77\" href=\"https:\/\/www.tiktok.com\/music\/Natal-feliz-7436827751270893569?refer=embed\">\u266c Natal feliz &#8211; Ajotta77<\/a> <\/section> <\/blockquote> <script async src=\"https:\/\/www.tiktok.com\/embed.js\"><\/script>\n\n\n\n<h2 class=\"wp-block-heading\">Como o \u00e1rvore de Natal afeta a sa\u00fade mental no fim de ano<\/h2>\n\n\n\n<p>Especialistas em sa\u00fade mental apontam que a rela\u00e7\u00e3o com o <strong>\u00e1rvore de Natal<\/strong> diz menos sobre \u201cesp\u00edrito natalino\u201d e mais sobre a forma como cada pessoa lida com <strong>emo\u00e7\u00f5es<\/strong> e lembran\u00e7as do ano. H\u00e1 quem encontre conforto na repeti\u00e7\u00e3o dos rituais e quem experimente <strong>sobrecarga emocional<\/strong> ao reviver tradi\u00e7\u00f5es que j\u00e1 n\u00e3o combinam com seu momento de vida.<\/p>\n\n\n\n<p>Em pa\u00edses com forte cultura natalina, como Argentina e Brasil, campanhas publicit\u00e1rias e redes sociais refor\u00e7am uma imagem idealizada de festas perfeitas. Esse cen\u00e1rio pode intensificar sentimentos de <strong>inadequa\u00e7\u00e3o<\/strong> e solid\u00e3o, agravando <strong>ansiedade<\/strong> e <strong>depress\u00e3o<\/strong>, como observado por Sansone &amp; Sansone (2011) em <strong>The Christmas effect on psychopathology<\/strong>.<\/p>\n\n\n\n<ul class=\"wp-block-list\">\n<li><strong>Sobrecarga emocional<\/strong>: a decora\u00e7\u00e3o simboliza uni\u00e3o e harmonia, o que nem sempre corresponde \u00e0 realidade.<\/li>\n\n\n\n<li><strong>Sensa\u00e7\u00e3o de inadequa\u00e7\u00e3o<\/strong>: quem n\u00e3o se identifica com o clima festivo sente o ritual como algo distante de seus valores.<\/li>\n\n\n\n<li><strong>Conflitos familiares<\/strong>: preparar o ambiente natalino pode reacender discuss\u00f5es e atritos antigos.<\/li>\n\n\n\n<li><strong>Cansa\u00e7o f\u00edsico e mental<\/strong>: depois de um ano intenso, muitas pessoas priorizam <strong>descanso<\/strong> em vez de atividades extras.<\/li>\n<\/ul>\n\n\n\n<h2 class=\"wp-block-heading\">Quais s\u00e3o os motivos mais comuns para n\u00e3o montar o \u00e1rvore de Natal<\/h2>\n\n\n\n<p>As raz\u00f5es para n\u00e3o aderir ao ritual variam muito, mas combinam fatores <strong>emocionais<\/strong>, <strong>pr\u00e1ticos<\/strong> e <strong>filos\u00f3ficos<\/strong>. Em muitos casos, abrir m\u00e3o do <strong>\u00e1rvore<\/strong> significa criar um Natal mais <strong>minimalista<\/strong>, menos ligado ao consumo e mais conectado a valores internos e ao cuidado com a <strong>sa\u00fade mental<\/strong>.<\/p>\n\n\n\n<p>Entre os motivos mais citados est\u00e3o experi\u00eancias dif\u00edceis, novos estilos de vida e prioridades financeiras. Tamb\u00e9m h\u00e1 quem veja o <strong>\u00e1rvore<\/strong> apenas como s\u00edmbolo cultural e prefira outras formas de marcar a data, como <strong>velas<\/strong>, plantas naturais, pequenos arranjos ou simplesmente nenhum enfeite, priorizando apenas momentos de presen\u00e7a e descanso.<\/p>\n\n\n\n<ol class=\"wp-block-list\">\n<li><strong>Luto recente ou antigo<\/strong>: a data reacende mem\u00f3rias de quem partiu, tornando a decora\u00e7\u00e3o dolorosa.<\/li>\n\n\n\n<li><strong>Dist\u00e2ncia familiar<\/strong>: separa\u00e7\u00f5es e fam\u00edlias dispersas reduzem o sentido da decora\u00e7\u00e3o tradicional.<\/li>\n\n\n\n<li><strong>Estresse financeiro<\/strong>: com or\u00e7amento apertado, priorizam-se contas b\u00e1sicas em vez de enfeites.<\/li>\n\n\n\n<li><strong>Rotina exaustiva<\/strong>: jornadas longas de trabalho diminuem a disposi\u00e7\u00e3o para montar e guardar o \u00e1rvore.<\/li>\n\n\n\n<li><strong>Novo estilo de vida<\/strong>: escolhas minimalistas ou sustent\u00e1veis incentivam celebra\u00e7\u00f5es mais simples.<\/li>\n<\/ol>\n\n\n\n<figure class=\"wp-block-image size-large\"><img decoding=\"async\" width=\"1024\" height=\"576\" src=\"https:\/\/www.correiobraziliense.com.br\/cbradar\/wp-content\/uploads\/2025\/12\/Psicologia_Noel_Arvore_1280x720-1024x576.png\" alt=\"O que significa quando uma pessoa n\u00e3o quer montar a \u00e1rvore de Natal, segundo a psicologia\" class=\"wp-image-155671\" srcset=\"https:\/\/www.correiobraziliense.com.br\/cbradar\/wp-content\/uploads\/2025\/12\/Psicologia_Noel_Arvore_1280x720-1024x576.png 1024w, https:\/\/www.correiobraziliense.com.br\/cbradar\/wp-content\/uploads\/2025\/12\/Psicologia_Noel_Arvore_1280x720-300x169.png 300w, https:\/\/www.correiobraziliense.com.br\/cbradar\/wp-content\/uploads\/2025\/12\/Psicologia_Noel_Arvore_1280x720-768x432.png 768w, https:\/\/www.correiobraziliense.com.br\/cbradar\/wp-content\/uploads\/2025\/12\/Psicologia_Noel_Arvore_1280x720-750x422.png 750w, https:\/\/www.correiobraziliense.com.br\/cbradar\/wp-content\/uploads\/2025\/12\/Psicologia_Noel_Arvore_1280x720-1140x641.png 1140w, https:\/\/www.correiobraziliense.com.br\/cbradar\/wp-content\/uploads\/2025\/12\/Psicologia_Noel_Arvore_1280x720.png 1280w\" sizes=\"(max-width: 1024px) 100vw, 1024px\" \/><figcaption class=\"wp-element-caption\">Montar \u00e1rvore envolve 2-4h de setup, armazenamento anual e risco de alergias a enfeites, motivando alternativas minimalistas no dezembro.<\/figcaption><\/figure>\n\n\n\n<h2 class=\"wp-block-heading\">Como respeitar diferentes formas de viver o Natal em fam\u00edlia<\/h2>\n\n\n\n<p>Em vez de interpretar a aus\u00eancia do <strong>\u00e1rvore de Natal<\/strong> como falta de esp\u00edrito festivo, \u00e9 importante encarar essa escolha como um gesto de <strong>cuidado com os pr\u00f3prios limites<\/strong>. Cada fam\u00edlia pode adaptar o per\u00edodo \u00e0s suas condi\u00e7\u00f5es emocionais, financeiras e de tempo, sem se prender a modelos \u00fanicos ou a expectativas externas.<\/p>\n\n\n\n<p>Algumas estrat\u00e9gias sugeridas por profissionais de sa\u00fade mental ajudam a construir um fim de ano mais leve e <strong>aut\u00eantico<\/strong>. O foco deixa de ser a decora\u00e7\u00e3o perfeita e passa a ser a cria\u00e7\u00e3o de rituais que fa\u00e7am sentido no presente, reduzindo compara\u00e7\u00f5es e cobran\u00e7as internas.<\/p>\n\n\n\n<ul class=\"wp-block-list\">\n<li>Definir, em conversas francas, quais rituais fazem sentido naquele ano e quais podem ser deixados de lado.<\/li>\n\n\n\n<li>Substituir o <strong>\u00e1rvore tradicional<\/strong> por s\u00edmbolos menores ou mais discretos, quando o grande aparato decorativo parece exagerado.<\/li>\n\n\n\n<li>Organizar encontros menores, com menos exig\u00eancias, priorizando v\u00ednculos realmente significativos.<\/li>\n\n\n\n<li>Permitir que cada integrante da fam\u00edlia participe apenas na medida em que se sente confort\u00e1vel, sem imposi\u00e7\u00e3o.<\/li>\n<\/ul>\n\n\n\n<h2 class=\"wp-block-heading\">Refer\u00eancias bibliogr\u00e1ficas<\/h2>\n\n\n\n<p>AHMED, Sara. <strong>The Promise of Happiness<\/strong>. Durham: Duke University Press, 2010.<\/p>\n\n\n\n<p>SANSONE, R. A.; SANSONE, L. A. <strong>The Christmas effect on psychopathology<\/strong>. <em>Innovations in Clinical Neuroscience<\/em>, 2011.<\/p>\n","protected":false},"excerpt":{"rendered":"<p>N\u00e3o armar \u00e1rvore de Natal: descubra por que muitos abandonam a \u00e1rvore e como cuidar da sa\u00fade mental durante essas f\u00e9rias<\/p>\n","protected":false},"author":3,"featured_media":156772,"comment_status":"open","ping_status":"open","sticky":false,"template":"","format":"standard","meta":{"_yoast_wpseo_focuskw":"n\u00e3o querer \u00e1rvore de natal","_yoast_wpseo_title":"%%title%%","_yoast_wpseo_metadesc":"N\u00e3o armar \u00e1rvore de Natal: descubra por que muitos abandonam a \u00e1rvore e como cuidar da sa\u00fade mental durante essas f\u00e9rias","jnews-multi-image_gallery":[],"jnews_single_post":{"format":"standard"},"jnews_primary_category":[],"jnews_social_meta":[],"jnews_override_counter":[],"footnotes":""},"categories":[112],"tags":[12744,144,12305,8952,404],"class_list":["post-155669","post","type-post","status-publish","format-standard","has-post-thumbnail","hentry","category-curiosidades","tag-arvore-de-natal-2","tag-curiosidades","tag-festas","tag-natal","tag-psicologia"],"yoast_head":"<!-- This site is optimized with the Yoast SEO plugin v24.6 - https:\/\/yoast.com\/wordpress\/plugins\/seo\/ -->\n<title>O que significa quando uma pessoa n\u00e3o quer montar a \u00e1rvore de Natal, segundo a psicologia<\/title>\n<meta name=\"description\" content=\"N\u00e3o armar \u00e1rvore de Natal: descubra por que muitos abandonam a \u00e1rvore e como cuidar da sa\u00fade mental durante essas f\u00e9rias\" \/>\n<meta name=\"robots\" content=\"index, follow, max-snippet:-1, max-image-preview:large, max-video-preview:-1\" \/>\n<link rel=\"canonical\" href=\"https:\/\/www.correiobraziliense.com.br\/cbradar\/o-que-significa-quando-uma-pessoa-nao-quer-montar-a-arvore-de-natal-segundo-a-psicologia\/\" \/>\n<meta property=\"og:locale\" content=\"pt_BR\" \/>\n<meta property=\"og:type\" content=\"article\" \/>\n<meta property=\"og:title\" content=\"O que significa quando uma pessoa n\u00e3o quer montar a \u00e1rvore de Natal, segundo a psicologia\" \/>\n<meta property=\"og:description\" content=\"N\u00e3o armar \u00e1rvore de Natal: descubra por que muitos abandonam a \u00e1rvore e como cuidar da sa\u00fade mental durante essas f\u00e9rias\" \/>\n<meta property=\"og:url\" content=\"https:\/\/www.correiobraziliense.com.br\/cbradar\/o-que-significa-quando-uma-pessoa-nao-quer-montar-a-arvore-de-natal-segundo-a-psicologia\/\" \/>\n<meta property=\"og:site_name\" content=\"Correio Braziliense - Radar\" \/>\n<meta property=\"article:published_time\" content=\"2025-12-16T12:45:00+00:00\" \/>\n<meta property=\"og:image\" content=\"https:\/\/www.correiobraziliense.com.br\/cbradar\/wp-content\/uploads\/2025\/12\/freepik__faa-uma-rvore-de-natal-sem-nenhum-enfeite-img1-img__85512.jpeg\" \/>\n\t<meta property=\"og:image:width\" content=\"1280\" \/>\n\t<meta property=\"og:image:height\" content=\"720\" \/>\n\t<meta property=\"og:image:type\" content=\"image\/jpeg\" \/>\n<meta name=\"author\" content=\"Larissa Carvalho\" \/>\n<meta name=\"twitter:card\" content=\"summary_large_image\" \/>\n<meta name=\"twitter:label1\" content=\"Escrito por\" \/>\n\t<meta name=\"twitter:data1\" content=\"Larissa Carvalho\" \/>\n\t<meta name=\"twitter:label2\" content=\"Est. tempo de leitura\" \/>\n\t<meta name=\"twitter:data2\" content=\"5 minutos\" \/>\n<!-- \/ Yoast SEO plugin. -->","yoast_head_json":{"title":"O que significa quando uma pessoa n\u00e3o quer montar a \u00e1rvore de Natal, segundo a psicologia","description":"N\u00e3o armar \u00e1rvore de Natal: descubra por que muitos abandonam a \u00e1rvore e como cuidar da sa\u00fade mental durante essas f\u00e9rias","robots":{"index":"index","follow":"follow","max-snippet":"max-snippet:-1","max-image-preview":"max-image-preview:large","max-video-preview":"max-video-preview:-1"},"canonical":"https:\/\/www.correiobraziliense.com.br\/cbradar\/o-que-significa-quando-uma-pessoa-nao-quer-montar-a-arvore-de-natal-segundo-a-psicologia\/","og_locale":"pt_BR","og_type":"article","og_title":"O que significa quando uma pessoa n\u00e3o quer montar a \u00e1rvore de Natal, segundo a psicologia","og_description":"N\u00e3o armar \u00e1rvore de Natal: descubra por que muitos abandonam a \u00e1rvore e como cuidar da sa\u00fade mental durante essas f\u00e9rias","og_url":"https:\/\/www.correiobraziliense.com.br\/cbradar\/o-que-significa-quando-uma-pessoa-nao-quer-montar-a-arvore-de-natal-segundo-a-psicologia\/","og_site_name":"Correio Braziliense - Radar","article_published_time":"2025-12-16T12:45:00+00:00","og_image":[{"width":1280,"height":720,"url":"https:\/\/www.correiobraziliense.com.br\/cbradar\/wp-content\/uploads\/2025\/12\/freepik__faa-uma-rvore-de-natal-sem-nenhum-enfeite-img1-img__85512.jpeg","type":"image\/jpeg"}],"author":"Larissa Carvalho","twitter_card":"summary_large_image","twitter_misc":{"Escrito por":"Larissa Carvalho","Est. tempo de leitura":"5 minutos"},"schema":{"@context":"https:\/\/schema.org","@graph":[{"@type":"WebPage","@id":"https:\/\/www.correiobraziliense.com.br\/cbradar\/o-que-significa-quando-uma-pessoa-nao-quer-montar-a-arvore-de-natal-segundo-a-psicologia\/","url":"https:\/\/www.correiobraziliense.com.br\/cbradar\/o-que-significa-quando-uma-pessoa-nao-quer-montar-a-arvore-de-natal-segundo-a-psicologia\/","name":"O que significa quando uma pessoa n\u00e3o quer montar a \u00e1rvore de Natal, segundo a psicologia","isPartOf":{"@id":"https:\/\/www.correiobraziliense.com.br\/cbradar\/#website"},"primaryImageOfPage":{"@id":"https:\/\/www.correiobraziliense.com.br\/cbradar\/o-que-significa-quando-uma-pessoa-nao-quer-montar-a-arvore-de-natal-segundo-a-psicologia\/#primaryimage"},"image":{"@id":"https:\/\/www.correiobraziliense.com.br\/cbradar\/o-que-significa-quando-uma-pessoa-nao-quer-montar-a-arvore-de-natal-segundo-a-psicologia\/#primaryimage"},"thumbnailUrl":"https:\/\/www.correiobraziliense.com.br\/cbradar\/wp-content\/uploads\/2025\/12\/freepik__faa-uma-rvore-de-natal-sem-nenhum-enfeite-img1-img__85512.jpeg","datePublished":"2025-12-16T12:45:00+00:00","author":{"@id":"https:\/\/www.correiobraziliense.com.br\/cbradar\/#\/schema\/person\/58422787644df994b53a19d3e56c1513"},"description":"N\u00e3o armar \u00e1rvore de Natal: descubra por que muitos abandonam a \u00e1rvore e como cuidar da sa\u00fade mental durante essas f\u00e9rias","breadcrumb":{"@id":"https:\/\/www.correiobraziliense.com.br\/cbradar\/o-que-significa-quando-uma-pessoa-nao-quer-montar-a-arvore-de-natal-segundo-a-psicologia\/#breadcrumb"},"inLanguage":"pt-BR","potentialAction":[{"@type":"ReadAction","target":["https:\/\/www.correiobraziliense.com.br\/cbradar\/o-que-significa-quando-uma-pessoa-nao-quer-montar-a-arvore-de-natal-segundo-a-psicologia\/"]}]},{"@type":"ImageObject","inLanguage":"pt-BR","@id":"https:\/\/www.correiobraziliense.com.br\/cbradar\/o-que-significa-quando-uma-pessoa-nao-quer-montar-a-arvore-de-natal-segundo-a-psicologia\/#primaryimage","url":"https:\/\/www.correiobraziliense.com.br\/cbradar\/wp-content\/uploads\/2025\/12\/freepik__faa-uma-rvore-de-natal-sem-nenhum-enfeite-img1-img__85512.jpeg","contentUrl":"https:\/\/www.correiobraziliense.com.br\/cbradar\/wp-content\/uploads\/2025\/12\/freepik__faa-uma-rvore-de-natal-sem-nenhum-enfeite-img1-img__85512.jpeg","width":1280,"height":720,"caption":"Para algumas pessoas, esse ritual deixou de fazer sentido ao longo do tempo"},{"@type":"BreadcrumbList","@id":"https:\/\/www.correiobraziliense.com.br\/cbradar\/o-que-significa-quando-uma-pessoa-nao-quer-montar-a-arvore-de-natal-segundo-a-psicologia\/#breadcrumb","itemListElement":[{"@type":"ListItem","position":1,"name":"In\u00edcio","item":"https:\/\/www.correiobraziliense.com.br\/cbradar\/"},{"@type":"ListItem","position":2,"name":"O que significa quando uma pessoa n\u00e3o quer montar a \u00e1rvore de Natal, segundo a psicologia"}]},{"@type":"WebSite","@id":"https:\/\/www.correiobraziliense.com.br\/cbradar\/#website","url":"https:\/\/www.correiobraziliense.com.br\/cbradar\/","name":"Correio Braziliense - Radar","description":"Acompanhe as \u00faltimas not\u00edcias e fique bem informado sobre tudo o que acontece no Brasil e no mundo.","potentialAction":[{"@type":"SearchAction","target":{"@type":"EntryPoint","urlTemplate":"https:\/\/www.correiobraziliense.com.br\/cbradar\/?s={search_term_string}"},"query-input":{"@type":"PropertyValueSpecification","valueRequired":true,"valueName":"search_term_string"}}],"inLanguage":"pt-BR"},{"@type":"Person","@id":"https:\/\/www.correiobraziliense.com.br\/cbradar\/#\/schema\/person\/58422787644df994b53a19d3e56c1513","name":"Larissa Carvalho","image":{"@type":"ImageObject","inLanguage":"pt-BR","@id":"https:\/\/www.correiobraziliense.com.br\/cbradar\/#\/schema\/person\/image\/","url":"https:\/\/secure.gravatar.com\/avatar\/fe4f91a0de32b52a838d0d612abdc1aa?s=96&d=mm&r=g","contentUrl":"https:\/\/secure.gravatar.com\/avatar\/fe4f91a0de32b52a838d0d612abdc1aa?s=96&d=mm&r=g","caption":"Larissa Carvalho"},"url":"https:\/\/www.correiobraziliense.com.br\/cbradar\/author\/larissamyth\/"}]}},"_links":{"self":[{"href":"https:\/\/www.correiobraziliense.com.br\/cbradar\/wp-json\/wp\/v2\/posts\/155669","targetHints":{"allow":["GET"]}}],"collection":[{"href":"https:\/\/www.correiobraziliense.com.br\/cbradar\/wp-json\/wp\/v2\/posts"}],"about":[{"href":"https:\/\/www.correiobraziliense.com.br\/cbradar\/wp-json\/wp\/v2\/types\/post"}],"author":[{"embeddable":true,"href":"https:\/\/www.correiobraziliense.com.br\/cbradar\/wp-json\/wp\/v2\/users\/3"}],"replies":[{"embeddable":true,"href":"https:\/\/www.correiobraziliense.com.br\/cbradar\/wp-json\/wp\/v2\/comments?post=155669"}],"version-history":[{"count":2,"href":"https:\/\/www.correiobraziliense.com.br\/cbradar\/wp-json\/wp\/v2\/posts\/155669\/revisions"}],"predecessor-version":[{"id":155672,"href":"https:\/\/www.correiobraziliense.com.br\/cbradar\/wp-json\/wp\/v2\/posts\/155669\/revisions\/155672"}],"wp:featuredmedia":[{"embeddable":true,"href":"https:\/\/www.correiobraziliense.com.br\/cbradar\/wp-json\/wp\/v2\/media\/156772"}],"wp:attachment":[{"href":"https:\/\/www.correiobraziliense.com.br\/cbradar\/wp-json\/wp\/v2\/media?parent=155669"}],"wp:term":[{"taxonomy":"category","embeddable":true,"href":"https:\/\/www.correiobraziliense.com.br\/cbradar\/wp-json\/wp\/v2\/categories?post=155669"},{"taxonomy":"post_tag","embeddable":true,"href":"https:\/\/www.correiobraziliense.com.br\/cbradar\/wp-json\/wp\/v2\/tags?post=155669"}],"curies":[{"name":"wp","href":"https:\/\/api.w.org\/{rel}","templated":true}]}}