{"id":1559,"date":"2025-02-11T11:59:00","date_gmt":"2025-02-11T14:59:00","guid":{"rendered":"https:\/\/www.correiobraziliense.com.br\/cbradar\/?p=1559"},"modified":"2025-02-11T04:04:08","modified_gmt":"2025-02-11T07:04:08","slug":"quanto-custou-a-contrucao-do-coliseu-de-roma","status":"publish","type":"post","link":"https:\/\/www.correiobraziliense.com.br\/cbradar\/quanto-custou-a-contrucao-do-coliseu-de-roma\/","title":{"rendered":"Quanto custou a contru\u00e7\u00e3o do Coliseu de Roma?"},"content":{"rendered":"\n<p>Localizado no cora\u00e7\u00e3o de Roma, o Coliseu \u00e9 uma das estruturas mais ic\u00f4nicas do mundo antigo. Conhecido originalmente como Anfiteatro Flaviano, este monumento n\u00e3o \u00e9 apenas uma maravilha arquitet\u00f4nica, mas tamb\u00e9m um s\u00edmbolo do poder e da influ\u00eancia dos imperadores flavianos. Constru\u00eddo entre 72 e 80 d.C., o Coliseu foi erguido sob a lideran\u00e7a dos imperadores Vespasiano, Tito e Domiciano.<\/p>\n\n\n\n<p>A constru\u00e7\u00e3o do Coliseu foi um empreendimento monumental, tanto em termos de engenharia quanto de financiamento. Ap\u00f3s o reinado extravagante de Nero, Vespasiano encontrou as finan\u00e7as do imp\u00e9rio em desordem. Para financiar o projeto, ele implementou uma s\u00e9rie de medidas fiscais, incluindo impostos impopulares que afetaram todas as camadas da sociedade romana.<\/p>\n\n\n\n<h2 class=\"wp-block-heading\">Como foi Financiada a Constru\u00e7\u00e3o do Coliseu?<\/h2>\n\n\n\n<p>O financiamento do Coliseu foi uma combina\u00e7\u00e3o de tributos pesados e despojos de guerra. Uma das principais fontes de recursos foi a guerra na Jud\u00e9ia, que resultou em um saque significativo de ouro, prata e escravos. A conquista de Jerusal\u00e9m por Tito em 70 d.C. foi crucial para encher os cofres imperiais e garantir os fundos necess\u00e1rios para a constru\u00e7\u00e3o do anfiteatro.<\/p>\n\n\n\n<p>Al\u00e9m disso, o uso de materiais luxuosos como p\u00f3rfiro e travertino no Coliseu refletia o esplendor dos imperadores flavianos. O custo total da constru\u00e7\u00e3o, quando ajustado para os padr\u00f5es modernos, rivaliza com grandes projetos contempor\u00e2neos, como os de Las Vegas, estimando-se em cerca de 435,3 milh\u00f5es de d\u00f3lares.<\/p>\n\n\n\n<figure class=\"wp-block-gallery has-nested-images columns-default is-cropped wp-block-gallery-1 is-layout-flex wp-block-gallery-is-layout-flex\">\n<figure class=\"wp-block-image size-large\"><img decoding=\"async\" width=\"1024\" height=\"576\" data-id=\"1563\" src=\"https:\/\/www.correiobraziliense.com.br\/cbradar\/wp-content\/uploads\/2025\/02\/coliseu_1739196429192-1024x576.jpg\" alt=\"Coliseu - Cr\u00e9ditos: depositphotos.com \/ tinoni\" class=\"wp-image-1563\" srcset=\"https:\/\/www.correiobraziliense.com.br\/cbradar\/wp-content\/uploads\/2025\/02\/coliseu_1739196429192-1024x576.jpg 1024w, https:\/\/www.correiobraziliense.com.br\/cbradar\/wp-content\/uploads\/2025\/02\/coliseu_1739196429192-300x169.jpg 300w, https:\/\/www.correiobraziliense.com.br\/cbradar\/wp-content\/uploads\/2025\/02\/coliseu_1739196429192-768x432.jpg 768w, https:\/\/www.correiobraziliense.com.br\/cbradar\/wp-content\/uploads\/2025\/02\/coliseu_1739196429192-750x422.jpg 750w, https:\/\/www.correiobraziliense.com.br\/cbradar\/wp-content\/uploads\/2025\/02\/coliseu_1739196429192-1140x641.jpg 1140w, https:\/\/www.correiobraziliense.com.br\/cbradar\/wp-content\/uploads\/2025\/02\/coliseu_1739196429192.jpg 1280w\" sizes=\"(max-width: 1024px) 100vw, 1024px\" \/><figcaption class=\"wp-element-caption\">Coliseu &#8211; Cr\u00e9ditos: depositphotos.com \/ tinoni<\/figcaption><\/figure>\n<\/figure>\n\n\n\n<h2 class=\"wp-block-heading\">Qual \u00e9 a Signific\u00e2ncia Hist\u00f3rica do Coliseu?<\/h2>\n\n\n\n<p>O Coliseu n\u00e3o \u00e9 apenas uma estrutura monumental; ele tamb\u00e9m simboliza uma transforma\u00e7\u00e3o pol\u00edtica e cultural significativa na Roma antiga. O nome moderno do Coliseu deriva da est\u00e1tua colossal de Nero, que foi transformada em Sol Invictus pelos flavianos. Esta mudan\u00e7a simboliza n\u00e3o apenas uma mudan\u00e7a pol\u00edtica, mas tamb\u00e9m uma transforma\u00e7\u00e3o cultural e religiosa na sociedade romana.<\/p>\n\n\n\n<p>Hoje, o Coliseu permanece como um testemunho duradouro da habilidade t\u00e9cnica dos romanos e da ambi\u00e7\u00e3o pol\u00edtica dos imperadores que o constru\u00edram. Com uma \u00e1rea de aproximadamente 24.281 m\u00b2, ele continua a ser uma das atra\u00e7\u00f5es <a href=\"https:\/\/www.correiobraziliense.com.br\/cbradar\/3-lugares-do-brasil-que-estao-na-lista-de-mais-bonitos-do-mundo\/\" target=\"_blank\" rel=\"noreferrer noopener\">tur\u00edsticas<\/a> mais visitadas do mundo, atraindo milh\u00f5es de visitantes todos os anos.<\/p>\n\n\n\n<h2 class=\"wp-block-heading\">Quais Foram os Impactos Culturais do Coliseu?<\/h2>\n\n\n\n<p>O Coliseu serviu como palco para uma variedade de eventos p\u00fablicos, incluindo combates de gladiadores, execu\u00e7\u00f5es e espet\u00e1culos teatrais. Esses eventos n\u00e3o apenas entretinham a popula\u00e7\u00e3o, mas tamb\u00e9m refor\u00e7avam a autoridade do imperador, demonstrando seu poder e generosidade ao oferecer entretenimento gratuito.<\/p>\n\n\n\n<p>Al\u00e9m disso, o <a href=\"https:\/\/pt.wikipedia.org\/wiki\/Coliseu\" target=\"_blank\" rel=\"noreferrer noopener\">Coliseu<\/a> desempenhou um papel crucial na vida social e pol\u00edtica de Roma, sendo um local onde cidad\u00e3os de todas as classes sociais se reuniam. Este aspecto do Coliseu como um espa\u00e7o de congrega\u00e7\u00e3o p\u00fablica sublinha sua import\u00e2ncia como um s\u00edmbolo de unidade e identidade romana.<\/p>\n\n\n\n<h2 class=\"wp-block-heading\">O Legado Duradouro do Coliseu<\/h2>\n\n\n\n<p>O Coliseu de Roma continua a ser um s\u00edmbolo poderoso da engenhosidade e da ambi\u00e7\u00e3o dos antigos romanos. Sua preserva\u00e7\u00e3o ao longo dos s\u00e9culos \u00e9 um testemunho de sua constru\u00e7\u00e3o robusta e do valor cultural que representa. Como uma das Sete Maravilhas do Mundo Moderno, o Coliseu inspira admira\u00e7\u00e3o e fasc\u00ednio, lembrando-nos da rica hist\u00f3ria e das conquistas da civiliza\u00e7\u00e3o romana.<\/p>\n\n\n\n<p>Hoje, o Coliseu n\u00e3o \u00e9 apenas um monumento hist\u00f3rico, mas tamb\u00e9m um s\u00edmbolo da resili\u00eancia e da capacidade humana de criar obras que perduram atrav\u00e9s do tempo. Sua presen\u00e7a cont\u00ednua no cora\u00e7\u00e3o de Roma serve como um lembrete do legado duradouro dos imperadores flavianos e da Roma antiga.<\/p>\n","protected":false},"excerpt":{"rendered":"<p>Localizado no cora\u00e7\u00e3o de Roma, o Coliseu \u00e9 uma das estruturas mais ic\u00f4nicas do mundo antigo. Conhecido originalmente como Anfiteatro Flaviano, este monumento n\u00e3o \u00e9 apenas uma maravilha arquitet\u00f4nica, mas tamb\u00e9m um s\u00edmbolo do poder e da influ\u00eancia dos imperadores flavianos.<\/p>\n","protected":false},"author":4,"featured_media":1560,"comment_status":"open","ping_status":"open","sticky":false,"template":"","format":"standard","meta":{"_yoast_wpseo_focuskw":"Coliseu","_yoast_wpseo_title":"","_yoast_wpseo_metadesc":"Localizado no cora\u00e7\u00e3o de Roma, o Coliseu \u00e9 uma das estruturas mais ic\u00f4nicas do mundo antigo. Conhecido originalmente como Anfiteatro Flaviano","jnews-multi-image_gallery":[],"jnews_single_post":{"format":"standard"},"jnews_primary_category":[],"jnews_social_meta":[],"jnews_override_counter":[],"footnotes":""},"categories":[108,112,111],"post_tag":[549,547,550,548],"class_list":["post-1559","post","type-post","status-publish","format-standard","has-post-thumbnail","hentry","category-cidades","category-curiosidades","category-turismo","tag-arquitetura","tag-coliseu","tag-engenharia","tag-roma-antiga"],"yoast_head":"<!-- This site is optimized with the Yoast SEO plugin v24.6 - https:\/\/yoast.com\/wordpress\/plugins\/seo\/ -->\n<title>Quanto custou a contru\u00e7\u00e3o do Coliseu de Roma? - Correio Braziliense - Radar<\/title>\n<meta name=\"description\" content=\"Localizado no cora\u00e7\u00e3o de Roma, o Coliseu \u00e9 uma das estruturas mais ic\u00f4nicas do mundo antigo. Conhecido originalmente como Anfiteatro Flaviano\" \/>\n<meta name=\"robots\" content=\"index, follow, max-snippet:-1, max-image-preview:large, max-video-preview:-1\" \/>\n<link rel=\"canonical\" href=\"https:\/\/www.correiobraziliense.com.br\/cbradar\/quanto-custou-a-contrucao-do-coliseu-de-roma\/\" \/>\n<meta property=\"og:locale\" content=\"pt_BR\" \/>\n<meta property=\"og:type\" content=\"article\" \/>\n<meta property=\"og:title\" content=\"Quanto custou a contru\u00e7\u00e3o do Coliseu de Roma? - Correio Braziliense - Radar\" \/>\n<meta property=\"og:description\" content=\"Localizado no cora\u00e7\u00e3o de Roma, o Coliseu \u00e9 uma das estruturas mais ic\u00f4nicas do mundo antigo. Conhecido originalmente como Anfiteatro Flaviano\" \/>\n<meta property=\"og:url\" content=\"https:\/\/www.correiobraziliense.com.br\/cbradar\/quanto-custou-a-contrucao-do-coliseu-de-roma\/\" \/>\n<meta property=\"og:site_name\" content=\"Correio Braziliense - Radar\" \/>\n<meta property=\"article:published_time\" content=\"2025-02-11T14:59:00+00:00\" \/>\n<meta property=\"og:image\" content=\"https:\/\/www.correiobraziliense.com.br\/cbradar\/wp-content\/uploads\/2025\/02\/httpsneural.myth_.devstaticcache08173ff6-64ba-45fe-a8b2-5d5b31b0a398.jpeg\" \/>\n\t<meta property=\"og:image:width\" content=\"1280\" \/>\n\t<meta property=\"og:image:height\" content=\"720\" \/>\n\t<meta property=\"og:image:type\" content=\"image\/jpeg\" \/>\n<meta name=\"author\" content=\"Guilherme Cremaschi\" \/>\n<meta name=\"twitter:card\" content=\"summary_large_image\" \/>\n<meta name=\"twitter:label1\" content=\"Escrito por\" \/>\n\t<meta name=\"twitter:data1\" content=\"Guilherme Cremaschi\" \/>\n\t<meta name=\"twitter:label2\" content=\"Est. tempo de leitura\" \/>\n\t<meta name=\"twitter:data2\" content=\"4 minutos\" \/>\n<!-- \/ Yoast SEO plugin. -->","yoast_head_json":{"title":"Quanto custou a contru\u00e7\u00e3o do Coliseu de Roma? - Correio Braziliense - Radar","description":"Localizado no cora\u00e7\u00e3o de Roma, o Coliseu \u00e9 uma das estruturas mais ic\u00f4nicas do mundo antigo. Conhecido originalmente como Anfiteatro Flaviano","robots":{"index":"index","follow":"follow","max-snippet":"max-snippet:-1","max-image-preview":"max-image-preview:large","max-video-preview":"max-video-preview:-1"},"canonical":"https:\/\/www.correiobraziliense.com.br\/cbradar\/quanto-custou-a-contrucao-do-coliseu-de-roma\/","og_locale":"pt_BR","og_type":"article","og_title":"Quanto custou a contru\u00e7\u00e3o do Coliseu de Roma? - Correio Braziliense - Radar","og_description":"Localizado no cora\u00e7\u00e3o de Roma, o Coliseu \u00e9 uma das estruturas mais ic\u00f4nicas do mundo antigo. Conhecido originalmente como Anfiteatro Flaviano","og_url":"https:\/\/www.correiobraziliense.com.br\/cbradar\/quanto-custou-a-contrucao-do-coliseu-de-roma\/","og_site_name":"Correio Braziliense - Radar","article_published_time":"2025-02-11T14:59:00+00:00","og_image":[{"width":1280,"height":720,"url":"https:\/\/www.correiobraziliense.com.br\/cbradar\/wp-content\/uploads\/2025\/02\/httpsneural.myth_.devstaticcache08173ff6-64ba-45fe-a8b2-5d5b31b0a398.jpeg","type":"image\/jpeg"}],"author":"Guilherme Cremaschi","twitter_card":"summary_large_image","twitter_misc":{"Escrito por":"Guilherme Cremaschi","Est. tempo de leitura":"4 minutos"},"schema":{"@context":"https:\/\/schema.org","@graph":[{"@type":"WebPage","@id":"https:\/\/www.correiobraziliense.com.br\/cbradar\/quanto-custou-a-contrucao-do-coliseu-de-roma\/","url":"https:\/\/www.correiobraziliense.com.br\/cbradar\/quanto-custou-a-contrucao-do-coliseu-de-roma\/","name":"Quanto custou a contru\u00e7\u00e3o do Coliseu de Roma? - Correio Braziliense - Radar","isPartOf":{"@id":"https:\/\/www.correiobraziliense.com.br\/cbradar\/#website"},"primaryImageOfPage":{"@id":"https:\/\/www.correiobraziliense.com.br\/cbradar\/quanto-custou-a-contrucao-do-coliseu-de-roma\/#primaryimage"},"image":{"@id":"https:\/\/www.correiobraziliense.com.br\/cbradar\/quanto-custou-a-contrucao-do-coliseu-de-roma\/#primaryimage"},"thumbnailUrl":"https:\/\/www.correiobraziliense.com.br\/cbradar\/wp-content\/uploads\/2025\/02\/httpsneural.myth_.devstaticcache08173ff6-64ba-45fe-a8b2-5d5b31b0a398.jpeg","datePublished":"2025-02-11T14:59:00+00:00","author":{"@id":"https:\/\/www.correiobraziliense.com.br\/cbradar\/#\/schema\/person\/4760856b25506e84ce34d5de2b0d95f1"},"description":"Localizado no cora\u00e7\u00e3o de Roma, o Coliseu \u00e9 uma das estruturas mais ic\u00f4nicas do mundo antigo. Conhecido originalmente como Anfiteatro Flaviano","breadcrumb":{"@id":"https:\/\/www.correiobraziliense.com.br\/cbradar\/quanto-custou-a-contrucao-do-coliseu-de-roma\/#breadcrumb"},"inLanguage":"pt-BR","potentialAction":[{"@type":"ReadAction","target":["https:\/\/www.correiobraziliense.com.br\/cbradar\/quanto-custou-a-contrucao-do-coliseu-de-roma\/"]}]},{"@type":"ImageObject","inLanguage":"pt-BR","@id":"https:\/\/www.correiobraziliense.com.br\/cbradar\/quanto-custou-a-contrucao-do-coliseu-de-roma\/#primaryimage","url":"https:\/\/www.correiobraziliense.com.br\/cbradar\/wp-content\/uploads\/2025\/02\/httpsneural.myth_.devstaticcache08173ff6-64ba-45fe-a8b2-5d5b31b0a398.jpeg","contentUrl":"https:\/\/www.correiobraziliense.com.br\/cbradar\/wp-content\/uploads\/2025\/02\/httpsneural.myth_.devstaticcache08173ff6-64ba-45fe-a8b2-5d5b31b0a398.jpeg","width":1280,"height":720,"caption":"Quanto custou a contru\u00e7\u00e3o do Coliseu de Roma? Cr\u00e9ditos: depositphotos.com \/ ventdusud"},{"@type":"BreadcrumbList","@id":"https:\/\/www.correiobraziliense.com.br\/cbradar\/quanto-custou-a-contrucao-do-coliseu-de-roma\/#breadcrumb","itemListElement":[{"@type":"ListItem","position":1,"name":"In\u00edcio","item":"https:\/\/www.correiobraziliense.com.br\/cbradar\/"},{"@type":"ListItem","position":2,"name":"Quanto custou a contru\u00e7\u00e3o do Coliseu de Roma?"}]},{"@type":"WebSite","@id":"https:\/\/www.correiobraziliense.com.br\/cbradar\/#website","url":"https:\/\/www.correiobraziliense.com.br\/cbradar\/","name":"Correio Braziliense - Radar","description":"Acompanhe as \u00faltimas not\u00edcias e fique bem informado sobre tudo o que acontece no Brasil e no mundo.","potentialAction":[{"@type":"SearchAction","target":{"@type":"EntryPoint","urlTemplate":"https:\/\/www.correiobraziliense.com.br\/cbradar\/?s={search_term_string}"},"query-input":{"@type":"PropertyValueSpecification","valueRequired":true,"valueName":"search_term_string"}}],"inLanguage":"pt-BR"},{"@type":"Person","@id":"https:\/\/www.correiobraziliense.com.br\/cbradar\/#\/schema\/person\/4760856b25506e84ce34d5de2b0d95f1","name":"Guilherme Cremaschi","image":{"@type":"ImageObject","inLanguage":"pt-BR","@id":"https:\/\/www.correiobraziliense.com.br\/cbradar\/#\/schema\/person\/image\/","url":"https:\/\/secure.gravatar.com\/avatar\/6a059d20d980bdeb1d1d6b0fa2b4633c?s=96&d=mm&r=g","contentUrl":"https:\/\/secure.gravatar.com\/avatar\/6a059d20d980bdeb1d1d6b0fa2b4633c?s=96&d=mm&r=g","caption":"Guilherme Cremaschi"},"sameAs":["https:\/\/www.correiobraziliense.com.br\/"],"url":"https:\/\/www.correiobraziliense.com.br\/cbradar\/author\/guilhermemyth\/"}]}},"_links":{"self":[{"href":"https:\/\/www.correiobraziliense.com.br\/cbradar\/wp-json\/wp\/v2\/posts\/1559","targetHints":{"allow":["GET"]}}],"collection":[{"href":"https:\/\/www.correiobraziliense.com.br\/cbradar\/wp-json\/wp\/v2\/posts"}],"about":[{"href":"https:\/\/www.correiobraziliense.com.br\/cbradar\/wp-json\/wp\/v2\/types\/post"}],"author":[{"embeddable":true,"href":"https:\/\/www.correiobraziliense.com.br\/cbradar\/wp-json\/wp\/v2\/users\/4"}],"replies":[{"embeddable":true,"href":"https:\/\/www.correiobraziliense.com.br\/cbradar\/wp-json\/wp\/v2\/comments?post=1559"}],"version-history":[{"count":5,"href":"https:\/\/www.correiobraziliense.com.br\/cbradar\/wp-json\/wp\/v2\/posts\/1559\/revisions"}],"predecessor-version":[{"id":1572,"href":"https:\/\/www.correiobraziliense.com.br\/cbradar\/wp-json\/wp\/v2\/posts\/1559\/revisions\/1572"}],"wp:featuredmedia":[{"embeddable":true,"href":"https:\/\/www.correiobraziliense.com.br\/cbradar\/wp-json\/wp\/v2\/media\/1560"}],"wp:attachment":[{"href":"https:\/\/www.correiobraziliense.com.br\/cbradar\/wp-json\/wp\/v2\/media?parent=1559"}],"wp:term":[{"taxonomy":"category","embeddable":true,"href":"https:\/\/www.correiobraziliense.com.br\/cbradar\/wp-json\/wp\/v2\/categories?post=1559"},{"taxonomy":"post_tag","embeddable":true,"href":"https:\/\/www.correiobraziliense.com.br\/cbradar\/wp-json\/wp\/v2\/post_tag?post=1559"}],"curies":[{"name":"wp","href":"https:\/\/api.w.org\/{rel}","templated":true}]}}