{"id":15629,"date":"2025-03-26T08:50:00","date_gmt":"2025-03-26T11:50:00","guid":{"rendered":"https:\/\/www.correiobraziliense.com.br\/cbradar\/?p=15629"},"modified":"2025-03-25T14:32:54","modified_gmt":"2025-03-25T17:32:54","slug":"voce-sabia-que-essas-invencoes-sao-brasileiras","status":"publish","type":"post","link":"https:\/\/www.correiobraziliense.com.br\/cbradar\/voce-sabia-que-essas-invencoes-sao-brasileiras\/","title":{"rendered":"Voc\u00ea sabia que essas inven\u00e7\u00f5es s\u00e3o brasileiras?"},"content":{"rendered":"\n<p>O <strong>Brasil<\/strong>, conhecido por sua rica cultura e biodiversidade, tamb\u00e9m tem uma hist\u00f3ria not\u00e1vel de contribui\u00e7\u00f5es para a ci\u00eancia e tecnologia. Muitas dessas inven\u00e7\u00f5es s\u00e3o desconhecidas at\u00e9 mesmo para os pr\u00f3prios brasileiros. Este artigo explora algumas das inven\u00e7\u00f5es mais significativas que surgiram no Brasil, destacando seu impacto e relev\u00e2ncia global.<\/p>\n\n\n\n<p>Desde solu\u00e7\u00f5es pr\u00e1ticas para o dia a dia at\u00e9 avan\u00e7os tecnol\u00f3gicos que moldaram ind\u00fastrias inteiras, as inven\u00e7\u00f5es brasileiras refletem a criatividade e a inova\u00e7\u00e3o do pa\u00eds. Vamos conhecer algumas dessas cria\u00e7\u00f5es que talvez voc\u00ea n\u00e3o soubesse que foram desenvolvidas aqui.<\/p>\n\n\n\n<h2 class=\"wp-block-heading\"><strong>Qual a origem do chuveiro el\u00e9trico?<\/strong><\/h2>\n\n\n\n<p>O&nbsp;<strong>chuveiro el\u00e9trico<\/strong>&nbsp;\u00e9 uma inven\u00e7\u00e3o que revolucionou a forma como as pessoas tomam banho, especialmente em regi\u00f5es tropicais. Criado na d\u00e9cada de 1940 por Francisco Canhos Navarro em Ja\u00fa, S\u00e3o Paulo, o chuveiro el\u00e9trico foi projetado para aquecer a \u00e1gua instantaneamente ao abrir o registro. Utilizando um sistema de diafragma de borracha, a inven\u00e7\u00e3o permitia o ajuste de temperatura, tornando-se uma alternativa pr\u00e1tica e econ\u00f4mica aos sistemas de aquecimento a g\u00e1s.<\/p>\n\n\n\n<figure class=\"wp-block-image size-large\"><img decoding=\"async\" width=\"1024\" height=\"576\" src=\"https:\/\/www.correiobraziliense.com.br\/cbradar\/wp-content\/uploads\/2025\/03\/Brasileiras_1742911233944-1024x576.jpg\" alt=\"Voc\u00ea sabia que essas inven\u00e7\u00f5es s\u00e3o brasileiras?\" class=\"wp-image-15641\" srcset=\"https:\/\/www.correiobraziliense.com.br\/cbradar\/wp-content\/uploads\/2025\/03\/Brasileiras_1742911233944-1024x576.jpg 1024w, https:\/\/www.correiobraziliense.com.br\/cbradar\/wp-content\/uploads\/2025\/03\/Brasileiras_1742911233944-300x169.jpg 300w, https:\/\/www.correiobraziliense.com.br\/cbradar\/wp-content\/uploads\/2025\/03\/Brasileiras_1742911233944-768x432.jpg 768w, https:\/\/www.correiobraziliense.com.br\/cbradar\/wp-content\/uploads\/2025\/03\/Brasileiras_1742911233944-750x422.jpg 750w, https:\/\/www.correiobraziliense.com.br\/cbradar\/wp-content\/uploads\/2025\/03\/Brasileiras_1742911233944-1140x641.jpg 1140w, https:\/\/www.correiobraziliense.com.br\/cbradar\/wp-content\/uploads\/2025\/03\/Brasileiras_1742911233944.jpg 1280w\" sizes=\"(max-width: 1024px) 100vw, 1024px\" \/><figcaption class=\"wp-element-caption\">Brasileiras.Cr\u00e9ditos: depositphotos.com \/ stillfx<\/figcaption><\/figure>\n\n\n\n<p>Com o tempo, a tecnologia foi aprimorada, e a Lorenzetti introduziu um modelo com pist\u00e3o interno em 1955, que ajudou a popularizar o chuveiro el\u00e9trico no Brasil. Hoje, ele \u00e9 amplamente utilizado em muitos lares brasileiros e em outros pa\u00edses com climas semelhantes.<\/p>\n\n\n\n<h2 class=\"wp-block-heading\"><strong>Como a Abreugrafia contribuiu para a medicina?<\/strong><\/h2>\n\n\n\n<p>A&nbsp;<strong>Abreugrafia<\/strong>&nbsp;\u00e9 uma t\u00e9cnica de diagn\u00f3stico por imagem desenvolvida pelo m\u00e9dico brasileiro Manuel Dias de Abreu nos anos 1930. Durante uma epidemia de tuberculose no Rio de Janeiro, Abreu criou uma forma de radiografia em pequena escala dos pulm\u00f5es, que ajudava na detec\u00e7\u00e3o precoce da doen\u00e7a. A t\u00e9cnica rapidamente se espalhou pelo Brasil e foi utilizada para identificar outras condi\u00e7\u00f5es, como c\u00e2nceres e doen\u00e7as card\u00edacas.<\/p>\n\n\n\n<p>Embora a Organiza\u00e7\u00e3o Mundial da Sa\u00fade tenha recomendado a descontinua\u00e7\u00e3o do uso em massa da Abreugrafia em 1974 devido aos riscos da radia\u00e7\u00e3o, a t\u00e9cnica marcou um avan\u00e7o significativo na medicina diagn\u00f3stica e rendeu a Abreu v\u00e1rias indica\u00e7\u00f5es ao Pr\u00eamio Nobel.<\/p>\n\n\n\n<h2 class=\"wp-block-heading\"><strong>Quais s\u00e3o as inova\u00e7\u00f5es brasileiras em tecnologia de comunica\u00e7\u00e3o?<\/strong><\/h2>\n\n\n\n<p>O&nbsp;<strong>identificador de chamadas<\/strong>, popularmente conhecido como &#8220;bina&#8221;, \u00e9 uma inven\u00e7\u00e3o brasileira que trouxe mais seguran\u00e7a e controle para os usu\u00e1rios de telefonia. Criado por N\u00e9lio Nicolai, Jo\u00e3o da Cunha Doya e Carlam Bezerra Salles, o dispositivo permite que os usu\u00e1rios vejam o n\u00famero da chamada recebida antes de atend\u00ea-la. A tecnologia foi patenteada pela primeira vez em 1980 e, apesar de disputas judiciais, evoluiu para ser integrada em smartphones e sistemas de telefonia moderna.<\/p>\n\n\n\n<p>Outra contribui\u00e7\u00e3o not\u00e1vel \u00e9 o&nbsp;<strong>Stereobelt<\/strong>, precursor do Walkman, inventado por Andreas Pavel em 1972. Este dispositivo permitiu que as pessoas ouvissem m\u00fasica em movimento, influenciando a cria\u00e7\u00e3o de tocadores de m\u00fasica port\u00e1teis modernos, como iPods e smartphones.<\/p>\n\n\n\n<h2 class=\"wp-block-heading\"><strong>Quais s\u00e3o as contribui\u00e7\u00f5es brasileiras para a avia\u00e7\u00e3o e transporte?<\/strong><\/h2>\n\n\n\n<p>O&nbsp;<strong>bal\u00e3o de ar quente<\/strong>, ou aer\u00f3stato, foi uma das primeiras contribui\u00e7\u00f5es brasileiras para a avia\u00e7\u00e3o. Em 1709, Bartolomeu de Gusm\u00e3o realizou a primeira demonstra\u00e7\u00e3o p\u00fablica de um bal\u00e3o de ar quente em Lisboa, Portugal. Esta inven\u00e7\u00e3o pioneira utilizava o aquecimento do ar interno para elevar o bal\u00e3o, marcando um passo importante na hist\u00f3ria da avia\u00e7\u00e3o.<\/p>\n\n\n\n<p>No setor automotivo, o&nbsp;<strong>c\u00e2mbio autom\u00e1tico por fluido hidr\u00e1ulico<\/strong>&nbsp;foi desenvolvido por Jos\u00e9 Braz Araripe e Fernando Lehly Lemos. Esta tecnologia substituiu a embreagem manual por um sistema automatizado, facilitando a dire\u00e7\u00e3o e tornando a condu\u00e7\u00e3o mais acess\u00edvel. A General Motors adquiriu a patente e implementou a tecnologia em seus ve\u00edculos, popularizando o c\u00e2mbio autom\u00e1tico em todo o mundo.<\/p>\n\n\n\n<h2 class=\"wp-block-heading\"><strong>Como o filtro de barro brasileiro se destaca na purifica\u00e7\u00e3o de \u00e1gua?<\/strong><\/h2>\n\n\n\n<p>O&nbsp;<strong>filtro de barro<\/strong>&nbsp;\u00e9 uma inven\u00e7\u00e3o brasileira que se destaca por sua efici\u00eancia na purifica\u00e7\u00e3o de \u00e1gua. Desenvolvido a partir de t\u00e9cnicas ind\u00edgenas e aprimorado ao longo dos s\u00e9culos XIX e XX, o filtro utiliza argila e carv\u00e3o ativado para remover impurezas e melhorar o sabor da \u00e1gua. Este sistema de filtra\u00e7\u00e3o \u00e9 amplamente utilizado no Brasil, especialmente em \u00e1reas rurais e durante crises h\u00eddricas, devido \u00e0 sua efic\u00e1cia e baixo custo.<\/p>\n\n\n\n<p>Essas inven\u00e7\u00f5es brasileiras n\u00e3o apenas refletem a engenhosidade e a criatividade do pa\u00eds, mas tamb\u00e9m tiveram um impacto duradouro em v\u00e1rias ind\u00fastrias e na vida cotidiana de pessoas ao redor do mundo.<\/p>\n","protected":false},"excerpt":{"rendered":"<p>Descubra inven\u00e7\u00f5es brasileiras que transformaram o mundo, desde o chuveiro el\u00e9trico at\u00e9 identificadores de chamadas.<\/p>\n","protected":false},"author":3,"featured_media":15640,"comment_status":"open","ping_status":"open","sticky":false,"template":"","format":"standard","meta":{"_yoast_wpseo_focuskw":"inven\u00e7\u00f5es brasileiras","_yoast_wpseo_title":"%%title%%","_yoast_wpseo_metadesc":"Descubra inven\u00e7\u00f5es brasileiras que transformaram o mundo, desde o chuveiro el\u00e9trico at\u00e9 identificadores de chamadas.","jnews-multi-image_gallery":[],"jnews_single_post":{"format":"standard"},"jnews_primary_category":[],"jnews_social_meta":[],"jnews_override_counter":[],"footnotes":""},"categories":[112],"tags":[2419],"class_list":["post-15629","post","type-post","status-publish","format-standard","has-post-thumbnail","hentry","category-curiosidades","tag-invencoes"],"yoast_head":"<!-- This site is optimized with the Yoast SEO plugin v24.6 - https:\/\/yoast.com\/wordpress\/plugins\/seo\/ -->\n<title>Voc\u00ea sabia que essas inven\u00e7\u00f5es s\u00e3o brasileiras?<\/title>\n<meta name=\"description\" content=\"Descubra inven\u00e7\u00f5es brasileiras que transformaram o mundo, desde o chuveiro el\u00e9trico at\u00e9 identificadores de chamadas.\" \/>\n<meta name=\"robots\" content=\"index, follow, max-snippet:-1, max-image-preview:large, max-video-preview:-1\" \/>\n<link rel=\"canonical\" href=\"https:\/\/www.correiobraziliense.com.br\/cbradar\/voce-sabia-que-essas-invencoes-sao-brasileiras\/\" \/>\n<meta property=\"og:locale\" content=\"pt_BR\" \/>\n<meta property=\"og:type\" content=\"article\" \/>\n<meta property=\"og:title\" content=\"Voc\u00ea sabia que essas inven\u00e7\u00f5es s\u00e3o brasileiras?\" \/>\n<meta property=\"og:description\" content=\"Descubra inven\u00e7\u00f5es brasileiras que transformaram o mundo, desde o chuveiro el\u00e9trico at\u00e9 identificadores de chamadas.\" \/>\n<meta property=\"og:url\" content=\"https:\/\/www.correiobraziliense.com.br\/cbradar\/voce-sabia-que-essas-invencoes-sao-brasileiras\/\" \/>\n<meta property=\"og:site_name\" content=\"Correio Braziliense - Radar\" \/>\n<meta property=\"article:published_time\" content=\"2025-03-26T11:50:00+00:00\" \/>\n<meta property=\"og:image\" content=\"https:\/\/www.correiobraziliense.com.br\/cbradar\/wp-content\/uploads\/2025\/03\/Brasileiras_1742911186897.jpg\" \/>\n\t<meta property=\"og:image:width\" content=\"1280\" \/>\n\t<meta property=\"og:image:height\" content=\"720\" \/>\n\t<meta property=\"og:image:type\" content=\"image\/jpeg\" \/>\n<meta name=\"author\" content=\"Larissa Carvalho\" \/>\n<meta name=\"twitter:card\" content=\"summary_large_image\" \/>\n<meta name=\"twitter:label1\" content=\"Escrito por\" \/>\n\t<meta name=\"twitter:data1\" content=\"Larissa Carvalho\" \/>\n\t<meta name=\"twitter:label2\" content=\"Est. tempo de leitura\" \/>\n\t<meta name=\"twitter:data2\" content=\"5 minutos\" \/>\n<!-- \/ Yoast SEO plugin. -->","yoast_head_json":{"title":"Voc\u00ea sabia que essas inven\u00e7\u00f5es s\u00e3o brasileiras?","description":"Descubra inven\u00e7\u00f5es brasileiras que transformaram o mundo, desde o chuveiro el\u00e9trico at\u00e9 identificadores de chamadas.","robots":{"index":"index","follow":"follow","max-snippet":"max-snippet:-1","max-image-preview":"max-image-preview:large","max-video-preview":"max-video-preview:-1"},"canonical":"https:\/\/www.correiobraziliense.com.br\/cbradar\/voce-sabia-que-essas-invencoes-sao-brasileiras\/","og_locale":"pt_BR","og_type":"article","og_title":"Voc\u00ea sabia que essas inven\u00e7\u00f5es s\u00e3o brasileiras?","og_description":"Descubra inven\u00e7\u00f5es brasileiras que transformaram o mundo, desde o chuveiro el\u00e9trico at\u00e9 identificadores de chamadas.","og_url":"https:\/\/www.correiobraziliense.com.br\/cbradar\/voce-sabia-que-essas-invencoes-sao-brasileiras\/","og_site_name":"Correio Braziliense - Radar","article_published_time":"2025-03-26T11:50:00+00:00","og_image":[{"width":1280,"height":720,"url":"https:\/\/www.correiobraziliense.com.br\/cbradar\/wp-content\/uploads\/2025\/03\/Brasileiras_1742911186897.jpg","type":"image\/jpeg"}],"author":"Larissa Carvalho","twitter_card":"summary_large_image","twitter_misc":{"Escrito por":"Larissa Carvalho","Est. tempo de leitura":"5 minutos"},"schema":{"@context":"https:\/\/schema.org","@graph":[{"@type":"WebPage","@id":"https:\/\/www.correiobraziliense.com.br\/cbradar\/voce-sabia-que-essas-invencoes-sao-brasileiras\/","url":"https:\/\/www.correiobraziliense.com.br\/cbradar\/voce-sabia-que-essas-invencoes-sao-brasileiras\/","name":"Voc\u00ea sabia que essas inven\u00e7\u00f5es s\u00e3o brasileiras?","isPartOf":{"@id":"https:\/\/www.correiobraziliense.com.br\/cbradar\/#website"},"primaryImageOfPage":{"@id":"https:\/\/www.correiobraziliense.com.br\/cbradar\/voce-sabia-que-essas-invencoes-sao-brasileiras\/#primaryimage"},"image":{"@id":"https:\/\/www.correiobraziliense.com.br\/cbradar\/voce-sabia-que-essas-invencoes-sao-brasileiras\/#primaryimage"},"thumbnailUrl":"https:\/\/www.correiobraziliense.com.br\/cbradar\/wp-content\/uploads\/2025\/03\/Brasileiras_1742911186897.jpg","datePublished":"2025-03-26T11:50:00+00:00","author":{"@id":"https:\/\/www.correiobraziliense.com.br\/cbradar\/#\/schema\/person\/58422787644df994b53a19d3e56c1513"},"description":"Descubra inven\u00e7\u00f5es brasileiras que transformaram o mundo, desde o chuveiro el\u00e9trico at\u00e9 identificadores de chamadas.","breadcrumb":{"@id":"https:\/\/www.correiobraziliense.com.br\/cbradar\/voce-sabia-que-essas-invencoes-sao-brasileiras\/#breadcrumb"},"inLanguage":"pt-BR","potentialAction":[{"@type":"ReadAction","target":["https:\/\/www.correiobraziliense.com.br\/cbradar\/voce-sabia-que-essas-invencoes-sao-brasileiras\/"]}]},{"@type":"ImageObject","inLanguage":"pt-BR","@id":"https:\/\/www.correiobraziliense.com.br\/cbradar\/voce-sabia-que-essas-invencoes-sao-brasileiras\/#primaryimage","url":"https:\/\/www.correiobraziliense.com.br\/cbradar\/wp-content\/uploads\/2025\/03\/Brasileiras_1742911186897.jpg","contentUrl":"https:\/\/www.correiobraziliense.com.br\/cbradar\/wp-content\/uploads\/2025\/03\/Brasileiras_1742911186897.jpg","width":1280,"height":720,"caption":"Brasileiras.Cr\u00e9ditos: depositphotos.com \/ VadimVasenin"},{"@type":"BreadcrumbList","@id":"https:\/\/www.correiobraziliense.com.br\/cbradar\/voce-sabia-que-essas-invencoes-sao-brasileiras\/#breadcrumb","itemListElement":[{"@type":"ListItem","position":1,"name":"In\u00edcio","item":"https:\/\/www.correiobraziliense.com.br\/cbradar\/"},{"@type":"ListItem","position":2,"name":"Voc\u00ea sabia que essas inven\u00e7\u00f5es s\u00e3o brasileiras?"}]},{"@type":"WebSite","@id":"https:\/\/www.correiobraziliense.com.br\/cbradar\/#website","url":"https:\/\/www.correiobraziliense.com.br\/cbradar\/","name":"Correio Braziliense - Radar","description":"Acompanhe as \u00faltimas not\u00edcias e fique bem informado sobre tudo o que acontece no Brasil e no mundo.","potentialAction":[{"@type":"SearchAction","target":{"@type":"EntryPoint","urlTemplate":"https:\/\/www.correiobraziliense.com.br\/cbradar\/?s={search_term_string}"},"query-input":{"@type":"PropertyValueSpecification","valueRequired":true,"valueName":"search_term_string"}}],"inLanguage":"pt-BR"},{"@type":"Person","@id":"https:\/\/www.correiobraziliense.com.br\/cbradar\/#\/schema\/person\/58422787644df994b53a19d3e56c1513","name":"Larissa Carvalho","image":{"@type":"ImageObject","inLanguage":"pt-BR","@id":"https:\/\/www.correiobraziliense.com.br\/cbradar\/#\/schema\/person\/image\/","url":"https:\/\/secure.gravatar.com\/avatar\/fe4f91a0de32b52a838d0d612abdc1aa?s=96&d=mm&r=g","contentUrl":"https:\/\/secure.gravatar.com\/avatar\/fe4f91a0de32b52a838d0d612abdc1aa?s=96&d=mm&r=g","caption":"Larissa Carvalho"},"url":"https:\/\/www.correiobraziliense.com.br\/cbradar\/author\/larissamyth\/"}]}},"_links":{"self":[{"href":"https:\/\/www.correiobraziliense.com.br\/cbradar\/wp-json\/wp\/v2\/posts\/15629","targetHints":{"allow":["GET"]}}],"collection":[{"href":"https:\/\/www.correiobraziliense.com.br\/cbradar\/wp-json\/wp\/v2\/posts"}],"about":[{"href":"https:\/\/www.correiobraziliense.com.br\/cbradar\/wp-json\/wp\/v2\/types\/post"}],"author":[{"embeddable":true,"href":"https:\/\/www.correiobraziliense.com.br\/cbradar\/wp-json\/wp\/v2\/users\/3"}],"replies":[{"embeddable":true,"href":"https:\/\/www.correiobraziliense.com.br\/cbradar\/wp-json\/wp\/v2\/comments?post=15629"}],"version-history":[{"count":2,"href":"https:\/\/www.correiobraziliense.com.br\/cbradar\/wp-json\/wp\/v2\/posts\/15629\/revisions"}],"predecessor-version":[{"id":15780,"href":"https:\/\/www.correiobraziliense.com.br\/cbradar\/wp-json\/wp\/v2\/posts\/15629\/revisions\/15780"}],"wp:featuredmedia":[{"embeddable":true,"href":"https:\/\/www.correiobraziliense.com.br\/cbradar\/wp-json\/wp\/v2\/media\/15640"}],"wp:attachment":[{"href":"https:\/\/www.correiobraziliense.com.br\/cbradar\/wp-json\/wp\/v2\/media?parent=15629"}],"wp:term":[{"taxonomy":"category","embeddable":true,"href":"https:\/\/www.correiobraziliense.com.br\/cbradar\/wp-json\/wp\/v2\/categories?post=15629"},{"taxonomy":"post_tag","embeddable":true,"href":"https:\/\/www.correiobraziliense.com.br\/cbradar\/wp-json\/wp\/v2\/tags?post=15629"}],"curies":[{"name":"wp","href":"https:\/\/api.w.org\/{rel}","templated":true}]}}