{"id":156304,"date":"2025-12-15T08:45:00","date_gmt":"2025-12-15T11:45:00","guid":{"rendered":"https:\/\/www.correiobraziliense.com.br\/cbradar\/?p=156304"},"modified":"2025-12-14T15:16:28","modified_gmt":"2025-12-14T18:16:28","slug":"as-3-palavras-em-portugues-consideradas-as-mais-dificeis-de-pronunciar","status":"publish","type":"post","link":"https:\/\/www.correiobraziliense.com.br\/cbradar\/as-3-palavras-em-portugues-consideradas-as-mais-dificeis-de-pronunciar\/","title":{"rendered":"As 3 palavras em portugu\u00eas consideradas as mais dif\u00edceis de pronunciar"},"content":{"rendered":"\n<p><strong>A l\u00edngua portuguesa \u00e9 rica, sonora e cheia de nuances, mas tamb\u00e9m pode ser um verdadeiro desafio at\u00e9 mesmo para falantes nativos.<\/strong> Algumas palavras se tornaram famosas justamente por travarem a l\u00edngua, causar confus\u00e3o na pron\u00fancia e renderem erros frequentes. Conhecer essas palavras ajuda a entender melhor a complexidade e a beleza do portugu\u00eas.<\/p>\n\n\n\n<h2 class=\"wp-block-heading\">Por que algumas palavras s\u00e3o t\u00e3o dif\u00edceis de pronunciar?<\/h2>\n\n\n\n<p><strong>Algumas palavras s\u00e3o dif\u00edceis de pronunciar porque combinam encontros consonantais raros, sons repetidos e ritmo complexo<\/strong>, exigindo coordena\u00e7\u00e3o precisa da fala. Quando esses elementos aparecem juntos, a fluidez natural da l\u00edngua \u00e9 interrompida.<\/p>\n\n\n\n<p>Al\u00e9m disso, muitas dessas palavras n\u00e3o s\u00e3o usadas no cotidiano, reduzindo a familiaridade sonora. Quanto menos uma palavra \u00e9 ouvida e praticada, maior tende a ser a dificuldade na hora de pronunci\u00e1-la corretamente.<\/p>\n\n\n<div class=\"wp-block-image\">\n<figure class=\"aligncenter size-large\"><img decoding=\"async\" width=\"1024\" height=\"576\" src=\"https:\/\/www.correiobraziliense.com.br\/cbradar\/wp-content\/uploads\/2025\/12\/G-2025-12-14T150216.491-1024x576.png\" alt=\"As 3 palavras em portugu\u00eas consideradas as mais dif\u00edceis de pronunciar\" class=\"wp-image-156311\" srcset=\"https:\/\/www.correiobraziliense.com.br\/cbradar\/wp-content\/uploads\/2025\/12\/G-2025-12-14T150216.491-1024x576.png 1024w, https:\/\/www.correiobraziliense.com.br\/cbradar\/wp-content\/uploads\/2025\/12\/G-2025-12-14T150216.491-300x169.png 300w, https:\/\/www.correiobraziliense.com.br\/cbradar\/wp-content\/uploads\/2025\/12\/G-2025-12-14T150216.491-768x432.png 768w, https:\/\/www.correiobraziliense.com.br\/cbradar\/wp-content\/uploads\/2025\/12\/G-2025-12-14T150216.491-750x422.png 750w, https:\/\/www.correiobraziliense.com.br\/cbradar\/wp-content\/uploads\/2025\/12\/G-2025-12-14T150216.491-1140x641.png 1140w, https:\/\/www.correiobraziliense.com.br\/cbradar\/wp-content\/uploads\/2025\/12\/G-2025-12-14T150216.491.png 1280w\" sizes=\"(max-width: 1024px) 100vw, 1024px\" \/><figcaption class=\"wp-element-caption\">Dominar pron\u00fancias complexas constr\u00f3i confian\u00e7a verbal! Treine devagar, divida em s\u00edlabas e celebre progressos para falar com seguran\u00e7a em qualquer contexto social.<\/figcaption><\/figure><\/div>\n\n\n<h2 class=\"wp-block-heading\">Por que paralelep\u00edpedo confunde tanta gente?<\/h2>\n\n\n\n<p><strong>Paralelep\u00edpedo \u00e9 dif\u00edcil de pronunciar por causa da repeti\u00e7\u00e3o de s\u00edlabas semelhantes e da altern\u00e2ncia r\u00e1pida de sons<\/strong>, o que exige aten\u00e7\u00e3o e pr\u00e1tica. Pequenas trocas de s\u00edlabas s\u00e3o comuns, mesmo entre adultos.<\/p>\n\n\n\n<p>A palavra costuma ser usada como exemplo cl\u00e1ssico de trava-l\u00edngua no portugu\u00eas. Sua extens\u00e3o e ritmo irregular fazem com que seja frequentemente abreviada ou dita de forma incorreta em conversas informais.<\/p>\n\n\n\n<h2 class=\"wp-block-heading\">Pneumoultramicroscopicossilicovulcanoconi\u00f3tico \u00e9 impronunci\u00e1vel?<\/h2>\n\n\n\n<p><strong>Pneumoultramicroscopicossilicovulcanoconi\u00f3tico \u00e9 considerada uma das palavras mais dif\u00edceis do portugu\u00eas pelo seu tamanho extremo e complexidade sonora<\/strong>, apesar de ter origem cient\u00edfica. Pronunci\u00e1-la exige f\u00f4lego e dom\u00ednio da articula\u00e7\u00e3o.<\/p>\n\n\n\n<p>Antes de entender por que ela se tornou t\u00e3o famosa, vale observar alguns fatores que explicam sua dificuldade:<\/p>\n\n\n\n<ul class=\"wp-block-list\">\n<li>N\u00famero elevado de s\u00edlabas<\/li>\n\n\n\n<li>Sequ\u00eancia extensa de consoantes e vogais<\/li>\n\n\n\n<li>Pouco uso fora de contextos espec\u00edficos<\/li>\n<\/ul>\n\n\n\n<h2 class=\"wp-block-heading\">Por que inconstitucionalissimamente trava a l\u00edngua?<\/h2>\n\n\n\n<p><strong>Inconstitucionalissimamente trava a l\u00edngua porque re\u00fane sufixos longos e repetitivos<\/strong>, formando uma palavra extensa e de ritmo irregular. A transi\u00e7\u00e3o entre as s\u00edlabas exige cuidado para n\u00e3o perder sons ou acentos.<\/p>\n\n\n\n<p>Ela costuma ser usada como exemplo de exagero lingu\u00edstico e demonstra como o portugu\u00eas permite a forma\u00e7\u00e3o de palavras extremamente longas sem perder o sentido gramatical.<\/p>\n\n\n\n<figure class=\"wp-block-image aligncenter size-large\"><img decoding=\"async\" width=\"1024\" height=\"576\" src=\"https:\/\/www.correiobraziliense.com.br\/cbradar\/wp-content\/uploads\/2025\/12\/G-2025-12-14T150745.972-1024x576.png\" alt=\"As 3 palavras em portugu\u00eas consideradas as mais dif\u00edceis de pronunciar\" class=\"wp-image-156316\" srcset=\"https:\/\/www.correiobraziliense.com.br\/cbradar\/wp-content\/uploads\/2025\/12\/G-2025-12-14T150745.972-1024x576.png 1024w, https:\/\/www.correiobraziliense.com.br\/cbradar\/wp-content\/uploads\/2025\/12\/G-2025-12-14T150745.972-300x169.png 300w, https:\/\/www.correiobraziliense.com.br\/cbradar\/wp-content\/uploads\/2025\/12\/G-2025-12-14T150745.972-768x432.png 768w, https:\/\/www.correiobraziliense.com.br\/cbradar\/wp-content\/uploads\/2025\/12\/G-2025-12-14T150745.972-750x422.png 750w, https:\/\/www.correiobraziliense.com.br\/cbradar\/wp-content\/uploads\/2025\/12\/G-2025-12-14T150745.972-1140x641.png 1140w, https:\/\/www.correiobraziliense.com.br\/cbradar\/wp-content\/uploads\/2025\/12\/G-2025-12-14T150745.972.png 1280w\" sizes=\"(max-width: 1024px) 100vw, 1024px\" \/><figcaption class=\"wp-element-caption\">Ou\u00e7a \u00e1udios nativos, grave-se comparando e pratique em contextos reais; foque respira\u00e7\u00e3o diafragm\u00e1tica pra fluidez em sequ\u00eancias r\u00e1pidas.\u200b\n\n<\/figcaption><\/figure>\n\n\n\n<p><strong>Leia tamb\u00e9m: <a href=\"https:\/\/www.correiobraziliense.com.br\/cbradar\/o-que-significa-quando-passaros-escolhem-sua-porta-para-construir-um-ninho\/#google_vignette\" target=\"_blank\" rel=\"noreferrer noopener\">O que significa quando p\u00e1ssaros escolhem sua porta para construir um ninho?<\/a><\/strong><\/p>\n\n\n\n<h2 class=\"wp-block-heading\">Quais s\u00e3o as palavras mais dif\u00edceis e por qu\u00ea?<\/h2>\n\n\n\n<p><strong>As palavras mais dif\u00edceis de pronunciar em portugu\u00eas costumam reunir tamanho, pouca familiaridade e complexidade sonora<\/strong>, tornando-se verdadeiros desafios orais. Elas s\u00e3o usadas tanto como curiosidade quanto como exerc\u00edcio de dic\u00e7\u00e3o.<\/p>\n\n\n\n<p>Veja abaixo a tabela com um resumo das palavras e os motivos da dificuldade:<\/p>\n\n\n\n<figure class=\"wp-block-table\"><table class=\"has-fixed-layout\"><thead><tr><th>Palavra<\/th><th>Motivo da dificuldade<\/th><\/tr><\/thead><tbody><tr><td>Paralelep\u00edpedo<\/td><td>Repeti\u00e7\u00e3o e ritmo irregular<\/td><\/tr><tr><td>Pneumoultramicroscopicossilicovulcanoconi\u00f3tico<\/td><td>Extens\u00e3o extrema<\/td><\/tr><tr><td>Inconstitucionalissimamente<\/td><td>Excesso de sufixos<\/td><\/tr><\/tbody><\/table><\/figure>\n\n\n\n<p>Essas palavras mostram como o portugu\u00eas \u00e9 uma l\u00edngua rica e desafiadora. Dominar sua pron\u00fancia \u00e9 menos uma obriga\u00e7\u00e3o e mais uma curiosidade divertida que revela a complexidade do nosso idioma.<\/p>\n","protected":false},"excerpt":{"rendered":"<p>A l\u00edngua portuguesa \u00e9 rica, sonora e cheia de nuances, mas tamb\u00e9m pode ser um verdadeiro desafio at\u00e9 mesmo para falantes nativos. Algumas palavras se tornaram famosas justamente por travarem a l\u00edngua, causar confus\u00e3o na pron\u00fancia e renderem erros frequentes. Conhecer essas palavras ajuda a entender melhor a complexidade e a beleza do portugu\u00eas. Por [&hellip;]<\/p>\n","protected":false},"author":8,"featured_media":156319,"comment_status":"open","ping_status":"open","sticky":false,"template":"","format":"standard","meta":{"_yoast_wpseo_focuskw":"palavras dif\u00edceis","_yoast_wpseo_title":"","_yoast_wpseo_metadesc":"Descubra as 3 palavras em portugu\u00eas que mais desafiam a pron\u00fancia e geram d\u00favidas at\u00e9 entre falantes fluentes.","jnews-multi-image_gallery":[],"jnews_single_post":{"format":"standard"},"jnews_primary_category":[],"jnews_social_meta":[],"jnews_override_counter":[],"footnotes":""},"categories":[112],"tags":[11284,12782,11692],"class_list":["post-156304","post","type-post","status-publish","format-standard","has-post-thumbnail","hentry","category-curiosidades","tag-linguas-2","tag-palavras-dificeis","tag-portugues-2"],"yoast_head":"<!-- This site is optimized with the Yoast SEO plugin v24.6 - https:\/\/yoast.com\/wordpress\/plugins\/seo\/ -->\n<title>As 3 palavras em portugu\u00eas consideradas as mais dif\u00edceis de pronunciar - Correio Braziliense - Radar<\/title>\n<meta name=\"description\" content=\"Descubra as 3 palavras em portugu\u00eas que mais desafiam a pron\u00fancia e geram d\u00favidas at\u00e9 entre falantes fluentes.\" \/>\n<meta name=\"robots\" content=\"index, follow, max-snippet:-1, max-image-preview:large, max-video-preview:-1\" \/>\n<link rel=\"canonical\" href=\"https:\/\/www.correiobraziliense.com.br\/cbradar\/as-3-palavras-em-portugues-consideradas-as-mais-dificeis-de-pronunciar\/\" \/>\n<meta property=\"og:locale\" content=\"pt_BR\" \/>\n<meta property=\"og:type\" content=\"article\" \/>\n<meta property=\"og:title\" content=\"As 3 palavras em portugu\u00eas consideradas as mais dif\u00edceis de pronunciar - Correio Braziliense - Radar\" \/>\n<meta property=\"og:description\" content=\"Descubra as 3 palavras em portugu\u00eas que mais desafiam a pron\u00fancia e geram d\u00favidas at\u00e9 entre falantes fluentes.\" \/>\n<meta property=\"og:url\" content=\"https:\/\/www.correiobraziliense.com.br\/cbradar\/as-3-palavras-em-portugues-consideradas-as-mais-dificeis-de-pronunciar\/\" \/>\n<meta property=\"og:site_name\" content=\"Correio Braziliense - Radar\" \/>\n<meta property=\"article:published_time\" content=\"2025-12-15T11:45:00+00:00\" \/>\n<meta property=\"og:image\" content=\"https:\/\/www.correiobraziliense.com.br\/cbradar\/wp-content\/uploads\/2025\/12\/G-2025-12-14T151107.314.png\" \/>\n\t<meta property=\"og:image:width\" content=\"1280\" \/>\n\t<meta property=\"og:image:height\" content=\"720\" \/>\n\t<meta property=\"og:image:type\" content=\"image\/png\" \/>\n<meta name=\"author\" content=\"Maura Pereira\" \/>\n<meta name=\"twitter:card\" content=\"summary_large_image\" \/>\n<meta name=\"twitter:label1\" content=\"Escrito por\" \/>\n\t<meta name=\"twitter:data1\" content=\"Maura Pereira\" \/>\n\t<meta name=\"twitter:label2\" content=\"Est. tempo de leitura\" \/>\n\t<meta name=\"twitter:data2\" content=\"4 minutos\" \/>\n<!-- \/ Yoast SEO plugin. -->","yoast_head_json":{"title":"As 3 palavras em portugu\u00eas consideradas as mais dif\u00edceis de pronunciar - Correio Braziliense - Radar","description":"Descubra as 3 palavras em portugu\u00eas que mais desafiam a pron\u00fancia e geram d\u00favidas at\u00e9 entre falantes fluentes.","robots":{"index":"index","follow":"follow","max-snippet":"max-snippet:-1","max-image-preview":"max-image-preview:large","max-video-preview":"max-video-preview:-1"},"canonical":"https:\/\/www.correiobraziliense.com.br\/cbradar\/as-3-palavras-em-portugues-consideradas-as-mais-dificeis-de-pronunciar\/","og_locale":"pt_BR","og_type":"article","og_title":"As 3 palavras em portugu\u00eas consideradas as mais dif\u00edceis de pronunciar - Correio Braziliense - Radar","og_description":"Descubra as 3 palavras em portugu\u00eas que mais desafiam a pron\u00fancia e geram d\u00favidas at\u00e9 entre falantes fluentes.","og_url":"https:\/\/www.correiobraziliense.com.br\/cbradar\/as-3-palavras-em-portugues-consideradas-as-mais-dificeis-de-pronunciar\/","og_site_name":"Correio Braziliense - Radar","article_published_time":"2025-12-15T11:45:00+00:00","og_image":[{"width":1280,"height":720,"url":"https:\/\/www.correiobraziliense.com.br\/cbradar\/wp-content\/uploads\/2025\/12\/G-2025-12-14T151107.314.png","type":"image\/png"}],"author":"Maura Pereira","twitter_card":"summary_large_image","twitter_misc":{"Escrito por":"Maura Pereira","Est. tempo de leitura":"4 minutos"},"schema":{"@context":"https:\/\/schema.org","@graph":[{"@type":"WebPage","@id":"https:\/\/www.correiobraziliense.com.br\/cbradar\/as-3-palavras-em-portugues-consideradas-as-mais-dificeis-de-pronunciar\/","url":"https:\/\/www.correiobraziliense.com.br\/cbradar\/as-3-palavras-em-portugues-consideradas-as-mais-dificeis-de-pronunciar\/","name":"As 3 palavras em portugu\u00eas consideradas as mais dif\u00edceis de pronunciar - Correio Braziliense - Radar","isPartOf":{"@id":"https:\/\/www.correiobraziliense.com.br\/cbradar\/#website"},"primaryImageOfPage":{"@id":"https:\/\/www.correiobraziliense.com.br\/cbradar\/as-3-palavras-em-portugues-consideradas-as-mais-dificeis-de-pronunciar\/#primaryimage"},"image":{"@id":"https:\/\/www.correiobraziliense.com.br\/cbradar\/as-3-palavras-em-portugues-consideradas-as-mais-dificeis-de-pronunciar\/#primaryimage"},"thumbnailUrl":"https:\/\/www.correiobraziliense.com.br\/cbradar\/wp-content\/uploads\/2025\/12\/G-2025-12-14T151107.314.png","datePublished":"2025-12-15T11:45:00+00:00","author":{"@id":"https:\/\/www.correiobraziliense.com.br\/cbradar\/#\/schema\/person\/4053c651a9bfc785afc6f4cbc9032fd3"},"description":"Descubra as 3 palavras em portugu\u00eas que mais desafiam a pron\u00fancia e geram d\u00favidas at\u00e9 entre falantes fluentes.","breadcrumb":{"@id":"https:\/\/www.correiobraziliense.com.br\/cbradar\/as-3-palavras-em-portugues-consideradas-as-mais-dificeis-de-pronunciar\/#breadcrumb"},"inLanguage":"pt-BR","potentialAction":[{"@type":"ReadAction","target":["https:\/\/www.correiobraziliense.com.br\/cbradar\/as-3-palavras-em-portugues-consideradas-as-mais-dificeis-de-pronunciar\/"]}]},{"@type":"ImageObject","inLanguage":"pt-BR","@id":"https:\/\/www.correiobraziliense.com.br\/cbradar\/as-3-palavras-em-portugues-consideradas-as-mais-dificeis-de-pronunciar\/#primaryimage","url":"https:\/\/www.correiobraziliense.com.br\/cbradar\/wp-content\/uploads\/2025\/12\/G-2025-12-14T151107.314.png","contentUrl":"https:\/\/www.correiobraziliense.com.br\/cbradar\/wp-content\/uploads\/2025\/12\/G-2025-12-14T151107.314.png","width":1280,"height":720,"caption":"Escolha uma por dia, fale devagar no espelho e ria dos trope\u00e7os! Evolui natural pra comunica\u00e7\u00e3o clara sem for\u00e7ar ou se preocupar com julgamentos."},{"@type":"BreadcrumbList","@id":"https:\/\/www.correiobraziliense.com.br\/cbradar\/as-3-palavras-em-portugues-consideradas-as-mais-dificeis-de-pronunciar\/#breadcrumb","itemListElement":[{"@type":"ListItem","position":1,"name":"In\u00edcio","item":"https:\/\/www.correiobraziliense.com.br\/cbradar\/"},{"@type":"ListItem","position":2,"name":"As 3 palavras em portugu\u00eas consideradas as mais dif\u00edceis de pronunciar"}]},{"@type":"WebSite","@id":"https:\/\/www.correiobraziliense.com.br\/cbradar\/#website","url":"https:\/\/www.correiobraziliense.com.br\/cbradar\/","name":"Correio Braziliense - Radar","description":"Acompanhe as \u00faltimas not\u00edcias e fique bem informado sobre tudo o que acontece no Brasil e no mundo.","potentialAction":[{"@type":"SearchAction","target":{"@type":"EntryPoint","urlTemplate":"https:\/\/www.correiobraziliense.com.br\/cbradar\/?s={search_term_string}"},"query-input":{"@type":"PropertyValueSpecification","valueRequired":true,"valueName":"search_term_string"}}],"inLanguage":"pt-BR"},{"@type":"Person","@id":"https:\/\/www.correiobraziliense.com.br\/cbradar\/#\/schema\/person\/4053c651a9bfc785afc6f4cbc9032fd3","name":"Maura Pereira","image":{"@type":"ImageObject","inLanguage":"pt-BR","@id":"https:\/\/www.correiobraziliense.com.br\/cbradar\/#\/schema\/person\/image\/","url":"https:\/\/secure.gravatar.com\/avatar\/3effd6bdadfa447f15089c7f7144eaa6?s=96&d=mm&r=g","contentUrl":"https:\/\/secure.gravatar.com\/avatar\/3effd6bdadfa447f15089c7f7144eaa6?s=96&d=mm&r=g","caption":"Maura Pereira"},"sameAs":["https:\/\/www.correiobraziliense.com.br\/"],"url":"https:\/\/www.correiobraziliense.com.br\/cbradar\/author\/mauramyth\/"}]}},"_links":{"self":[{"href":"https:\/\/www.correiobraziliense.com.br\/cbradar\/wp-json\/wp\/v2\/posts\/156304","targetHints":{"allow":["GET"]}}],"collection":[{"href":"https:\/\/www.correiobraziliense.com.br\/cbradar\/wp-json\/wp\/v2\/posts"}],"about":[{"href":"https:\/\/www.correiobraziliense.com.br\/cbradar\/wp-json\/wp\/v2\/types\/post"}],"author":[{"embeddable":true,"href":"https:\/\/www.correiobraziliense.com.br\/cbradar\/wp-json\/wp\/v2\/users\/8"}],"replies":[{"embeddable":true,"href":"https:\/\/www.correiobraziliense.com.br\/cbradar\/wp-json\/wp\/v2\/comments?post=156304"}],"version-history":[{"count":13,"href":"https:\/\/www.correiobraziliense.com.br\/cbradar\/wp-json\/wp\/v2\/posts\/156304\/revisions"}],"predecessor-version":[{"id":156323,"href":"https:\/\/www.correiobraziliense.com.br\/cbradar\/wp-json\/wp\/v2\/posts\/156304\/revisions\/156323"}],"wp:featuredmedia":[{"embeddable":true,"href":"https:\/\/www.correiobraziliense.com.br\/cbradar\/wp-json\/wp\/v2\/media\/156319"}],"wp:attachment":[{"href":"https:\/\/www.correiobraziliense.com.br\/cbradar\/wp-json\/wp\/v2\/media?parent=156304"}],"wp:term":[{"taxonomy":"category","embeddable":true,"href":"https:\/\/www.correiobraziliense.com.br\/cbradar\/wp-json\/wp\/v2\/categories?post=156304"},{"taxonomy":"post_tag","embeddable":true,"href":"https:\/\/www.correiobraziliense.com.br\/cbradar\/wp-json\/wp\/v2\/tags?post=156304"}],"curies":[{"name":"wp","href":"https:\/\/api.w.org\/{rel}","templated":true}]}}