{"id":156822,"date":"2025-12-16T08:45:00","date_gmt":"2025-12-16T11:45:00","guid":{"rendered":"https:\/\/www.correiobraziliense.com.br\/cbradar\/?p=156822"},"modified":"2025-12-15T12:42:04","modified_gmt":"2025-12-15T15:42:04","slug":"essa-confusao-do-portugues-virou-debate-em-2025-e-confunde-ate-professores","status":"publish","type":"post","link":"https:\/\/www.correiobraziliense.com.br\/cbradar\/essa-confusao-do-portugues-virou-debate-em-2025-e-confunde-ate-professores\/","title":{"rendered":"Essa express\u00e3o do portugu\u00eas virou debate em 2025 e confunde at\u00e9 professores"},"content":{"rendered":"\n<p>Quase todo mundo diz <strong>\u201cmeio-dia e meio\u201d<\/strong> sem pensar duas vezes. A express\u00e3o \u00e9 t\u00e3o comum que soa natural, mesmo estando gramaticalmente errada. Em 2025, esse \u00e9 um \u00f3timo exemplo de <a href=\"https:\/\/www.correiobraziliense.com.br\/cbradar\/as-3-palavras-em-portugues-consideradas-as-mais-dificeis-de-pronunciar\/\" target=\"_blank\" rel=\"noreferrer noopener\">como o portugu\u00eas falado muitas vezes ignora regras formais<\/a>, criando curiosidades lingu\u00edsticas que passam despercebidas no dia a dia.<\/p>\n\n\n\n<h2 class=\"wp-block-heading\">O que a gram\u00e1tica diz sobre \u201cmeio\u201d e \u201cmeia\u201d?<\/h2>\n\n\n\n<p>Na norma culta, a palavra <strong>\u201cmeio\u201d funciona como numeral fracion\u00e1rio<\/strong> e deve concordar com o substantivo a que se refere. Quando falamos de tempo, o termo impl\u00edcito \u00e9 <strong>hora<\/strong>, que \u00e9 feminino.<\/p>\n\n\n\n<p>Por isso, o correto seria:<\/p>\n\n\n\n<ul class=\"wp-block-list\">\n<li>meia hora<\/li>\n\n\n\n<li>uma e meia<\/li>\n\n\n\n<li><strong>meio-dia e meia<\/strong><\/li>\n<\/ul>\n\n\n\n<p>Do ponto de vista gramatical, n\u00e3o h\u00e1 d\u00favida: \u201cmeia\u201d \u00e9 a forma certa.<\/p>\n\n\n<div class=\"wp-block-image\">\n<figure class=\"aligncenter size-large\"><img decoding=\"async\" width=\"1024\" height=\"576\" src=\"https:\/\/www.correiobraziliense.com.br\/cbradar\/wp-content\/uploads\/2025\/12\/writing_1765813162770-1024x576.jpg\" alt=\"Essa express\u00e3o do portugu\u00eas virou debate em 2025 e confunde at\u00e9 professores\" class=\"wp-image-156825\" srcset=\"https:\/\/www.correiobraziliense.com.br\/cbradar\/wp-content\/uploads\/2025\/12\/writing_1765813162770-1024x576.jpg 1024w, https:\/\/www.correiobraziliense.com.br\/cbradar\/wp-content\/uploads\/2025\/12\/writing_1765813162770-300x169.jpg 300w, https:\/\/www.correiobraziliense.com.br\/cbradar\/wp-content\/uploads\/2025\/12\/writing_1765813162770-768x432.jpg 768w, https:\/\/www.correiobraziliense.com.br\/cbradar\/wp-content\/uploads\/2025\/12\/writing_1765813162770-750x422.jpg 750w, https:\/\/www.correiobraziliense.com.br\/cbradar\/wp-content\/uploads\/2025\/12\/writing_1765813162770-1140x641.jpg 1140w, https:\/\/www.correiobraziliense.com.br\/cbradar\/wp-content\/uploads\/2025\/12\/writing_1765813162770.jpg 1280w\" sizes=\"(max-width: 1024px) 100vw, 1024px\" \/><figcaption class=\"wp-element-caption\">Na norma culta, a palavra \u201cmeio\u201d funciona como numeral fracion\u00e1rio e deve concordar com o substantivo a que se refere &#8211; Cr\u00e9ditos: depositphotos.com \/ AndrewLozovyi<\/figcaption><\/figure><\/div>\n\n\n<h2 class=\"wp-block-heading\">Ent\u00e3o por que quase todo mundo fala \u201cmeio-dia e meio\u201d?<\/h2>\n\n\n\n<p>A explica\u00e7\u00e3o n\u00e3o \u00e9 erro por ignor\u00e2ncia, \u00e9 <strong>uso consagrado pelo costume<\/strong>. A express\u00e3o \u201cmeio-dia\u201d \u00e9 masculina, e o ouvido do falante tende a repetir essa concord\u00e2ncia automaticamente.<\/p>\n\n\n\n<p>O c\u00e9rebro faz uma associa\u00e7\u00e3o r\u00e1pida: se \u00e9 <em>meio-dia<\/em>, ent\u00e3o parece l\u00f3gico dizer <em>meio<\/em>. A concord\u00e2ncia acaba sendo feita com a palavra mais pr\u00f3xima, e n\u00e3o com o termo oculto \u201chora\u201d.<\/p>\n\n\n\n<p>Resultado: a forma errada se torna dominante no portugu\u00eas falado.<\/p>\n\n\n\n<h2 class=\"wp-block-heading\">Outras express\u00f5es \u201cerradas\u201d que todo mundo usa sem perceber<\/h2>\n\n\n\n<p>Esse fen\u00f4meno n\u00e3o \u00e9 exclusivo do hor\u00e1rio. O portugu\u00eas est\u00e1 cheio de express\u00f5es que fogem da regra, mas sobrevivem porque funcionam na pr\u00e1tica:<\/p>\n\n\n\n<ul class=\"wp-block-list\">\n<li>\u201cfazem dois anos\u201d (quando o verbo deveria ficar no singular)<\/li>\n\n\n\n<li>\u201cmenas gente\u201d (influ\u00eancia sonora, embora incorreta)<\/li>\n\n\n\n<li>\u201chouveram problemas\u201d (hipercorre\u00e7\u00e3o comum)<\/li>\n<\/ul>\n\n\n\n<p>A l\u00edngua falada tende a priorizar fluidez, ritmo e repeti\u00e7\u00e3o, n\u00e3o l\u00f3gica gramatical.<\/p>\n\n\n<div class=\"wp-block-image\">\n<figure class=\"aligncenter size-large\"><img decoding=\"async\" width=\"1024\" height=\"576\" src=\"https:\/\/www.correiobraziliense.com.br\/cbradar\/wp-content\/uploads\/2025\/12\/clock_1765813134294-1024x576.jpg\" alt=\"Essa express\u00e3o do portugu\u00eas virou debate em 2025 e confunde at\u00e9 professores\" class=\"wp-image-156823\" srcset=\"https:\/\/www.correiobraziliense.com.br\/cbradar\/wp-content\/uploads\/2025\/12\/clock_1765813134294-1024x576.jpg 1024w, https:\/\/www.correiobraziliense.com.br\/cbradar\/wp-content\/uploads\/2025\/12\/clock_1765813134294-300x169.jpg 300w, https:\/\/www.correiobraziliense.com.br\/cbradar\/wp-content\/uploads\/2025\/12\/clock_1765813134294-768x432.jpg 768w, https:\/\/www.correiobraziliense.com.br\/cbradar\/wp-content\/uploads\/2025\/12\/clock_1765813134294-750x422.jpg 750w, https:\/\/www.correiobraziliense.com.br\/cbradar\/wp-content\/uploads\/2025\/12\/clock_1765813134294-1140x641.jpg 1140w, https:\/\/www.correiobraziliense.com.br\/cbradar\/wp-content\/uploads\/2025\/12\/clock_1765813134294.jpg 1280w\" sizes=\"(max-width: 1024px) 100vw, 1024px\" \/><figcaption class=\"wp-element-caption\">Em textos formais, provas ou comunica\u00e7\u00e3o profissional, o ideal \u00e9 usar \u201cmeio-dia e meia\u201d &#8211; Cr\u00e9ditos: depositphotos.com \/ NatashaFedorova<\/figcaption><\/figure><\/div>\n\n\n<h2 class=\"wp-block-heading\">Falar \u201cerrado\u201d significa falar mal o portugu\u00eas?<\/h2>\n\n\n\n<p>N\u00e3o necessariamente. Linguistas explicam que existe uma diferen\u00e7a entre <strong>norma culta<\/strong> e <strong>uso real da l\u00edngua<\/strong>. O portugu\u00eas que falamos diariamente \u00e9 moldado pelo h\u00e1bito, pela oralidade e pelo contexto social.<\/p>\n\n\n\n<p>Em textos formais, provas ou comunica\u00e7\u00e3o profissional, o ideal \u00e9 usar <strong>\u201cmeio-dia e meia\u201d<\/strong>. J\u00e1 na conversa cotidiana, \u201cmeio-dia e meio\u201d segue firme, compreendido por todos e raramente questionado, como mostra <strong>Luiz Fluminense | Portugu\u00eas <\/strong>em seu TikTok:<\/p>\n\n\n\n<figure class=\"wp-block-embed is-type-video is-provider-tiktok wp-block-embed-tiktok\"><div class=\"wp-block-embed__wrapper\">\n<blockquote class=\"tiktok-embed\" cite=\"https:\/\/www.tiktok.com\/@fluminenseprof\/video\/7234558815264394502\" data-video-id=\"7234558815264394502\" data-embed-from=\"oembed\" style=\"max-width:605px; min-width:325px;\"> <section> <a target=\"_blank\" title=\"@fluminenseprof\" href=\"https:\/\/www.tiktok.com\/@fluminenseprof?refer=embed\">@fluminenseprof<\/a> <p><a title=\"portugues\" target=\"_blank\" href=\"https:\/\/www.tiktok.com\/tag\/portugues?refer=embed\">#portugues<\/a> <a title=\"concurso\" target=\"_blank\" href=\"https:\/\/www.tiktok.com\/tag\/concurso?refer=embed\">#concurso<\/a> <a title=\"enem\" target=\"_blank\" href=\"https:\/\/www.tiktok.com\/tag\/enem?refer=embed\">#enem<\/a> <\/p> <a target=\"_blank\" title=\"\u266c som original - Luiz Fluminense | Portugu\u00eas\" href=\"https:\/\/www.tiktok.com\/music\/som-original-7234558824051411717?refer=embed\">\u266c som original &#8211; Luiz Fluminense | Portugu\u00eas<\/a> <\/section> <\/blockquote> <script async src=\"https:\/\/www.tiktok.com\/embed.js\"><\/script>\n<\/div><\/figure>\n\n\n\n<p>Essas \u201cregrinhas curiosas\u201d mostram que o portugu\u00eas n\u00e3o \u00e9 apenas um conjunto de normas, mas um organismo vivo, em constante adapta\u00e7\u00e3o.<\/p>\n","protected":false},"excerpt":{"rendered":"<p>Quase todo mundo diz \u201cmeio-dia e meio\u201d sem pensar duas vezes. A express\u00e3o \u00e9 t\u00e3o comum que soa natural, mesmo estando gramaticalmente errada. Em 2025, esse \u00e9 um \u00f3timo exemplo de como o portugu\u00eas falado muitas vezes ignora regras formais, criando curiosidades lingu\u00edsticas que passam despercebidas no dia a dia. O que a gram\u00e1tica diz [&hellip;]<\/p>\n","protected":false},"author":18,"featured_media":156824,"comment_status":"open","ping_status":"open","sticky":false,"template":"","format":"standard","meta":{"_yoast_wpseo_focuskw":"meio dia e meia est\u00e1 certo?","_yoast_wpseo_title":"","_yoast_wpseo_metadesc":"Quase todo mundo fala \u201cmeio-dia e meio\u201d no dia a dia, mas o certo \u00e9 \u201cmeia\u201d. Entenda o motivo e por que esse erro \u00e9 t\u00e3o comum na fala popular.","jnews-multi-image_gallery":[],"jnews_single_post":{"format":"standard"},"jnews_primary_category":[],"jnews_social_meta":[],"jnews_override_counter":[],"footnotes":""},"categories":[112],"tags":[12767,12816,10902,12817],"class_list":["post-156822","post","type-post","status-publish","format-standard","has-post-thumbnail","hentry","category-curiosidades","tag-confusao","tag-gramatica","tag-lingua-portuguesa","tag-meio-dia"],"yoast_head":"<!-- This site is optimized with the Yoast SEO plugin v24.6 - https:\/\/yoast.com\/wordpress\/plugins\/seo\/ -->\n<title>Essa express\u00e3o do portugu\u00eas virou debate em 2025 e confunde at\u00e9 professores - Correio Braziliense - Radar<\/title>\n<meta name=\"description\" content=\"Quase todo mundo fala \u201cmeio-dia e meio\u201d no dia a dia, mas o certo \u00e9 \u201cmeia\u201d. Entenda o motivo e por que esse erro \u00e9 t\u00e3o comum na fala popular.\" \/>\n<meta name=\"robots\" content=\"index, follow, max-snippet:-1, max-image-preview:large, max-video-preview:-1\" \/>\n<link rel=\"canonical\" href=\"https:\/\/www.correiobraziliense.com.br\/cbradar\/essa-confusao-do-portugues-virou-debate-em-2025-e-confunde-ate-professores\/\" \/>\n<meta property=\"og:locale\" content=\"pt_BR\" \/>\n<meta property=\"og:type\" content=\"article\" \/>\n<meta property=\"og:title\" content=\"Essa express\u00e3o do portugu\u00eas virou debate em 2025 e confunde at\u00e9 professores - Correio Braziliense - Radar\" \/>\n<meta property=\"og:description\" content=\"Quase todo mundo fala \u201cmeio-dia e meio\u201d no dia a dia, mas o certo \u00e9 \u201cmeia\u201d. Entenda o motivo e por que esse erro \u00e9 t\u00e3o comum na fala popular.\" \/>\n<meta property=\"og:url\" content=\"https:\/\/www.correiobraziliense.com.br\/cbradar\/essa-confusao-do-portugues-virou-debate-em-2025-e-confunde-ate-professores\/\" \/>\n<meta property=\"og:site_name\" content=\"Correio Braziliense - Radar\" \/>\n<meta property=\"article:published_time\" content=\"2025-12-16T11:45:00+00:00\" \/>\n<meta property=\"og:image\" content=\"https:\/\/www.correiobraziliense.com.br\/cbradar\/wp-content\/uploads\/2025\/12\/clock_1765813141406.jpg\" \/>\n\t<meta property=\"og:image:width\" content=\"1280\" \/>\n\t<meta property=\"og:image:height\" content=\"720\" \/>\n\t<meta property=\"og:image:type\" content=\"image\/jpeg\" \/>\n<meta name=\"author\" content=\"Maria Eduarda Pacheco\" \/>\n<meta name=\"twitter:card\" content=\"summary_large_image\" \/>\n<meta name=\"twitter:label1\" content=\"Escrito por\" \/>\n\t<meta name=\"twitter:data1\" content=\"Maria Eduarda Pacheco\" \/>\n\t<meta name=\"twitter:label2\" content=\"Est. tempo de leitura\" \/>\n\t<meta name=\"twitter:data2\" content=\"3 minutos\" \/>\n<!-- \/ Yoast SEO plugin. -->","yoast_head_json":{"title":"Essa express\u00e3o do portugu\u00eas virou debate em 2025 e confunde at\u00e9 professores - Correio Braziliense - Radar","description":"Quase todo mundo fala \u201cmeio-dia e meio\u201d no dia a dia, mas o certo \u00e9 \u201cmeia\u201d. Entenda o motivo e por que esse erro \u00e9 t\u00e3o comum na fala popular.","robots":{"index":"index","follow":"follow","max-snippet":"max-snippet:-1","max-image-preview":"max-image-preview:large","max-video-preview":"max-video-preview:-1"},"canonical":"https:\/\/www.correiobraziliense.com.br\/cbradar\/essa-confusao-do-portugues-virou-debate-em-2025-e-confunde-ate-professores\/","og_locale":"pt_BR","og_type":"article","og_title":"Essa express\u00e3o do portugu\u00eas virou debate em 2025 e confunde at\u00e9 professores - Correio Braziliense - Radar","og_description":"Quase todo mundo fala \u201cmeio-dia e meio\u201d no dia a dia, mas o certo \u00e9 \u201cmeia\u201d. Entenda o motivo e por que esse erro \u00e9 t\u00e3o comum na fala popular.","og_url":"https:\/\/www.correiobraziliense.com.br\/cbradar\/essa-confusao-do-portugues-virou-debate-em-2025-e-confunde-ate-professores\/","og_site_name":"Correio Braziliense - Radar","article_published_time":"2025-12-16T11:45:00+00:00","og_image":[{"width":1280,"height":720,"url":"https:\/\/www.correiobraziliense.com.br\/cbradar\/wp-content\/uploads\/2025\/12\/clock_1765813141406.jpg","type":"image\/jpeg"}],"author":"Maria Eduarda Pacheco","twitter_card":"summary_large_image","twitter_misc":{"Escrito por":"Maria Eduarda Pacheco","Est. tempo de leitura":"3 minutos"},"schema":{"@context":"https:\/\/schema.org","@graph":[{"@type":"WebPage","@id":"https:\/\/www.correiobraziliense.com.br\/cbradar\/essa-confusao-do-portugues-virou-debate-em-2025-e-confunde-ate-professores\/","url":"https:\/\/www.correiobraziliense.com.br\/cbradar\/essa-confusao-do-portugues-virou-debate-em-2025-e-confunde-ate-professores\/","name":"Essa express\u00e3o do portugu\u00eas virou debate em 2025 e confunde at\u00e9 professores - Correio Braziliense - Radar","isPartOf":{"@id":"https:\/\/www.correiobraziliense.com.br\/cbradar\/#website"},"primaryImageOfPage":{"@id":"https:\/\/www.correiobraziliense.com.br\/cbradar\/essa-confusao-do-portugues-virou-debate-em-2025-e-confunde-ate-professores\/#primaryimage"},"image":{"@id":"https:\/\/www.correiobraziliense.com.br\/cbradar\/essa-confusao-do-portugues-virou-debate-em-2025-e-confunde-ate-professores\/#primaryimage"},"thumbnailUrl":"https:\/\/www.correiobraziliense.com.br\/cbradar\/wp-content\/uploads\/2025\/12\/clock_1765813141406.jpg","datePublished":"2025-12-16T11:45:00+00:00","author":{"@id":"https:\/\/www.correiobraziliense.com.br\/cbradar\/#\/schema\/person\/6fdd694c4c0d658f15df15f390ddf066"},"description":"Quase todo mundo fala \u201cmeio-dia e meio\u201d no dia a dia, mas o certo \u00e9 \u201cmeia\u201d. Entenda o motivo e por que esse erro \u00e9 t\u00e3o comum na fala popular.","breadcrumb":{"@id":"https:\/\/www.correiobraziliense.com.br\/cbradar\/essa-confusao-do-portugues-virou-debate-em-2025-e-confunde-ate-professores\/#breadcrumb"},"inLanguage":"pt-BR","potentialAction":[{"@type":"ReadAction","target":["https:\/\/www.correiobraziliense.com.br\/cbradar\/essa-confusao-do-portugues-virou-debate-em-2025-e-confunde-ate-professores\/"]}]},{"@type":"ImageObject","inLanguage":"pt-BR","@id":"https:\/\/www.correiobraziliense.com.br\/cbradar\/essa-confusao-do-portugues-virou-debate-em-2025-e-confunde-ate-professores\/#primaryimage","url":"https:\/\/www.correiobraziliense.com.br\/cbradar\/wp-content\/uploads\/2025\/12\/clock_1765813141406.jpg","contentUrl":"https:\/\/www.correiobraziliense.com.br\/cbradar\/wp-content\/uploads\/2025\/12\/clock_1765813141406.jpg","width":1280,"height":720,"caption":"A express\u00e3o \u00e9 t\u00e3o comum que soa natural, mesmo estando gramaticalmente errada - Cr\u00e9ditos: depositphotos.com \/ HayDmitriy"},{"@type":"BreadcrumbList","@id":"https:\/\/www.correiobraziliense.com.br\/cbradar\/essa-confusao-do-portugues-virou-debate-em-2025-e-confunde-ate-professores\/#breadcrumb","itemListElement":[{"@type":"ListItem","position":1,"name":"In\u00edcio","item":"https:\/\/www.correiobraziliense.com.br\/cbradar\/"},{"@type":"ListItem","position":2,"name":"Essa express\u00e3o do portugu\u00eas virou debate em 2025 e confunde at\u00e9 professores"}]},{"@type":"WebSite","@id":"https:\/\/www.correiobraziliense.com.br\/cbradar\/#website","url":"https:\/\/www.correiobraziliense.com.br\/cbradar\/","name":"Correio Braziliense - Radar","description":"Acompanhe as \u00faltimas not\u00edcias e fique bem informado sobre tudo o que acontece no Brasil e no mundo.","potentialAction":[{"@type":"SearchAction","target":{"@type":"EntryPoint","urlTemplate":"https:\/\/www.correiobraziliense.com.br\/cbradar\/?s={search_term_string}"},"query-input":{"@type":"PropertyValueSpecification","valueRequired":true,"valueName":"search_term_string"}}],"inLanguage":"pt-BR"},{"@type":"Person","@id":"https:\/\/www.correiobraziliense.com.br\/cbradar\/#\/schema\/person\/6fdd694c4c0d658f15df15f390ddf066","name":"Maria Eduarda Pacheco","image":{"@type":"ImageObject","inLanguage":"pt-BR","@id":"https:\/\/www.correiobraziliense.com.br\/cbradar\/#\/schema\/person\/image\/","url":"https:\/\/secure.gravatar.com\/avatar\/f72a487b26fdeec08ba4868875ea328e?s=96&d=mm&r=g","contentUrl":"https:\/\/secure.gravatar.com\/avatar\/f72a487b26fdeec08ba4868875ea328e?s=96&d=mm&r=g","caption":"Maria Eduarda Pacheco"},"sameAs":["https:\/\/www.correiobraziliense.com.br\/cbradar\/"],"url":"https:\/\/www.correiobraziliense.com.br\/cbradar\/author\/maria-eduarda\/"}]}},"_links":{"self":[{"href":"https:\/\/www.correiobraziliense.com.br\/cbradar\/wp-json\/wp\/v2\/posts\/156822","targetHints":{"allow":["GET"]}}],"collection":[{"href":"https:\/\/www.correiobraziliense.com.br\/cbradar\/wp-json\/wp\/v2\/posts"}],"about":[{"href":"https:\/\/www.correiobraziliense.com.br\/cbradar\/wp-json\/wp\/v2\/types\/post"}],"author":[{"embeddable":true,"href":"https:\/\/www.correiobraziliense.com.br\/cbradar\/wp-json\/wp\/v2\/users\/18"}],"replies":[{"embeddable":true,"href":"https:\/\/www.correiobraziliense.com.br\/cbradar\/wp-json\/wp\/v2\/comments?post=156822"}],"version-history":[{"count":1,"href":"https:\/\/www.correiobraziliense.com.br\/cbradar\/wp-json\/wp\/v2\/posts\/156822\/revisions"}],"predecessor-version":[{"id":156826,"href":"https:\/\/www.correiobraziliense.com.br\/cbradar\/wp-json\/wp\/v2\/posts\/156822\/revisions\/156826"}],"wp:featuredmedia":[{"embeddable":true,"href":"https:\/\/www.correiobraziliense.com.br\/cbradar\/wp-json\/wp\/v2\/media\/156824"}],"wp:attachment":[{"href":"https:\/\/www.correiobraziliense.com.br\/cbradar\/wp-json\/wp\/v2\/media?parent=156822"}],"wp:term":[{"taxonomy":"category","embeddable":true,"href":"https:\/\/www.correiobraziliense.com.br\/cbradar\/wp-json\/wp\/v2\/categories?post=156822"},{"taxonomy":"post_tag","embeddable":true,"href":"https:\/\/www.correiobraziliense.com.br\/cbradar\/wp-json\/wp\/v2\/tags?post=156822"}],"curies":[{"name":"wp","href":"https:\/\/api.w.org\/{rel}","templated":true}]}}