{"id":156934,"date":"2025-12-16T06:05:00","date_gmt":"2025-12-16T09:05:00","guid":{"rendered":"https:\/\/www.correiobraziliense.com.br\/cbradar\/?p=156934"},"modified":"2025-12-15T18:08:46","modified_gmt":"2025-12-15T21:08:46","slug":"por-que-atletas-estao-trocando-isotonico-por-agua-de-coco","status":"publish","type":"post","link":"https:\/\/www.correiobraziliense.com.br\/cbradar\/por-que-atletas-estao-trocando-isotonico-por-agua-de-coco\/","title":{"rendered":"Por que atletas est\u00e3o trocando isot\u00f4nico por \u00e1gua de coco"},"content":{"rendered":"\n<p>No cen\u00e1rio contempor\u00e2neo, marcado por uma busca incessante por h\u00e1bitos saud\u00e1veis, a\u00a0<strong>\u00c1gua de Coco<\/strong>\u00a0emergiu como uma protagonista na hidrata\u00e7\u00e3o esportiva. Tradicionalmente consumida em ambientes praianos, esta bebida tropical conquistou adeptos entre os praticantes de atividades f\u00edsicas, como corrida, muscula\u00e7\u00e3o e ciclismo. Este movimento \u00e9 impulsionado pela combina\u00e7\u00e3o \u00fanica de frescor e nutrientes essenciais que a \u00a0\u00c1gua de Coco oferece.<\/p>\n\n\n\n<p>A crescente popularidade da \u00c1gua de Coco est\u00e1 intimamente ligada ao\u00a0<em>aumento das temperaturas<\/em>\u00a0e \u00e0 populariza\u00e7\u00e3o dos exerc\u00edcios ao ar livre. As pessoas passaram a procurar op\u00e7\u00f5es mais naturais e eficazes de hidrata\u00e7\u00e3o, evitando bebidas processadas e optando por escolhas que ofere\u00e7am uma\u00a0<strong>reposi\u00e7\u00e3o natural de eletr\u00f3litos<\/strong>. Neste contexto, a \u00c1gua de Coco destaca-se como uma alternativa ideal, oferecendo uma fonte de hidrata\u00e7\u00e3o sem aditivos artificiais.<\/p>\n\n\n\n<h2 class=\"wp-block-heading\">Qual o impacto da \u00c1gua de Coco no desempenho esportivo?<\/h2>\n\n\n\n<p>O consumo de \u00c1gua de Coco durante os treinos tem demonstrado benef\u00edcios not\u00e1veis no\u00a0<em>desempenho atl\u00e9tico<\/em>, especialmente nos dias mais quentes. Ela n\u00e3o s\u00f3 ajuda na preven\u00e7\u00e3o da desidrata\u00e7\u00e3o, mas tamb\u00e9m proporciona um equil\u00edbrio eletrol\u00edtico eficiente. A presen\u00e7a de nutrientes como pot\u00e1ssio, s\u00f3dio e magn\u00e9sio facilita a recupera\u00e7\u00e3o do organismo ap\u00f3s atividades f\u00edsicas intensas, tornando-a uma escolha popular entre os atletas.<\/p>\n\n\n<div class=\"wp-block-image\">\n<figure class=\"aligncenter size-large\"><img decoding=\"async\" width=\"1024\" height=\"576\" src=\"https:\/\/www.correiobraziliense.com.br\/cbradar\/wp-content\/uploads\/2025\/10\/Agua-de-Coco_1760416230597-1024x576.jpg\" alt=\"\" class=\"wp-image-119258\" srcset=\"https:\/\/www.correiobraziliense.com.br\/cbradar\/wp-content\/uploads\/2025\/10\/Agua-de-Coco_1760416230597-1024x576.jpg 1024w, https:\/\/www.correiobraziliense.com.br\/cbradar\/wp-content\/uploads\/2025\/10\/Agua-de-Coco_1760416230597-300x169.jpg 300w, https:\/\/www.correiobraziliense.com.br\/cbradar\/wp-content\/uploads\/2025\/10\/Agua-de-Coco_1760416230597-768x432.jpg 768w, https:\/\/www.correiobraziliense.com.br\/cbradar\/wp-content\/uploads\/2025\/10\/Agua-de-Coco_1760416230597-750x422.jpg 750w, https:\/\/www.correiobraziliense.com.br\/cbradar\/wp-content\/uploads\/2025\/10\/Agua-de-Coco_1760416230597-1140x641.jpg 1140w, https:\/\/www.correiobraziliense.com.br\/cbradar\/wp-content\/uploads\/2025\/10\/Agua-de-Coco_1760416230597.jpg 1280w\" sizes=\"(max-width: 1024px) 100vw, 1024px\" \/><figcaption class=\"wp-element-caption\">\u00c1gua de Coco &#8211; Cr\u00e9ditos: depositphotos.com \/ myshot<\/figcaption><\/figure><\/div>\n\n\n<p>A demanda aquecida por \u00c1gua de Coco reflete-se em um crescimento robusto do setor global. Relat\u00f3rios indicam que o mercado de \u00c1gua de Coco engarrafada movimentou bilh\u00f5es de d\u00f3lares recentemente e continua em expans\u00e3o, impulsionado pela prefer\u00eancia por\u00a0<strong>ingredientes reais e de qualidade<\/strong>. Essa tend\u00eancia sinaliza uma mudan\u00e7a comportamental dos consumidores, que agora priorizam produtos que promovem bem-estar e funcionalidade.<\/p>\n\n\n\n<h2 class=\"wp-block-heading\">O que diferencia a \u00c1gua de Coco na hidrata\u00e7\u00e3o esportiva?<\/h2>\n\n\n\n<p>Um fator crucial na escolha da \u00c1gua de Coco \u00e9 sua composi\u00e7\u00e3o nutricional \u00fanica. Enquanto algumas marcas utilizam aditivos para padronizar sabor e cor, as vers\u00f5es integrais, que utilizam apenas vitamina C como conservante, t\u00eam emergido como favoritas entre atletas. Este apelo por produtos puros e sem aditivos destaca a \u00c1gua de Coco como uma\u00a0<strong>op\u00e7\u00e3o de performance limpa<\/strong>, alinhada ao estilo de vida saud\u00e1vel dos consumidores modernos.<\/p>\n\n\n\n<p>Al\u00e9m de seu apelo nutricional, a \u00c1gua de Coco \u00e9 conhecida por sua r\u00e1pida absor\u00e7\u00e3o e efic\u00e1cia na reposi\u00e7\u00e3o de eletr\u00f3litos, o que a torna uma escolha ideal para treinos de alta intensidade. Esses fatores, combinados com seu sabor refrescante, solidificam seu papel essencial na\u00a0<em>rotina de hidrata\u00e7\u00e3o<\/em>\u00a0de praticantes de atividades f\u00edsicas em todo o mundo.<\/p>\n\n\n\n<h2 class=\"wp-block-heading\">Como a \u00c1gua de Coco se estabelece em um mercado em crescimento?<\/h2>\n\n\n\n<p>Com a globaliza\u00e7\u00e3o do mercado e o aumento da oferta de op\u00e7\u00f5es de alta qualidade, especialistas preveem que a \u00c1gua de Coco continuar\u00e1 a ganhar relev\u00e2ncia no cotidiano de atletas. Em meio a um cen\u00e1rio onde se priorizam funcionalidade, naturalidade e leveza, ela se consolida como uma estrat\u00e9gia de hidrata\u00e7\u00e3o inteligente. Esta adapta\u00e7\u00e3o ao mercado emergente sinaliza um futuro promissor para a\u00a0<em>bebida tropical<\/em>, que vem se tornando um componente essencial na manuten\u00e7\u00e3o do desempenho esportivo.<\/p>\n\n\n\n<p>Portanto, a \u00c1gua de Coco vem redefinindo o conceito de hidrata\u00e7\u00e3o no esporte, proporcionando n\u00e3o apenas uma superf\u00edcie refrescante de consumo, mas tamb\u00e9m uma fonte rica em nutrientes, alinhada \u00e0s exig\u00eancias de um estilo de vida ativo e consciente. \u00c0 medida que o mercado evolui, a \u00c1gua de Coco continuar\u00e1 desempenhando um papel vital, n\u00e3o apenas como uma escolha de bebida, mas como um aliado significativo na busca por <a href=\"https:\/\/www.correiobraziliense.com.br\/cbradar\/panqueca-low-carb-que-ajuda-no-emagrecimento\/\" target=\"_blank\" rel=\"noreferrer noopener\">sa\u00fade <\/a>e bem-estar.<\/p>\n\n\n<a href=\"https:\/\/www.instagram.com\/dra.annaluisabf\/\" target=\"_blank\" rel=\"noopener\" style=\"text-decoration: none; color: inherit;\">\n    <span style=\"display: inline-block; border: 1px solid #ccc; border-radius: 10px; padding: 15px; max-width: 550px; font-family: sans-serif; box-shadow: 0 2px 5px rgba(0,0,0,0.1); width: 100%;\">\n\n      <!-- T\u00edtulo -->\n      <span style=\"display: block; margin: 0 0 15px 0; font-weight: bold; color: #2c3e50; text-align: center;\">\n        Entre em contato:\n      <\/span>\n\n      <!-- Linha do perfil -->\n      <span style=\"display: flex; align-items: center; gap: 15px;\">\n        <img decoding=\"async\"\n          src=\"https:\/\/www.correiobraziliense.com.br\/cbradar\/wp-content\/uploads\/2025\/08\/dra_anna_luisa.jpeg\"\n          alt=\"Foto da Dra. Anna Lu\u00edsa\"\n          style=\"border-radius: 50%; width: 80px; height: 80px; object-fit: cover;\"\n        \/>\n        <span style=\"display: flex; flex-direction: column;\">\n          <span style=\"font-size: 18px; font-weight: 700; color: #2c3e50;\">Dra. Anna Lu\u00edsa Barbosa Fernandes<\/span>\n          <span style=\"color: #555;\">CRM-GO 33.271<\/span>\n        <\/span>\n      <\/span>\n\n      <!-- Redes -->\n      <span style=\"display: flex; align-items: center; gap: 10px; margin-top: 12px;\">\n        <img decoding=\"async\" src=\"https:\/\/cdn-icons-png.flaticon.com\/24\/1384\/1384063.png\" alt=\"Instagram\" width=\"24\" height=\"24\" \/>\n        <span style=\"text-decoration: underline; color: #2c3e50;\">@dra.annaluisabf<\/span>\n      <\/span>\n\n    <\/span>\n  <\/a>","protected":false},"excerpt":{"rendered":"<p>No cen\u00e1rio contempor\u00e2neo, marcado por uma busca incessante por h\u00e1bitos saud\u00e1veis, a\u00a0\u00c1gua de Coco\u00a0emergiu como uma protagonista na hidrata\u00e7\u00e3o esportiva. Tradicionalmente consumida em ambientes praianos, esta bebida tropical conquistou adeptos entre os praticantes de atividades f\u00edsicas, como corrida, muscula\u00e7\u00e3o e ciclismo. Este movimento \u00e9 impulsionado pela combina\u00e7\u00e3o \u00fanica de frescor e nutrientes essenciais que a [&hellip;]<\/p>\n","protected":false},"author":14,"featured_media":119257,"comment_status":"open","ping_status":"open","sticky":false,"template":"","format":"standard","meta":{"_yoast_wpseo_focuskw":"\u00c1gua de Cocos","_yoast_wpseo_title":"","_yoast_wpseo_metadesc":"A \u00e1gua de coco virou queridinha dos atletas. Veja como ela ajuda na hidrata\u00e7\u00e3o, rep\u00f5e eletr\u00f3litos e melhora o desempenho nos treinos.","jnews-multi-image_gallery":[],"jnews_single_post":{"format":"standard"},"jnews_primary_category":[],"jnews_social_meta":[],"jnews_override_counter":[],"footnotes":""},"categories":[4404],"tags":[281,120,1318],"class_list":["post-156934","post","type-post","status-publish","format-standard","has-post-thumbnail","hentry","category-saude","tag-alimentacao","tag-bem-estar","tag-saude-2"],"yoast_head":"<!-- This site is optimized with the Yoast SEO plugin v24.6 - https:\/\/yoast.com\/wordpress\/plugins\/seo\/ -->\n<title>Por que atletas est\u00e3o trocando isot\u00f4nico por \u00e1gua de coco - Correio Braziliense - Radar<\/title>\n<meta name=\"description\" content=\"A \u00e1gua de coco virou queridinha dos atletas. Veja como ela ajuda na hidrata\u00e7\u00e3o, rep\u00f5e eletr\u00f3litos e melhora o desempenho nos treinos.\" \/>\n<meta name=\"robots\" content=\"index, follow, max-snippet:-1, max-image-preview:large, max-video-preview:-1\" \/>\n<link rel=\"canonical\" href=\"https:\/\/www.correiobraziliense.com.br\/cbradar\/por-que-atletas-estao-trocando-isotonico-por-agua-de-coco\/\" \/>\n<meta property=\"og:locale\" content=\"pt_BR\" \/>\n<meta property=\"og:type\" content=\"article\" \/>\n<meta property=\"og:title\" content=\"Por que atletas est\u00e3o trocando isot\u00f4nico por \u00e1gua de coco - Correio Braziliense - Radar\" \/>\n<meta property=\"og:description\" content=\"A \u00e1gua de coco virou queridinha dos atletas. Veja como ela ajuda na hidrata\u00e7\u00e3o, rep\u00f5e eletr\u00f3litos e melhora o desempenho nos treinos.\" \/>\n<meta property=\"og:url\" content=\"https:\/\/www.correiobraziliense.com.br\/cbradar\/por-que-atletas-estao-trocando-isotonico-por-agua-de-coco\/\" \/>\n<meta property=\"og:site_name\" content=\"Correio Braziliense - Radar\" \/>\n<meta property=\"article:published_time\" content=\"2025-12-16T09:05:00+00:00\" \/>\n<meta property=\"og:image\" content=\"https:\/\/www.correiobraziliense.com.br\/cbradar\/wp-content\/uploads\/2025\/10\/Agua-de-Coco_1760416206014.jpg\" \/>\n\t<meta property=\"og:image:width\" content=\"1280\" \/>\n\t<meta property=\"og:image:height\" content=\"720\" \/>\n\t<meta property=\"og:image:type\" content=\"image\/jpeg\" \/>\n<meta name=\"author\" content=\"guilherme_saude\" \/>\n<meta name=\"twitter:card\" content=\"summary_large_image\" \/>\n<meta name=\"twitter:label1\" content=\"Escrito por\" \/>\n\t<meta name=\"twitter:data1\" content=\"guilherme_saude\" \/>\n\t<meta name=\"twitter:label2\" content=\"Est. tempo de leitura\" \/>\n\t<meta name=\"twitter:data2\" content=\"4 minutos\" \/>\n<!-- \/ Yoast SEO plugin. -->","yoast_head_json":{"title":"Por que atletas est\u00e3o trocando isot\u00f4nico por \u00e1gua de coco - Correio Braziliense - Radar","description":"A \u00e1gua de coco virou queridinha dos atletas. Veja como ela ajuda na hidrata\u00e7\u00e3o, rep\u00f5e eletr\u00f3litos e melhora o desempenho nos treinos.","robots":{"index":"index","follow":"follow","max-snippet":"max-snippet:-1","max-image-preview":"max-image-preview:large","max-video-preview":"max-video-preview:-1"},"canonical":"https:\/\/www.correiobraziliense.com.br\/cbradar\/por-que-atletas-estao-trocando-isotonico-por-agua-de-coco\/","og_locale":"pt_BR","og_type":"article","og_title":"Por que atletas est\u00e3o trocando isot\u00f4nico por \u00e1gua de coco - Correio Braziliense - Radar","og_description":"A \u00e1gua de coco virou queridinha dos atletas. Veja como ela ajuda na hidrata\u00e7\u00e3o, rep\u00f5e eletr\u00f3litos e melhora o desempenho nos treinos.","og_url":"https:\/\/www.correiobraziliense.com.br\/cbradar\/por-que-atletas-estao-trocando-isotonico-por-agua-de-coco\/","og_site_name":"Correio Braziliense - Radar","article_published_time":"2025-12-16T09:05:00+00:00","og_image":[{"width":1280,"height":720,"url":"https:\/\/www.correiobraziliense.com.br\/cbradar\/wp-content\/uploads\/2025\/10\/Agua-de-Coco_1760416206014.jpg","type":"image\/jpeg"}],"author":"guilherme_saude","twitter_card":"summary_large_image","twitter_misc":{"Escrito por":"guilherme_saude","Est. tempo de leitura":"4 minutos"},"schema":{"@context":"https:\/\/schema.org","@graph":[{"@type":"WebPage","@id":"https:\/\/www.correiobraziliense.com.br\/cbradar\/por-que-atletas-estao-trocando-isotonico-por-agua-de-coco\/","url":"https:\/\/www.correiobraziliense.com.br\/cbradar\/por-que-atletas-estao-trocando-isotonico-por-agua-de-coco\/","name":"Por que atletas est\u00e3o trocando isot\u00f4nico por \u00e1gua de coco - Correio Braziliense - Radar","isPartOf":{"@id":"https:\/\/www.correiobraziliense.com.br\/cbradar\/#website"},"primaryImageOfPage":{"@id":"https:\/\/www.correiobraziliense.com.br\/cbradar\/por-que-atletas-estao-trocando-isotonico-por-agua-de-coco\/#primaryimage"},"image":{"@id":"https:\/\/www.correiobraziliense.com.br\/cbradar\/por-que-atletas-estao-trocando-isotonico-por-agua-de-coco\/#primaryimage"},"thumbnailUrl":"https:\/\/www.correiobraziliense.com.br\/cbradar\/wp-content\/uploads\/2025\/10\/Agua-de-Coco_1760416206014.jpg","datePublished":"2025-12-16T09:05:00+00:00","author":{"@id":"https:\/\/www.correiobraziliense.com.br\/cbradar\/#\/schema\/person\/5aa4bf3c8fa699c267933611de12978b"},"description":"A \u00e1gua de coco virou queridinha dos atletas. Veja como ela ajuda na hidrata\u00e7\u00e3o, rep\u00f5e eletr\u00f3litos e melhora o desempenho nos treinos.","breadcrumb":{"@id":"https:\/\/www.correiobraziliense.com.br\/cbradar\/por-que-atletas-estao-trocando-isotonico-por-agua-de-coco\/#breadcrumb"},"inLanguage":"pt-BR","potentialAction":[{"@type":"ReadAction","target":["https:\/\/www.correiobraziliense.com.br\/cbradar\/por-que-atletas-estao-trocando-isotonico-por-agua-de-coco\/"]}]},{"@type":"ImageObject","inLanguage":"pt-BR","@id":"https:\/\/www.correiobraziliense.com.br\/cbradar\/por-que-atletas-estao-trocando-isotonico-por-agua-de-coco\/#primaryimage","url":"https:\/\/www.correiobraziliense.com.br\/cbradar\/wp-content\/uploads\/2025\/10\/Agua-de-Coco_1760416206014.jpg","contentUrl":"https:\/\/www.correiobraziliense.com.br\/cbradar\/wp-content\/uploads\/2025\/10\/Agua-de-Coco_1760416206014.jpg","width":1280,"height":720,"caption":"\u00c1gua de Coco - Cr\u00e9ditos: depositphotos.com \/ tiverylucky"},{"@type":"BreadcrumbList","@id":"https:\/\/www.correiobraziliense.com.br\/cbradar\/por-que-atletas-estao-trocando-isotonico-por-agua-de-coco\/#breadcrumb","itemListElement":[{"@type":"ListItem","position":1,"name":"In\u00edcio","item":"https:\/\/www.correiobraziliense.com.br\/cbradar\/"},{"@type":"ListItem","position":2,"name":"Por que atletas est\u00e3o trocando isot\u00f4nico por \u00e1gua de coco"}]},{"@type":"WebSite","@id":"https:\/\/www.correiobraziliense.com.br\/cbradar\/#website","url":"https:\/\/www.correiobraziliense.com.br\/cbradar\/","name":"Correio Braziliense - Radar","description":"Acompanhe as \u00faltimas not\u00edcias e fique bem informado sobre tudo o que acontece no Brasil e no mundo.","potentialAction":[{"@type":"SearchAction","target":{"@type":"EntryPoint","urlTemplate":"https:\/\/www.correiobraziliense.com.br\/cbradar\/?s={search_term_string}"},"query-input":{"@type":"PropertyValueSpecification","valueRequired":true,"valueName":"search_term_string"}}],"inLanguage":"pt-BR"},{"@type":"Person","@id":"https:\/\/www.correiobraziliense.com.br\/cbradar\/#\/schema\/person\/5aa4bf3c8fa699c267933611de12978b","name":"guilherme_saude","image":{"@type":"ImageObject","inLanguage":"pt-BR","@id":"https:\/\/www.correiobraziliense.com.br\/cbradar\/#\/schema\/person\/image\/","url":"https:\/\/secure.gravatar.com\/avatar\/df9adfb835d344bc0af109d41756253f?s=96&d=mm&r=g","contentUrl":"https:\/\/secure.gravatar.com\/avatar\/df9adfb835d344bc0af109d41756253f?s=96&d=mm&r=g","caption":"guilherme_saude"},"url":"https:\/\/www.correiobraziliense.com.br\/cbradar\/author\/guilherme_saude\/"}]}},"_links":{"self":[{"href":"https:\/\/www.correiobraziliense.com.br\/cbradar\/wp-json\/wp\/v2\/posts\/156934","targetHints":{"allow":["GET"]}}],"collection":[{"href":"https:\/\/www.correiobraziliense.com.br\/cbradar\/wp-json\/wp\/v2\/posts"}],"about":[{"href":"https:\/\/www.correiobraziliense.com.br\/cbradar\/wp-json\/wp\/v2\/types\/post"}],"author":[{"embeddable":true,"href":"https:\/\/www.correiobraziliense.com.br\/cbradar\/wp-json\/wp\/v2\/users\/14"}],"replies":[{"embeddable":true,"href":"https:\/\/www.correiobraziliense.com.br\/cbradar\/wp-json\/wp\/v2\/comments?post=156934"}],"version-history":[{"count":1,"href":"https:\/\/www.correiobraziliense.com.br\/cbradar\/wp-json\/wp\/v2\/posts\/156934\/revisions"}],"predecessor-version":[{"id":156936,"href":"https:\/\/www.correiobraziliense.com.br\/cbradar\/wp-json\/wp\/v2\/posts\/156934\/revisions\/156936"}],"wp:featuredmedia":[{"embeddable":true,"href":"https:\/\/www.correiobraziliense.com.br\/cbradar\/wp-json\/wp\/v2\/media\/119257"}],"wp:attachment":[{"href":"https:\/\/www.correiobraziliense.com.br\/cbradar\/wp-json\/wp\/v2\/media?parent=156934"}],"wp:term":[{"taxonomy":"category","embeddable":true,"href":"https:\/\/www.correiobraziliense.com.br\/cbradar\/wp-json\/wp\/v2\/categories?post=156934"},{"taxonomy":"post_tag","embeddable":true,"href":"https:\/\/www.correiobraziliense.com.br\/cbradar\/wp-json\/wp\/v2\/tags?post=156934"}],"curies":[{"name":"wp","href":"https:\/\/api.w.org\/{rel}","templated":true}]}}