{"id":156937,"date":"2025-12-16T07:45:00","date_gmt":"2025-12-16T10:45:00","guid":{"rendered":"https:\/\/www.correiobraziliense.com.br\/cbradar\/?p=156937"},"modified":"2025-12-15T18:12:05","modified_gmt":"2025-12-15T21:12:05","slug":"como-viajar-com-idosos-com-mais-seguranca-e-conforto","status":"publish","type":"post","link":"https:\/\/www.correiobraziliense.com.br\/cbradar\/como-viajar-com-idosos-com-mais-seguranca-e-conforto\/","title":{"rendered":"Como viajar com idosos com mais seguran\u00e7a e conforto"},"content":{"rendered":"\n<p>Viajar \u00e9 uma oportunidade \u00fanica de lazer e conviv\u00eancia, proporcionando momentos memor\u00e1veis para muitas fam\u00edlias, especialmente durante as f\u00e9rias. Quando se fala em incluir <strong>Idosos <\/strong>nesse planejamento, \u00e9 necess\u00e1rio um cuidado adicional para garantir que a experi\u00eancia seja segura e agrad\u00e1vel. A preocupa\u00e7\u00e3o com o bem-estar dos mais velhos durante viagens envolve desde a organiza\u00e7\u00e3o dos medicamentos at\u00e9 a escolha do destino apropriado.<\/p>\n\n\n\n<p>Um dos primeiros passos para assegurar uma viagem tranquila para Idosos \u00e9 a gest\u00e3o adequada dos medicamentos. Manter a rotina medicamentosa intacta \u00e9 essencial, principalmente para aqueles que t\u00eam doen\u00e7as cr\u00f4nicas. Organizar os rem\u00e9dios em caixas semanais e transport\u00e1-los na bagagem de m\u00e3o, junto com as receitas atualizadas, minimiza o risco de complica\u00e7\u00f5es. Al\u00e9m disso, \u00e9 recomend\u00e1vel levar medica\u00e7\u00f5es de uso sintom\u00e1tico, como analg\u00e9sicos e antial\u00e9rgicos, para imprevistos que possam surgir durante a viagem.<\/p>\n\n\n\n<h2 class=\"wp-block-heading\">Como a hidrata\u00e7\u00e3o influencia a viagem?<\/h2>\n\n\n\n<p>Manter uma boa hidrata\u00e7\u00e3o \u00e9 fundamental, mas muitas vezes negligenciada durante viagens longas. Idosos nem sempre sentem sede com frequ\u00eancia, por isso ofertar \u00e1gua regularmente \u00e9 crucial para evitar problemas de sa\u00fade como tonturas ou quedas de press\u00e3o. Carregar uma garrafa de \u00e1gua e lembrar o idoso de beber em intervalos regulares pode prevenir complica\u00e7\u00f5es e melhorar significativamente o bem-estar durante a viagem.<\/p>\n\n\n\n<h2 class=\"wp-block-heading\">Qual a import\u00e2ncia de planejar paradas?<\/h2>\n\n\n\n<p>Viajar por longos per\u00edodos pode ser desgastante para todas as idades, mas especialmente para Idosos, que precisam se mover para evitar problemas como trombose. Planejar paradas frequentes para alongamento e circula\u00e7\u00e3o \u00e9 um cuidado importante para minimizar desconfortos f\u00edsicos. Em viagens de carro, por exemplo, realizar uma pausa a cada uma ou duas horas pode fazer uma grande diferen\u00e7a. J\u00e1 em meios de transporte como avi\u00f5es ou trens, incentivar o idoso a caminhar pelo corredor ajuda a manter a circula\u00e7\u00e3o ativa.<\/p>\n\n\n<div class=\"wp-block-image\">\n<figure class=\"aligncenter size-large\"><img decoding=\"async\" width=\"1024\" height=\"576\" src=\"https:\/\/www.correiobraziliense.com.br\/cbradar\/wp-content\/uploads\/2025\/09\/idoso_1756859466575-1024x576.jpg\" alt=\"\" class=\"wp-image-97587\" srcset=\"https:\/\/www.correiobraziliense.com.br\/cbradar\/wp-content\/uploads\/2025\/09\/idoso_1756859466575-1024x576.jpg 1024w, https:\/\/www.correiobraziliense.com.br\/cbradar\/wp-content\/uploads\/2025\/09\/idoso_1756859466575-300x169.jpg 300w, https:\/\/www.correiobraziliense.com.br\/cbradar\/wp-content\/uploads\/2025\/09\/idoso_1756859466575-768x432.jpg 768w, https:\/\/www.correiobraziliense.com.br\/cbradar\/wp-content\/uploads\/2025\/09\/idoso_1756859466575-750x422.jpg 750w, https:\/\/www.correiobraziliense.com.br\/cbradar\/wp-content\/uploads\/2025\/09\/idoso_1756859466575-1140x641.jpg 1140w, https:\/\/www.correiobraziliense.com.br\/cbradar\/wp-content\/uploads\/2025\/09\/idoso_1756859466575.jpg 1280w\" sizes=\"(max-width: 1024px) 100vw, 1024px\" \/><figcaption class=\"wp-element-caption\">Idoso &#8211; Cr\u00e9ditos: depositphotos.com \/ VitalikRadko<\/figcaption><\/figure><\/div>\n\n\n<h2 class=\"wp-block-heading\">Quais cuidados tomar na escolha do local e hora da viagem?<\/h2>\n\n\n\n<p>A escolha do destino e o hor\u00e1rio do deslocamento tamb\u00e9m afetam o conforto do idoso. \u00c9 prefer\u00edvel evitar hor\u00e1rios de calor intenso, que podem ser desgastantes e aumentar os riscos de <a href=\"https:\/\/www.correiobraziliense.com.br\/cbradar\/panqueca-low-carb-que-ajuda-no-emagrecimento\/\" target=\"_blank\" rel=\"noreferrer noopener\">sa\u00fade<\/a>. Optar por trajetos mais curtos e ambientes frescos e confort\u00e1veis auxilia a manter o idoso ativo e alerta durante a viagem. Esses cuidados s\u00e3o fundamentais para respeitar os limites f\u00edsicos dos Idosos e garantir uma viagem prazerosa e sem imprevistos.<\/p>\n\n\n\n<h2 class=\"wp-block-heading\">Quais sinais devem ser observados durante a viagem?<\/h2>\n\n\n\n<p>Al\u00e9m de toda a prepara\u00e7\u00e3o pr\u00e9via, \u00e9 importante estar sempre atento a qualquer sinal de alerta que o idoso possa apresentar, como tontura, falta de ar ou desorienta\u00e7\u00e3o. Caso algum desses sintomas seja notado, \u00e9 essencial interromper a viagem e buscar orienta\u00e7\u00e3o m\u00e9dica imediatamente. Essas medidas ajudam a evitar poss\u00edveis complica\u00e7\u00f5es e asseguram que a viagem continue sendo uma experi\u00eancia agrad\u00e1vel.<\/p>\n\n\n\n<p>Por fim, manter a carteira de vacina\u00e7\u00e3o atualizada, escolher um local de hospedagem seguro e garantir que o idoso esteja vestido com roupas leves e use prote\u00e7\u00e3o solar s\u00e3o medidas adicionais que contribuem para o bem-estar durante as f\u00e9rias. Com um bom planejamento e aten\u00e7\u00e3o aos detalhes, viajar com Idosos pode ser uma experi\u00eancia enriquecedora e gratificante para toda a fam\u00edlia, permitindo a cria\u00e7\u00e3o de novas mem\u00f3rias e o fortalecimento dos la\u00e7os familiares.<\/p>\n\n\n<a href=\"https:\/\/www.instagram.com\/dra.annaluisabf\/\" target=\"_blank\" rel=\"noopener\" style=\"text-decoration: none; color: inherit;\">\n    <span style=\"display: inline-block; border: 1px solid #ccc; border-radius: 10px; padding: 15px; max-width: 550px; font-family: sans-serif; box-shadow: 0 2px 5px rgba(0,0,0,0.1); width: 100%;\">\n\n      <!-- T\u00edtulo -->\n      <span style=\"display: block; margin: 0 0 15px 0; font-weight: bold; color: #2c3e50; text-align: center;\">\n        Entre em contato:\n      <\/span>\n\n      <!-- Linha do perfil -->\n      <span style=\"display: flex; align-items: center; gap: 15px;\">\n        <img decoding=\"async\"\n          src=\"https:\/\/www.correiobraziliense.com.br\/cbradar\/wp-content\/uploads\/2025\/08\/dra_anna_luisa.jpeg\"\n          alt=\"Foto da Dra. Anna Lu\u00edsa\"\n          style=\"border-radius: 50%; width: 80px; height: 80px; object-fit: cover;\"\n        \/>\n        <span style=\"display: flex; flex-direction: column;\">\n          <span style=\"font-size: 18px; font-weight: 700; color: #2c3e50;\">Dra. Anna Lu\u00edsa Barbosa Fernandes<\/span>\n          <span style=\"color: #555;\">CRM-GO 33.271<\/span>\n        <\/span>\n      <\/span>\n\n      <!-- Redes -->\n      <span style=\"display: flex; align-items: center; gap: 10px; margin-top: 12px;\">\n        <img decoding=\"async\" src=\"https:\/\/cdn-icons-png.flaticon.com\/24\/1384\/1384063.png\" alt=\"Instagram\" width=\"24\" height=\"24\" \/>\n        <span style=\"text-decoration: underline; color: #2c3e50;\">@dra.annaluisabf<\/span>\n      <\/span>\n\n    <\/span>\n  <\/a>","protected":false},"excerpt":{"rendered":"<p>Viajar \u00e9 uma oportunidade \u00fanica de lazer e conviv\u00eancia, proporcionando momentos memor\u00e1veis para muitas fam\u00edlias, especialmente durante as f\u00e9rias. Quando se fala em incluir Idosos nesse planejamento, \u00e9 necess\u00e1rio um cuidado adicional para garantir que a experi\u00eancia seja segura e agrad\u00e1vel. A preocupa\u00e7\u00e3o com o bem-estar dos mais velhos durante viagens envolve desde a organiza\u00e7\u00e3o [&hellip;]<\/p>\n","protected":false},"author":14,"featured_media":97588,"comment_status":"open","ping_status":"open","sticky":false,"template":"","format":"standard","meta":{"_yoast_wpseo_focuskw":"Idosos","_yoast_wpseo_title":"","_yoast_wpseo_metadesc":"Viajar com idosos exige aten\u00e7\u00e3o a medicamentos, hidrata\u00e7\u00e3o e paradas. Veja cuidados essenciais para uma viagem segura e tranquila.","jnews-multi-image_gallery":[],"jnews_single_post":{"format":"standard"},"jnews_primary_category":[],"jnews_social_meta":[],"jnews_override_counter":[],"footnotes":""},"categories":[4404],"tags":[281,120,1318],"class_list":["post-156937","post","type-post","status-publish","format-standard","has-post-thumbnail","hentry","category-saude","tag-alimentacao","tag-bem-estar","tag-saude-2"],"yoast_head":"<!-- This site is optimized with the Yoast SEO plugin v24.6 - https:\/\/yoast.com\/wordpress\/plugins\/seo\/ -->\n<title>Como viajar com idosos com mais seguran\u00e7a e conforto - Correio Braziliense - Radar<\/title>\n<meta name=\"description\" content=\"Viajar com idosos exige aten\u00e7\u00e3o a medicamentos, hidrata\u00e7\u00e3o e paradas. Veja cuidados essenciais para uma viagem segura e tranquila.\" \/>\n<meta name=\"robots\" content=\"index, follow, max-snippet:-1, max-image-preview:large, max-video-preview:-1\" \/>\n<link rel=\"canonical\" href=\"https:\/\/www.correiobraziliense.com.br\/cbradar\/como-viajar-com-idosos-com-mais-seguranca-e-conforto\/\" \/>\n<meta property=\"og:locale\" content=\"pt_BR\" \/>\n<meta property=\"og:type\" content=\"article\" \/>\n<meta property=\"og:title\" content=\"Como viajar com idosos com mais seguran\u00e7a e conforto - Correio Braziliense - Radar\" \/>\n<meta property=\"og:description\" content=\"Viajar com idosos exige aten\u00e7\u00e3o a medicamentos, hidrata\u00e7\u00e3o e paradas. Veja cuidados essenciais para uma viagem segura e tranquila.\" \/>\n<meta property=\"og:url\" content=\"https:\/\/www.correiobraziliense.com.br\/cbradar\/como-viajar-com-idosos-com-mais-seguranca-e-conforto\/\" \/>\n<meta property=\"og:site_name\" content=\"Correio Braziliense - Radar\" \/>\n<meta property=\"article:published_time\" content=\"2025-12-16T10:45:00+00:00\" \/>\n<meta property=\"og:image\" content=\"https:\/\/www.correiobraziliense.com.br\/cbradar\/wp-content\/uploads\/2025\/09\/idoso_1756859491613.jpg\" \/>\n\t<meta property=\"og:image:width\" content=\"1280\" \/>\n\t<meta property=\"og:image:height\" content=\"720\" \/>\n\t<meta property=\"og:image:type\" content=\"image\/jpeg\" \/>\n<meta name=\"author\" content=\"guilherme_saude\" \/>\n<meta name=\"twitter:card\" content=\"summary_large_image\" \/>\n<meta name=\"twitter:label1\" content=\"Escrito por\" \/>\n\t<meta name=\"twitter:data1\" content=\"guilherme_saude\" \/>\n\t<meta name=\"twitter:label2\" content=\"Est. tempo de leitura\" \/>\n\t<meta name=\"twitter:data2\" content=\"4 minutos\" \/>\n<!-- \/ Yoast SEO plugin. -->","yoast_head_json":{"title":"Como viajar com idosos com mais seguran\u00e7a e conforto - Correio Braziliense - Radar","description":"Viajar com idosos exige aten\u00e7\u00e3o a medicamentos, hidrata\u00e7\u00e3o e paradas. Veja cuidados essenciais para uma viagem segura e tranquila.","robots":{"index":"index","follow":"follow","max-snippet":"max-snippet:-1","max-image-preview":"max-image-preview:large","max-video-preview":"max-video-preview:-1"},"canonical":"https:\/\/www.correiobraziliense.com.br\/cbradar\/como-viajar-com-idosos-com-mais-seguranca-e-conforto\/","og_locale":"pt_BR","og_type":"article","og_title":"Como viajar com idosos com mais seguran\u00e7a e conforto - Correio Braziliense - Radar","og_description":"Viajar com idosos exige aten\u00e7\u00e3o a medicamentos, hidrata\u00e7\u00e3o e paradas. Veja cuidados essenciais para uma viagem segura e tranquila.","og_url":"https:\/\/www.correiobraziliense.com.br\/cbradar\/como-viajar-com-idosos-com-mais-seguranca-e-conforto\/","og_site_name":"Correio Braziliense - Radar","article_published_time":"2025-12-16T10:45:00+00:00","og_image":[{"width":1280,"height":720,"url":"https:\/\/www.correiobraziliense.com.br\/cbradar\/wp-content\/uploads\/2025\/09\/idoso_1756859491613.jpg","type":"image\/jpeg"}],"author":"guilherme_saude","twitter_card":"summary_large_image","twitter_misc":{"Escrito por":"guilherme_saude","Est. tempo de leitura":"4 minutos"},"schema":{"@context":"https:\/\/schema.org","@graph":[{"@type":"WebPage","@id":"https:\/\/www.correiobraziliense.com.br\/cbradar\/como-viajar-com-idosos-com-mais-seguranca-e-conforto\/","url":"https:\/\/www.correiobraziliense.com.br\/cbradar\/como-viajar-com-idosos-com-mais-seguranca-e-conforto\/","name":"Como viajar com idosos com mais seguran\u00e7a e conforto - Correio Braziliense - Radar","isPartOf":{"@id":"https:\/\/www.correiobraziliense.com.br\/cbradar\/#website"},"primaryImageOfPage":{"@id":"https:\/\/www.correiobraziliense.com.br\/cbradar\/como-viajar-com-idosos-com-mais-seguranca-e-conforto\/#primaryimage"},"image":{"@id":"https:\/\/www.correiobraziliense.com.br\/cbradar\/como-viajar-com-idosos-com-mais-seguranca-e-conforto\/#primaryimage"},"thumbnailUrl":"https:\/\/www.correiobraziliense.com.br\/cbradar\/wp-content\/uploads\/2025\/09\/idoso_1756859491613.jpg","datePublished":"2025-12-16T10:45:00+00:00","author":{"@id":"https:\/\/www.correiobraziliense.com.br\/cbradar\/#\/schema\/person\/5aa4bf3c8fa699c267933611de12978b"},"description":"Viajar com idosos exige aten\u00e7\u00e3o a medicamentos, hidrata\u00e7\u00e3o e paradas. Veja cuidados essenciais para uma viagem segura e tranquila.","breadcrumb":{"@id":"https:\/\/www.correiobraziliense.com.br\/cbradar\/como-viajar-com-idosos-com-mais-seguranca-e-conforto\/#breadcrumb"},"inLanguage":"pt-BR","potentialAction":[{"@type":"ReadAction","target":["https:\/\/www.correiobraziliense.com.br\/cbradar\/como-viajar-com-idosos-com-mais-seguranca-e-conforto\/"]}]},{"@type":"ImageObject","inLanguage":"pt-BR","@id":"https:\/\/www.correiobraziliense.com.br\/cbradar\/como-viajar-com-idosos-com-mais-seguranca-e-conforto\/#primaryimage","url":"https:\/\/www.correiobraziliense.com.br\/cbradar\/wp-content\/uploads\/2025\/09\/idoso_1756859491613.jpg","contentUrl":"https:\/\/www.correiobraziliense.com.br\/cbradar\/wp-content\/uploads\/2025\/09\/idoso_1756859491613.jpg","width":1280,"height":720,"caption":"Idoso - Cr\u00e9ditos: depositphotos.com \/ diego_cervo"},{"@type":"BreadcrumbList","@id":"https:\/\/www.correiobraziliense.com.br\/cbradar\/como-viajar-com-idosos-com-mais-seguranca-e-conforto\/#breadcrumb","itemListElement":[{"@type":"ListItem","position":1,"name":"In\u00edcio","item":"https:\/\/www.correiobraziliense.com.br\/cbradar\/"},{"@type":"ListItem","position":2,"name":"Como viajar com idosos com mais seguran\u00e7a e conforto"}]},{"@type":"WebSite","@id":"https:\/\/www.correiobraziliense.com.br\/cbradar\/#website","url":"https:\/\/www.correiobraziliense.com.br\/cbradar\/","name":"Correio Braziliense - Radar","description":"Acompanhe as \u00faltimas not\u00edcias e fique bem informado sobre tudo o que acontece no Brasil e no mundo.","potentialAction":[{"@type":"SearchAction","target":{"@type":"EntryPoint","urlTemplate":"https:\/\/www.correiobraziliense.com.br\/cbradar\/?s={search_term_string}"},"query-input":{"@type":"PropertyValueSpecification","valueRequired":true,"valueName":"search_term_string"}}],"inLanguage":"pt-BR"},{"@type":"Person","@id":"https:\/\/www.correiobraziliense.com.br\/cbradar\/#\/schema\/person\/5aa4bf3c8fa699c267933611de12978b","name":"guilherme_saude","image":{"@type":"ImageObject","inLanguage":"pt-BR","@id":"https:\/\/www.correiobraziliense.com.br\/cbradar\/#\/schema\/person\/image\/","url":"https:\/\/secure.gravatar.com\/avatar\/df9adfb835d344bc0af109d41756253f?s=96&d=mm&r=g","contentUrl":"https:\/\/secure.gravatar.com\/avatar\/df9adfb835d344bc0af109d41756253f?s=96&d=mm&r=g","caption":"guilherme_saude"},"url":"https:\/\/www.correiobraziliense.com.br\/cbradar\/author\/guilherme_saude\/"}]}},"_links":{"self":[{"href":"https:\/\/www.correiobraziliense.com.br\/cbradar\/wp-json\/wp\/v2\/posts\/156937","targetHints":{"allow":["GET"]}}],"collection":[{"href":"https:\/\/www.correiobraziliense.com.br\/cbradar\/wp-json\/wp\/v2\/posts"}],"about":[{"href":"https:\/\/www.correiobraziliense.com.br\/cbradar\/wp-json\/wp\/v2\/types\/post"}],"author":[{"embeddable":true,"href":"https:\/\/www.correiobraziliense.com.br\/cbradar\/wp-json\/wp\/v2\/users\/14"}],"replies":[{"embeddable":true,"href":"https:\/\/www.correiobraziliense.com.br\/cbradar\/wp-json\/wp\/v2\/comments?post=156937"}],"version-history":[{"count":1,"href":"https:\/\/www.correiobraziliense.com.br\/cbradar\/wp-json\/wp\/v2\/posts\/156937\/revisions"}],"predecessor-version":[{"id":156938,"href":"https:\/\/www.correiobraziliense.com.br\/cbradar\/wp-json\/wp\/v2\/posts\/156937\/revisions\/156938"}],"wp:featuredmedia":[{"embeddable":true,"href":"https:\/\/www.correiobraziliense.com.br\/cbradar\/wp-json\/wp\/v2\/media\/97588"}],"wp:attachment":[{"href":"https:\/\/www.correiobraziliense.com.br\/cbradar\/wp-json\/wp\/v2\/media?parent=156937"}],"wp:term":[{"taxonomy":"category","embeddable":true,"href":"https:\/\/www.correiobraziliense.com.br\/cbradar\/wp-json\/wp\/v2\/categories?post=156937"},{"taxonomy":"post_tag","embeddable":true,"href":"https:\/\/www.correiobraziliense.com.br\/cbradar\/wp-json\/wp\/v2\/tags?post=156937"}],"curies":[{"name":"wp","href":"https:\/\/api.w.org\/{rel}","templated":true}]}}