{"id":156941,"date":"2025-12-16T09:35:00","date_gmt":"2025-12-16T12:35:00","guid":{"rendered":"https:\/\/www.correiobraziliense.com.br\/cbradar\/?p=156941"},"modified":"2025-12-15T18:13:56","modified_gmt":"2025-12-15T21:13:56","slug":"diferenca-entre-arroz-branco-e-integral-na-dieta","status":"publish","type":"post","link":"https:\/\/www.correiobraziliense.com.br\/cbradar\/diferenca-entre-arroz-branco-e-integral-na-dieta\/","title":{"rendered":"Diferen\u00e7a entre arroz branco e integral na dieta"},"content":{"rendered":"\n<p>O <strong>Arroz <\/strong>\u00e9 um dos alimentos mais comuns na dieta de in\u00fameras culturas ao redor do mundo, e sua presen\u00e7a nos pratos brasileiros \u00e9 ineg\u00e1vel. Contudo, com o surgimento de dietas focadas em emagrecimento e bem-estar, a substitui\u00e7\u00e3o do arroz branco pelo arroz integral tornou-se um debate frequente. Entender as diferen\u00e7as nutricionais entre esses dois tipos de arroz pode ser fundamental para quem busca uma alimenta\u00e7\u00e3o balanceada e que atenda \u00e0s necessidades pessoais de sa\u00fade.<\/p>\n\n\n\n<h2 class=\"wp-block-heading\">Quais s\u00e3o as diferen\u00e7as entre arroz branco e integral?<\/h2>\n\n\n\n<p>A diferen\u00e7a principal entre o arroz branco e o arroz integral reside no processo de refino. O arroz integral mant\u00e9m as camadas externas do gr\u00e3o, que s\u00e3o ricas em fibras, vitaminas e minerais, como f\u00f3sforo e pot\u00e1ssio. Essas camadas ficam intactas, oferecendo mais nutrientes. J\u00e1 no caso do arroz branco, o gr\u00e3o passa por um processo de polimento que retira essas camadas, resultando em um alimento mais leve para digest\u00e3o, mas menos nutritivo em compara\u00e7\u00e3o ao integral.<\/p>\n\n\n\n<p>O consumo de arroz integral pode promover uma maior sensa\u00e7\u00e3o de saciedade. As fibras ajudam a controlar a glicemia e a promover a <a href=\"https:\/\/www.correiobraziliense.com.br\/cbradar\/panqueca-low-carb-que-ajuda-no-emagrecimento\/\" target=\"_blank\" rel=\"noreferrer noopener\">sa\u00fade <\/a>intestinal, o que pode ser vantajoso para quem procura por estabilidade energ\u00e9tica ao longo do dia. Em contrapartida, o arroz branco, por ter uma digest\u00e3o mais r\u00e1pida, pode ser \u00fatil para indiv\u00edduos que necessitam de um ganho energ\u00e9tico mais imediato, como atletas ou pessoas com dificuldades digestivas.<\/p>\n\n\n\n<h2 class=\"wp-block-heading\">Substituir o arroz branco pelo integral realmente auxilia no emagrecimento?<\/h2>\n\n\n<div class=\"wp-block-image\">\n<figure class=\"aligncenter size-large\"><img decoding=\"async\" width=\"1024\" height=\"576\" src=\"https:\/\/www.correiobraziliense.com.br\/cbradar\/wp-content\/uploads\/2025\/07\/arroz_1752241248933-1024x576.jpg\" alt=\"\" class=\"wp-image-67913\" srcset=\"https:\/\/www.correiobraziliense.com.br\/cbradar\/wp-content\/uploads\/2025\/07\/arroz_1752241248933-1024x576.jpg 1024w, https:\/\/www.correiobraziliense.com.br\/cbradar\/wp-content\/uploads\/2025\/07\/arroz_1752241248933-300x169.jpg 300w, https:\/\/www.correiobraziliense.com.br\/cbradar\/wp-content\/uploads\/2025\/07\/arroz_1752241248933-768x432.jpg 768w, https:\/\/www.correiobraziliense.com.br\/cbradar\/wp-content\/uploads\/2025\/07\/arroz_1752241248933-750x422.jpg 750w, https:\/\/www.correiobraziliense.com.br\/cbradar\/wp-content\/uploads\/2025\/07\/arroz_1752241248933-1140x641.jpg 1140w, https:\/\/www.correiobraziliense.com.br\/cbradar\/wp-content\/uploads\/2025\/07\/arroz_1752241248933.jpg 1280w\" sizes=\"(max-width: 1024px) 100vw, 1024px\" \/><figcaption class=\"wp-element-caption\">Arroz &#8211; Cr\u00e9ditos: depositphotos.com \/ AntonMatyukha<\/figcaption><\/figure><\/div>\n\n\n<p>A troca do arroz branco pelo integral faz sentido para muitos que est\u00e3o buscando a perda de peso, pois as fibras presentes no arroz integral ajudam a aumentar a saciedade, evitando assim picos de fome, que s\u00e3o comuns em processos de emagrecimento. No entanto, \u00e9 importante salientar que a perda de peso n\u00e3o depende unicamente da substitui\u00e7\u00e3o de um alimento. H\u00e1 diversos fatores envolvidos, como a qualidade das refei\u00e7\u00f5es, o n\u00edvel de estresse, a qualidade do sono, a hidrata\u00e7\u00e3o e o equil\u00edbrio metab\u00f3lico no geral.<\/p>\n\n\n\n<h2 class=\"wp-block-heading\">Quando escolher o arroz branco pode ser mais adequado?<\/h2>\n\n\n\n<p>Apesar dos benef\u00edcios do arroz integral, h\u00e1 contextos onde o arroz branco pode ser mais apropriado. Em dietas focadas no ganho de massa muscular, por exemplo, o arroz branco \u00e9 mais indicado por ser menos volumoso em fibras e oferecer energia r\u00e1pida, compondo um super\u00e1vit cal\u00f3rico necess\u00e1rio sem causar desconforto intestinal. Al\u00e9m disso, o arroz integral \u00e9 ben\u00e9fico em refei\u00e7\u00f5es mais distantes do treino devido \u00e0s suas fibras e micros essenciais para relaxamento muscular e sa\u00fade do sistema nervoso.<\/p>\n\n\n\n<h2 class=\"wp-block-heading\">\u00c9 necess\u00e1rio excluir o arroz da dieta para emagrecer?<\/h2>\n\n\n\n<p>De acordo com especialistas, n\u00e3o \u00e9 aconselh\u00e1vel cortar completamente o arroz da dieta para emagrecimento. Restringir severamente este alimento pode levar a compuls\u00f5es alimentares, defici\u00eancias nutricionais e flutua\u00e7\u00f5es de energia. O arroz \u00e9 uma importante fonte de carboidratos, fundamentais para o funcionamento adequado do c\u00e9rebro e dos m\u00fasculos. Ajustar as quantidades consumidas e fazer substitui\u00e7\u00f5es inteligentes pode ser uma estrat\u00e9gia mais eficiente do que simplesmente eliminar o consumo do arroz da dieta.<\/p>\n\n\n\n<p>Equilibrar o arroz com outros componentes da refei\u00e7\u00e3o \u00e9 fundamental. Mistur\u00e1-lo com prote\u00ednas, fibras, e gorduras boas ajuda a criar uma alimenta\u00e7\u00e3o mais completa e saud\u00e1vel. Nesse sentido, \u00e9 importante compreender que a quantidade e o contexto do consumo s\u00e3o mais significativos do que a escolha entre um tipo de arroz ou outro.<\/p>\n\n\n<a href=\"https:\/\/www.instagram.com\/dra.annaluisabf\/\" target=\"_blank\" rel=\"noopener\" style=\"text-decoration: none; color: inherit;\">\n    <span style=\"display: inline-block; border: 1px solid #ccc; border-radius: 10px; padding: 15px; max-width: 550px; font-family: sans-serif; box-shadow: 0 2px 5px rgba(0,0,0,0.1); width: 100%;\">\n\n      <!-- T\u00edtulo -->\n      <span style=\"display: block; margin: 0 0 15px 0; font-weight: bold; color: #2c3e50; text-align: center;\">\n        Entre em contato:\n      <\/span>\n\n      <!-- Linha do perfil -->\n      <span style=\"display: flex; align-items: center; gap: 15px;\">\n        <img decoding=\"async\"\n          src=\"https:\/\/www.correiobraziliense.com.br\/cbradar\/wp-content\/uploads\/2025\/08\/dra_anna_luisa.jpeg\"\n          alt=\"Foto da Dra. Anna Lu\u00edsa\"\n          style=\"border-radius: 50%; width: 80px; height: 80px; object-fit: cover;\"\n        \/>\n        <span style=\"display: flex; flex-direction: column;\">\n          <span style=\"font-size: 18px; font-weight: 700; color: #2c3e50;\">Dra. Anna Lu\u00edsa Barbosa Fernandes<\/span>\n          <span style=\"color: #555;\">CRM-GO 33.271<\/span>\n        <\/span>\n      <\/span>\n\n      <!-- Redes -->\n      <span style=\"display: flex; align-items: center; gap: 10px; margin-top: 12px;\">\n        <img decoding=\"async\" src=\"https:\/\/cdn-icons-png.flaticon.com\/24\/1384\/1384063.png\" alt=\"Instagram\" width=\"24\" height=\"24\" \/>\n        <span style=\"text-decoration: underline; color: #2c3e50;\">@dra.annaluisabf<\/span>\n      <\/span>\n\n    <\/span>\n  <\/a>","protected":false},"excerpt":{"rendered":"<p>O Arroz \u00e9 um dos alimentos mais comuns na dieta de in\u00fameras culturas ao redor do mundo, e sua presen\u00e7a nos pratos brasileiros \u00e9 ineg\u00e1vel. Contudo, com o surgimento de dietas focadas em emagrecimento e bem-estar, a substitui\u00e7\u00e3o do arroz branco pelo arroz integral tornou-se um debate frequente. Entender as diferen\u00e7as nutricionais entre esses dois [&hellip;]<\/p>\n","protected":false},"author":14,"featured_media":67914,"comment_status":"open","ping_status":"open","sticky":false,"template":"","format":"standard","meta":{"_yoast_wpseo_focuskw":"Comer Arroz","_yoast_wpseo_title":"","_yoast_wpseo_metadesc":"Arroz branco ou integral? Entenda as diferen\u00e7as nutricionais e saiba qual op\u00e7\u00e3o faz mais sentido para emagrecer.","jnews-multi-image_gallery":[],"jnews_single_post":{"format":"standard"},"jnews_primary_category":[],"jnews_social_meta":[],"jnews_override_counter":[],"footnotes":""},"categories":[4404],"tags":[281,120,1318],"class_list":["post-156941","post","type-post","status-publish","format-standard","has-post-thumbnail","hentry","category-saude","tag-alimentacao","tag-bem-estar","tag-saude-2"],"yoast_head":"<!-- This site is optimized with the Yoast SEO plugin v24.6 - https:\/\/yoast.com\/wordpress\/plugins\/seo\/ -->\n<title>Diferen\u00e7a entre arroz branco e integral na dieta - Correio Braziliense - Radar<\/title>\n<meta name=\"description\" content=\"Arroz branco ou integral? Entenda as diferen\u00e7as nutricionais e saiba qual op\u00e7\u00e3o faz mais sentido para emagrecer.\" \/>\n<meta name=\"robots\" content=\"index, follow, max-snippet:-1, max-image-preview:large, max-video-preview:-1\" \/>\n<link rel=\"canonical\" href=\"https:\/\/www.correiobraziliense.com.br\/cbradar\/diferenca-entre-arroz-branco-e-integral-na-dieta\/\" \/>\n<meta property=\"og:locale\" content=\"pt_BR\" \/>\n<meta property=\"og:type\" content=\"article\" \/>\n<meta property=\"og:title\" content=\"Diferen\u00e7a entre arroz branco e integral na dieta - Correio Braziliense - Radar\" \/>\n<meta property=\"og:description\" content=\"Arroz branco ou integral? Entenda as diferen\u00e7as nutricionais e saiba qual op\u00e7\u00e3o faz mais sentido para emagrecer.\" \/>\n<meta property=\"og:url\" content=\"https:\/\/www.correiobraziliense.com.br\/cbradar\/diferenca-entre-arroz-branco-e-integral-na-dieta\/\" \/>\n<meta property=\"og:site_name\" content=\"Correio Braziliense - Radar\" \/>\n<meta property=\"article:published_time\" content=\"2025-12-16T12:35:00+00:00\" \/>\n<meta property=\"og:image\" content=\"https:\/\/www.correiobraziliense.com.br\/cbradar\/wp-content\/uploads\/2025\/07\/arroz_1752241277818.jpg\" \/>\n\t<meta property=\"og:image:width\" content=\"1280\" \/>\n\t<meta property=\"og:image:height\" content=\"720\" \/>\n\t<meta property=\"og:image:type\" content=\"image\/jpeg\" \/>\n<meta name=\"author\" content=\"guilherme_saude\" \/>\n<meta name=\"twitter:card\" content=\"summary_large_image\" \/>\n<meta name=\"twitter:label1\" content=\"Escrito por\" \/>\n\t<meta name=\"twitter:data1\" content=\"guilherme_saude\" \/>\n\t<meta name=\"twitter:label2\" content=\"Est. tempo de leitura\" \/>\n\t<meta name=\"twitter:data2\" content=\"4 minutos\" \/>\n<!-- \/ Yoast SEO plugin. -->","yoast_head_json":{"title":"Diferen\u00e7a entre arroz branco e integral na dieta - Correio Braziliense - Radar","description":"Arroz branco ou integral? Entenda as diferen\u00e7as nutricionais e saiba qual op\u00e7\u00e3o faz mais sentido para emagrecer.","robots":{"index":"index","follow":"follow","max-snippet":"max-snippet:-1","max-image-preview":"max-image-preview:large","max-video-preview":"max-video-preview:-1"},"canonical":"https:\/\/www.correiobraziliense.com.br\/cbradar\/diferenca-entre-arroz-branco-e-integral-na-dieta\/","og_locale":"pt_BR","og_type":"article","og_title":"Diferen\u00e7a entre arroz branco e integral na dieta - Correio Braziliense - Radar","og_description":"Arroz branco ou integral? Entenda as diferen\u00e7as nutricionais e saiba qual op\u00e7\u00e3o faz mais sentido para emagrecer.","og_url":"https:\/\/www.correiobraziliense.com.br\/cbradar\/diferenca-entre-arroz-branco-e-integral-na-dieta\/","og_site_name":"Correio Braziliense - Radar","article_published_time":"2025-12-16T12:35:00+00:00","og_image":[{"width":1280,"height":720,"url":"https:\/\/www.correiobraziliense.com.br\/cbradar\/wp-content\/uploads\/2025\/07\/arroz_1752241277818.jpg","type":"image\/jpeg"}],"author":"guilherme_saude","twitter_card":"summary_large_image","twitter_misc":{"Escrito por":"guilherme_saude","Est. tempo de leitura":"4 minutos"},"schema":{"@context":"https:\/\/schema.org","@graph":[{"@type":"WebPage","@id":"https:\/\/www.correiobraziliense.com.br\/cbradar\/diferenca-entre-arroz-branco-e-integral-na-dieta\/","url":"https:\/\/www.correiobraziliense.com.br\/cbradar\/diferenca-entre-arroz-branco-e-integral-na-dieta\/","name":"Diferen\u00e7a entre arroz branco e integral na dieta - Correio Braziliense - Radar","isPartOf":{"@id":"https:\/\/www.correiobraziliense.com.br\/cbradar\/#website"},"primaryImageOfPage":{"@id":"https:\/\/www.correiobraziliense.com.br\/cbradar\/diferenca-entre-arroz-branco-e-integral-na-dieta\/#primaryimage"},"image":{"@id":"https:\/\/www.correiobraziliense.com.br\/cbradar\/diferenca-entre-arroz-branco-e-integral-na-dieta\/#primaryimage"},"thumbnailUrl":"https:\/\/www.correiobraziliense.com.br\/cbradar\/wp-content\/uploads\/2025\/07\/arroz_1752241277818.jpg","datePublished":"2025-12-16T12:35:00+00:00","author":{"@id":"https:\/\/www.correiobraziliense.com.br\/cbradar\/#\/schema\/person\/5aa4bf3c8fa699c267933611de12978b"},"description":"Arroz branco ou integral? Entenda as diferen\u00e7as nutricionais e saiba qual op\u00e7\u00e3o faz mais sentido para emagrecer.","breadcrumb":{"@id":"https:\/\/www.correiobraziliense.com.br\/cbradar\/diferenca-entre-arroz-branco-e-integral-na-dieta\/#breadcrumb"},"inLanguage":"pt-BR","potentialAction":[{"@type":"ReadAction","target":["https:\/\/www.correiobraziliense.com.br\/cbradar\/diferenca-entre-arroz-branco-e-integral-na-dieta\/"]}]},{"@type":"ImageObject","inLanguage":"pt-BR","@id":"https:\/\/www.correiobraziliense.com.br\/cbradar\/diferenca-entre-arroz-branco-e-integral-na-dieta\/#primaryimage","url":"https:\/\/www.correiobraziliense.com.br\/cbradar\/wp-content\/uploads\/2025\/07\/arroz_1752241277818.jpg","contentUrl":"https:\/\/www.correiobraziliense.com.br\/cbradar\/wp-content\/uploads\/2025\/07\/arroz_1752241277818.jpg","width":1280,"height":720,"caption":"Arroz - Cr\u00e9ditos: depositphotos.com \/ AntonMatyukha"},{"@type":"BreadcrumbList","@id":"https:\/\/www.correiobraziliense.com.br\/cbradar\/diferenca-entre-arroz-branco-e-integral-na-dieta\/#breadcrumb","itemListElement":[{"@type":"ListItem","position":1,"name":"In\u00edcio","item":"https:\/\/www.correiobraziliense.com.br\/cbradar\/"},{"@type":"ListItem","position":2,"name":"Diferen\u00e7a entre arroz branco e integral na dieta"}]},{"@type":"WebSite","@id":"https:\/\/www.correiobraziliense.com.br\/cbradar\/#website","url":"https:\/\/www.correiobraziliense.com.br\/cbradar\/","name":"Correio Braziliense - Radar","description":"Acompanhe as \u00faltimas not\u00edcias e fique bem informado sobre tudo o que acontece no Brasil e no mundo.","potentialAction":[{"@type":"SearchAction","target":{"@type":"EntryPoint","urlTemplate":"https:\/\/www.correiobraziliense.com.br\/cbradar\/?s={search_term_string}"},"query-input":{"@type":"PropertyValueSpecification","valueRequired":true,"valueName":"search_term_string"}}],"inLanguage":"pt-BR"},{"@type":"Person","@id":"https:\/\/www.correiobraziliense.com.br\/cbradar\/#\/schema\/person\/5aa4bf3c8fa699c267933611de12978b","name":"guilherme_saude","image":{"@type":"ImageObject","inLanguage":"pt-BR","@id":"https:\/\/www.correiobraziliense.com.br\/cbradar\/#\/schema\/person\/image\/","url":"https:\/\/secure.gravatar.com\/avatar\/df9adfb835d344bc0af109d41756253f?s=96&d=mm&r=g","contentUrl":"https:\/\/secure.gravatar.com\/avatar\/df9adfb835d344bc0af109d41756253f?s=96&d=mm&r=g","caption":"guilherme_saude"},"url":"https:\/\/www.correiobraziliense.com.br\/cbradar\/author\/guilherme_saude\/"}]}},"_links":{"self":[{"href":"https:\/\/www.correiobraziliense.com.br\/cbradar\/wp-json\/wp\/v2\/posts\/156941","targetHints":{"allow":["GET"]}}],"collection":[{"href":"https:\/\/www.correiobraziliense.com.br\/cbradar\/wp-json\/wp\/v2\/posts"}],"about":[{"href":"https:\/\/www.correiobraziliense.com.br\/cbradar\/wp-json\/wp\/v2\/types\/post"}],"author":[{"embeddable":true,"href":"https:\/\/www.correiobraziliense.com.br\/cbradar\/wp-json\/wp\/v2\/users\/14"}],"replies":[{"embeddable":true,"href":"https:\/\/www.correiobraziliense.com.br\/cbradar\/wp-json\/wp\/v2\/comments?post=156941"}],"version-history":[{"count":1,"href":"https:\/\/www.correiobraziliense.com.br\/cbradar\/wp-json\/wp\/v2\/posts\/156941\/revisions"}],"predecessor-version":[{"id":156943,"href":"https:\/\/www.correiobraziliense.com.br\/cbradar\/wp-json\/wp\/v2\/posts\/156941\/revisions\/156943"}],"wp:featuredmedia":[{"embeddable":true,"href":"https:\/\/www.correiobraziliense.com.br\/cbradar\/wp-json\/wp\/v2\/media\/67914"}],"wp:attachment":[{"href":"https:\/\/www.correiobraziliense.com.br\/cbradar\/wp-json\/wp\/v2\/media?parent=156941"}],"wp:term":[{"taxonomy":"category","embeddable":true,"href":"https:\/\/www.correiobraziliense.com.br\/cbradar\/wp-json\/wp\/v2\/categories?post=156941"},{"taxonomy":"post_tag","embeddable":true,"href":"https:\/\/www.correiobraziliense.com.br\/cbradar\/wp-json\/wp\/v2\/tags?post=156941"}],"curies":[{"name":"wp","href":"https:\/\/api.w.org\/{rel}","templated":true}]}}