{"id":15698,"date":"2025-03-26T06:50:00","date_gmt":"2025-03-26T09:50:00","guid":{"rendered":"https:\/\/www.correiobraziliense.com.br\/cbradar\/?p=15698"},"modified":"2025-06-30T00:08:45","modified_gmt":"2025-06-30T03:08:45","slug":"a-serie-da-netflix-que-todo-pai-precisa-assistir","status":"publish","type":"post","link":"https:\/\/www.correiobraziliense.com.br\/cbradar\/a-serie-da-netflix-que-todo-pai-precisa-assistir\/","title":{"rendered":"A s\u00e9rie da Netflix que todo pai precisa assistir"},"content":{"rendered":"\n<p>A miniss\u00e9rie <strong>Adolesc\u00eancia<\/strong> da <a href=\"https:\/\/www.netflix.com\/br\/title\/81756069\" target=\"_blank\" rel=\"noreferrer noopener\"><strong>Netflix<\/strong> <\/a>chamou aten\u00e7\u00e3o mundial ao apresentar um olhar profundo sobre os desafios que os jovens enfrentam na era digital. A hist\u00f3ria acompanha <strong>Jamie Miller<\/strong>, um garoto de 13 anos que se torna suspeito de assassinar sua colega de escola <strong>Katie Leonard<\/strong>, levantando quest\u00f5es urgentes sobre como a internet pode influenciar comportamentos extremos.<\/p>\n\n\n\n<p>Os criadores <strong>Stephen Graham<\/strong> e <strong>Jack Thorne<\/strong> desenvolveram a trama para mostrar como um menino qualquer pode ser atra\u00eddo por ideologias perigosas, especialmente a cultura incel que se espalha pela internet. A s\u00e9rie ganhou destaque por abordar temas reais atrav\u00e9s de uma narrativa fict\u00edcia que toca em feridas da sociedade atual.<\/p>\n\n\n\n<h2 class=\"wp-block-heading\">Que problemas sociais a s\u00e9rie exp\u00f5e sobre os jovens de hoje?<\/h2>\n\n\n\n<p>A produ\u00e7\u00e3o mostra como influenciadores mis\u00f3ginos, principalmente figuras como <strong>Andrew Tate<\/strong>, conquistam milh\u00f5es de seguidores jovens promovendo uma vis\u00e3o distorcida da masculinidade. Esses conte\u00fados online ensinam que as mulheres s\u00e3o calculistas e que a \u00fanica resposta masculina v\u00e1lida seria atrav\u00e9s da agress\u00e3o.<\/p>\n\n\n\n<p>Plataformas como <strong>Discord<\/strong>, <strong>4chan<\/strong> e f\u00f3runs criptografados oferecem anonimato e facilitam o recrutamento de jovens para ideologias extremas. A falta de regula\u00e7\u00e3o adequada permite que esses espa\u00e7os se tornem terreno f\u00e9rtil para radicaliza\u00e7\u00e3o silenciosa de adolescentes vulner\u00e1veis.<\/p>\n\n\n\n<h2 class=\"wp-block-heading\">Por que as redes sociais se tornaram t\u00e3o perigosas para meninos adolescentes?<\/h2>\n\n\n\n<p>Muitos jovens n\u00e3o procuram conte\u00fado mis\u00f3gino intencionalmente, mas acabam encontrando atrav\u00e9s de temas aparentemente inofensivos como conselhos sobre relacionamentos, exerc\u00edcios f\u00edsicos ou sucesso financeiro. Esses influenciadores misturam dicas \u00fateis com mensagens t\u00f3xicas sobre masculinidade.<\/p>\n\n\n\n<p>Dados recentes mostram um aumento de 360% na quantidade de posts contendo amea\u00e7as a escolas nos \u00faltimos quatro anos. O problema \u00e9 que algoritmos das redes sociais amplificam esses conte\u00fados, criando bolhas digitais que refor\u00e7am pensamentos extremos e isolam ainda mais os jovens.<\/p>\n\n\n\n<h2 class=\"wp-block-heading\">Como identificar quando um adolescente est\u00e1 sendo influenciado negativamente?<\/h2>\n\n\n\n<p>Sinais importantes incluem resist\u00eancia emocional excessiva, rejei\u00e7\u00e3o a caracter\u00edsticas consideradas femininas e necessidade obsessiva de controle. Pais devem ficar atentos quando os filhos come\u00e7am a usar termos depreciativos sobre mulheres ou demonstram desprezo por expressar sentimentos.<\/p>\n\n\n\n<p>Pesquisas mostram que a cultura incel \u00e9 mais diversificada do que parece, incluindo desde jovens que reproduzem discursos de \u00f3dio at\u00e9 aqueles que apenas buscam apoio emocional. O importante \u00e9 manter di\u00e1logo aberto e criar um ambiente onde o adolescente se sinta seguro para compartilhar suas dificuldades sem julgamentos.<\/p>\n\n\n\n<h2 class=\"wp-block-heading\">Qual o impacto inovador da t\u00e9cnica cinematogr\u00e1fica da s\u00e9rie?<\/h2>\n\n\n\n<figure class=\"wp-block-embed is-type-video is-provider-youtube wp-block-embed-youtube wp-embed-aspect-16-9 wp-has-aspect-ratio\"><div class=\"wp-block-embed__wrapper\">\n<div class=\"jeg_video_container jeg_video_content\"><iframe loading=\"lazy\" title=\"Adolesc\u00eancia | Trailer oficial | Netflix\" width=\"500\" height=\"281\" src=\"https:\/\/www.youtube.com\/embed\/mh48KXaCSxM?feature=oembed\" frameborder=\"0\" allow=\"accelerometer; autoplay; clipboard-write; encrypted-media; gyroscope; picture-in-picture; web-share\" referrerpolicy=\"strict-origin-when-cross-origin\" allowfullscreen><\/iframe><\/div>\n<\/div><\/figure>\n\n\n\n<p><a href=\"https:\/\/www.correiobraziliense.com.br\/cbradar\/a-melhor-serie-para-quem-gostou-de-adolescencia-da-netflix\/\" target=\"_blank\" rel=\"noreferrer noopener\"><strong>Adolesc\u00eancia<\/strong> <\/a>se destaca por filmar todos os epis\u00f3dios em plano-sequ\u00eancia \u00fanico, sem cortes aparentes, criando uma sensa\u00e7\u00e3o claustrof\u00f3bica e realista. Essa t\u00e9cnica, j\u00e1 usada em filmes como <strong>1917<\/strong> e <strong>Birdman<\/strong>, faz o espectador sentir como se estivesse presenciando os eventos em tempo real.<\/p>\n\n\n\n<p><strong>Philip Barantini<\/strong>, o diretor, comparou o formato a &#8220;desligar aparelhos de suporte de vida&#8221;, intensificando o drama emocional da fam\u00edlia <strong>Miller<\/strong>. Cada epis\u00f3dio varia entre 40 e 60 minutos, mantendo o ritmo acelerado sem dar espa\u00e7o para distra\u00e7\u00f5es.<\/p>\n\n\n\n<h2 class=\"wp-block-heading\">Como proteger os jovens das influ\u00eancias t\u00f3xicas da internet?<\/h2>\n\n\n\n<p>Especialistas alertam que as expectativas sociais sobre masculinidade contribuem para comportamentos de risco, aumentando taxas de suic\u00eddio, homic\u00eddio e acidentes entre homens jovens. Desde cedo, meninos aprendem frases como &#8220;homens n\u00e3o choram&#8221;, que desencorajam a express\u00e3o emocional saud\u00e1vel.<\/p>\n\n\n\n<p>A educa\u00e7\u00e3o digital cr\u00edtica se torna essencial para fam\u00edlias e escolas. \u00c9 preciso preparar os meninos para existir no mundo atual, construindo pontes entre gera\u00e7\u00f5es e criando espa\u00e7os seguros onde possam expressar vulnerabilidades sem medo de julgamento. O di\u00e1logo constante sobre os perigos online e o incentivo a relacionamentos baseados em respeito e igualdade s\u00e3o fundamentais para prevenir a radicaliza\u00e7\u00e3o juvenil.<\/p>\n","protected":false},"excerpt":{"rendered":"<p>A s\u00e9rie Netflix &#8216;Adolesc\u00eancia&#8217; e seu impacto na compreens\u00e3o parental dos desafios da juventude, incluindo bullying e sexismo no digital.<\/p>\n","protected":false},"author":3,"featured_media":15786,"comment_status":"open","ping_status":"open","sticky":false,"template":"","format":"standard","meta":{"_yoast_wpseo_focuskw":"Adolesc\u00eancia","_yoast_wpseo_title":"%%title%%","_yoast_wpseo_metadesc":"A s\u00e9rie Netflix 'Adolesc\u00eancia' e seu impacto na compreens\u00e3o parental dos desafios da juventude, incluindo bullying e sexismo no digital.","jnews-multi-image_gallery":[],"jnews_single_post":{"format":"standard"},"jnews_primary_category":[],"jnews_social_meta":[],"jnews_override_counter":[],"footnotes":""},"categories":[140],"post_tag":[141,568],"class_list":["post-15698","post","type-post","status-publish","format-standard","has-post-thumbnail","hentry","category-entretenimento","tag-netflix","tag-series-e-filmes"],"yoast_head":"<!-- This site is optimized with the Yoast SEO plugin v24.6 - https:\/\/yoast.com\/wordpress\/plugins\/seo\/ -->\n<title>A s\u00e9rie da Netflix que todo pai precisa assistir<\/title>\n<meta name=\"description\" content=\"A s\u00e9rie Netflix &#039;Adolesc\u00eancia&#039; e seu impacto na compreens\u00e3o parental dos desafios da juventude, incluindo bullying e sexismo no digital.\" \/>\n<meta name=\"robots\" content=\"index, follow, max-snippet:-1, max-image-preview:large, max-video-preview:-1\" \/>\n<link rel=\"canonical\" href=\"https:\/\/www.correiobraziliense.com.br\/cbradar\/a-serie-da-netflix-que-todo-pai-precisa-assistir\/\" \/>\n<meta property=\"og:locale\" content=\"pt_BR\" \/>\n<meta property=\"og:type\" content=\"article\" \/>\n<meta property=\"og:title\" content=\"A s\u00e9rie da Netflix que todo pai precisa assistir\" \/>\n<meta property=\"og:description\" content=\"A s\u00e9rie Netflix &#039;Adolesc\u00eancia&#039; e seu impacto na compreens\u00e3o parental dos desafios da juventude, incluindo bullying e sexismo no digital.\" \/>\n<meta property=\"og:url\" content=\"https:\/\/www.correiobraziliense.com.br\/cbradar\/a-serie-da-netflix-que-todo-pai-precisa-assistir\/\" \/>\n<meta property=\"og:site_name\" content=\"Correio Braziliense - Radar\" \/>\n<meta property=\"article:published_time\" content=\"2025-03-26T09:50:00+00:00\" \/>\n<meta property=\"article:modified_time\" content=\"2025-06-30T03:08:45+00:00\" \/>\n<meta property=\"og:image\" content=\"https:\/\/www.correiobraziliense.com.br\/cbradar\/wp-content\/uploads\/2025\/03\/Adolescencia-1.png\" \/>\n\t<meta property=\"og:image:width\" content=\"1280\" \/>\n\t<meta property=\"og:image:height\" content=\"720\" \/>\n\t<meta property=\"og:image:type\" content=\"image\/png\" \/>\n<meta name=\"author\" content=\"Larissa Carvalho\" \/>\n<meta name=\"twitter:card\" content=\"summary_large_image\" \/>\n<meta name=\"twitter:label1\" content=\"Escrito por\" \/>\n\t<meta name=\"twitter:data1\" content=\"Larissa Carvalho\" \/>\n\t<meta name=\"twitter:label2\" content=\"Est. tempo de leitura\" \/>\n\t<meta name=\"twitter:data2\" content=\"4 minutos\" \/>\n<!-- \/ Yoast SEO plugin. -->","yoast_head_json":{"title":"A s\u00e9rie da Netflix que todo pai precisa assistir","description":"A s\u00e9rie Netflix 'Adolesc\u00eancia' e seu impacto na compreens\u00e3o parental dos desafios da juventude, incluindo bullying e sexismo no digital.","robots":{"index":"index","follow":"follow","max-snippet":"max-snippet:-1","max-image-preview":"max-image-preview:large","max-video-preview":"max-video-preview:-1"},"canonical":"https:\/\/www.correiobraziliense.com.br\/cbradar\/a-serie-da-netflix-que-todo-pai-precisa-assistir\/","og_locale":"pt_BR","og_type":"article","og_title":"A s\u00e9rie da Netflix que todo pai precisa assistir","og_description":"A s\u00e9rie Netflix 'Adolesc\u00eancia' e seu impacto na compreens\u00e3o parental dos desafios da juventude, incluindo bullying e sexismo no digital.","og_url":"https:\/\/www.correiobraziliense.com.br\/cbradar\/a-serie-da-netflix-que-todo-pai-precisa-assistir\/","og_site_name":"Correio Braziliense - Radar","article_published_time":"2025-03-26T09:50:00+00:00","article_modified_time":"2025-06-30T03:08:45+00:00","og_image":[{"width":1280,"height":720,"url":"https:\/\/www.correiobraziliense.com.br\/cbradar\/wp-content\/uploads\/2025\/03\/Adolescencia-1.png","type":"image\/png"}],"author":"Larissa Carvalho","twitter_card":"summary_large_image","twitter_misc":{"Escrito por":"Larissa Carvalho","Est. tempo de leitura":"4 minutos"},"schema":{"@context":"https:\/\/schema.org","@graph":[{"@type":"WebPage","@id":"https:\/\/www.correiobraziliense.com.br\/cbradar\/a-serie-da-netflix-que-todo-pai-precisa-assistir\/","url":"https:\/\/www.correiobraziliense.com.br\/cbradar\/a-serie-da-netflix-que-todo-pai-precisa-assistir\/","name":"A s\u00e9rie da Netflix que todo pai precisa assistir","isPartOf":{"@id":"https:\/\/www.correiobraziliense.com.br\/cbradar\/#website"},"primaryImageOfPage":{"@id":"https:\/\/www.correiobraziliense.com.br\/cbradar\/a-serie-da-netflix-que-todo-pai-precisa-assistir\/#primaryimage"},"image":{"@id":"https:\/\/www.correiobraziliense.com.br\/cbradar\/a-serie-da-netflix-que-todo-pai-precisa-assistir\/#primaryimage"},"thumbnailUrl":"https:\/\/www.correiobraziliense.com.br\/cbradar\/wp-content\/uploads\/2025\/03\/Adolescencia-1.png","datePublished":"2025-03-26T09:50:00+00:00","dateModified":"2025-06-30T03:08:45+00:00","author":{"@id":"https:\/\/www.correiobraziliense.com.br\/cbradar\/#\/schema\/person\/58422787644df994b53a19d3e56c1513"},"description":"A s\u00e9rie Netflix 'Adolesc\u00eancia' e seu impacto na compreens\u00e3o parental dos desafios da juventude, incluindo bullying e sexismo no digital.","breadcrumb":{"@id":"https:\/\/www.correiobraziliense.com.br\/cbradar\/a-serie-da-netflix-que-todo-pai-precisa-assistir\/#breadcrumb"},"inLanguage":"pt-BR","potentialAction":[{"@type":"ReadAction","target":["https:\/\/www.correiobraziliense.com.br\/cbradar\/a-serie-da-netflix-que-todo-pai-precisa-assistir\/"]}]},{"@type":"ImageObject","inLanguage":"pt-BR","@id":"https:\/\/www.correiobraziliense.com.br\/cbradar\/a-serie-da-netflix-que-todo-pai-precisa-assistir\/#primaryimage","url":"https:\/\/www.correiobraziliense.com.br\/cbradar\/wp-content\/uploads\/2025\/03\/Adolescencia-1.png","contentUrl":"https:\/\/www.correiobraziliense.com.br\/cbradar\/wp-content\/uploads\/2025\/03\/Adolescencia-1.png","width":1280,"height":720,"caption":"Adolesc\u00eancia. Fonte: divulga\u00e7\u00e3o \/ Netflix"},{"@type":"BreadcrumbList","@id":"https:\/\/www.correiobraziliense.com.br\/cbradar\/a-serie-da-netflix-que-todo-pai-precisa-assistir\/#breadcrumb","itemListElement":[{"@type":"ListItem","position":1,"name":"In\u00edcio","item":"https:\/\/www.correiobraziliense.com.br\/cbradar\/"},{"@type":"ListItem","position":2,"name":"A s\u00e9rie da Netflix que todo pai precisa assistir"}]},{"@type":"WebSite","@id":"https:\/\/www.correiobraziliense.com.br\/cbradar\/#website","url":"https:\/\/www.correiobraziliense.com.br\/cbradar\/","name":"Correio Braziliense - Radar","description":"Acompanhe as \u00faltimas not\u00edcias e fique bem informado sobre tudo o que acontece no Brasil e no mundo.","potentialAction":[{"@type":"SearchAction","target":{"@type":"EntryPoint","urlTemplate":"https:\/\/www.correiobraziliense.com.br\/cbradar\/?s={search_term_string}"},"query-input":{"@type":"PropertyValueSpecification","valueRequired":true,"valueName":"search_term_string"}}],"inLanguage":"pt-BR"},{"@type":"Person","@id":"https:\/\/www.correiobraziliense.com.br\/cbradar\/#\/schema\/person\/58422787644df994b53a19d3e56c1513","name":"Larissa Carvalho","image":{"@type":"ImageObject","inLanguage":"pt-BR","@id":"https:\/\/www.correiobraziliense.com.br\/cbradar\/#\/schema\/person\/image\/","url":"https:\/\/secure.gravatar.com\/avatar\/fe4f91a0de32b52a838d0d612abdc1aa?s=96&d=mm&r=g","contentUrl":"https:\/\/secure.gravatar.com\/avatar\/fe4f91a0de32b52a838d0d612abdc1aa?s=96&d=mm&r=g","caption":"Larissa Carvalho"},"url":"https:\/\/www.correiobraziliense.com.br\/cbradar\/author\/larissamyth\/"}]}},"_links":{"self":[{"href":"https:\/\/www.correiobraziliense.com.br\/cbradar\/wp-json\/wp\/v2\/posts\/15698","targetHints":{"allow":["GET"]}}],"collection":[{"href":"https:\/\/www.correiobraziliense.com.br\/cbradar\/wp-json\/wp\/v2\/posts"}],"about":[{"href":"https:\/\/www.correiobraziliense.com.br\/cbradar\/wp-json\/wp\/v2\/types\/post"}],"author":[{"embeddable":true,"href":"https:\/\/www.correiobraziliense.com.br\/cbradar\/wp-json\/wp\/v2\/users\/3"}],"replies":[{"embeddable":true,"href":"https:\/\/www.correiobraziliense.com.br\/cbradar\/wp-json\/wp\/v2\/comments?post=15698"}],"version-history":[{"count":3,"href":"https:\/\/www.correiobraziliense.com.br\/cbradar\/wp-json\/wp\/v2\/posts\/15698\/revisions"}],"predecessor-version":[{"id":61631,"href":"https:\/\/www.correiobraziliense.com.br\/cbradar\/wp-json\/wp\/v2\/posts\/15698\/revisions\/61631"}],"wp:featuredmedia":[{"embeddable":true,"href":"https:\/\/www.correiobraziliense.com.br\/cbradar\/wp-json\/wp\/v2\/media\/15786"}],"wp:attachment":[{"href":"https:\/\/www.correiobraziliense.com.br\/cbradar\/wp-json\/wp\/v2\/media?parent=15698"}],"wp:term":[{"taxonomy":"category","embeddable":true,"href":"https:\/\/www.correiobraziliense.com.br\/cbradar\/wp-json\/wp\/v2\/categories?post=15698"},{"taxonomy":"post_tag","embeddable":true,"href":"https:\/\/www.correiobraziliense.com.br\/cbradar\/wp-json\/wp\/v2\/post_tag?post=15698"}],"curies":[{"name":"wp","href":"https:\/\/api.w.org\/{rel}","templated":true}]}}