{"id":157025,"date":"2025-12-16T21:35:00","date_gmt":"2025-12-17T00:35:00","guid":{"rendered":"https:\/\/www.correiobraziliense.com.br\/cbradar\/?p=157025"},"modified":"2025-12-15T20:04:42","modified_gmt":"2025-12-15T23:04:42","slug":"os-nomes-reais-de-apenas-2-letras-que-sao-cheios-de-significado","status":"publish","type":"post","link":"https:\/\/www.correiobraziliense.com.br\/cbradar\/os-nomes-reais-de-apenas-2-letras-que-sao-cheios-de-significado\/","title":{"rendered":"Os nomes reais de apenas 2 letras que s\u00e3o cheios de significado"},"content":{"rendered":"\n<p>Em um mundo cheio de nomes longos e compostos, alguns nomes fazem exatamente o contr\u00e1rio. Curt\u00edssimos, diretos e cheios de personalidade, eles parecem pequenos demais para existir, mas s\u00e3o reais, registrados e carregam hist\u00f3rias curiosas. Com apenas duas letras, esses nomes mostram que tamanho n\u00e3o define impacto.<\/p>\n\n\n\n<h2 class=\"wp-block-heading\">Por que nomes t\u00e3o curtos chamam tanta aten\u00e7\u00e3o?<\/h2>\n\n\n\n<p>Nomes de duas letras fogem completamente do padr\u00e3o. O c\u00e9rebro espera algo maior, e quando encontra um nome m\u00ednimo, a surpresa \u00e9 imediata.<\/p>\n\n\n\n<p>Al\u00e9m disso, eles costumam soar modernos, internacionais e f\u00e1ceis de memorizar. Em documentos, assinaturas e redes sociais, acabam se destacando justamente por serem raros.<\/p>\n\n\n<div class=\"wp-block-image\">\n<figure class=\"aligncenter size-large\"><img decoding=\"async\" width=\"1024\" height=\"576\" src=\"https:\/\/www.correiobraziliense.com.br\/cbradar\/wp-content\/uploads\/2025\/12\/baby_1765655040322-1024x576.jpg\" alt=\"Os nomes reais de apenas 2 letras que s\u00e3o cheios de significado\" class=\"wp-image-155553\" srcset=\"https:\/\/www.correiobraziliense.com.br\/cbradar\/wp-content\/uploads\/2025\/12\/baby_1765655040322-1024x576.jpg 1024w, https:\/\/www.correiobraziliense.com.br\/cbradar\/wp-content\/uploads\/2025\/12\/baby_1765655040322-300x169.jpg 300w, https:\/\/www.correiobraziliense.com.br\/cbradar\/wp-content\/uploads\/2025\/12\/baby_1765655040322-768x432.jpg 768w, https:\/\/www.correiobraziliense.com.br\/cbradar\/wp-content\/uploads\/2025\/12\/baby_1765655040322-750x422.jpg 750w, https:\/\/www.correiobraziliense.com.br\/cbradar\/wp-content\/uploads\/2025\/12\/baby_1765655040322-1140x641.jpg 1140w, https:\/\/www.correiobraziliense.com.br\/cbradar\/wp-content\/uploads\/2025\/12\/baby_1765655040322.jpg 1280w\" sizes=\"(max-width: 1024px) 100vw, 1024px\" \/><figcaption class=\"wp-element-caption\">Em documentos, assinaturas e redes sociais, acabam se destacando justamente por serem raros &#8211; Cr\u00e9ditos: depositphotos.com \/ LenaMiloslavskaya<\/figcaption><\/figure><\/div>\n\n\n<h2 class=\"wp-block-heading\">Li, Lu e Jo existem e t\u00eam hist\u00f3ria<\/h2>\n\n\n\n<p><strong>Li<\/strong> \u00e9 um nome antigo e muito comum em culturas asi\u00e1ticas, especialmente na China, onde pode significar for\u00e7a, beleza ou raz\u00e3o, dependendo do ideograma. No Ocidente, tamb\u00e9m aparece como nome pr\u00f3prio independente.<\/p>\n\n\n\n<p><strong>Lu<\/strong> pode surgir como diminutivo de nomes como Lucas ou Luana, mas tamb\u00e9m existe como nome oficial. Em algumas l\u00ednguas, est\u00e1 ligado \u00e0 ideia de luz ou brilho.<\/p>\n\n\n\n<p><strong>Jo<\/strong> \u00e9 usado em v\u00e1rios pa\u00edses como nome pr\u00f3prio, n\u00e3o apenas como apelido. Tem origem em nomes b\u00edblicos como Jo\u00e3o e pode ser usado tanto para homens quanto para mulheres.<\/p>\n\n\n\n<h2 class=\"wp-block-heading\">Ki e outros nomes curt\u00edssimos pouco conhecidos<\/h2>\n\n\n\n<p><strong>Ki<\/strong> aparece em culturas orientais associado \u00e0 energia vital. No Jap\u00e3o e na Coreia, o termo tem forte significado espiritual e filos\u00f3fico, o que torna o nome curto, mas simb\u00f3lico.<\/p>\n\n\n\n<p>Outros exemplos reais incluem:<\/p>\n\n\n\n<ul class=\"wp-block-list\">\n<li><strong>No<\/strong>, usado em alguns pa\u00edses como nome pr\u00f3prio ligado a conceitos de calma ou simplicidade;<\/li>\n\n\n\n<li><strong>Yi<\/strong>, comum em registros asi\u00e1ticos, com m\u00faltiplos significados conforme a escrita;<\/li>\n\n\n\n<li><strong>Al<\/strong>, que apesar de parecer apelido, tamb\u00e9m \u00e9 nome registrado em diversos lugares.<\/li>\n<\/ul>\n\n\n<div class=\"wp-block-image\">\n<figure class=\"aligncenter size-large\"><img decoding=\"async\" width=\"1024\" height=\"576\" src=\"https:\/\/www.correiobraziliense.com.br\/cbradar\/wp-content\/uploads\/2025\/12\/baby_1765313132916-1024x576.jpg\" alt=\"Os nomes reais de apenas 2 letras que s\u00e3o cheios de significado\" class=\"wp-image-153419\" srcset=\"https:\/\/www.correiobraziliense.com.br\/cbradar\/wp-content\/uploads\/2025\/12\/baby_1765313132916-1024x576.jpg 1024w, https:\/\/www.correiobraziliense.com.br\/cbradar\/wp-content\/uploads\/2025\/12\/baby_1765313132916-300x169.jpg 300w, https:\/\/www.correiobraziliense.com.br\/cbradar\/wp-content\/uploads\/2025\/12\/baby_1765313132916-768x432.jpg 768w, https:\/\/www.correiobraziliense.com.br\/cbradar\/wp-content\/uploads\/2025\/12\/baby_1765313132916-750x422.jpg 750w, https:\/\/www.correiobraziliense.com.br\/cbradar\/wp-content\/uploads\/2025\/12\/baby_1765313132916-1140x641.jpg 1140w, https:\/\/www.correiobraziliense.com.br\/cbradar\/wp-content\/uploads\/2025\/12\/baby_1765313132916.jpg 1280w\" sizes=\"(max-width: 1024px) 100vw, 1024px\" \/><figcaption class=\"wp-element-caption\">Para quem busca algo fora do \u00f3bvio, esses nomes mostram que n\u00e3o \u00e9 preciso muitas letras para carregar significado &#8211; Cr\u00e9ditos: depositphotos.com \/ AntonLozovoy<\/figcaption><\/figure><\/div>\n\n\n<h2 class=\"wp-block-heading\">O que esses nomes dizem sobre identidade?<\/h2>\n\n\n\n<p><a href=\"https:\/\/www.correiobraziliense.com.br\/cbradar\/os-3-nomes-de-guerreiros-fortes-que-simbolizam-coragem-e-lideranca-para-colocar-no-seu-filho\/\" target=\"_blank\" rel=\"noreferrer noopener\">Nomes assim costumam transmitir minimalismo, originalidade e personalidade <\/a>forte. Eles n\u00e3o passam despercebidos e quase sempre geram curiosidade.<\/p>\n\n\n\n<p>Para quem busca algo fora do \u00f3bvio, esses nomes mostram que n\u00e3o \u00e9 preciso muitas letras para carregar significado, hist\u00f3ria e identidade, nesse caso, o nome Jo se destaca, abaixo, <strong>relateibn<\/strong> mostra em seu TikTok:<\/p>\n\n\n\n<figure class=\"wp-block-embed is-type-video is-provider-tiktok wp-block-embed-tiktok\"><div class=\"wp-block-embed__wrapper\">\n<blockquote class=\"tiktok-embed\" cite=\"https:\/\/www.tiktok.com\/@relateibn\/video\/7517849511809666309\" data-video-id=\"7517849511809666309\" data-embed-from=\"oembed\" style=\"max-width:605px; min-width:325px;\"> <section> <a target=\"_blank\" title=\"@relateibn\" href=\"https:\/\/www.tiktok.com\/@relateibn?refer=embed\">@relateibn<\/a> <p>Respondendo a @Diane Tavares <a title=\"umnomeumpoema\" target=\"_blank\" href=\"https:\/\/www.tiktok.com\/tag\/umnomeumpoema?refer=embed\">#umnomeumpoema<\/a> <a title=\"significadodenomes\" target=\"_blank\" href=\"https:\/\/www.tiktok.com\/tag\/significadodenomes?refer=embed\">#significadodenomes<\/a> <a title=\"diane\" target=\"_blank\" href=\"https:\/\/www.tiktok.com\/tag\/diane?refer=embed\">#diane<\/a> <a title=\"jo\" target=\"_blank\" href=\"https:\/\/www.tiktok.com\/tag\/jo?refer=embed\">#jo<\/a> <a title=\"poesiacomnomes\" target=\"_blank\" href=\"https:\/\/www.tiktok.com\/tag\/poesiacomnomes?refer=embed\">#poesiacomnomes<\/a> <\/p> <a target=\"_blank\" title=\"\u266c Gods creation - daniel.mp3\" href=\"https:\/\/www.tiktok.com\/music\/Gods-creation-7122459821244155906?refer=embed\">\u266c Gods creation &#8211; daniel.mp3<\/a> <\/section> <\/blockquote> <script async src=\"https:\/\/www.tiktok.com\/embed.js\"><\/script>\n<\/div><\/figure>\n\n\n\n<p>No fim, esses nomes provam que, \u00e0s vezes, menos \u00e9 mais. Duas letras bastam para contar uma hist\u00f3ria inteira e deixar uma marca que ningu\u00e9m esquece.<\/p>\n","protected":false},"excerpt":{"rendered":"<p>Em um mundo cheio de nomes longos e compostos, alguns nomes fazem exatamente o contr\u00e1rio. Curt\u00edssimos, diretos e cheios de personalidade, eles parecem pequenos demais para existir, mas s\u00e3o reais, registrados e carregam hist\u00f3rias curiosas. Com apenas duas letras, esses nomes mostram que tamanho n\u00e3o define impacto. Por que nomes t\u00e3o curtos chamam tanta aten\u00e7\u00e3o? [&hellip;]<\/p>\n","protected":false},"author":18,"featured_media":157026,"comment_status":"open","ping_status":"open","sticky":false,"template":"","format":"standard","meta":{"_yoast_wpseo_focuskw":"nomes reais com 2 letras","_yoast_wpseo_title":"","_yoast_wpseo_metadesc":"Nomes com duas letras que parecem apelidos, mas s\u00e3o oficiais e cheios de simbolismo. Conhe\u00e7a os mais surpreendentes.","jnews-multi-image_gallery":[],"jnews_single_post":{"format":"standard"},"jnews_primary_category":[],"jnews_social_meta":[],"jnews_override_counter":[],"footnotes":""},"categories":[112],"post_tag":[144,12834,5202,4243],"class_list":["post-157025","post","type-post","status-publish","format-standard","has-post-thumbnail","hentry","category-curiosidades","tag-curiosidades","tag-curtos","tag-nomes","tag-origem"],"yoast_head":"<!-- This site is optimized with the Yoast SEO plugin v24.6 - https:\/\/yoast.com\/wordpress\/plugins\/seo\/ -->\n<title>Os nomes reais de apenas 2 letras que s\u00e3o cheios de significado - Correio Braziliense - Radar<\/title>\n<meta name=\"description\" content=\"Nomes com duas letras que parecem apelidos, mas s\u00e3o oficiais e cheios de simbolismo. Conhe\u00e7a os mais surpreendentes.\" \/>\n<meta name=\"robots\" content=\"index, follow, max-snippet:-1, max-image-preview:large, max-video-preview:-1\" \/>\n<link rel=\"canonical\" href=\"https:\/\/www.correiobraziliense.com.br\/cbradar\/os-nomes-reais-de-apenas-2-letras-que-sao-cheios-de-significado\/\" \/>\n<meta property=\"og:locale\" content=\"pt_BR\" \/>\n<meta property=\"og:type\" content=\"article\" \/>\n<meta property=\"og:title\" content=\"Os nomes reais de apenas 2 letras que s\u00e3o cheios de significado - Correio Braziliense - Radar\" \/>\n<meta property=\"og:description\" content=\"Nomes com duas letras que parecem apelidos, mas s\u00e3o oficiais e cheios de simbolismo. Conhe\u00e7a os mais surpreendentes.\" \/>\n<meta property=\"og:url\" content=\"https:\/\/www.correiobraziliense.com.br\/cbradar\/os-nomes-reais-de-apenas-2-letras-que-sao-cheios-de-significado\/\" \/>\n<meta property=\"og:site_name\" content=\"Correio Braziliense - Radar\" \/>\n<meta property=\"article:published_time\" content=\"2025-12-17T00:35:00+00:00\" \/>\n<meta property=\"og:image\" content=\"https:\/\/www.correiobraziliense.com.br\/cbradar\/wp-content\/uploads\/2025\/12\/baby_1765839759494.jpg\" \/>\n\t<meta property=\"og:image:width\" content=\"1280\" \/>\n\t<meta property=\"og:image:height\" content=\"720\" \/>\n\t<meta property=\"og:image:type\" content=\"image\/jpeg\" \/>\n<meta name=\"author\" content=\"Maria Eduarda Pacheco\" \/>\n<meta name=\"twitter:card\" content=\"summary_large_image\" \/>\n<meta name=\"twitter:label1\" content=\"Escrito por\" \/>\n\t<meta name=\"twitter:data1\" content=\"Maria Eduarda Pacheco\" \/>\n\t<meta name=\"twitter:label2\" content=\"Est. tempo de leitura\" \/>\n\t<meta name=\"twitter:data2\" content=\"3 minutos\" \/>\n<!-- \/ Yoast SEO plugin. -->","yoast_head_json":{"title":"Os nomes reais de apenas 2 letras que s\u00e3o cheios de significado - Correio Braziliense - Radar","description":"Nomes com duas letras que parecem apelidos, mas s\u00e3o oficiais e cheios de simbolismo. Conhe\u00e7a os mais surpreendentes.","robots":{"index":"index","follow":"follow","max-snippet":"max-snippet:-1","max-image-preview":"max-image-preview:large","max-video-preview":"max-video-preview:-1"},"canonical":"https:\/\/www.correiobraziliense.com.br\/cbradar\/os-nomes-reais-de-apenas-2-letras-que-sao-cheios-de-significado\/","og_locale":"pt_BR","og_type":"article","og_title":"Os nomes reais de apenas 2 letras que s\u00e3o cheios de significado - Correio Braziliense - Radar","og_description":"Nomes com duas letras que parecem apelidos, mas s\u00e3o oficiais e cheios de simbolismo. Conhe\u00e7a os mais surpreendentes.","og_url":"https:\/\/www.correiobraziliense.com.br\/cbradar\/os-nomes-reais-de-apenas-2-letras-que-sao-cheios-de-significado\/","og_site_name":"Correio Braziliense - Radar","article_published_time":"2025-12-17T00:35:00+00:00","og_image":[{"width":1280,"height":720,"url":"https:\/\/www.correiobraziliense.com.br\/cbradar\/wp-content\/uploads\/2025\/12\/baby_1765839759494.jpg","type":"image\/jpeg"}],"author":"Maria Eduarda Pacheco","twitter_card":"summary_large_image","twitter_misc":{"Escrito por":"Maria Eduarda Pacheco","Est. tempo de leitura":"3 minutos"},"schema":{"@context":"https:\/\/schema.org","@graph":[{"@type":"WebPage","@id":"https:\/\/www.correiobraziliense.com.br\/cbradar\/os-nomes-reais-de-apenas-2-letras-que-sao-cheios-de-significado\/","url":"https:\/\/www.correiobraziliense.com.br\/cbradar\/os-nomes-reais-de-apenas-2-letras-que-sao-cheios-de-significado\/","name":"Os nomes reais de apenas 2 letras que s\u00e3o cheios de significado - Correio Braziliense - Radar","isPartOf":{"@id":"https:\/\/www.correiobraziliense.com.br\/cbradar\/#website"},"primaryImageOfPage":{"@id":"https:\/\/www.correiobraziliense.com.br\/cbradar\/os-nomes-reais-de-apenas-2-letras-que-sao-cheios-de-significado\/#primaryimage"},"image":{"@id":"https:\/\/www.correiobraziliense.com.br\/cbradar\/os-nomes-reais-de-apenas-2-letras-que-sao-cheios-de-significado\/#primaryimage"},"thumbnailUrl":"https:\/\/www.correiobraziliense.com.br\/cbradar\/wp-content\/uploads\/2025\/12\/baby_1765839759494.jpg","datePublished":"2025-12-17T00:35:00+00:00","author":{"@id":"https:\/\/www.correiobraziliense.com.br\/cbradar\/#\/schema\/person\/6fdd694c4c0d658f15df15f390ddf066"},"description":"Nomes com duas letras que parecem apelidos, mas s\u00e3o oficiais e cheios de simbolismo. Conhe\u00e7a os mais surpreendentes.","breadcrumb":{"@id":"https:\/\/www.correiobraziliense.com.br\/cbradar\/os-nomes-reais-de-apenas-2-letras-que-sao-cheios-de-significado\/#breadcrumb"},"inLanguage":"pt-BR","potentialAction":[{"@type":"ReadAction","target":["https:\/\/www.correiobraziliense.com.br\/cbradar\/os-nomes-reais-de-apenas-2-letras-que-sao-cheios-de-significado\/"]}]},{"@type":"ImageObject","inLanguage":"pt-BR","@id":"https:\/\/www.correiobraziliense.com.br\/cbradar\/os-nomes-reais-de-apenas-2-letras-que-sao-cheios-de-significado\/#primaryimage","url":"https:\/\/www.correiobraziliense.com.br\/cbradar\/wp-content\/uploads\/2025\/12\/baby_1765839759494.jpg","contentUrl":"https:\/\/www.correiobraziliense.com.br\/cbradar\/wp-content\/uploads\/2025\/12\/baby_1765839759494.jpg","width":1280,"height":720,"caption":"Nomes com vogais abertas, s\u00edlabas leves e refer\u00eancias \u00e0 natureza costumam soar mais alegres - Cr\u00e9ditos: depositphotos.com \/ AntonLozovoy"},{"@type":"BreadcrumbList","@id":"https:\/\/www.correiobraziliense.com.br\/cbradar\/os-nomes-reais-de-apenas-2-letras-que-sao-cheios-de-significado\/#breadcrumb","itemListElement":[{"@type":"ListItem","position":1,"name":"In\u00edcio","item":"https:\/\/www.correiobraziliense.com.br\/cbradar\/"},{"@type":"ListItem","position":2,"name":"Os nomes reais de apenas 2 letras que s\u00e3o cheios de significado"}]},{"@type":"WebSite","@id":"https:\/\/www.correiobraziliense.com.br\/cbradar\/#website","url":"https:\/\/www.correiobraziliense.com.br\/cbradar\/","name":"Correio Braziliense - Radar","description":"Acompanhe as \u00faltimas not\u00edcias e fique bem informado sobre tudo o que acontece no Brasil e no mundo.","potentialAction":[{"@type":"SearchAction","target":{"@type":"EntryPoint","urlTemplate":"https:\/\/www.correiobraziliense.com.br\/cbradar\/?s={search_term_string}"},"query-input":{"@type":"PropertyValueSpecification","valueRequired":true,"valueName":"search_term_string"}}],"inLanguage":"pt-BR"},{"@type":"Person","@id":"https:\/\/www.correiobraziliense.com.br\/cbradar\/#\/schema\/person\/6fdd694c4c0d658f15df15f390ddf066","name":"Maria Eduarda Pacheco","image":{"@type":"ImageObject","inLanguage":"pt-BR","@id":"https:\/\/www.correiobraziliense.com.br\/cbradar\/#\/schema\/person\/image\/","url":"https:\/\/secure.gravatar.com\/avatar\/f72a487b26fdeec08ba4868875ea328e?s=96&d=mm&r=g","contentUrl":"https:\/\/secure.gravatar.com\/avatar\/f72a487b26fdeec08ba4868875ea328e?s=96&d=mm&r=g","caption":"Maria Eduarda Pacheco"},"sameAs":["https:\/\/www.correiobraziliense.com.br\/cbradar\/"],"url":"https:\/\/www.correiobraziliense.com.br\/cbradar\/author\/maria-eduarda\/"}]}},"_links":{"self":[{"href":"https:\/\/www.correiobraziliense.com.br\/cbradar\/wp-json\/wp\/v2\/posts\/157025","targetHints":{"allow":["GET"]}}],"collection":[{"href":"https:\/\/www.correiobraziliense.com.br\/cbradar\/wp-json\/wp\/v2\/posts"}],"about":[{"href":"https:\/\/www.correiobraziliense.com.br\/cbradar\/wp-json\/wp\/v2\/types\/post"}],"author":[{"embeddable":true,"href":"https:\/\/www.correiobraziliense.com.br\/cbradar\/wp-json\/wp\/v2\/users\/18"}],"replies":[{"embeddable":true,"href":"https:\/\/www.correiobraziliense.com.br\/cbradar\/wp-json\/wp\/v2\/comments?post=157025"}],"version-history":[{"count":1,"href":"https:\/\/www.correiobraziliense.com.br\/cbradar\/wp-json\/wp\/v2\/posts\/157025\/revisions"}],"predecessor-version":[{"id":157027,"href":"https:\/\/www.correiobraziliense.com.br\/cbradar\/wp-json\/wp\/v2\/posts\/157025\/revisions\/157027"}],"wp:featuredmedia":[{"embeddable":true,"href":"https:\/\/www.correiobraziliense.com.br\/cbradar\/wp-json\/wp\/v2\/media\/157026"}],"wp:attachment":[{"href":"https:\/\/www.correiobraziliense.com.br\/cbradar\/wp-json\/wp\/v2\/media?parent=157025"}],"wp:term":[{"taxonomy":"category","embeddable":true,"href":"https:\/\/www.correiobraziliense.com.br\/cbradar\/wp-json\/wp\/v2\/categories?post=157025"},{"taxonomy":"post_tag","embeddable":true,"href":"https:\/\/www.correiobraziliense.com.br\/cbradar\/wp-json\/wp\/v2\/post_tag?post=157025"}],"curies":[{"name":"wp","href":"https:\/\/api.w.org\/{rel}","templated":true}]}}