{"id":157128,"date":"2025-12-17T06:05:00","date_gmt":"2025-12-17T09:05:00","guid":{"rendered":"https:\/\/www.correiobraziliense.com.br\/cbradar\/?p=157128"},"modified":"2025-12-16T10:31:04","modified_gmt":"2025-12-16T13:31:04","slug":"a-erva-perfeita-para-limpar-o-figado-e-reduzir-o-inchaco","status":"publish","type":"post","link":"https:\/\/www.correiobraziliense.com.br\/cbradar\/a-erva-perfeita-para-limpar-o-figado-e-reduzir-o-inchaco\/","title":{"rendered":"A erva perfeita para limpar o f\u00edgado e reduzir o incha\u00e7o"},"content":{"rendered":"\n<p>O <strong>Dente-De-Le\u00e3o,<\/strong> ou\u00a0<em>Taraxacum officinale<\/em>, comumente encontrado em jardins e cal\u00e7adas, \u00e9 uma planta muitas vezes considerada uma erva daninha. No entanto, em diversas tradi\u00e7\u00f5es medicinais, esta planta \u00e9 valorizada pelos seus benef\u00edcios \u00e0 sa\u00fade, particularmente no que se refere ao sistema linf\u00e1tico, f\u00edgado e rins. Ela tem sido utilizada em pr\u00e1ticas de fitoterapia para a desintoxica\u00e7\u00e3o e drenagem de l\u00edquidos, o que explica o crescente interesse popular e acad\u00eamico nela.<\/p>\n\n\n\n<h2 class=\"wp-block-heading\">Benef\u00edcios do Dente-De-Le\u00e3o para o sistema linf\u00e1tico?<\/h2>\n\n\n\n<p>A rela\u00e7\u00e3o entre o Dente-De-Le\u00e3o e a drenagem linf\u00e1tica \u00e9 amplamente discutida em contextos de <a href=\"https:\/\/www.correiobraziliense.com.br\/cbradar\/dr-diego-wildberger-aprenda-a-controlar-a-ansiedade-de-forma-simples-e-eficaz\/\" target=\"_blank\" rel=\"noreferrer noopener\">sa\u00fade <\/a>natural, especialmente no tratamento de reten\u00e7\u00e3o de l\u00edquidos e edemas. O sistema linf\u00e1tico \u00e9 respons\u00e1vel por transportar l\u00edquidos e remover subst\u00e2ncias indesejadas do organismo. Quando o fluxo linf\u00e1tico \u00e9 lento, pode haver incha\u00e7o, sensa\u00e7\u00e3o de peso nas pernas e aumento da predisposi\u00e7\u00e3o a infec\u00e7\u00f5es.<\/p>\n\n\n\n<p>O Dente-De-Le\u00e3o combina a propriedade diur\u00e9tica, que estimula a produ\u00e7\u00e3o de urina, com o apoio ao f\u00edgado, promovendo a filtragem e processamento de toxinas. Ao reduzir o ac\u00famulo excessivo de \u00e1gua e sais minerais, melhora-se o volume de l\u00edquido nos tecidos e a circula\u00e7\u00e3o de subst\u00e2ncias pelo sangue e sistema linf\u00e1tico.<\/p>\n\n\n\n<h2 class=\"wp-block-heading\">Como o Dente-De-Le\u00e3o auxilia na desintoxica\u00e7\u00e3o?<\/h2>\n\n\n\n<p>A desintoxica\u00e7\u00e3o com o uso do Dente-De-Le\u00e3o envolve principalmente a a\u00e7\u00e3o no f\u00edgado, nos rins e na circula\u00e7\u00e3o linf\u00e1tica. Com compostos amargos presentes na sua raiz e folhas, a planta ajuda a aumentar a produ\u00e7\u00e3o e libera\u00e7\u00e3o de bile, essencial para a digest\u00e3o de gorduras e elimina\u00e7\u00e3o de subst\u00e2ncias t\u00f3xicas. Dessa forma, o f\u00edgado se torna mais eficiente no processamento de metab\u00f3litos.<\/p>\n\n\n\n<ul class=\"wp-block-list\">\n<li>Estimula a produ\u00e7\u00e3o de bile, ajudando na metaboliza\u00e7\u00e3o de gorduras.<\/li>\n\n\n\n<li>Protege as c\u00e9lulas do f\u00edgado gra\u00e7as aos flavonoides e antioxidantes.<\/li>\n\n\n\n<li>Aumenta a diurese, elevando o volume de urina produzido.<\/li>\n\n\n\n<li>Alivia edemas leves ao eliminar \u00e1gua e s\u00f3dio do corpo.<\/li>\n\n\n\n<li>Apoia indiretamente o sistema linf\u00e1tico, melhorando a circula\u00e7\u00e3o de l\u00edquidos.<\/li>\n<\/ul>\n\n\n<div class=\"wp-block-image\">\n<figure class=\"aligncenter size-large\"><img decoding=\"async\" width=\"1024\" height=\"576\" src=\"https:\/\/www.correiobraziliense.com.br\/cbradar\/wp-content\/uploads\/2025\/10\/Dente-de-Leao_1760186518212-1024x576.jpg\" alt=\"\" class=\"wp-image-117506\" srcset=\"https:\/\/www.correiobraziliense.com.br\/cbradar\/wp-content\/uploads\/2025\/10\/Dente-de-Leao_1760186518212-1024x576.jpg 1024w, https:\/\/www.correiobraziliense.com.br\/cbradar\/wp-content\/uploads\/2025\/10\/Dente-de-Leao_1760186518212-300x169.jpg 300w, https:\/\/www.correiobraziliense.com.br\/cbradar\/wp-content\/uploads\/2025\/10\/Dente-de-Leao_1760186518212-768x432.jpg 768w, https:\/\/www.correiobraziliense.com.br\/cbradar\/wp-content\/uploads\/2025\/10\/Dente-de-Leao_1760186518212-750x422.jpg 750w, https:\/\/www.correiobraziliense.com.br\/cbradar\/wp-content\/uploads\/2025\/10\/Dente-de-Leao_1760186518212-1140x641.jpg 1140w, https:\/\/www.correiobraziliense.com.br\/cbradar\/wp-content\/uploads\/2025\/10\/Dente-de-Leao_1760186518212.jpg 1280w\" sizes=\"(max-width: 1024px) 100vw, 1024px\" \/><figcaption class=\"wp-element-caption\">Dente-de-Le\u00e3o &#8211; Cr\u00e9ditos: depositphotos.com \/ Hriana<\/figcaption><\/figure><\/div>\n\n\n<h2 class=\"wp-block-heading\">Qual \u00e9 a maneira ideal de consumir Dente-De-Le\u00e3o para drenagem linf\u00e1tica?<\/h2>\n\n\n\n<p>O Dente-De-Le\u00e3o pode ser consumido de diversas formas, como ch\u00e1, c\u00e1psulas, extratos l\u00edquidos e at\u00e9 mesmo em saladas. Para otimizar a drenagem linf\u00e1tica, frequentemente \u00e9 usado em ch\u00e1s ou extratos. \u00c9 crucial que o consumo seja orientado por profissionais de sa\u00fade, especialmente em pessoas com condi\u00e7\u00f5es renais, card\u00edacas ou hep\u00e1ticas, para avaliar riscos e intera\u00e7\u00f5es com outros medicamentos.<\/p>\n\n\n\n<ol class=\"wp-block-list\">\n<li>Consulte um profissional de sa\u00fade antes de iniciar o uso.<\/li>\n\n\n\n<li>Monitore rea\u00e7\u00f5es adversas, como desconforto g\u00e1strico.<\/li>\n\n\n\n<li>Prefira produtos de qualidade e proced\u00eancia confi\u00e1vel.<\/li>\n\n\n\n<li>Respeite as indica\u00e7\u00f5es e limites de uso cont\u00ednuo prescritos.<\/li>\n<\/ol>\n\n\n\n<h2 class=\"wp-block-heading\">Qual o papel do dente-de-le\u00e3o nas rotinas de sa\u00fade e bem-estar<\/h2>\n\n\n\n<p>Em 2025, o dente-de-le\u00e3o continua sendo uma das plantas mais recomendadas em estrat\u00e9gias naturais de bem-estar, especialmente para a drenagem linf\u00e1tica e desintoxica\u00e7\u00e3o hep\u00e1tica. Este recurso fitoter\u00e1pico pode complementar pr\u00e1ticas de cuidado mais amplas, como uma alimenta\u00e7\u00e3o saud\u00e1vel, exerc\u00edcios regulares e hidrata\u00e7\u00e3o adequada.<\/p>\n\n\n\n<p>Sua efic\u00e1cia \u00e9 reconhecida por estudos cl\u00ednicos e revis\u00f5es cient\u00edficas, o que refor\u00e7a sua utilidade como um complemento seguro quando utilizado sob orienta\u00e7\u00e3o profissional. Para que os benef\u00edcios sejam plenos, \u00e9 fundamental que o uso do dente-de-le\u00e3o esteja alinhado a um acompanhamento profissional, garantindo o equil\u00edbrio e a sa\u00fade de quem o consome.<\/p>\n\n\n<a href=\"https:\/\/www.instagram.com\/dra.annaluisabf\/\" target=\"_blank\" rel=\"noopener\" style=\"text-decoration: none; color: inherit;\">\n    <span style=\"display: inline-block; border: 1px solid #ccc; border-radius: 10px; padding: 15px; max-width: 550px; font-family: sans-serif; box-shadow: 0 2px 5px rgba(0,0,0,0.1); width: 100%;\">\n\n      <!-- T\u00edtulo -->\n      <span style=\"display: block; margin: 0 0 15px 0; font-weight: bold; color: #2c3e50; text-align: center;\">\n        Entre em contato:\n      <\/span>\n\n      <!-- Linha do perfil -->\n      <span style=\"display: flex; align-items: center; gap: 15px;\">\n        <img decoding=\"async\"\n          src=\"https:\/\/www.correiobraziliense.com.br\/cbradar\/wp-content\/uploads\/2025\/08\/dra_anna_luisa.jpeg\"\n          alt=\"Foto da Dra. Anna Lu\u00edsa\"\n          style=\"border-radius: 50%; width: 80px; height: 80px; object-fit: cover;\"\n        \/>\n        <span style=\"display: flex; flex-direction: column;\">\n          <span style=\"font-size: 18px; font-weight: 700; color: #2c3e50;\">Dra. Anna Lu\u00edsa Barbosa Fernandes<\/span>\n          <span style=\"color: #555;\">CRM-GO 33.271<\/span>\n        <\/span>\n      <\/span>\n\n      <!-- Redes -->\n      <span style=\"display: flex; align-items: center; gap: 10px; margin-top: 12px;\">\n        <img decoding=\"async\" src=\"https:\/\/cdn-icons-png.flaticon.com\/24\/1384\/1384063.png\" alt=\"Instagram\" width=\"24\" height=\"24\" \/>\n        <span style=\"text-decoration: underline; color: #2c3e50;\">@dra.annaluisabf<\/span>\n      <\/span>\n\n    <\/span>\n  <\/a>","protected":false},"excerpt":{"rendered":"<p>O Dente-De-Le\u00e3o, ou\u00a0Taraxacum officinale, comumente encontrado em jardins e cal\u00e7adas, \u00e9 uma planta muitas vezes considerada uma erva daninha. No entanto, em diversas tradi\u00e7\u00f5es medicinais, esta planta \u00e9 valorizada pelos seus benef\u00edcios \u00e0 sa\u00fade, particularmente no que se refere ao sistema linf\u00e1tico, f\u00edgado e rins. Ela tem sido utilizada em pr\u00e1ticas de fitoterapia para a [&hellip;]<\/p>\n","protected":false},"author":14,"featured_media":83079,"comment_status":"open","ping_status":"open","sticky":false,"template":"","format":"standard","meta":{"_yoast_wpseo_focuskw":"Dente-De-Le\u00e3o","_yoast_wpseo_title":"","_yoast_wpseo_metadesc":"Entenda como o dente-de-le\u00e3o pode auxiliar na drenagem linf\u00e1tica e na elimina\u00e7\u00e3o de l\u00edquidos. Saiba como o ch\u00e1 de dente-de-le\u00e3o atua.","jnews-multi-image_gallery":[],"jnews_single_post":{"format":"standard"},"jnews_primary_category":[],"jnews_social_meta":[],"jnews_override_counter":[],"footnotes":""},"categories":[4404],"tags":[281,120,1318],"class_list":["post-157128","post","type-post","status-publish","format-standard","has-post-thumbnail","hentry","category-saude","tag-alimentacao","tag-bem-estar","tag-saude-2"],"yoast_head":"<!-- This site is optimized with the Yoast SEO plugin v24.6 - https:\/\/yoast.com\/wordpress\/plugins\/seo\/ -->\n<title>A erva perfeita para limpar o f\u00edgado e reduzir o incha\u00e7o - Correio Braziliense - Radar<\/title>\n<meta name=\"description\" content=\"Entenda como o dente-de-le\u00e3o pode auxiliar na drenagem linf\u00e1tica e na elimina\u00e7\u00e3o de l\u00edquidos. Saiba como o ch\u00e1 de dente-de-le\u00e3o atua.\" \/>\n<meta name=\"robots\" content=\"index, follow, max-snippet:-1, max-image-preview:large, max-video-preview:-1\" \/>\n<link rel=\"canonical\" href=\"https:\/\/www.correiobraziliense.com.br\/cbradar\/a-erva-perfeita-para-limpar-o-figado-e-reduzir-o-inchaco\/\" \/>\n<meta property=\"og:locale\" content=\"pt_BR\" \/>\n<meta property=\"og:type\" content=\"article\" \/>\n<meta property=\"og:title\" content=\"A erva perfeita para limpar o f\u00edgado e reduzir o incha\u00e7o - Correio Braziliense - Radar\" \/>\n<meta property=\"og:description\" content=\"Entenda como o dente-de-le\u00e3o pode auxiliar na drenagem linf\u00e1tica e na elimina\u00e7\u00e3o de l\u00edquidos. Saiba como o ch\u00e1 de dente-de-le\u00e3o atua.\" \/>\n<meta property=\"og:url\" content=\"https:\/\/www.correiobraziliense.com.br\/cbradar\/a-erva-perfeita-para-limpar-o-figado-e-reduzir-o-inchaco\/\" \/>\n<meta property=\"og:site_name\" content=\"Correio Braziliense - Radar\" \/>\n<meta property=\"article:published_time\" content=\"2025-12-17T09:05:00+00:00\" \/>\n<meta property=\"og:image\" content=\"https:\/\/www.correiobraziliense.com.br\/cbradar\/wp-content\/uploads\/2025\/08\/transplante-de-figado_1754678024787.jpg\" \/>\n\t<meta property=\"og:image:width\" content=\"1280\" \/>\n\t<meta property=\"og:image:height\" content=\"720\" \/>\n\t<meta property=\"og:image:type\" content=\"image\/jpeg\" \/>\n<meta name=\"author\" content=\"guilherme_saude\" \/>\n<meta name=\"twitter:card\" content=\"summary_large_image\" \/>\n<meta name=\"twitter:label1\" content=\"Escrito por\" \/>\n\t<meta name=\"twitter:data1\" content=\"guilherme_saude\" \/>\n\t<meta name=\"twitter:label2\" content=\"Est. tempo de leitura\" \/>\n\t<meta name=\"twitter:data2\" content=\"4 minutos\" \/>\n<!-- \/ Yoast SEO plugin. -->","yoast_head_json":{"title":"A erva perfeita para limpar o f\u00edgado e reduzir o incha\u00e7o - Correio Braziliense - Radar","description":"Entenda como o dente-de-le\u00e3o pode auxiliar na drenagem linf\u00e1tica e na elimina\u00e7\u00e3o de l\u00edquidos. Saiba como o ch\u00e1 de dente-de-le\u00e3o atua.","robots":{"index":"index","follow":"follow","max-snippet":"max-snippet:-1","max-image-preview":"max-image-preview:large","max-video-preview":"max-video-preview:-1"},"canonical":"https:\/\/www.correiobraziliense.com.br\/cbradar\/a-erva-perfeita-para-limpar-o-figado-e-reduzir-o-inchaco\/","og_locale":"pt_BR","og_type":"article","og_title":"A erva perfeita para limpar o f\u00edgado e reduzir o incha\u00e7o - Correio Braziliense - Radar","og_description":"Entenda como o dente-de-le\u00e3o pode auxiliar na drenagem linf\u00e1tica e na elimina\u00e7\u00e3o de l\u00edquidos. Saiba como o ch\u00e1 de dente-de-le\u00e3o atua.","og_url":"https:\/\/www.correiobraziliense.com.br\/cbradar\/a-erva-perfeita-para-limpar-o-figado-e-reduzir-o-inchaco\/","og_site_name":"Correio Braziliense - Radar","article_published_time":"2025-12-17T09:05:00+00:00","og_image":[{"width":1280,"height":720,"url":"https:\/\/www.correiobraziliense.com.br\/cbradar\/wp-content\/uploads\/2025\/08\/transplante-de-figado_1754678024787.jpg","type":"image\/jpeg"}],"author":"guilherme_saude","twitter_card":"summary_large_image","twitter_misc":{"Escrito por":"guilherme_saude","Est. tempo de leitura":"4 minutos"},"schema":{"@context":"https:\/\/schema.org","@graph":[{"@type":"WebPage","@id":"https:\/\/www.correiobraziliense.com.br\/cbradar\/a-erva-perfeita-para-limpar-o-figado-e-reduzir-o-inchaco\/","url":"https:\/\/www.correiobraziliense.com.br\/cbradar\/a-erva-perfeita-para-limpar-o-figado-e-reduzir-o-inchaco\/","name":"A erva perfeita para limpar o f\u00edgado e reduzir o incha\u00e7o - Correio Braziliense - Radar","isPartOf":{"@id":"https:\/\/www.correiobraziliense.com.br\/cbradar\/#website"},"primaryImageOfPage":{"@id":"https:\/\/www.correiobraziliense.com.br\/cbradar\/a-erva-perfeita-para-limpar-o-figado-e-reduzir-o-inchaco\/#primaryimage"},"image":{"@id":"https:\/\/www.correiobraziliense.com.br\/cbradar\/a-erva-perfeita-para-limpar-o-figado-e-reduzir-o-inchaco\/#primaryimage"},"thumbnailUrl":"https:\/\/www.correiobraziliense.com.br\/cbradar\/wp-content\/uploads\/2025\/08\/transplante-de-figado_1754678024787.jpg","datePublished":"2025-12-17T09:05:00+00:00","author":{"@id":"https:\/\/www.correiobraziliense.com.br\/cbradar\/#\/schema\/person\/5aa4bf3c8fa699c267933611de12978b"},"description":"Entenda como o dente-de-le\u00e3o pode auxiliar na drenagem linf\u00e1tica e na elimina\u00e7\u00e3o de l\u00edquidos. Saiba como o ch\u00e1 de dente-de-le\u00e3o atua.","breadcrumb":{"@id":"https:\/\/www.correiobraziliense.com.br\/cbradar\/a-erva-perfeita-para-limpar-o-figado-e-reduzir-o-inchaco\/#breadcrumb"},"inLanguage":"pt-BR","potentialAction":[{"@type":"ReadAction","target":["https:\/\/www.correiobraziliense.com.br\/cbradar\/a-erva-perfeita-para-limpar-o-figado-e-reduzir-o-inchaco\/"]}]},{"@type":"ImageObject","inLanguage":"pt-BR","@id":"https:\/\/www.correiobraziliense.com.br\/cbradar\/a-erva-perfeita-para-limpar-o-figado-e-reduzir-o-inchaco\/#primaryimage","url":"https:\/\/www.correiobraziliense.com.br\/cbradar\/wp-content\/uploads\/2025\/08\/transplante-de-figado_1754678024787.jpg","contentUrl":"https:\/\/www.correiobraziliense.com.br\/cbradar\/wp-content\/uploads\/2025\/08\/transplante-de-figado_1754678024787.jpg","width":1280,"height":720,"caption":"Os \u00f3rg\u00e3os mais poderosos do corpo e por que proteg\u00ea-los - Cr\u00e9ditos: depositphotos.com \/ Shidlovski"},{"@type":"BreadcrumbList","@id":"https:\/\/www.correiobraziliense.com.br\/cbradar\/a-erva-perfeita-para-limpar-o-figado-e-reduzir-o-inchaco\/#breadcrumb","itemListElement":[{"@type":"ListItem","position":1,"name":"In\u00edcio","item":"https:\/\/www.correiobraziliense.com.br\/cbradar\/"},{"@type":"ListItem","position":2,"name":"A erva perfeita para limpar o f\u00edgado e reduzir o incha\u00e7o"}]},{"@type":"WebSite","@id":"https:\/\/www.correiobraziliense.com.br\/cbradar\/#website","url":"https:\/\/www.correiobraziliense.com.br\/cbradar\/","name":"Correio Braziliense - Radar","description":"Acompanhe as \u00faltimas not\u00edcias e fique bem informado sobre tudo o que acontece no Brasil e no mundo.","potentialAction":[{"@type":"SearchAction","target":{"@type":"EntryPoint","urlTemplate":"https:\/\/www.correiobraziliense.com.br\/cbradar\/?s={search_term_string}"},"query-input":{"@type":"PropertyValueSpecification","valueRequired":true,"valueName":"search_term_string"}}],"inLanguage":"pt-BR"},{"@type":"Person","@id":"https:\/\/www.correiobraziliense.com.br\/cbradar\/#\/schema\/person\/5aa4bf3c8fa699c267933611de12978b","name":"guilherme_saude","image":{"@type":"ImageObject","inLanguage":"pt-BR","@id":"https:\/\/www.correiobraziliense.com.br\/cbradar\/#\/schema\/person\/image\/","url":"https:\/\/secure.gravatar.com\/avatar\/df9adfb835d344bc0af109d41756253f?s=96&d=mm&r=g","contentUrl":"https:\/\/secure.gravatar.com\/avatar\/df9adfb835d344bc0af109d41756253f?s=96&d=mm&r=g","caption":"guilherme_saude"},"url":"https:\/\/www.correiobraziliense.com.br\/cbradar\/author\/guilherme_saude\/"}]}},"_links":{"self":[{"href":"https:\/\/www.correiobraziliense.com.br\/cbradar\/wp-json\/wp\/v2\/posts\/157128","targetHints":{"allow":["GET"]}}],"collection":[{"href":"https:\/\/www.correiobraziliense.com.br\/cbradar\/wp-json\/wp\/v2\/posts"}],"about":[{"href":"https:\/\/www.correiobraziliense.com.br\/cbradar\/wp-json\/wp\/v2\/types\/post"}],"author":[{"embeddable":true,"href":"https:\/\/www.correiobraziliense.com.br\/cbradar\/wp-json\/wp\/v2\/users\/14"}],"replies":[{"embeddable":true,"href":"https:\/\/www.correiobraziliense.com.br\/cbradar\/wp-json\/wp\/v2\/comments?post=157128"}],"version-history":[{"count":1,"href":"https:\/\/www.correiobraziliense.com.br\/cbradar\/wp-json\/wp\/v2\/posts\/157128\/revisions"}],"predecessor-version":[{"id":157187,"href":"https:\/\/www.correiobraziliense.com.br\/cbradar\/wp-json\/wp\/v2\/posts\/157128\/revisions\/157187"}],"wp:featuredmedia":[{"embeddable":true,"href":"https:\/\/www.correiobraziliense.com.br\/cbradar\/wp-json\/wp\/v2\/media\/83079"}],"wp:attachment":[{"href":"https:\/\/www.correiobraziliense.com.br\/cbradar\/wp-json\/wp\/v2\/media?parent=157128"}],"wp:term":[{"taxonomy":"category","embeddable":true,"href":"https:\/\/www.correiobraziliense.com.br\/cbradar\/wp-json\/wp\/v2\/categories?post=157128"},{"taxonomy":"post_tag","embeddable":true,"href":"https:\/\/www.correiobraziliense.com.br\/cbradar\/wp-json\/wp\/v2\/tags?post=157128"}],"curies":[{"name":"wp","href":"https:\/\/api.w.org\/{rel}","templated":true}]}}