{"id":157200,"date":"2025-12-17T12:05:00","date_gmt":"2025-12-17T15:05:00","guid":{"rendered":"https:\/\/www.correiobraziliense.com.br\/cbradar\/?p=157200"},"modified":"2025-12-16T10:43:01","modified_gmt":"2025-12-16T13:43:01","slug":"por-que-cultivar-plantas-reduz-o-estresse","status":"publish","type":"post","link":"https:\/\/www.correiobraziliense.com.br\/cbradar\/por-que-cultivar-plantas-reduz-o-estresse\/","title":{"rendered":"Por que cultivar plantas reduz o estresse?"},"content":{"rendered":"\n<p>O cultivo de <strong>Plantas <\/strong>dentro de casa tem se tornado uma pr\u00e1tica popular e crescente, especialmente em espa\u00e7os urbanos, onde a natureza parece mais distante. Este fen\u00f4meno n\u00e3o s\u00f3 traz benef\u00edcios est\u00e9ticos significativos ao ambiente, mas tamb\u00e9m impacta de forma positiva o bem-estar psicol\u00f3gico dos indiv\u00edduos. As plantas dom\u00e9sticas s\u00e3o capazes de transformar lares em ambientes mais acolhedores, favorecendo uma conex\u00e3o intr\u00ednseca com a natureza.<\/p>\n\n\n\n<p>Cultivar plantas em casa n\u00e3o \u00e9 apenas um passatempo. \u00c9 um meio atrav\u00e9s do qual se busca criar um equil\u00edbrio no ambiente dom\u00e9stico, garantindo um espa\u00e7o reconfortante. O h\u00e1bito de se cercar de vegeta\u00e7\u00e3o reflete um desejo comum de conforto e uma atmosfera harmoniosa que promova o bem-estar geral. Al\u00e9m disso, o cuidado di\u00e1rio necess\u00e1rio para manter a sa\u00fade das plantas pode ser uma pr\u00e1tica terap\u00eautica, aliviando o estresse e oferecendo uma sensa\u00e7\u00e3o de realiza\u00e7\u00e3o e satisfa\u00e7\u00e3o pessoal.<\/p>\n\n\n\n<h2 class=\"wp-block-heading\">Por que as pessoas gostam de ter plantas em casa?<\/h2>\n\n\n\n<p>O ato de cultivar plantas est\u00e1 ligado ao desejo de estabelecer um ambiente controlado e organizado, o que, por sua vez, proporciona uma sensa\u00e7\u00e3o de tranquilidade. De acordo com algumas pesquisas, essa pr\u00e1tica n\u00e3o s\u00f3 reduz o estresse, mas tamb\u00e9m contribui para a diminui\u00e7\u00e3o de n\u00edveis de ansiedade, al\u00e9m de promover sentimentos de conforto. As plantas t\u00eam o poder de influenciar positivamente o humor, o que explica a tend\u00eancia crescente de se criar pequenos jardins internos em casas e apartamentos.<\/p>\n\n\n\n<figure class=\"wp-block-image aligncenter size-large\"><img decoding=\"async\" width=\"1024\" height=\"576\" src=\"https:\/\/www.correiobraziliense.com.br\/cbradar\/wp-content\/uploads\/2025\/05\/plantas-em-casa_1747424034793-1024x576.jpg\" alt=\"\" class=\"wp-image-38247\" srcset=\"https:\/\/www.correiobraziliense.com.br\/cbradar\/wp-content\/uploads\/2025\/05\/plantas-em-casa_1747424034793-1024x576.jpg 1024w, https:\/\/www.correiobraziliense.com.br\/cbradar\/wp-content\/uploads\/2025\/05\/plantas-em-casa_1747424034793-300x169.jpg 300w, https:\/\/www.correiobraziliense.com.br\/cbradar\/wp-content\/uploads\/2025\/05\/plantas-em-casa_1747424034793-768x432.jpg 768w, https:\/\/www.correiobraziliense.com.br\/cbradar\/wp-content\/uploads\/2025\/05\/plantas-em-casa_1747424034793-750x422.jpg 750w, https:\/\/www.correiobraziliense.com.br\/cbradar\/wp-content\/uploads\/2025\/05\/plantas-em-casa_1747424034793-1140x641.jpg 1140w, https:\/\/www.correiobraziliense.com.br\/cbradar\/wp-content\/uploads\/2025\/05\/plantas-em-casa_1747424034793.jpg 1280w\" sizes=\"(max-width: 1024px) 100vw, 1024px\" \/><figcaption class=\"wp-element-caption\">O que sua escolha de plantas diz sobre sua personalidade e bem-estar mental &#8211; Cr\u00e9ditos: depositphotos.com \/ AndrewLozovyi\n<\/figcaption><\/figure>\n\n\n\n<h2 class=\"wp-block-heading\">Quais s\u00e3o os benef\u00edcios psicol\u00f3gicos do cultivo de plantas?<\/h2>\n\n\n\n<p>Al\u00e9m dos efeitos visuais agrad\u00e1veis, a presen\u00e7a de vegeta\u00e7\u00e3o em casa pode trazer benef\u00edcios emocionais concretos para as pessoas. Estudos indicam que as plantas t\u00eam o potencial de reduzir os n\u00edveis de cortisol \u2013 horm\u00f4nio associado ao estresse \u2013, melhorar o humor e promover foco e aten\u00e7\u00e3o por meio de atividades repetitivas e pac\u00edficas, como regar e podar. Al\u00e9m disso, esse contato di\u00e1rio com o verde estimula a empatia e a paci\u00eancia, pois cuidar de seres vivos incentiva atitudes cuidadosas e atentas.<\/p>\n\n\n\n<h2 class=\"wp-block-heading\">O cultivo de plantas pode influenciar o comportamento?<\/h2>\n\n\n\n<p>Sim, o cultivo de plantas influencia comportamentos de forma substancial. Pessoas que possuem muitas plantas em casa tendem a ser mais organizadas e a valorizar a disciplina. H\u00e1 uma correla\u00e7\u00e3o entre a jardinagem e a pr\u00e1tica de rotinas sustent\u00e1veis que promovem <a href=\"https:\/\/www.correiobraziliense.com.br\/cbradar\/dr-diego-wildberger-aprenda-a-controlar-a-ansiedade-de-forma-simples-e-eficaz\/\" target=\"_blank\" rel=\"noreferrer noopener\">sa\u00fade <\/a>e bem-estar. O crescimento gradual das plantas pode servir como uma met\u00e1fora para o desenvolvimento pessoal e as conquistas individuais, refor\u00e7ando a autoestima e o senso de compet\u00eancia.<\/p>\n\n\n\n<p>Portanto, al\u00e9m de enriquecer visualmente os ambientes dom\u00e9sticos, a pr\u00e1tica de cultivar plantas proporciona um impacto significativo na vida di\u00e1ria das pessoas. A jardinagem incentiva h\u00e1bitos saud\u00e1veis, melhora a qualidade do ar e pode at\u00e9 mesmo reduzir a ansiedade e a tens\u00e3o. Psicologicamente, as plantas oferecem um ref\u00fagio natural dentro de casa, fortalecendo a conex\u00e3o dos indiv\u00edduos com a natureza e promovendo um equil\u00edbrio emocional essencial para o bem-estar moderno.<\/p>\n\n\n<a href=\"https:\/\/www.instagram.com\/dra.annaluisabf\/\" target=\"_blank\" rel=\"noopener\" style=\"text-decoration: none; color: inherit;\">\n    <span style=\"display: inline-block; border: 1px solid #ccc; border-radius: 10px; padding: 15px; max-width: 550px; font-family: sans-serif; box-shadow: 0 2px 5px rgba(0,0,0,0.1); width: 100%;\">\n\n      <!-- T\u00edtulo -->\n      <span style=\"display: block; margin: 0 0 15px 0; font-weight: bold; color: #2c3e50; text-align: center;\">\n        Entre em contato:\n      <\/span>\n\n      <!-- Linha do perfil -->\n      <span style=\"display: flex; align-items: center; gap: 15px;\">\n        <img decoding=\"async\"\n          src=\"https:\/\/www.correiobraziliense.com.br\/cbradar\/wp-content\/uploads\/2025\/08\/dra_anna_luisa.jpeg\"\n          alt=\"Foto da Dra. Anna Lu\u00edsa\"\n          style=\"border-radius: 50%; width: 80px; height: 80px; object-fit: cover;\"\n        \/>\n        <span style=\"display: flex; flex-direction: column;\">\n          <span style=\"font-size: 18px; font-weight: 700; color: #2c3e50;\">Dra. Anna Lu\u00edsa Barbosa Fernandes<\/span>\n          <span style=\"color: #555;\">CRM-GO 33.271<\/span>\n        <\/span>\n      <\/span>\n\n      <!-- Redes -->\n      <span style=\"display: flex; align-items: center; gap: 10px; margin-top: 12px;\">\n        <img decoding=\"async\" src=\"https:\/\/cdn-icons-png.flaticon.com\/24\/1384\/1384063.png\" alt=\"Instagram\" width=\"24\" height=\"24\" \/>\n        <span style=\"text-decoration: underline; color: #2c3e50;\">@dra.annaluisabf<\/span>\n      <\/span>\n\n    <\/span>\n  <\/a>","protected":false},"excerpt":{"rendered":"<p>O cultivo de Plantas dentro de casa tem se tornado uma pr\u00e1tica popular e crescente, especialmente em espa\u00e7os urbanos, onde a natureza parece mais distante. Este fen\u00f4meno n\u00e3o s\u00f3 traz benef\u00edcios est\u00e9ticos significativos ao ambiente, mas tamb\u00e9m impacta de forma positiva o bem-estar psicol\u00f3gico dos indiv\u00edduos. As plantas dom\u00e9sticas s\u00e3o capazes de transformar lares em [&hellip;]<\/p>\n","protected":false},"author":14,"featured_media":38248,"comment_status":"open","ping_status":"open","sticky":false,"template":"","format":"standard","meta":{"_yoast_wpseo_focuskw":"Plantas","_yoast_wpseo_title":"","_yoast_wpseo_metadesc":"Plantas dom\u00e9sticas ajudam no equil\u00edbrio emocional, foco e sensa\u00e7\u00e3o de conforto. Veja por que cuidar de plantas em casa est\u00e1 associado \u00e0 redu\u00e7\u00e3o da ansiedade.","jnews-multi-image_gallery":[],"jnews_single_post":{"format":"standard"},"jnews_primary_category":[],"jnews_social_meta":[],"jnews_override_counter":[],"footnotes":""},"categories":[4404],"tags":[120,224,1318],"class_list":["post-157200","post","type-post","status-publish","format-standard","has-post-thumbnail","hentry","category-saude","tag-bem-estar","tag-plantas","tag-saude-2"],"yoast_head":"<!-- This site is optimized with the Yoast SEO plugin v24.6 - https:\/\/yoast.com\/wordpress\/plugins\/seo\/ -->\n<title>Por que cultivar plantas reduz o estresse? - Correio Braziliense - Radar<\/title>\n<meta name=\"description\" content=\"Plantas dom\u00e9sticas ajudam no equil\u00edbrio emocional, foco e sensa\u00e7\u00e3o de conforto. Veja por que cuidar de plantas em casa est\u00e1 associado \u00e0 redu\u00e7\u00e3o da ansiedade.\" \/>\n<meta name=\"robots\" content=\"index, follow, max-snippet:-1, max-image-preview:large, max-video-preview:-1\" \/>\n<link rel=\"canonical\" href=\"https:\/\/www.correiobraziliense.com.br\/cbradar\/por-que-cultivar-plantas-reduz-o-estresse\/\" \/>\n<meta property=\"og:locale\" content=\"pt_BR\" \/>\n<meta property=\"og:type\" content=\"article\" \/>\n<meta property=\"og:title\" content=\"Por que cultivar plantas reduz o estresse? - Correio Braziliense - Radar\" \/>\n<meta property=\"og:description\" content=\"Plantas dom\u00e9sticas ajudam no equil\u00edbrio emocional, foco e sensa\u00e7\u00e3o de conforto. Veja por que cuidar de plantas em casa est\u00e1 associado \u00e0 redu\u00e7\u00e3o da ansiedade.\" \/>\n<meta property=\"og:url\" content=\"https:\/\/www.correiobraziliense.com.br\/cbradar\/por-que-cultivar-plantas-reduz-o-estresse\/\" \/>\n<meta property=\"og:site_name\" content=\"Correio Braziliense - Radar\" \/>\n<meta property=\"article:published_time\" content=\"2025-12-17T15:05:00+00:00\" \/>\n<meta property=\"og:image\" content=\"https:\/\/www.correiobraziliense.com.br\/cbradar\/wp-content\/uploads\/2025\/05\/plantas-em-casa_1747424077067.jpg\" \/>\n\t<meta property=\"og:image:width\" content=\"1280\" \/>\n\t<meta property=\"og:image:height\" content=\"720\" \/>\n\t<meta property=\"og:image:type\" content=\"image\/jpeg\" \/>\n<meta name=\"author\" content=\"guilherme_saude\" \/>\n<meta name=\"twitter:card\" content=\"summary_large_image\" \/>\n<meta name=\"twitter:label1\" content=\"Escrito por\" \/>\n\t<meta name=\"twitter:data1\" content=\"guilherme_saude\" \/>\n\t<meta name=\"twitter:label2\" content=\"Est. tempo de leitura\" \/>\n\t<meta name=\"twitter:data2\" content=\"4 minutos\" \/>\n<!-- \/ Yoast SEO plugin. -->","yoast_head_json":{"title":"Por que cultivar plantas reduz o estresse? - Correio Braziliense - Radar","description":"Plantas dom\u00e9sticas ajudam no equil\u00edbrio emocional, foco e sensa\u00e7\u00e3o de conforto. Veja por que cuidar de plantas em casa est\u00e1 associado \u00e0 redu\u00e7\u00e3o da ansiedade.","robots":{"index":"index","follow":"follow","max-snippet":"max-snippet:-1","max-image-preview":"max-image-preview:large","max-video-preview":"max-video-preview:-1"},"canonical":"https:\/\/www.correiobraziliense.com.br\/cbradar\/por-que-cultivar-plantas-reduz-o-estresse\/","og_locale":"pt_BR","og_type":"article","og_title":"Por que cultivar plantas reduz o estresse? - Correio Braziliense - Radar","og_description":"Plantas dom\u00e9sticas ajudam no equil\u00edbrio emocional, foco e sensa\u00e7\u00e3o de conforto. Veja por que cuidar de plantas em casa est\u00e1 associado \u00e0 redu\u00e7\u00e3o da ansiedade.","og_url":"https:\/\/www.correiobraziliense.com.br\/cbradar\/por-que-cultivar-plantas-reduz-o-estresse\/","og_site_name":"Correio Braziliense - Radar","article_published_time":"2025-12-17T15:05:00+00:00","og_image":[{"width":1280,"height":720,"url":"https:\/\/www.correiobraziliense.com.br\/cbradar\/wp-content\/uploads\/2025\/05\/plantas-em-casa_1747424077067.jpg","type":"image\/jpeg"}],"author":"guilherme_saude","twitter_card":"summary_large_image","twitter_misc":{"Escrito por":"guilherme_saude","Est. tempo de leitura":"4 minutos"},"schema":{"@context":"https:\/\/schema.org","@graph":[{"@type":"WebPage","@id":"https:\/\/www.correiobraziliense.com.br\/cbradar\/por-que-cultivar-plantas-reduz-o-estresse\/","url":"https:\/\/www.correiobraziliense.com.br\/cbradar\/por-que-cultivar-plantas-reduz-o-estresse\/","name":"Por que cultivar plantas reduz o estresse? - Correio Braziliense - Radar","isPartOf":{"@id":"https:\/\/www.correiobraziliense.com.br\/cbradar\/#website"},"primaryImageOfPage":{"@id":"https:\/\/www.correiobraziliense.com.br\/cbradar\/por-que-cultivar-plantas-reduz-o-estresse\/#primaryimage"},"image":{"@id":"https:\/\/www.correiobraziliense.com.br\/cbradar\/por-que-cultivar-plantas-reduz-o-estresse\/#primaryimage"},"thumbnailUrl":"https:\/\/www.correiobraziliense.com.br\/cbradar\/wp-content\/uploads\/2025\/05\/plantas-em-casa_1747424077067.jpg","datePublished":"2025-12-17T15:05:00+00:00","author":{"@id":"https:\/\/www.correiobraziliense.com.br\/cbradar\/#\/schema\/person\/5aa4bf3c8fa699c267933611de12978b"},"description":"Plantas dom\u00e9sticas ajudam no equil\u00edbrio emocional, foco e sensa\u00e7\u00e3o de conforto. Veja por que cuidar de plantas em casa est\u00e1 associado \u00e0 redu\u00e7\u00e3o da ansiedade.","breadcrumb":{"@id":"https:\/\/www.correiobraziliense.com.br\/cbradar\/por-que-cultivar-plantas-reduz-o-estresse\/#breadcrumb"},"inLanguage":"pt-BR","potentialAction":[{"@type":"ReadAction","target":["https:\/\/www.correiobraziliense.com.br\/cbradar\/por-que-cultivar-plantas-reduz-o-estresse\/"]}]},{"@type":"ImageObject","inLanguage":"pt-BR","@id":"https:\/\/www.correiobraziliense.com.br\/cbradar\/por-que-cultivar-plantas-reduz-o-estresse\/#primaryimage","url":"https:\/\/www.correiobraziliense.com.br\/cbradar\/wp-content\/uploads\/2025\/05\/plantas-em-casa_1747424077067.jpg","contentUrl":"https:\/\/www.correiobraziliense.com.br\/cbradar\/wp-content\/uploads\/2025\/05\/plantas-em-casa_1747424077067.jpg","width":1280,"height":720,"caption":"Por que ter plantas em casa pode melhorar seu humor e reduzir o estresse - Cr\u00e9ditos: depositphotos.com \/ manera"},{"@type":"BreadcrumbList","@id":"https:\/\/www.correiobraziliense.com.br\/cbradar\/por-que-cultivar-plantas-reduz-o-estresse\/#breadcrumb","itemListElement":[{"@type":"ListItem","position":1,"name":"In\u00edcio","item":"https:\/\/www.correiobraziliense.com.br\/cbradar\/"},{"@type":"ListItem","position":2,"name":"Por que cultivar plantas reduz o estresse?"}]},{"@type":"WebSite","@id":"https:\/\/www.correiobraziliense.com.br\/cbradar\/#website","url":"https:\/\/www.correiobraziliense.com.br\/cbradar\/","name":"Correio Braziliense - Radar","description":"Acompanhe as \u00faltimas not\u00edcias e fique bem informado sobre tudo o que acontece no Brasil e no mundo.","potentialAction":[{"@type":"SearchAction","target":{"@type":"EntryPoint","urlTemplate":"https:\/\/www.correiobraziliense.com.br\/cbradar\/?s={search_term_string}"},"query-input":{"@type":"PropertyValueSpecification","valueRequired":true,"valueName":"search_term_string"}}],"inLanguage":"pt-BR"},{"@type":"Person","@id":"https:\/\/www.correiobraziliense.com.br\/cbradar\/#\/schema\/person\/5aa4bf3c8fa699c267933611de12978b","name":"guilherme_saude","image":{"@type":"ImageObject","inLanguage":"pt-BR","@id":"https:\/\/www.correiobraziliense.com.br\/cbradar\/#\/schema\/person\/image\/","url":"https:\/\/secure.gravatar.com\/avatar\/df9adfb835d344bc0af109d41756253f?s=96&d=mm&r=g","contentUrl":"https:\/\/secure.gravatar.com\/avatar\/df9adfb835d344bc0af109d41756253f?s=96&d=mm&r=g","caption":"guilherme_saude"},"url":"https:\/\/www.correiobraziliense.com.br\/cbradar\/author\/guilherme_saude\/"}]}},"_links":{"self":[{"href":"https:\/\/www.correiobraziliense.com.br\/cbradar\/wp-json\/wp\/v2\/posts\/157200","targetHints":{"allow":["GET"]}}],"collection":[{"href":"https:\/\/www.correiobraziliense.com.br\/cbradar\/wp-json\/wp\/v2\/posts"}],"about":[{"href":"https:\/\/www.correiobraziliense.com.br\/cbradar\/wp-json\/wp\/v2\/types\/post"}],"author":[{"embeddable":true,"href":"https:\/\/www.correiobraziliense.com.br\/cbradar\/wp-json\/wp\/v2\/users\/14"}],"replies":[{"embeddable":true,"href":"https:\/\/www.correiobraziliense.com.br\/cbradar\/wp-json\/wp\/v2\/comments?post=157200"}],"version-history":[{"count":1,"href":"https:\/\/www.correiobraziliense.com.br\/cbradar\/wp-json\/wp\/v2\/posts\/157200\/revisions"}],"predecessor-version":[{"id":157202,"href":"https:\/\/www.correiobraziliense.com.br\/cbradar\/wp-json\/wp\/v2\/posts\/157200\/revisions\/157202"}],"wp:featuredmedia":[{"embeddable":true,"href":"https:\/\/www.correiobraziliense.com.br\/cbradar\/wp-json\/wp\/v2\/media\/38248"}],"wp:attachment":[{"href":"https:\/\/www.correiobraziliense.com.br\/cbradar\/wp-json\/wp\/v2\/media?parent=157200"}],"wp:term":[{"taxonomy":"category","embeddable":true,"href":"https:\/\/www.correiobraziliense.com.br\/cbradar\/wp-json\/wp\/v2\/categories?post=157200"},{"taxonomy":"post_tag","embeddable":true,"href":"https:\/\/www.correiobraziliense.com.br\/cbradar\/wp-json\/wp\/v2\/tags?post=157200"}],"curies":[{"name":"wp","href":"https:\/\/api.w.org\/{rel}","templated":true}]}}