{"id":157221,"date":"2025-12-17T18:25:23","date_gmt":"2025-12-17T21:25:23","guid":{"rendered":"https:\/\/www.correiobraziliense.com.br\/cbradar\/?p=157221"},"modified":"2025-12-16T14:44:04","modified_gmt":"2025-12-16T17:44:04","slug":"os-chas-diureticos-mais-usados-para-retencao-de-liquidos","status":"publish","type":"post","link":"https:\/\/www.correiobraziliense.com.br\/cbradar\/os-chas-diureticos-mais-usados-para-retencao-de-liquidos\/","title":{"rendered":"Os ch\u00e1s diur\u00e9ticos mais usados para reten\u00e7\u00e3o de l\u00edquidos"},"content":{"rendered":"\n<p>Os <strong>Ch\u00e1s Diur\u00e9ticos<\/strong> t\u00eam sido amplamente procurados por pessoas que desejam aliviar a reten\u00e7\u00e3o de l\u00edquidos e melhorar certas condi\u00e7\u00f5es de sa\u00fade. Esses ch\u00e1s s\u00e3o conhecidos por estimular a produ\u00e7\u00e3o de urina, ajudando na elimina\u00e7\u00e3o de fluidos excessivos do corpo. Essa pr\u00e1tica pode ser \u00fatil em v\u00e1rias situa\u00e7\u00f5es, como em casos de incha\u00e7o causado por condi\u00e7\u00f5es de sa\u00fade subjacentes ou ainda como aux\u00edlio no tratamento de infec\u00e7\u00f5es do trato urin\u00e1rio.<\/p>\n\n\n\n<p>\u00c9 importante destacar que, embora os Ch\u00e1s Diur\u00e9ticos sejam amplamente usados, eles devem ser consumidos com cautela, principalmente em conjunto com medicamentos. Algumas plantas t\u00eam potencial de interagir com medicamentos prescritos, afetando a efic\u00e1cia ou aumentando os efeitos colaterais de rem\u00e9dios, como anti-hipertensivos ou anticoagulantes. Portanto, \u00e9 sempre recomend\u00e1vel consultar um m\u00e9dico antes de iniciar o consumo desses ch\u00e1s.<\/p>\n\n\n\n<h2 class=\"wp-block-heading\">Como os Ch\u00e1s Diur\u00e9ticos atuam no organismo?<\/h2>\n\n\n\n<p>Muitos Ch\u00e1s Diur\u00e9ticos funcionam devido \u00e0 presen\u00e7a de compostos que influenciam o funcionamento renal. Ch\u00e1s como o de salsinha, dente-de-le\u00e3o e hibisco cont\u00eam subst\u00e2ncias que incentivam os rins a aumentar a filtra\u00e7\u00e3o e a produ\u00e7\u00e3o de urina. Esses compostos podem atuar de v\u00e1rias maneiras, como atrav\u00e9s da intera\u00e7\u00e3o com receptores renais ou pelo aumento da concentra\u00e7\u00e3o de minerais, como pot\u00e1ssio, nos rins, que impulsiona a diurese.<\/p>\n\n\n\n<p>Dentre os ch\u00e1s mais populares, o&nbsp;<strong>ch\u00e1 de salsinha<\/strong>&nbsp;e o&nbsp;<strong>ch\u00e1 de dente-de-le\u00e3o<\/strong>&nbsp;s\u00e3o frequentemente mencionados. Ambos s\u00e3o conhecidos por suas propriedades diur\u00e9ticas potentes. A salsinha, por exemplo, cont\u00e9m flavonoides que se ligam a receptores de adenosina, promovendo aumento na produ\u00e7\u00e3o de urina. J\u00e1 o dente-de-le\u00e3o, rico em pot\u00e1ssio, ajuda na regula\u00e7\u00e3o da fun\u00e7\u00e3o renal, ampliando a elimina\u00e7\u00e3o de l\u00edquido.<\/p>\n\n\n\n<h2 class=\"wp-block-heading\">Quais Ch\u00e1s Diur\u00e9ticos s\u00e3o mais eficazes?<\/h2>\n\n\n\n<p>Al\u00e9m dos j\u00e1 mencionados ch\u00e1s de salsinha e dente-de-le\u00e3o,&nbsp;<strong>o ch\u00e1 de cavalinha<\/strong>&nbsp;\u00e9 tradicionalmente utilizado devido ao seu efeito compar\u00e1vel ao de medicamentos diur\u00e9ticos sint\u00e9ticos. Outro exemplo \u00e9 o&nbsp;<strong>ch\u00e1 de hibisco<\/strong>, cujas antocianinas e flavonoides auxiliam no aumento da produ\u00e7\u00e3o de urina, sendo uma escolha comum para aqueles que buscam uma solu\u00e7\u00e3o natural.<\/p>\n\n\n<div class=\"wp-block-image\">\n<figure class=\"aligncenter size-large\"><img decoding=\"async\" width=\"1024\" height=\"576\" src=\"https:\/\/www.correiobraziliense.com.br\/cbradar\/wp-content\/uploads\/2025\/12\/Chas_1765893121547-1024x576.jpg\" alt=\"\" class=\"wp-image-157224\" srcset=\"https:\/\/www.correiobraziliense.com.br\/cbradar\/wp-content\/uploads\/2025\/12\/Chas_1765893121547-1024x576.jpg 1024w, https:\/\/www.correiobraziliense.com.br\/cbradar\/wp-content\/uploads\/2025\/12\/Chas_1765893121547-300x169.jpg 300w, https:\/\/www.correiobraziliense.com.br\/cbradar\/wp-content\/uploads\/2025\/12\/Chas_1765893121547-768x432.jpg 768w, https:\/\/www.correiobraziliense.com.br\/cbradar\/wp-content\/uploads\/2025\/12\/Chas_1765893121547-750x422.jpg 750w, https:\/\/www.correiobraziliense.com.br\/cbradar\/wp-content\/uploads\/2025\/12\/Chas_1765893121547-1140x641.jpg 1140w, https:\/\/www.correiobraziliense.com.br\/cbradar\/wp-content\/uploads\/2025\/12\/Chas_1765893121547.jpg 1280w\" sizes=\"(max-width: 1024px) 100vw, 1024px\" \/><figcaption class=\"wp-element-caption\">Ch\u00e1s  &#8211; Cr\u00e9ditos: depositphotos.com \/ oykuozgu<\/figcaption><\/figure><\/div>\n\n\n<p>Para aqueles preocupados com o equil\u00edbrio de minerais, ch\u00e1s como o&nbsp;<strong>de espinheira-santa<\/strong>&nbsp;e o&nbsp;<strong>de chic\u00f3ria<\/strong>&nbsp;s\u00e3o op\u00e7\u00f5es vi\u00e1veis, pois ajudam a aliviar o incha\u00e7o sem comprometer radicalmente o balan\u00e7o mineral. No entanto, \u00e9 prudente consumir esses ch\u00e1s por per\u00edodos limitados, geralmente n\u00e3o excedendo uma semana, a fim de evitar car\u00eancias nutricionais.<\/p>\n\n\n\n<h2 class=\"wp-block-heading\">Quem deve evitar o uso de Ch\u00e1s Diur\u00e9ticos?<\/h2>\n\n\n\n<p>Certos grupos de pessoas devem ter precau\u00e7\u00e3o ao usar Ch\u00e1s Diur\u00e9ticos. Gestantes e lactantes, por exemplo, devem evitar a maioria desses ch\u00e1s, exceto sob orienta\u00e7\u00e3o m\u00e9dica. Pessoas com problemas renais ou card\u00edacos tamb\u00e9m precisam limitar o consumo devido ao risco de sobrecarga renal ou intera\u00e7\u00f5es com medicamentos para essas condi\u00e7\u00f5es.<\/p>\n\n\n\n<p>Al\u00e9m disso, indiv\u00edduos que j\u00e1 fazem uso de diur\u00e9ticos sint\u00e9ticos devem ter cuidado redobrado, uma vez que a combina\u00e7\u00e3o pode levar \u00e0 excre\u00e7\u00e3o excessiva de nutrientes essenciais, resultando em desequil\u00edbrios eletrol\u00edticos. Sempre consulte um profissional de <a href=\"https:\/\/www.correiobraziliense.com.br\/cbradar\/dr-diego-wildberger-aprenda-a-controlar-a-ansiedade-de-forma-simples-e-eficaz\/\" target=\"_blank\" rel=\"noreferrer noopener\">sa\u00fade <\/a>antes de iniciar o uso de qualquer ch\u00e1 diur\u00e9tico.<\/p>\n\n\n\n<h2 class=\"wp-block-heading\">Ch\u00e1s Diur\u00e9ticos podem substituir o tratamento m\u00e9dico?<\/h2>\n\n\n\n<p>Embora os Ch\u00e1s Diur\u00e9ticos ofere\u00e7am benef\u00edcios interessantes, eles n\u00e3o devem ser utilizados como substitutos para tratamentos m\u00e9dicos convencionais. \u00c9 importante seguir as orienta\u00e7\u00f5es m\u00e9dicas e utilizar os ch\u00e1s como complemento. Eles podem ser particularmente \u00fateis no al\u00edvio tempor\u00e1rio de sintomas, mas um cuidado mais estruturado e embasado cientificamente \u00e9 vital para tratar problemas cr\u00f4nicos ou s\u00e9rios de sa\u00fade.<\/p>\n\n\n\n<p>A integra\u00e7\u00e3o segura de Ch\u00e1s Diur\u00e9ticos na rotina deve ser sempre com base em informa\u00e7\u00f5es corretas e com o respaldo de um profissional de sa\u00fade, garantindo que a solu\u00e7\u00e3o natural seja eficaz e segura para cada situa\u00e7\u00e3o individual.<\/p>\n\n\n<a href=\"https:\/\/www.instagram.com\/dra.annaluisabf\/\" target=\"_blank\" rel=\"noopener\" style=\"text-decoration: none; color: inherit;\">\n    <span style=\"display: inline-block; border: 1px solid #ccc; border-radius: 10px; padding: 15px; max-width: 550px; font-family: sans-serif; box-shadow: 0 2px 5px rgba(0,0,0,0.1); width: 100%;\">\n\n      <!-- T\u00edtulo -->\n      <span style=\"display: block; margin: 0 0 15px 0; font-weight: bold; color: #2c3e50; text-align: center;\">\n        Entre em contato:\n      <\/span>\n\n      <!-- Linha do perfil -->\n      <span style=\"display: flex; align-items: center; gap: 15px;\">\n        <img decoding=\"async\"\n          src=\"https:\/\/www.correiobraziliense.com.br\/cbradar\/wp-content\/uploads\/2025\/08\/dra_anna_luisa.jpeg\"\n          alt=\"Foto da Dra. Anna Lu\u00edsa\"\n          style=\"border-radius: 50%; width: 80px; height: 80px; object-fit: cover;\"\n        \/>\n        <span style=\"display: flex; flex-direction: column;\">\n          <span style=\"font-size: 18px; font-weight: 700; color: #2c3e50;\">Dra. Anna Lu\u00edsa Barbosa Fernandes<\/span>\n          <span style=\"color: #555;\">CRM-GO 33.271<\/span>\n        <\/span>\n      <\/span>\n\n      <!-- Redes -->\n      <span style=\"display: flex; align-items: center; gap: 10px; margin-top: 12px;\">\n        <img decoding=\"async\" src=\"https:\/\/cdn-icons-png.flaticon.com\/24\/1384\/1384063.png\" alt=\"Instagram\" width=\"24\" height=\"24\" \/>\n        <span style=\"text-decoration: underline; color: #2c3e50;\">@dra.annaluisabf<\/span>\n      <\/span>\n\n    <\/span>\n  <\/a>","protected":false},"excerpt":{"rendered":"<p>Os Ch\u00e1s Diur\u00e9ticos t\u00eam sido amplamente procurados por pessoas que desejam aliviar a reten\u00e7\u00e3o de l\u00edquidos e melhorar certas condi\u00e7\u00f5es de sa\u00fade. Esses ch\u00e1s s\u00e3o conhecidos por estimular a produ\u00e7\u00e3o de urina, ajudando na elimina\u00e7\u00e3o de fluidos excessivos do corpo. Essa pr\u00e1tica pode ser \u00fatil em v\u00e1rias situa\u00e7\u00f5es, como em casos de incha\u00e7o causado por [&hellip;]<\/p>\n","protected":false},"author":14,"featured_media":157223,"comment_status":"open","ping_status":"open","sticky":false,"template":"","format":"standard","meta":{"_yoast_wpseo_focuskw":"Ch\u00e1s Diur\u00e9ticos","_yoast_wpseo_title":"","_yoast_wpseo_metadesc":"Entenda os benef\u00edcios e riscos dos ch\u00e1s diur\u00e9ticos naturais para a sa\u00fade. Nem todo mundo pode usar ch\u00e1 diur\u00e9tico; veja contraindica\u00e7\u00f5es.","jnews-multi-image_gallery":[],"jnews_single_post":{"format":"standard"},"jnews_primary_category":[],"jnews_social_meta":[],"jnews_override_counter":[],"footnotes":""},"categories":[4404],"tags":[281,120,565],"class_list":["post-157221","post","type-post","status-publish","format-standard","has-post-thumbnail","hentry","category-saude","tag-alimentacao","tag-bem-estar","tag-saude"],"yoast_head":"<!-- This site is optimized with the Yoast SEO plugin v24.6 - https:\/\/yoast.com\/wordpress\/plugins\/seo\/ -->\n<title>Os ch\u00e1s diur\u00e9ticos mais usados para reten\u00e7\u00e3o de l\u00edquidos - Correio Braziliense - Radar<\/title>\n<meta name=\"description\" content=\"Entenda os benef\u00edcios e riscos dos ch\u00e1s diur\u00e9ticos naturais para a sa\u00fade. Nem todo mundo pode usar ch\u00e1 diur\u00e9tico; veja contraindica\u00e7\u00f5es.\" \/>\n<meta name=\"robots\" content=\"index, follow, max-snippet:-1, max-image-preview:large, max-video-preview:-1\" \/>\n<link rel=\"canonical\" href=\"https:\/\/www.correiobraziliense.com.br\/cbradar\/os-chas-diureticos-mais-usados-para-retencao-de-liquidos\/\" \/>\n<meta property=\"og:locale\" content=\"pt_BR\" \/>\n<meta property=\"og:type\" content=\"article\" \/>\n<meta property=\"og:title\" content=\"Os ch\u00e1s diur\u00e9ticos mais usados para reten\u00e7\u00e3o de l\u00edquidos - Correio Braziliense - Radar\" \/>\n<meta property=\"og:description\" content=\"Entenda os benef\u00edcios e riscos dos ch\u00e1s diur\u00e9ticos naturais para a sa\u00fade. Nem todo mundo pode usar ch\u00e1 diur\u00e9tico; veja contraindica\u00e7\u00f5es.\" \/>\n<meta property=\"og:url\" content=\"https:\/\/www.correiobraziliense.com.br\/cbradar\/os-chas-diureticos-mais-usados-para-retencao-de-liquidos\/\" \/>\n<meta property=\"og:site_name\" content=\"Correio Braziliense - Radar\" \/>\n<meta property=\"article:published_time\" content=\"2025-12-17T21:25:23+00:00\" \/>\n<meta property=\"og:image\" content=\"https:\/\/www.correiobraziliense.com.br\/cbradar\/wp-content\/uploads\/2025\/12\/Chas_1765893100944.jpg\" \/>\n\t<meta property=\"og:image:width\" content=\"1280\" \/>\n\t<meta property=\"og:image:height\" content=\"720\" \/>\n\t<meta property=\"og:image:type\" content=\"image\/jpeg\" \/>\n<meta name=\"author\" content=\"guilherme_saude\" \/>\n<meta name=\"twitter:card\" content=\"summary_large_image\" \/>\n<meta name=\"twitter:label1\" content=\"Escrito por\" \/>\n\t<meta name=\"twitter:data1\" content=\"guilherme_saude\" \/>\n\t<meta name=\"twitter:label2\" content=\"Est. tempo de leitura\" \/>\n\t<meta name=\"twitter:data2\" content=\"5 minutos\" \/>\n<!-- \/ Yoast SEO plugin. -->","yoast_head_json":{"title":"Os ch\u00e1s diur\u00e9ticos mais usados para reten\u00e7\u00e3o de l\u00edquidos - Correio Braziliense - Radar","description":"Entenda os benef\u00edcios e riscos dos ch\u00e1s diur\u00e9ticos naturais para a sa\u00fade. Nem todo mundo pode usar ch\u00e1 diur\u00e9tico; veja contraindica\u00e7\u00f5es.","robots":{"index":"index","follow":"follow","max-snippet":"max-snippet:-1","max-image-preview":"max-image-preview:large","max-video-preview":"max-video-preview:-1"},"canonical":"https:\/\/www.correiobraziliense.com.br\/cbradar\/os-chas-diureticos-mais-usados-para-retencao-de-liquidos\/","og_locale":"pt_BR","og_type":"article","og_title":"Os ch\u00e1s diur\u00e9ticos mais usados para reten\u00e7\u00e3o de l\u00edquidos - Correio Braziliense - Radar","og_description":"Entenda os benef\u00edcios e riscos dos ch\u00e1s diur\u00e9ticos naturais para a sa\u00fade. Nem todo mundo pode usar ch\u00e1 diur\u00e9tico; veja contraindica\u00e7\u00f5es.","og_url":"https:\/\/www.correiobraziliense.com.br\/cbradar\/os-chas-diureticos-mais-usados-para-retencao-de-liquidos\/","og_site_name":"Correio Braziliense - Radar","article_published_time":"2025-12-17T21:25:23+00:00","og_image":[{"width":1280,"height":720,"url":"https:\/\/www.correiobraziliense.com.br\/cbradar\/wp-content\/uploads\/2025\/12\/Chas_1765893100944.jpg","type":"image\/jpeg"}],"author":"guilherme_saude","twitter_card":"summary_large_image","twitter_misc":{"Escrito por":"guilherme_saude","Est. tempo de leitura":"5 minutos"},"schema":{"@context":"https:\/\/schema.org","@graph":[{"@type":"WebPage","@id":"https:\/\/www.correiobraziliense.com.br\/cbradar\/os-chas-diureticos-mais-usados-para-retencao-de-liquidos\/","url":"https:\/\/www.correiobraziliense.com.br\/cbradar\/os-chas-diureticos-mais-usados-para-retencao-de-liquidos\/","name":"Os ch\u00e1s diur\u00e9ticos mais usados para reten\u00e7\u00e3o de l\u00edquidos - Correio Braziliense - Radar","isPartOf":{"@id":"https:\/\/www.correiobraziliense.com.br\/cbradar\/#website"},"primaryImageOfPage":{"@id":"https:\/\/www.correiobraziliense.com.br\/cbradar\/os-chas-diureticos-mais-usados-para-retencao-de-liquidos\/#primaryimage"},"image":{"@id":"https:\/\/www.correiobraziliense.com.br\/cbradar\/os-chas-diureticos-mais-usados-para-retencao-de-liquidos\/#primaryimage"},"thumbnailUrl":"https:\/\/www.correiobraziliense.com.br\/cbradar\/wp-content\/uploads\/2025\/12\/Chas_1765893100944.jpg","datePublished":"2025-12-17T21:25:23+00:00","author":{"@id":"https:\/\/www.correiobraziliense.com.br\/cbradar\/#\/schema\/person\/5aa4bf3c8fa699c267933611de12978b"},"description":"Entenda os benef\u00edcios e riscos dos ch\u00e1s diur\u00e9ticos naturais para a sa\u00fade. Nem todo mundo pode usar ch\u00e1 diur\u00e9tico; veja contraindica\u00e7\u00f5es.","breadcrumb":{"@id":"https:\/\/www.correiobraziliense.com.br\/cbradar\/os-chas-diureticos-mais-usados-para-retencao-de-liquidos\/#breadcrumb"},"inLanguage":"pt-BR","potentialAction":[{"@type":"ReadAction","target":["https:\/\/www.correiobraziliense.com.br\/cbradar\/os-chas-diureticos-mais-usados-para-retencao-de-liquidos\/"]}]},{"@type":"ImageObject","inLanguage":"pt-BR","@id":"https:\/\/www.correiobraziliense.com.br\/cbradar\/os-chas-diureticos-mais-usados-para-retencao-de-liquidos\/#primaryimage","url":"https:\/\/www.correiobraziliense.com.br\/cbradar\/wp-content\/uploads\/2025\/12\/Chas_1765893100944.jpg","contentUrl":"https:\/\/www.correiobraziliense.com.br\/cbradar\/wp-content\/uploads\/2025\/12\/Chas_1765893100944.jpg","width":1280,"height":720,"caption":"Ch\u00e1s - Cr\u00e9ditos: depositphotos.com \/ marilyna"},{"@type":"BreadcrumbList","@id":"https:\/\/www.correiobraziliense.com.br\/cbradar\/os-chas-diureticos-mais-usados-para-retencao-de-liquidos\/#breadcrumb","itemListElement":[{"@type":"ListItem","position":1,"name":"In\u00edcio","item":"https:\/\/www.correiobraziliense.com.br\/cbradar\/"},{"@type":"ListItem","position":2,"name":"Os ch\u00e1s diur\u00e9ticos mais usados para reten\u00e7\u00e3o de l\u00edquidos"}]},{"@type":"WebSite","@id":"https:\/\/www.correiobraziliense.com.br\/cbradar\/#website","url":"https:\/\/www.correiobraziliense.com.br\/cbradar\/","name":"Correio Braziliense - Radar","description":"Acompanhe as \u00faltimas not\u00edcias e fique bem informado sobre tudo o que acontece no Brasil e no mundo.","potentialAction":[{"@type":"SearchAction","target":{"@type":"EntryPoint","urlTemplate":"https:\/\/www.correiobraziliense.com.br\/cbradar\/?s={search_term_string}"},"query-input":{"@type":"PropertyValueSpecification","valueRequired":true,"valueName":"search_term_string"}}],"inLanguage":"pt-BR"},{"@type":"Person","@id":"https:\/\/www.correiobraziliense.com.br\/cbradar\/#\/schema\/person\/5aa4bf3c8fa699c267933611de12978b","name":"guilherme_saude","image":{"@type":"ImageObject","inLanguage":"pt-BR","@id":"https:\/\/www.correiobraziliense.com.br\/cbradar\/#\/schema\/person\/image\/","url":"https:\/\/secure.gravatar.com\/avatar\/df9adfb835d344bc0af109d41756253f?s=96&d=mm&r=g","contentUrl":"https:\/\/secure.gravatar.com\/avatar\/df9adfb835d344bc0af109d41756253f?s=96&d=mm&r=g","caption":"guilherme_saude"},"url":"https:\/\/www.correiobraziliense.com.br\/cbradar\/author\/guilherme_saude\/"}]}},"_links":{"self":[{"href":"https:\/\/www.correiobraziliense.com.br\/cbradar\/wp-json\/wp\/v2\/posts\/157221","targetHints":{"allow":["GET"]}}],"collection":[{"href":"https:\/\/www.correiobraziliense.com.br\/cbradar\/wp-json\/wp\/v2\/posts"}],"about":[{"href":"https:\/\/www.correiobraziliense.com.br\/cbradar\/wp-json\/wp\/v2\/types\/post"}],"author":[{"embeddable":true,"href":"https:\/\/www.correiobraziliense.com.br\/cbradar\/wp-json\/wp\/v2\/users\/14"}],"replies":[{"embeddable":true,"href":"https:\/\/www.correiobraziliense.com.br\/cbradar\/wp-json\/wp\/v2\/comments?post=157221"}],"version-history":[{"count":1,"href":"https:\/\/www.correiobraziliense.com.br\/cbradar\/wp-json\/wp\/v2\/posts\/157221\/revisions"}],"predecessor-version":[{"id":157227,"href":"https:\/\/www.correiobraziliense.com.br\/cbradar\/wp-json\/wp\/v2\/posts\/157221\/revisions\/157227"}],"wp:featuredmedia":[{"embeddable":true,"href":"https:\/\/www.correiobraziliense.com.br\/cbradar\/wp-json\/wp\/v2\/media\/157223"}],"wp:attachment":[{"href":"https:\/\/www.correiobraziliense.com.br\/cbradar\/wp-json\/wp\/v2\/media?parent=157221"}],"wp:term":[{"taxonomy":"category","embeddable":true,"href":"https:\/\/www.correiobraziliense.com.br\/cbradar\/wp-json\/wp\/v2\/categories?post=157221"},{"taxonomy":"post_tag","embeddable":true,"href":"https:\/\/www.correiobraziliense.com.br\/cbradar\/wp-json\/wp\/v2\/tags?post=157221"}],"curies":[{"name":"wp","href":"https:\/\/api.w.org\/{rel}","templated":true}]}}