{"id":157396,"date":"2025-12-17T20:25:00","date_gmt":"2025-12-17T23:25:00","guid":{"rendered":"https:\/\/www.correiobraziliense.com.br\/cbradar\/?p=157396"},"modified":"2025-12-16T16:35:44","modified_gmt":"2025-12-16T19:35:44","slug":"por-que-da-tontura-ao-levantar-da-cama","status":"publish","type":"post","link":"https:\/\/www.correiobraziliense.com.br\/cbradar\/por-que-da-tontura-ao-levantar-da-cama\/","title":{"rendered":"Por que d\u00e1 tontura ao levantar da cama?"},"content":{"rendered":"\n<p>A <strong>Tontura <\/strong>ao acordar pode ser um sintoma preocupante para muitas pessoas, sendo uma manifesta\u00e7\u00e3o que, apesar de comum, requer aten\u00e7\u00e3o. Geralmente, esse desconforto est\u00e1 associado \u00e0 queda repentina da press\u00e3o arterial que ocorre ao levantar-se ap\u00f3s um per\u00edodo prolongado em uma posi\u00e7\u00e3o, como ao dormir. Esse fen\u00f4meno, conhecido como hipotens\u00e3o ortost\u00e1tica, pode ter diferentes causas, sendo importante compreender suas origens e cuidados necess\u00e1rios.<\/p>\n\n\n\n<p>A hipotens\u00e3o ortost\u00e1tica \u00e9 uma das principais causas de Tontura matinal. Ela acontece quando h\u00e1 uma diminui\u00e7\u00e3o repentina da press\u00e3o arterial ao passar da posi\u00e7\u00e3o deitada para a posi\u00e7\u00e3o em p\u00e9, o que reduz o fluxo sangu\u00edneo para o c\u00e9rebro, causando sensa\u00e7\u00e3o de vertigem. Este quadro geralmente \u00e9 transit\u00f3rio e pode ser comum em pessoas mais idosas, mas tamb\u00e9m pode afetar jovens, especialmente ap\u00f3s um longo per\u00edodo de repouso.<\/p>\n\n\n\n<h2 class=\"wp-block-heading\">Quais s\u00e3o as causas da Tontura ao acordar?<\/h2>\n\n\n\n<p>A Tontura ao acordar pode ser provocada por uma variedade de fatores. Entre eles est\u00e3o a desidrata\u00e7\u00e3o, que pode ocorrer devido a ingest\u00e3o insuficiente de l\u00edquidos durante o dia anterior, ou ap\u00f3s uma noite de sono sem reposi\u00e7\u00e3o h\u00eddrica adequada. Dist\u00farbios do sono tamb\u00e9m contribuem, visto que poucas horas de descanso podem afetar o equil\u00edbrio e aumento de estresse.<\/p>\n\n\n\n<h2 class=\"wp-block-heading\">Como a m\u00e1 alimenta\u00e7\u00e3o influencia na Tontura matinal?<\/h2>\n\n\n<div class=\"wp-block-image\">\n<figure class=\"aligncenter size-large\"><img decoding=\"async\" width=\"1024\" height=\"576\" src=\"https:\/\/www.correiobraziliense.com.br\/cbradar\/wp-content\/uploads\/2025\/11\/tontura-cama_1762605024244-1024x576.jpg\" alt=\"\" class=\"wp-image-133769\" srcset=\"https:\/\/www.correiobraziliense.com.br\/cbradar\/wp-content\/uploads\/2025\/11\/tontura-cama_1762605024244-1024x576.jpg 1024w, https:\/\/www.correiobraziliense.com.br\/cbradar\/wp-content\/uploads\/2025\/11\/tontura-cama_1762605024244-300x169.jpg 300w, https:\/\/www.correiobraziliense.com.br\/cbradar\/wp-content\/uploads\/2025\/11\/tontura-cama_1762605024244-768x432.jpg 768w, https:\/\/www.correiobraziliense.com.br\/cbradar\/wp-content\/uploads\/2025\/11\/tontura-cama_1762605024244-750x422.jpg 750w, https:\/\/www.correiobraziliense.com.br\/cbradar\/wp-content\/uploads\/2025\/11\/tontura-cama_1762605024244-1140x641.jpg 1140w, https:\/\/www.correiobraziliense.com.br\/cbradar\/wp-content\/uploads\/2025\/11\/tontura-cama_1762605024244.jpg 1280w\" sizes=\"(max-width: 1024px) 100vw, 1024px\" \/><figcaption class=\"wp-element-caption\">Tontura &#8211; Cr\u00e9ditos: depositphotos.com \/ brizmaker<\/figcaption><\/figure><\/div>\n\n\n<p>Uma alimenta\u00e7\u00e3o inadequada impacta significativamente o aparecimento de tonturas matinais. Dietas pobres em nutrientes essenciais ou com longos per\u00edodos de jejum podem levar \u00e0 hipoglicemia, estado em que o n\u00edvel de a\u00e7\u00facar no sangue fica muito baixo, provocando vertigens e mal-estar. Al\u00e9m disso, o consumo excessivo de cafe\u00edna e \u00e1lcool pode afetar a qualidade do sono e levar a desequil\u00edbrios que resultam nesse sintoma desconfortante ao acordar.<\/p>\n\n\n\n<h2 class=\"wp-block-heading\">Quais s\u00e3o os sinais de alerta para procurar um m\u00e9dico?<\/h2>\n\n\n\n<p>Embora a Tontura ao acordar muitas vezes n\u00e3o represente gravidade, \u00e9 crucial observar os sintomas associados. Caso a Tontura venha acompanhada de desmaios, palpita\u00e7\u00f5es, falta de ar ou dores no peito, pode indicar problemas subjacentes mais s\u00e9rios. Altera\u00e7\u00f5es no equil\u00edbrio ou desorienta\u00e7\u00e3o s\u00fabita tamb\u00e9m s\u00e3o sinais que justificam a busca por avalia\u00e7\u00e3o m\u00e9dica.<\/p>\n\n\n\n<h2 class=\"wp-block-heading\">Como prevenir a Tontura ao acordar?<\/h2>\n\n\n\n<p>Prevenir a Tontura matinal envolve algumas mudan\u00e7as simples no estilo de vida. Manter-se bem hidratado ao longo do dia e garantir um consumo adequado de nutrientes s\u00e3o passos fundamentais. Ao levantar-se, \u00e9 aconselh\u00e1vel faz\u00ea-lo devagar, primeiro sentando-se na cama e, s\u00f3 depois, ficando em p\u00e9. Al\u00e9m disso, evitar o consumo de subst\u00e2ncias que possam prejudicar o sono, como cafe\u00edna em excesso, pode contribuir significativamente para um despertar mais equilibrado e saud\u00e1vel.<\/p>\n\n\n\n<p>Adotar essas medidas, al\u00e9m de um acompanhamento m\u00e9dico, especialmente se houver recorr\u00eancia dos sintomas, s\u00e3o formas eficazes de lidar com a Tontura matinal, garantindo o bem-estar di\u00e1rio.<\/p>\n\n\n<a href=\"https:\/\/www.instagram.com\/dra.annaluisabf\/\" target=\"_blank\" rel=\"noopener\" style=\"text-decoration: none; color: inherit;\">\n    <span style=\"display: inline-block; border: 1px solid #ccc; border-radius: 10px; padding: 15px; max-width: 550px; font-family: sans-serif; box-shadow: 0 2px 5px rgba(0,0,0,0.1); width: 100%;\">\n\n      <!-- T\u00edtulo -->\n      <span style=\"display: block; margin: 0 0 15px 0; font-weight: bold; color: #2c3e50; text-align: center;\">\n        Entre em contato:\n      <\/span>\n\n      <!-- Linha do perfil -->\n      <span style=\"display: flex; align-items: center; gap: 15px;\">\n        <img decoding=\"async\"\n          src=\"https:\/\/www.correiobraziliense.com.br\/cbradar\/wp-content\/uploads\/2025\/08\/dra_anna_luisa.jpeg\"\n          alt=\"Foto da Dra. Anna Lu\u00edsa\"\n          style=\"border-radius: 50%; width: 80px; height: 80px; object-fit: cover;\"\n        \/>\n        <span style=\"display: flex; flex-direction: column;\">\n          <span style=\"font-size: 18px; font-weight: 700; color: #2c3e50;\">Dra. Anna Lu\u00edsa Barbosa Fernandes<\/span>\n          <span style=\"color: #555;\">CRM-GO 33.271<\/span>\n        <\/span>\n      <\/span>\n\n      <!-- Redes -->\n      <span style=\"display: flex; align-items: center; gap: 10px; margin-top: 12px;\">\n        <img decoding=\"async\" src=\"https:\/\/cdn-icons-png.flaticon.com\/24\/1384\/1384063.png\" alt=\"Instagram\" width=\"24\" height=\"24\" \/>\n        <span style=\"text-decoration: underline; color: #2c3e50;\">@dra.annaluisabf<\/span>\n      <\/span>\n\n    <\/span>\n  <\/a>\n\n\n<p><\/p>\n","protected":false},"excerpt":{"rendered":"<p>A Tontura ao acordar pode ser um sintoma preocupante para muitas pessoas, sendo uma manifesta\u00e7\u00e3o que, apesar de comum, requer aten\u00e7\u00e3o. Geralmente, esse desconforto est\u00e1 associado \u00e0 queda repentina da press\u00e3o arterial que ocorre ao levantar-se ap\u00f3s um per\u00edodo prolongado em uma posi\u00e7\u00e3o, como ao dormir. Esse fen\u00f4meno, conhecido como hipotens\u00e3o ortost\u00e1tica, pode ter diferentes [&hellip;]<\/p>\n","protected":false},"author":14,"featured_media":69415,"comment_status":"open","ping_status":"open","sticky":false,"template":"","format":"standard","meta":{"_yoast_wpseo_focuskw":"Tontura","_yoast_wpseo_title":"","_yoast_wpseo_metadesc":"Tontura matinal \u00e9 comum, mas nem sempre inofensiva. Conhe\u00e7a as causas e quando buscar ajuda m\u00e9dica.","jnews-multi-image_gallery":[],"jnews_single_post":{"format":"standard"},"jnews_primary_category":[],"jnews_social_meta":[],"jnews_override_counter":[],"footnotes":""},"categories":[4404],"tags":[120,247,1318],"class_list":["post-157396","post","type-post","status-publish","format-standard","has-post-thumbnail","hentry","category-saude","tag-bem-estar","tag-qualidade-de-vida","tag-saude-2"],"yoast_head":"<!-- This site is optimized with the Yoast SEO plugin v24.6 - https:\/\/yoast.com\/wordpress\/plugins\/seo\/ -->\n<title>Por que d\u00e1 tontura ao levantar da cama? - Correio Braziliense - Radar<\/title>\n<meta name=\"description\" content=\"Tontura matinal \u00e9 comum, mas nem sempre inofensiva. Conhe\u00e7a as causas e quando buscar ajuda m\u00e9dica.\" \/>\n<meta name=\"robots\" content=\"index, follow, max-snippet:-1, max-image-preview:large, max-video-preview:-1\" \/>\n<link rel=\"canonical\" href=\"https:\/\/www.correiobraziliense.com.br\/cbradar\/por-que-da-tontura-ao-levantar-da-cama\/\" \/>\n<meta property=\"og:locale\" content=\"pt_BR\" \/>\n<meta property=\"og:type\" content=\"article\" \/>\n<meta property=\"og:title\" content=\"Por que d\u00e1 tontura ao levantar da cama? - Correio Braziliense - Radar\" \/>\n<meta property=\"og:description\" content=\"Tontura matinal \u00e9 comum, mas nem sempre inofensiva. Conhe\u00e7a as causas e quando buscar ajuda m\u00e9dica.\" \/>\n<meta property=\"og:url\" content=\"https:\/\/www.correiobraziliense.com.br\/cbradar\/por-que-da-tontura-ao-levantar-da-cama\/\" \/>\n<meta property=\"og:site_name\" content=\"Correio Braziliense - Radar\" \/>\n<meta property=\"article:published_time\" content=\"2025-12-17T23:25:00+00:00\" \/>\n<meta property=\"og:image\" content=\"https:\/\/www.correiobraziliense.com.br\/cbradar\/wp-content\/uploads\/2025\/07\/tontura_1752423404265.jpg\" \/>\n\t<meta property=\"og:image:width\" content=\"1280\" \/>\n\t<meta property=\"og:image:height\" content=\"720\" \/>\n\t<meta property=\"og:image:type\" content=\"image\/jpeg\" \/>\n<meta name=\"author\" content=\"guilherme_saude\" \/>\n<meta name=\"twitter:card\" content=\"summary_large_image\" \/>\n<meta name=\"twitter:label1\" content=\"Escrito por\" \/>\n\t<meta name=\"twitter:data1\" content=\"guilherme_saude\" \/>\n\t<meta name=\"twitter:label2\" content=\"Est. tempo de leitura\" \/>\n\t<meta name=\"twitter:data2\" content=\"4 minutos\" \/>\n<!-- \/ Yoast SEO plugin. -->","yoast_head_json":{"title":"Por que d\u00e1 tontura ao levantar da cama? - Correio Braziliense - Radar","description":"Tontura matinal \u00e9 comum, mas nem sempre inofensiva. Conhe\u00e7a as causas e quando buscar ajuda m\u00e9dica.","robots":{"index":"index","follow":"follow","max-snippet":"max-snippet:-1","max-image-preview":"max-image-preview:large","max-video-preview":"max-video-preview:-1"},"canonical":"https:\/\/www.correiobraziliense.com.br\/cbradar\/por-que-da-tontura-ao-levantar-da-cama\/","og_locale":"pt_BR","og_type":"article","og_title":"Por que d\u00e1 tontura ao levantar da cama? - Correio Braziliense - Radar","og_description":"Tontura matinal \u00e9 comum, mas nem sempre inofensiva. Conhe\u00e7a as causas e quando buscar ajuda m\u00e9dica.","og_url":"https:\/\/www.correiobraziliense.com.br\/cbradar\/por-que-da-tontura-ao-levantar-da-cama\/","og_site_name":"Correio Braziliense - Radar","article_published_time":"2025-12-17T23:25:00+00:00","og_image":[{"width":1280,"height":720,"url":"https:\/\/www.correiobraziliense.com.br\/cbradar\/wp-content\/uploads\/2025\/07\/tontura_1752423404265.jpg","type":"image\/jpeg"}],"author":"guilherme_saude","twitter_card":"summary_large_image","twitter_misc":{"Escrito por":"guilherme_saude","Est. tempo de leitura":"4 minutos"},"schema":{"@context":"https:\/\/schema.org","@graph":[{"@type":"WebPage","@id":"https:\/\/www.correiobraziliense.com.br\/cbradar\/por-que-da-tontura-ao-levantar-da-cama\/","url":"https:\/\/www.correiobraziliense.com.br\/cbradar\/por-que-da-tontura-ao-levantar-da-cama\/","name":"Por que d\u00e1 tontura ao levantar da cama? - Correio Braziliense - Radar","isPartOf":{"@id":"https:\/\/www.correiobraziliense.com.br\/cbradar\/#website"},"primaryImageOfPage":{"@id":"https:\/\/www.correiobraziliense.com.br\/cbradar\/por-que-da-tontura-ao-levantar-da-cama\/#primaryimage"},"image":{"@id":"https:\/\/www.correiobraziliense.com.br\/cbradar\/por-que-da-tontura-ao-levantar-da-cama\/#primaryimage"},"thumbnailUrl":"https:\/\/www.correiobraziliense.com.br\/cbradar\/wp-content\/uploads\/2025\/07\/tontura_1752423404265.jpg","datePublished":"2025-12-17T23:25:00+00:00","author":{"@id":"https:\/\/www.correiobraziliense.com.br\/cbradar\/#\/schema\/person\/5aa4bf3c8fa699c267933611de12978b"},"description":"Tontura matinal \u00e9 comum, mas nem sempre inofensiva. Conhe\u00e7a as causas e quando buscar ajuda m\u00e9dica.","breadcrumb":{"@id":"https:\/\/www.correiobraziliense.com.br\/cbradar\/por-que-da-tontura-ao-levantar-da-cama\/#breadcrumb"},"inLanguage":"pt-BR","potentialAction":[{"@type":"ReadAction","target":["https:\/\/www.correiobraziliense.com.br\/cbradar\/por-que-da-tontura-ao-levantar-da-cama\/"]}]},{"@type":"ImageObject","inLanguage":"pt-BR","@id":"https:\/\/www.correiobraziliense.com.br\/cbradar\/por-que-da-tontura-ao-levantar-da-cama\/#primaryimage","url":"https:\/\/www.correiobraziliense.com.br\/cbradar\/wp-content\/uploads\/2025\/07\/tontura_1752423404265.jpg","contentUrl":"https:\/\/www.correiobraziliense.com.br\/cbradar\/wp-content\/uploads\/2025\/07\/tontura_1752423404265.jpg","width":1280,"height":720,"caption":"Tontura - Cr\u00e9ditos: depositphotos.com \/ AndrewLozovyi"},{"@type":"BreadcrumbList","@id":"https:\/\/www.correiobraziliense.com.br\/cbradar\/por-que-da-tontura-ao-levantar-da-cama\/#breadcrumb","itemListElement":[{"@type":"ListItem","position":1,"name":"In\u00edcio","item":"https:\/\/www.correiobraziliense.com.br\/cbradar\/"},{"@type":"ListItem","position":2,"name":"Por que d\u00e1 tontura ao levantar da cama?"}]},{"@type":"WebSite","@id":"https:\/\/www.correiobraziliense.com.br\/cbradar\/#website","url":"https:\/\/www.correiobraziliense.com.br\/cbradar\/","name":"Correio Braziliense - Radar","description":"Acompanhe as \u00faltimas not\u00edcias e fique bem informado sobre tudo o que acontece no Brasil e no mundo.","potentialAction":[{"@type":"SearchAction","target":{"@type":"EntryPoint","urlTemplate":"https:\/\/www.correiobraziliense.com.br\/cbradar\/?s={search_term_string}"},"query-input":{"@type":"PropertyValueSpecification","valueRequired":true,"valueName":"search_term_string"}}],"inLanguage":"pt-BR"},{"@type":"Person","@id":"https:\/\/www.correiobraziliense.com.br\/cbradar\/#\/schema\/person\/5aa4bf3c8fa699c267933611de12978b","name":"guilherme_saude","image":{"@type":"ImageObject","inLanguage":"pt-BR","@id":"https:\/\/www.correiobraziliense.com.br\/cbradar\/#\/schema\/person\/image\/","url":"https:\/\/secure.gravatar.com\/avatar\/df9adfb835d344bc0af109d41756253f?s=96&d=mm&r=g","contentUrl":"https:\/\/secure.gravatar.com\/avatar\/df9adfb835d344bc0af109d41756253f?s=96&d=mm&r=g","caption":"guilherme_saude"},"url":"https:\/\/www.correiobraziliense.com.br\/cbradar\/author\/guilherme_saude\/"}]}},"_links":{"self":[{"href":"https:\/\/www.correiobraziliense.com.br\/cbradar\/wp-json\/wp\/v2\/posts\/157396","targetHints":{"allow":["GET"]}}],"collection":[{"href":"https:\/\/www.correiobraziliense.com.br\/cbradar\/wp-json\/wp\/v2\/posts"}],"about":[{"href":"https:\/\/www.correiobraziliense.com.br\/cbradar\/wp-json\/wp\/v2\/types\/post"}],"author":[{"embeddable":true,"href":"https:\/\/www.correiobraziliense.com.br\/cbradar\/wp-json\/wp\/v2\/users\/14"}],"replies":[{"embeddable":true,"href":"https:\/\/www.correiobraziliense.com.br\/cbradar\/wp-json\/wp\/v2\/comments?post=157396"}],"version-history":[{"count":1,"href":"https:\/\/www.correiobraziliense.com.br\/cbradar\/wp-json\/wp\/v2\/posts\/157396\/revisions"}],"predecessor-version":[{"id":157465,"href":"https:\/\/www.correiobraziliense.com.br\/cbradar\/wp-json\/wp\/v2\/posts\/157396\/revisions\/157465"}],"wp:featuredmedia":[{"embeddable":true,"href":"https:\/\/www.correiobraziliense.com.br\/cbradar\/wp-json\/wp\/v2\/media\/69415"}],"wp:attachment":[{"href":"https:\/\/www.correiobraziliense.com.br\/cbradar\/wp-json\/wp\/v2\/media?parent=157396"}],"wp:term":[{"taxonomy":"category","embeddable":true,"href":"https:\/\/www.correiobraziliense.com.br\/cbradar\/wp-json\/wp\/v2\/categories?post=157396"},{"taxonomy":"post_tag","embeddable":true,"href":"https:\/\/www.correiobraziliense.com.br\/cbradar\/wp-json\/wp\/v2\/tags?post=157396"}],"curies":[{"name":"wp","href":"https:\/\/api.w.org\/{rel}","templated":true}]}}