{"id":15745,"date":"2025-03-26T17:50:00","date_gmt":"2025-03-26T20:50:00","guid":{"rendered":"https:\/\/www.correiobraziliense.com.br\/cbradar\/?p=15745"},"modified":"2025-06-02T17:56:20","modified_gmt":"2025-06-02T20:56:20","slug":"essa-e-a-cidade-mais-alta-do-mundo","status":"publish","type":"post","link":"https:\/\/www.correiobraziliense.com.br\/cbradar\/essa-e-a-cidade-mais-alta-do-mundo\/","title":{"rendered":"Essa \u00e9 a cidade mais alta do mundo"},"content":{"rendered":"\n<p><strong>La Rinconada<\/strong>, uma cidade localizada no <strong>Peru<\/strong>, \u00e9 conhecida por ser o assentamento humano permanente mais alto do mundo, situada a impressionantes 5.100 metros acima do n\u00edvel do mar. Esta localiza\u00e7\u00e3o geogr\u00e1fica coloca seus habitantes em uma posi\u00e7\u00e3o \u00fanica, desafiando as capacidades humanas de adapta\u00e7\u00e3o e sobreviv\u00eancia. Viver em <strong>La Rinconada<\/strong> \u00e9 um verdadeiro teste para os limites da resist\u00eancia humana.<\/p>\n\n\n\n<p>A altitude extrema reduz significativamente a quantidade de oxig\u00eanio dispon\u00edvel, resultando em condi\u00e7\u00f5es de vida desafiadoras. A press\u00e3o atmosf\u00e9rica baixa provoca o &#8216;mal da montanha cr\u00f4nico&#8217;, caracterizado por dores de cabe\u00e7a, n\u00e1useas e dificuldades respirat\u00f3rias. A adapta\u00e7\u00e3o a essas condi\u00e7\u00f5es pode levar semanas, mas muitos moradores nunca se acostumam completamente.<\/p>\n\n\n\n<h2 class=\"wp-block-heading\"><strong>Por que as pessoas escolhem viver em La Rinconada?<\/strong><\/h2>\n\n\n\n<p>A principal raz\u00e3o pela qual milhares de pessoas vivem em <strong>La Rinconada<\/strong> \u00e9 a minera\u00e7\u00e3o de ouro, que domina a economia local. A cidade come\u00e7ou como um acampamento tempor\u00e1rio de garimpeiros, mas transformou-se em um assentamento permanente, atraindo tanto nativos quanto migrantes em busca de riqueza. No entanto, a minera\u00e7\u00e3o \u00e9 realizada de forma informal e prec\u00e1ria, com m\u00e9todos de extra\u00e7\u00e3o rudimentares que colocam em risco a vida dos trabalhadores.<\/p>\n\n\n\n<p>Os mineiros geralmente trabalham 30 dias seguidos sem receber pagamento, e no 31\u00ba dia, podem ficar com o ouro extra\u00eddo durante esse per\u00edodo. Esse sistema, conhecido como \u201ccachorreo\u201d, significa que a renda dos trabalhadores depende inteiramente da sorte. Mesmo com os riscos envolvidos, o ouro continua a ser um \u00edm\u00e3 que atrai pessoas de v\u00e1rias partes do Peru e de pa\u00edses vizinhos.<\/p>\n\n\n\n<figure class=\"wp-block-image size-large\"><img decoding=\"async\" width=\"1024\" height=\"576\" src=\"https:\/\/www.correiobraziliense.com.br\/cbradar\/wp-content\/uploads\/2025\/03\/montanhas-Peru_1742920162721-1024x576.jpg\" alt=\"Essa \u00e9 a cidade mais alta do mundo\" class=\"wp-image-15755\" srcset=\"https:\/\/www.correiobraziliense.com.br\/cbradar\/wp-content\/uploads\/2025\/03\/montanhas-Peru_1742920162721-1024x576.jpg 1024w, https:\/\/www.correiobraziliense.com.br\/cbradar\/wp-content\/uploads\/2025\/03\/montanhas-Peru_1742920162721-300x169.jpg 300w, https:\/\/www.correiobraziliense.com.br\/cbradar\/wp-content\/uploads\/2025\/03\/montanhas-Peru_1742920162721-768x432.jpg 768w, https:\/\/www.correiobraziliense.com.br\/cbradar\/wp-content\/uploads\/2025\/03\/montanhas-Peru_1742920162721-750x422.jpg 750w, https:\/\/www.correiobraziliense.com.br\/cbradar\/wp-content\/uploads\/2025\/03\/montanhas-Peru_1742920162721-1140x641.jpg 1140w, https:\/\/www.correiobraziliense.com.br\/cbradar\/wp-content\/uploads\/2025\/03\/montanhas-Peru_1742920162721.jpg 1280w\" sizes=\"(max-width: 1024px) 100vw, 1024px\" \/><figcaption class=\"wp-element-caption\">montanhas no Peru\nCr\u00e9ditos: depositphotos.com \/ lermannika<\/figcaption><\/figure>\n\n\n\n<h2 class=\"wp-block-heading\"><strong>Quais s\u00e3o as condi\u00e7\u00f5es de vida em La Rinconada?<\/strong><\/h2>\n\n\n\n<p>As condi\u00e7\u00f5es de vida em <strong>La Rinconada<\/strong> s\u00e3o extremamente dif\u00edceis. A cidade carece de infraestrutura b\u00e1sica, como \u00e1gua pot\u00e1vel, sistema de esgoto e coleta de lixo. A eletricidade, introduzida apenas na d\u00e9cada de 2000, ainda \u00e9 prec\u00e1ria e intermitente. N\u00e3o h\u00e1 servi\u00e7os de sa\u00fade adequados, e os moradores precisam se arranjar como podem para sobreviver, muitas vezes contando com rem\u00e9dios caseiros e tratamentos improvisados.<\/p>\n\n\n\n<p>A falta de saneamento b\u00e1sico contribui para a propaga\u00e7\u00e3o de doen\u00e7as, e a polui\u00e7\u00e3o, especialmente a gerada pelas atividades de minera\u00e7\u00e3o, agrava ainda mais a situa\u00e7\u00e3o. A seguran\u00e7a tamb\u00e9m \u00e9 uma grande preocupa\u00e7\u00e3o, com relatos de viol\u00eancia, especialmente em \u00e1reas mais afastadas da cidade, onde a lei e a ordem s\u00e3o praticamente inexistentes.<\/p>\n\n\n\n<h2 class=\"wp-block-heading\"><strong>O futuro de La Rinconada: desafios e perspectivas<\/strong><\/h2>\n\n\n\n<p>O futuro de <strong>La Rinconada<\/strong> \u00e9 incerto. Embora a cidade continue a atrair pessoas em busca de oportunidades, as condi\u00e7\u00f5es de vida dificilmente melhorar\u00e3o sem investimentos em infraestrutura e servi\u00e7os b\u00e1sicos. A minera\u00e7\u00e3o de ouro, que \u00e9 a principal fonte de sustento, tamb\u00e9m \u00e9 uma atividade insustent\u00e1vel a longo prazo, e os danos ambientais causados pelas pr\u00e1ticas informais podem ter consequ\u00eancias graves para a regi\u00e3o.<\/p>\n\n\n\n<p>Al\u00e9m disso, os problemas de sa\u00fade causados pela altitude extrema e a falta de cuidados m\u00e9dicos podem levar a uma expectativa de vida abaixo da m\u00e9dia, com a maioria dos habitantes sofrendo de doen\u00e7as respirat\u00f3rias e cardiovasculares devido \u00e0 hipoxia constante. A popula\u00e7\u00e3o de <strong>La Rinconada<\/strong> enfrenta um dilema: permanecer em um local cheio de promessas de riqueza, mas que exige um alto custo f\u00edsico e emocional, ou buscar um futuro mais seguro, mas sem a certeza de que encontrar\u00e3o as mesmas oportunidades econ\u00f4micas.<\/p>\n","protected":false},"excerpt":{"rendered":"<p>Viver em La Rinconada, o assentamento humano permanente mais alto do mundo, \u00e9 um desafio extremo.<\/p>\n","protected":false},"author":3,"featured_media":15752,"comment_status":"open","ping_status":"open","sticky":false,"template":"","format":"standard","meta":{"_yoast_wpseo_focuskw":"La Rinconada","_yoast_wpseo_title":"%%title%%","_yoast_wpseo_metadesc":"Viver em La Rinconada, o assentamento humano permanente mais alto do mundo, \u00e9 um desafio extremo.","jnews-multi-image_gallery":[],"jnews_single_post":{"format":"standard"},"jnews_primary_category":[],"jnews_social_meta":[],"jnews_override_counter":[],"footnotes":""},"categories":[108],"tags":[109],"class_list":["post-15745","post","type-post","status-publish","format-standard","has-post-thumbnail","hentry","category-cidades","tag-cidades"],"yoast_head":"<!-- This site is optimized with the Yoast SEO plugin v24.6 - https:\/\/yoast.com\/wordpress\/plugins\/seo\/ -->\n<title>Essa \u00e9 a cidade mais alta do mundo<\/title>\n<meta name=\"description\" content=\"Viver em La Rinconada, o assentamento humano permanente mais alto do mundo, \u00e9 um desafio extremo.\" \/>\n<meta name=\"robots\" content=\"index, follow, max-snippet:-1, max-image-preview:large, max-video-preview:-1\" \/>\n<link rel=\"canonical\" href=\"https:\/\/www.correiobraziliense.com.br\/cbradar\/essa-e-a-cidade-mais-alta-do-mundo\/\" \/>\n<meta property=\"og:locale\" content=\"pt_BR\" \/>\n<meta property=\"og:type\" content=\"article\" \/>\n<meta property=\"og:title\" content=\"Essa \u00e9 a cidade mais alta do mundo\" \/>\n<meta property=\"og:description\" content=\"Viver em La Rinconada, o assentamento humano permanente mais alto do mundo, \u00e9 um desafio extremo.\" \/>\n<meta property=\"og:url\" content=\"https:\/\/www.correiobraziliense.com.br\/cbradar\/essa-e-a-cidade-mais-alta-do-mundo\/\" \/>\n<meta property=\"og:site_name\" content=\"Correio Braziliense - Radar\" \/>\n<meta property=\"article:published_time\" content=\"2025-03-26T20:50:00+00:00\" \/>\n<meta property=\"article:modified_time\" content=\"2025-06-02T20:56:20+00:00\" \/>\n<meta property=\"og:image\" content=\"https:\/\/www.correiobraziliense.com.br\/cbradar\/wp-content\/uploads\/2025\/03\/Peru_1742919913022.jpg\" \/>\n\t<meta property=\"og:image:width\" content=\"1280\" \/>\n\t<meta property=\"og:image:height\" content=\"720\" \/>\n\t<meta property=\"og:image:type\" content=\"image\/jpeg\" \/>\n<meta name=\"author\" content=\"Larissa Carvalho\" \/>\n<meta name=\"twitter:card\" content=\"summary_large_image\" \/>\n<meta name=\"twitter:label1\" content=\"Escrito por\" \/>\n\t<meta name=\"twitter:data1\" content=\"Larissa Carvalho\" \/>\n\t<meta name=\"twitter:label2\" content=\"Est. tempo de leitura\" \/>\n\t<meta name=\"twitter:data2\" content=\"4 minutos\" \/>\n<!-- \/ Yoast SEO plugin. -->","yoast_head_json":{"title":"Essa \u00e9 a cidade mais alta do mundo","description":"Viver em La Rinconada, o assentamento humano permanente mais alto do mundo, \u00e9 um desafio extremo.","robots":{"index":"index","follow":"follow","max-snippet":"max-snippet:-1","max-image-preview":"max-image-preview:large","max-video-preview":"max-video-preview:-1"},"canonical":"https:\/\/www.correiobraziliense.com.br\/cbradar\/essa-e-a-cidade-mais-alta-do-mundo\/","og_locale":"pt_BR","og_type":"article","og_title":"Essa \u00e9 a cidade mais alta do mundo","og_description":"Viver em La Rinconada, o assentamento humano permanente mais alto do mundo, \u00e9 um desafio extremo.","og_url":"https:\/\/www.correiobraziliense.com.br\/cbradar\/essa-e-a-cidade-mais-alta-do-mundo\/","og_site_name":"Correio Braziliense - Radar","article_published_time":"2025-03-26T20:50:00+00:00","article_modified_time":"2025-06-02T20:56:20+00:00","og_image":[{"width":1280,"height":720,"url":"https:\/\/www.correiobraziliense.com.br\/cbradar\/wp-content\/uploads\/2025\/03\/Peru_1742919913022.jpg","type":"image\/jpeg"}],"author":"Larissa Carvalho","twitter_card":"summary_large_image","twitter_misc":{"Escrito por":"Larissa Carvalho","Est. tempo de leitura":"4 minutos"},"schema":{"@context":"https:\/\/schema.org","@graph":[{"@type":"WebPage","@id":"https:\/\/www.correiobraziliense.com.br\/cbradar\/essa-e-a-cidade-mais-alta-do-mundo\/","url":"https:\/\/www.correiobraziliense.com.br\/cbradar\/essa-e-a-cidade-mais-alta-do-mundo\/","name":"Essa \u00e9 a cidade mais alta do mundo","isPartOf":{"@id":"https:\/\/www.correiobraziliense.com.br\/cbradar\/#website"},"primaryImageOfPage":{"@id":"https:\/\/www.correiobraziliense.com.br\/cbradar\/essa-e-a-cidade-mais-alta-do-mundo\/#primaryimage"},"image":{"@id":"https:\/\/www.correiobraziliense.com.br\/cbradar\/essa-e-a-cidade-mais-alta-do-mundo\/#primaryimage"},"thumbnailUrl":"https:\/\/www.correiobraziliense.com.br\/cbradar\/wp-content\/uploads\/2025\/03\/Peru_1742919913022.jpg","datePublished":"2025-03-26T20:50:00+00:00","dateModified":"2025-06-02T20:56:20+00:00","author":{"@id":"https:\/\/www.correiobraziliense.com.br\/cbradar\/#\/schema\/person\/58422787644df994b53a19d3e56c1513"},"description":"Viver em La Rinconada, o assentamento humano permanente mais alto do mundo, \u00e9 um desafio extremo.","breadcrumb":{"@id":"https:\/\/www.correiobraziliense.com.br\/cbradar\/essa-e-a-cidade-mais-alta-do-mundo\/#breadcrumb"},"inLanguage":"pt-BR","potentialAction":[{"@type":"ReadAction","target":["https:\/\/www.correiobraziliense.com.br\/cbradar\/essa-e-a-cidade-mais-alta-do-mundo\/"]}]},{"@type":"ImageObject","inLanguage":"pt-BR","@id":"https:\/\/www.correiobraziliense.com.br\/cbradar\/essa-e-a-cidade-mais-alta-do-mundo\/#primaryimage","url":"https:\/\/www.correiobraziliense.com.br\/cbradar\/wp-content\/uploads\/2025\/03\/Peru_1742919913022.jpg","contentUrl":"https:\/\/www.correiobraziliense.com.br\/cbradar\/wp-content\/uploads\/2025\/03\/Peru_1742919913022.jpg","width":1280,"height":720,"caption":"Machu Picchu Cr\u00e9ditos: depositphotos.com \/ agal13"},{"@type":"BreadcrumbList","@id":"https:\/\/www.correiobraziliense.com.br\/cbradar\/essa-e-a-cidade-mais-alta-do-mundo\/#breadcrumb","itemListElement":[{"@type":"ListItem","position":1,"name":"In\u00edcio","item":"https:\/\/www.correiobraziliense.com.br\/cbradar\/"},{"@type":"ListItem","position":2,"name":"Essa \u00e9 a cidade mais alta do mundo"}]},{"@type":"WebSite","@id":"https:\/\/www.correiobraziliense.com.br\/cbradar\/#website","url":"https:\/\/www.correiobraziliense.com.br\/cbradar\/","name":"Correio Braziliense - Radar","description":"Acompanhe as \u00faltimas not\u00edcias e fique bem informado sobre tudo o que acontece no Brasil e no mundo.","potentialAction":[{"@type":"SearchAction","target":{"@type":"EntryPoint","urlTemplate":"https:\/\/www.correiobraziliense.com.br\/cbradar\/?s={search_term_string}"},"query-input":{"@type":"PropertyValueSpecification","valueRequired":true,"valueName":"search_term_string"}}],"inLanguage":"pt-BR"},{"@type":"Person","@id":"https:\/\/www.correiobraziliense.com.br\/cbradar\/#\/schema\/person\/58422787644df994b53a19d3e56c1513","name":"Larissa Carvalho","image":{"@type":"ImageObject","inLanguage":"pt-BR","@id":"https:\/\/www.correiobraziliense.com.br\/cbradar\/#\/schema\/person\/image\/","url":"https:\/\/secure.gravatar.com\/avatar\/fe4f91a0de32b52a838d0d612abdc1aa?s=96&d=mm&r=g","contentUrl":"https:\/\/secure.gravatar.com\/avatar\/fe4f91a0de32b52a838d0d612abdc1aa?s=96&d=mm&r=g","caption":"Larissa Carvalho"},"url":"https:\/\/www.correiobraziliense.com.br\/cbradar\/author\/larissamyth\/"}]}},"_links":{"self":[{"href":"https:\/\/www.correiobraziliense.com.br\/cbradar\/wp-json\/wp\/v2\/posts\/15745","targetHints":{"allow":["GET"]}}],"collection":[{"href":"https:\/\/www.correiobraziliense.com.br\/cbradar\/wp-json\/wp\/v2\/posts"}],"about":[{"href":"https:\/\/www.correiobraziliense.com.br\/cbradar\/wp-json\/wp\/v2\/types\/post"}],"author":[{"embeddable":true,"href":"https:\/\/www.correiobraziliense.com.br\/cbradar\/wp-json\/wp\/v2\/users\/3"}],"replies":[{"embeddable":true,"href":"https:\/\/www.correiobraziliense.com.br\/cbradar\/wp-json\/wp\/v2\/comments?post=15745"}],"version-history":[{"count":2,"href":"https:\/\/www.correiobraziliense.com.br\/cbradar\/wp-json\/wp\/v2\/posts\/15745\/revisions"}],"predecessor-version":[{"id":15790,"href":"https:\/\/www.correiobraziliense.com.br\/cbradar\/wp-json\/wp\/v2\/posts\/15745\/revisions\/15790"}],"wp:featuredmedia":[{"embeddable":true,"href":"https:\/\/www.correiobraziliense.com.br\/cbradar\/wp-json\/wp\/v2\/media\/15752"}],"wp:attachment":[{"href":"https:\/\/www.correiobraziliense.com.br\/cbradar\/wp-json\/wp\/v2\/media?parent=15745"}],"wp:term":[{"taxonomy":"category","embeddable":true,"href":"https:\/\/www.correiobraziliense.com.br\/cbradar\/wp-json\/wp\/v2\/categories?post=15745"},{"taxonomy":"post_tag","embeddable":true,"href":"https:\/\/www.correiobraziliense.com.br\/cbradar\/wp-json\/wp\/v2\/tags?post=15745"}],"curies":[{"name":"wp","href":"https:\/\/api.w.org\/{rel}","templated":true}]}}