{"id":15748,"date":"2025-03-26T06:10:38","date_gmt":"2025-03-26T09:10:38","guid":{"rendered":"https:\/\/www.correiobraziliense.com.br\/cbradar\/?p=15748"},"modified":"2025-03-26T01:56:14","modified_gmt":"2025-03-26T04:56:14","slug":"conheca-uma-solucao-natural-para-tratar-suas-dores-diarias","status":"publish","type":"post","link":"https:\/\/www.correiobraziliense.com.br\/cbradar\/conheca-uma-solucao-natural-para-tratar-suas-dores-diarias\/","title":{"rendered":"Conhe\u00e7a uma solu\u00e7\u00e3o natural para tratar suas dores di\u00e1rias"},"content":{"rendered":"\n<p>A <strong>herbologia<\/strong> moderna est\u00e1 transformando a forma como a <strong>fitoterapia <\/strong>\u00e9 praticada, integrando avan\u00e7os cient\u00edficos para validar o uso de plantas medicinais. Com o crescente interesse em tratamentos naturais, a pesquisa sobre compostos <strong>bioativos<\/strong> de ervas est\u00e1 em alta, buscando comprovar sua efic\u00e1cia e seguran\u00e7a. Este artigo explora como a ci\u00eancia moderna est\u00e1 redescobrindo os benef\u00edcios das ervas medicinais e suas aplica\u00e7\u00f5es na <strong>medicina integrativa<\/strong>.<\/p>\n\n\n\n<p>O interesse por tratamentos \u00e0 base de plantas n\u00e3o \u00e9 novo, mas a abordagem cient\u00edfica atual est\u00e1 trazendo uma nova perspectiva para a <strong>fitoterapia<\/strong>. Pesquisadores e profissionais da sa\u00fade est\u00e3o cada vez mais interessados em entender como os compostos bioativos das <a href=\"https:\/\/www.correiobraziliense.com.br\/cbradar\/cidades-com-mais-plantas-podem-resolver-um-grande-problema-urbano\/\" target=\"_blank\" rel=\"noopener\">plantas<\/a> podem ser utilizados de forma eficaz e segura. A combina\u00e7\u00e3o de conhecimento tradicional com t\u00e9cnicas modernas de pesquisa est\u00e1 abrindo caminho para uma medicina natural baseada em evid\u00eancias.<\/p>\n\n\n\n<h2 class=\"wp-block-heading\">O que \u00e9 herbologia moderna e como ela est\u00e1 revolucionando a fitoterapia?<\/h2>\n\n\n\n<p>A herbologia moderna pode ser definida como o estudo e a aplica\u00e7\u00e3o de plantas medicinais com base em evid\u00eancias cient\u00edficas. Diferente das pr\u00e1ticas tradicionais, que muitas vezes se baseiam em conhecimento emp\u00edrico, a <strong>herbologia<\/strong> moderna utiliza m\u00e9todos cient\u00edficos para validar os efeitos terap\u00eauticos das ervas. Isso inclui estudos cl\u00ednicos, an\u00e1lises qu\u00edmicas e biotecnologia para entender melhor como as plantas interagem com o corpo humano.<\/p>\n\n\n\n<p>Essa abordagem tem revolucionado a fitoterapia ao fornecer uma base cient\u00edfica s\u00f3lida para o uso de plantas medicinais. Com isso, \u00e9 poss\u00edvel integrar a fitoterapia a tratamentos convencionais, oferecendo uma abordagem mais <strong>hol\u00edstica <\/strong>e personalizada para a sa\u00fade. Al\u00e9m disso, a regulamenta\u00e7\u00e3o e padroniza\u00e7\u00e3o dos produtos fitoter\u00e1picos t\u00eam garantido maior seguran\u00e7a e efic\u00e1cia no uso dessas terapias.<\/p>\n\n\n\n<h2 class=\"wp-block-heading\">Os principais compostos bioativos das plantas medicinais e suas propriedades terap\u00eauticas<\/h2>\n\n\n\n<p>Os compostos bioativos s\u00e3o subst\u00e2ncias qu\u00edmicas presentes nas plantas que possuem efeitos ben\u00e9ficos \u00e0 sa\u00fade. Entre os mais estudados est\u00e3o os flavonoides, alcaloides, terpenos e <strong>polifen\u00f3is<\/strong>. Cada um desses compostos possui propriedades terap\u00eauticas espec\u00edficas, como<strong> anti-inflamat\u00f3rias, antioxidantes e antimicrobianas<\/strong>, que podem ser utilizadas no tratamento de diversas condi\u00e7\u00f5es de sa\u00fade.<\/p>\n\n\n\n<p>Por exemplo, o <strong>resveratrol<\/strong>, encontrado em uvas e vinho tinto, \u00e9 conhecido por suas propriedades antioxidantes e anti-inflamat\u00f3rias. J\u00e1 a <strong>curcumina<\/strong>, presente na <strong>c\u00farcuma<\/strong>, tem sido amplamente estudada por seus efeitos anti-inflamat\u00f3rios e potencial no tratamento de <strong>doen\u00e7as cr\u00f4nicas<\/strong>. A pesquisa cont\u00ednua sobre esses compostos est\u00e1 expandindo o entendimento sobre como as plantas podem ser utilizadas de forma eficaz na medicina.<\/p>\n\n\n<div class=\"wp-block-image\">\n<figure class=\"aligncenter size-large\"><img decoding=\"async\" width=\"1024\" height=\"576\" src=\"https:\/\/www.correiobraziliense.com.br\/cbradar\/wp-content\/uploads\/2025\/02\/rega-plantas_1740438744765-1024x576.jpg\" alt=\"Cuidados com a rega no inverno! O que fazer para evitar danos\" class=\"wp-image-6016\" srcset=\"https:\/\/www.correiobraziliense.com.br\/cbradar\/wp-content\/uploads\/2025\/02\/rega-plantas_1740438744765-1024x576.jpg 1024w, https:\/\/www.correiobraziliense.com.br\/cbradar\/wp-content\/uploads\/2025\/02\/rega-plantas_1740438744765-300x169.jpg 300w, https:\/\/www.correiobraziliense.com.br\/cbradar\/wp-content\/uploads\/2025\/02\/rega-plantas_1740438744765-768x432.jpg 768w, https:\/\/www.correiobraziliense.com.br\/cbradar\/wp-content\/uploads\/2025\/02\/rega-plantas_1740438744765-750x422.jpg 750w, https:\/\/www.correiobraziliense.com.br\/cbradar\/wp-content\/uploads\/2025\/02\/rega-plantas_1740438744765-1140x641.jpg 1140w, https:\/\/www.correiobraziliense.com.br\/cbradar\/wp-content\/uploads\/2025\/02\/rega-plantas_1740438744765.jpg 1280w\" sizes=\"(max-width: 1024px) 100vw, 1024px\" \/><figcaption class=\"wp-element-caption\">Rega de plantas &#8211; Cr\u00e9ditos: depositphotos.com \/ SashaKhalabuzar<\/figcaption><\/figure><\/div>\n\n\n<h2 class=\"wp-block-heading\">Como a biotecnologia est\u00e1 potencializando os efeitos das plantas medicinais?<\/h2>\n\n\n\n<p>A biotecnologia tem desempenhado um papel crucial na potencializa\u00e7\u00e3o dos efeitos das plantas medicinais. T\u00e9cnicas como a engenharia gen\u00e9tica e a biologia molecular est\u00e3o sendo utilizadas para aumentar a concentra\u00e7\u00e3o de compostos <strong>bioativos<\/strong> nas <strong>plantas<\/strong>, tornando-as mais eficazes no tratamento de doen\u00e7as. Al\u00e9m disso, a biotecnologia permite a produ\u00e7\u00e3o de extratos padronizados, garantindo a consist\u00eancia e a qualidade dos produtos fitoter\u00e1picos.<\/p>\n\n\n\n<p>Outra inova\u00e7\u00e3o \u00e9 o uso de nanotecnologia para melhorar a absor\u00e7\u00e3o e biodisponibilidade dos compostos bioativos. Isso significa que os princ\u00edpios ativos das plantas podem ser entregues de forma mais eficiente ao organismo, aumentando sua efic\u00e1cia terap\u00eautica. Essas inova\u00e7\u00f5es est\u00e3o tornando a fitoterapia uma op\u00e7\u00e3o cada vez mais vi\u00e1vel e atraente para profissionais de sa\u00fade e pacientes.<\/p>\n\n\n\n<h2 class=\"wp-block-heading\">Os desafios da regulamenta\u00e7\u00e3o e seguran\u00e7a no uso de ervas medicinais<\/h2>\n\n\n\n<p>Apesar dos avan\u00e7os, a regulamenta\u00e7\u00e3o e seguran\u00e7a no uso de ervas medicinais ainda representam desafios significativos. A falta de padroniza\u00e7\u00e3o e controle de qualidade em muitos produtos fitoter\u00e1picos pode levar a varia\u00e7\u00f5es na efic\u00e1cia e seguran\u00e7a. Al\u00e9m disso, a intera\u00e7\u00e3o entre ervas e medicamentos convencionais \u00e9 uma \u00e1rea que requer mais estudos para garantir que o uso combinado seja seguro.<\/p>\n\n\n\n<p>Para enfrentar esses desafios, \u00e9 essencial que haja uma regulamenta\u00e7\u00e3o rigorosa e baseada em evid\u00eancias para garantir a seguran\u00e7a dos consumidores. Isso inclui a realiza\u00e7\u00e3o de estudos cl\u00ednicos robustos e a implementa\u00e7\u00e3o de padr\u00f5es de qualidade para a produ\u00e7\u00e3o de produtos fitoter\u00e1picos. Com essas medidas, a fitoterapia pode continuar a crescer como uma pr\u00e1tica segura e eficaz na medicina moderna.<\/p>\n","protected":false},"excerpt":{"rendered":"<p>A herbologia moderna est\u00e1 transformando a forma como a fitoterapia \u00e9 praticada, integrando avan\u00e7os cient\u00edficos para validar o uso de plantas medicinais. Com o crescente interesse em tratamentos naturais, a pesquisa sobre compostos bioativos de ervas est\u00e1 em alta, buscando comprovar sua efic\u00e1cia e seguran\u00e7a. Este artigo explora como a ci\u00eancia moderna est\u00e1 redescobrindo os [&hellip;]<\/p>\n","protected":false},"author":9,"featured_media":15765,"comment_status":"open","ping_status":"open","sticky":false,"template":"","format":"standard","meta":{"_yoast_wpseo_focuskw":"fitoterapia","_yoast_wpseo_title":"%%title%% %%page%%","_yoast_wpseo_metadesc":"A herbologia moderna est\u00e1 levando a fitoterapia a um novo patamar, unindo ci\u00eancia e plantas medicinais para tratamentos mais eficazes.","jnews-multi-image_gallery":[],"jnews_single_post":{"format":"standard"},"jnews_primary_category":[],"jnews_social_meta":[],"jnews_override_counter":[],"footnotes":""},"categories":[136],"post_tag":[2395,2393,2392,2394],"class_list":["post-15748","post","type-post","status-publish","format-standard","has-post-thumbnail","hentry","category-jardinagem","tag-compostos-bioativos","tag-fitoterapia","tag-herbologia","tag-medicina-natural"],"yoast_head":"<!-- This site is optimized with the Yoast SEO plugin v24.6 - https:\/\/yoast.com\/wordpress\/plugins\/seo\/ -->\n<title>Conhe\u00e7a uma solu\u00e7\u00e3o natural para tratar suas dores di\u00e1rias<\/title>\n<meta name=\"description\" content=\"A herbologia moderna est\u00e1 levando a fitoterapia a um novo patamar, unindo ci\u00eancia e plantas medicinais para tratamentos mais eficazes.\" \/>\n<meta name=\"robots\" content=\"index, follow, max-snippet:-1, max-image-preview:large, max-video-preview:-1\" \/>\n<link rel=\"canonical\" href=\"https:\/\/www.correiobraziliense.com.br\/cbradar\/conheca-uma-solucao-natural-para-tratar-suas-dores-diarias\/\" \/>\n<meta property=\"og:locale\" content=\"pt_BR\" \/>\n<meta property=\"og:type\" content=\"article\" \/>\n<meta property=\"og:title\" content=\"Conhe\u00e7a uma solu\u00e7\u00e3o natural para tratar suas dores di\u00e1rias\" \/>\n<meta property=\"og:description\" content=\"A herbologia moderna est\u00e1 levando a fitoterapia a um novo patamar, unindo ci\u00eancia e plantas medicinais para tratamentos mais eficazes.\" \/>\n<meta property=\"og:url\" content=\"https:\/\/www.correiobraziliense.com.br\/cbradar\/conheca-uma-solucao-natural-para-tratar-suas-dores-diarias\/\" \/>\n<meta property=\"og:site_name\" content=\"Correio Braziliense - Radar\" \/>\n<meta property=\"article:published_time\" content=\"2025-03-26T09:10:38+00:00\" \/>\n<meta property=\"og:image\" content=\"https:\/\/www.correiobraziliense.com.br\/cbradar\/wp-content\/uploads\/2025\/03\/ervas_1742920998051.jpg\" \/>\n\t<meta property=\"og:image:width\" content=\"1280\" \/>\n\t<meta property=\"og:image:height\" content=\"720\" \/>\n\t<meta property=\"og:image:type\" content=\"image\/jpeg\" \/>\n<meta name=\"author\" content=\"Daniely Cardoso\" \/>\n<meta name=\"twitter:card\" content=\"summary_large_image\" \/>\n<meta name=\"twitter:label1\" content=\"Escrito por\" \/>\n\t<meta name=\"twitter:data1\" content=\"Daniely Cardoso\" \/>\n\t<meta name=\"twitter:label2\" content=\"Est. tempo de leitura\" \/>\n\t<meta name=\"twitter:data2\" content=\"5 minutos\" \/>\n<!-- \/ Yoast SEO plugin. -->","yoast_head_json":{"title":"Conhe\u00e7a uma solu\u00e7\u00e3o natural para tratar suas dores di\u00e1rias","description":"A herbologia moderna est\u00e1 levando a fitoterapia a um novo patamar, unindo ci\u00eancia e plantas medicinais para tratamentos mais eficazes.","robots":{"index":"index","follow":"follow","max-snippet":"max-snippet:-1","max-image-preview":"max-image-preview:large","max-video-preview":"max-video-preview:-1"},"canonical":"https:\/\/www.correiobraziliense.com.br\/cbradar\/conheca-uma-solucao-natural-para-tratar-suas-dores-diarias\/","og_locale":"pt_BR","og_type":"article","og_title":"Conhe\u00e7a uma solu\u00e7\u00e3o natural para tratar suas dores di\u00e1rias","og_description":"A herbologia moderna est\u00e1 levando a fitoterapia a um novo patamar, unindo ci\u00eancia e plantas medicinais para tratamentos mais eficazes.","og_url":"https:\/\/www.correiobraziliense.com.br\/cbradar\/conheca-uma-solucao-natural-para-tratar-suas-dores-diarias\/","og_site_name":"Correio Braziliense - Radar","article_published_time":"2025-03-26T09:10:38+00:00","og_image":[{"width":1280,"height":720,"url":"https:\/\/www.correiobraziliense.com.br\/cbradar\/wp-content\/uploads\/2025\/03\/ervas_1742920998051.jpg","type":"image\/jpeg"}],"author":"Daniely Cardoso","twitter_card":"summary_large_image","twitter_misc":{"Escrito por":"Daniely Cardoso","Est. tempo de leitura":"5 minutos"},"schema":{"@context":"https:\/\/schema.org","@graph":[{"@type":"WebPage","@id":"https:\/\/www.correiobraziliense.com.br\/cbradar\/conheca-uma-solucao-natural-para-tratar-suas-dores-diarias\/","url":"https:\/\/www.correiobraziliense.com.br\/cbradar\/conheca-uma-solucao-natural-para-tratar-suas-dores-diarias\/","name":"Conhe\u00e7a uma solu\u00e7\u00e3o natural para tratar suas dores di\u00e1rias","isPartOf":{"@id":"https:\/\/www.correiobraziliense.com.br\/cbradar\/#website"},"primaryImageOfPage":{"@id":"https:\/\/www.correiobraziliense.com.br\/cbradar\/conheca-uma-solucao-natural-para-tratar-suas-dores-diarias\/#primaryimage"},"image":{"@id":"https:\/\/www.correiobraziliense.com.br\/cbradar\/conheca-uma-solucao-natural-para-tratar-suas-dores-diarias\/#primaryimage"},"thumbnailUrl":"https:\/\/www.correiobraziliense.com.br\/cbradar\/wp-content\/uploads\/2025\/03\/ervas_1742920998051.jpg","datePublished":"2025-03-26T09:10:38+00:00","author":{"@id":"https:\/\/www.correiobraziliense.com.br\/cbradar\/#\/schema\/person\/7356666e12ec0ee53f348ee5db227032"},"description":"A herbologia moderna est\u00e1 levando a fitoterapia a um novo patamar, unindo ci\u00eancia e plantas medicinais para tratamentos mais eficazes.","breadcrumb":{"@id":"https:\/\/www.correiobraziliense.com.br\/cbradar\/conheca-uma-solucao-natural-para-tratar-suas-dores-diarias\/#breadcrumb"},"inLanguage":"pt-BR","potentialAction":[{"@type":"ReadAction","target":["https:\/\/www.correiobraziliense.com.br\/cbradar\/conheca-uma-solucao-natural-para-tratar-suas-dores-diarias\/"]}]},{"@type":"ImageObject","inLanguage":"pt-BR","@id":"https:\/\/www.correiobraziliense.com.br\/cbradar\/conheca-uma-solucao-natural-para-tratar-suas-dores-diarias\/#primaryimage","url":"https:\/\/www.correiobraziliense.com.br\/cbradar\/wp-content\/uploads\/2025\/03\/ervas_1742920998051.jpg","contentUrl":"https:\/\/www.correiobraziliense.com.br\/cbradar\/wp-content\/uploads\/2025\/03\/ervas_1742920998051.jpg","width":1280,"height":720,"caption":"Plantas medicinais - Cr\u00e9ditos: depositphotos.com \/ AntonMatyukha"},{"@type":"BreadcrumbList","@id":"https:\/\/www.correiobraziliense.com.br\/cbradar\/conheca-uma-solucao-natural-para-tratar-suas-dores-diarias\/#breadcrumb","itemListElement":[{"@type":"ListItem","position":1,"name":"In\u00edcio","item":"https:\/\/www.correiobraziliense.com.br\/cbradar\/"},{"@type":"ListItem","position":2,"name":"Conhe\u00e7a uma solu\u00e7\u00e3o natural para tratar suas dores di\u00e1rias"}]},{"@type":"WebSite","@id":"https:\/\/www.correiobraziliense.com.br\/cbradar\/#website","url":"https:\/\/www.correiobraziliense.com.br\/cbradar\/","name":"Correio Braziliense - Radar","description":"Acompanhe as \u00faltimas not\u00edcias e fique bem informado sobre tudo o que acontece no Brasil e no mundo.","potentialAction":[{"@type":"SearchAction","target":{"@type":"EntryPoint","urlTemplate":"https:\/\/www.correiobraziliense.com.br\/cbradar\/?s={search_term_string}"},"query-input":{"@type":"PropertyValueSpecification","valueRequired":true,"valueName":"search_term_string"}}],"inLanguage":"pt-BR"},{"@type":"Person","@id":"https:\/\/www.correiobraziliense.com.br\/cbradar\/#\/schema\/person\/7356666e12ec0ee53f348ee5db227032","name":"Daniely Cardoso","image":{"@type":"ImageObject","inLanguage":"pt-BR","@id":"https:\/\/www.correiobraziliense.com.br\/cbradar\/#\/schema\/person\/image\/","url":"https:\/\/secure.gravatar.com\/avatar\/4b80ddbd124d1f071b626d52d62e5dff?s=96&d=mm&r=g","contentUrl":"https:\/\/secure.gravatar.com\/avatar\/4b80ddbd124d1f071b626d52d62e5dff?s=96&d=mm&r=g","caption":"Daniely Cardoso"},"description":"Redatora nos portais CB Radar e EM Foco, formada pela Universidade Federal de Goi\u00e1s, em Goi\u00e2nia. Apaixonada por comunica\u00e7\u00e3o, arte, decora\u00e7\u00e3o e tend\u00eancias, atuo na produ\u00e7\u00e3o de conte\u00fados envolventes sobre curiosidades, moda, beleza e paisagismo, sempre com um olhar atento \u00e0s novidades do momento.","sameAs":["https:\/\/www.correiobraziliense.com.br\/cbradar"],"url":"https:\/\/www.correiobraziliense.com.br\/cbradar\/author\/danielymyth\/"}]}},"_links":{"self":[{"href":"https:\/\/www.correiobraziliense.com.br\/cbradar\/wp-json\/wp\/v2\/posts\/15748","targetHints":{"allow":["GET"]}}],"collection":[{"href":"https:\/\/www.correiobraziliense.com.br\/cbradar\/wp-json\/wp\/v2\/posts"}],"about":[{"href":"https:\/\/www.correiobraziliense.com.br\/cbradar\/wp-json\/wp\/v2\/types\/post"}],"author":[{"embeddable":true,"href":"https:\/\/www.correiobraziliense.com.br\/cbradar\/wp-json\/wp\/v2\/users\/9"}],"replies":[{"embeddable":true,"href":"https:\/\/www.correiobraziliense.com.br\/cbradar\/wp-json\/wp\/v2\/comments?post=15748"}],"version-history":[{"count":5,"href":"https:\/\/www.correiobraziliense.com.br\/cbradar\/wp-json\/wp\/v2\/posts\/15748\/revisions"}],"predecessor-version":[{"id":15863,"href":"https:\/\/www.correiobraziliense.com.br\/cbradar\/wp-json\/wp\/v2\/posts\/15748\/revisions\/15863"}],"wp:featuredmedia":[{"embeddable":true,"href":"https:\/\/www.correiobraziliense.com.br\/cbradar\/wp-json\/wp\/v2\/media\/15765"}],"wp:attachment":[{"href":"https:\/\/www.correiobraziliense.com.br\/cbradar\/wp-json\/wp\/v2\/media?parent=15748"}],"wp:term":[{"taxonomy":"category","embeddable":true,"href":"https:\/\/www.correiobraziliense.com.br\/cbradar\/wp-json\/wp\/v2\/categories?post=15748"},{"taxonomy":"post_tag","embeddable":true,"href":"https:\/\/www.correiobraziliense.com.br\/cbradar\/wp-json\/wp\/v2\/post_tag?post=15748"}],"curies":[{"name":"wp","href":"https:\/\/api.w.org\/{rel}","templated":true}]}}