{"id":15758,"date":"2025-03-26T21:50:00","date_gmt":"2025-03-27T00:50:00","guid":{"rendered":"https:\/\/www.correiobraziliense.com.br\/cbradar\/?p=15758"},"modified":"2025-03-25T14:27:21","modified_gmt":"2025-03-25T17:27:21","slug":"descobertas-subterraneas-apontam-uma-cidade-soterrada-entenda","status":"publish","type":"post","link":"https:\/\/www.correiobraziliense.com.br\/cbradar\/descobertas-subterraneas-apontam-uma-cidade-soterrada-entenda\/","title":{"rendered":"Descobertas subterr\u00e2neas apontam uma cidade soterrada, entenda"},"content":{"rendered":"\n<p>Recentemente, uma equipe de pesquisadores da <strong>It\u00e1lia <\/strong>e da <strong>Esc\u00f3cia <\/strong>alegou ter identificado uma vasta rede de estruturas subterr\u00e2neas sob o planalto de <strong>Giz\u00e9<\/strong>, onde se encontram as tr\u00eas maiores pir\u00e2mides do <strong>Egito<\/strong>. Utilizando uma t\u00e9cnica de radar de alta frequ\u00eancia, semelhante \u00e0s usadas para mapear o fundo do mar, os cientistas afirmam ter mapeado forma\u00e7\u00f5es a quase dois mil metros de profundidade.<\/p>\n\n\n\n<p>As imagens obtidas teriam revelado oito pilares enterrados sob a <strong>Pir\u00e2mide <\/strong>de <strong>Qu\u00e9fren<\/strong>, al\u00e9m de po\u00e7os cil\u00edndricos e c\u00e2maras c\u00fabicas. Segundo os pesquisadores, o conjunto seria cerca de dez vezes maior do que as pr\u00f3prias pir\u00e2mides, com m\u00faltiplos n\u00edveis e t\u00faneis interligados. A descoberta foi inicialmente apresentada em um artigo publicado em 2022 e voltou a ganhar destaque ap\u00f3s uma apresenta\u00e7\u00e3o recente na <strong>It\u00e1lia<\/strong>.<\/p>\n\n\n\n<h2 class=\"wp-block-heading\"><strong>Quais s\u00e3o as implica\u00e7\u00f5es das descobertas?<\/strong><\/h2>\n\n\n\n<p>Os autores do estudo sugerem que as estruturas poderiam estar relacionadas \u00e0s m\u00edticas \u201c<strong>Salas de Amenti<\/strong>\u201d, descritas na tradi\u00e7\u00e3o eg\u00edpcia como um reino lend\u00e1rio abaixo da terra. Al\u00e9m disso, eles prop\u00f5em que haveria pontos de acesso subterr\u00e2neo sob as tr\u00eas pir\u00e2mides, indicando uma conex\u00e3o f\u00edsica entre elas por meio de t\u00faneis e c\u00e2maras.<\/p>\n\n\n\n<p>Se comprovadas, essas descobertas poderiam redefinir o entendimento sobre a fun\u00e7\u00e3o e a constru\u00e7\u00e3o das pir\u00e2mides. A hip\u00f3tese de que as pir\u00e2mides poderiam ter sido constru\u00eddas como c\u00e2maras de resson\u00e2ncia gigantes, com a fun\u00e7\u00e3o de serem preenchidas com \u00e1gua para gerar vibra\u00e7\u00f5es de baixa frequ\u00eancia, tamb\u00e9m foi levantada pelos pesquisadores.<\/p>\n\n\n\n<figure class=\"wp-block-image size-large\"><img decoding=\"async\" width=\"1024\" height=\"576\" src=\"https:\/\/www.correiobraziliense.com.br\/cbradar\/wp-content\/uploads\/2025\/03\/piramides-do-egito_1742920620979-1024x576.jpg\" alt=\"Descobertas subterr\u00e2neas em Giz\u00e9: mito ou revela\u00e7\u00e3o arqueol\u00f3gica?\" class=\"wp-image-15761\" srcset=\"https:\/\/www.correiobraziliense.com.br\/cbradar\/wp-content\/uploads\/2025\/03\/piramides-do-egito_1742920620979-1024x576.jpg 1024w, https:\/\/www.correiobraziliense.com.br\/cbradar\/wp-content\/uploads\/2025\/03\/piramides-do-egito_1742920620979-300x169.jpg 300w, https:\/\/www.correiobraziliense.com.br\/cbradar\/wp-content\/uploads\/2025\/03\/piramides-do-egito_1742920620979-768x432.jpg 768w, https:\/\/www.correiobraziliense.com.br\/cbradar\/wp-content\/uploads\/2025\/03\/piramides-do-egito_1742920620979-750x422.jpg 750w, https:\/\/www.correiobraziliense.com.br\/cbradar\/wp-content\/uploads\/2025\/03\/piramides-do-egito_1742920620979-1140x641.jpg 1140w, https:\/\/www.correiobraziliense.com.br\/cbradar\/wp-content\/uploads\/2025\/03\/piramides-do-egito_1742920620979.jpg 1280w\" sizes=\"(max-width: 1024px) 100vw, 1024px\" \/><figcaption class=\"wp-element-caption\">As pir\u00e2mides do Egito\nCr\u00e9ditos: depositphotos.com \/ kasto<\/figcaption><\/figure>\n\n\n\n<h2 class=\"wp-block-heading\"><strong>Por que a descoberta gera controv\u00e9rsia?<\/strong><\/h2>\n\n\n\n<p>Apesar do interesse gerado, a comunidade cient\u00edfica tem recebido a hip\u00f3tese com ceticismo. Cr\u00edticos, como o egipt\u00f3logo <strong>Zahi Hawass<\/strong>, afirmam que as t\u00e9cnicas empregadas pelos autores do estudo n\u00e3o s\u00e3o cientificamente reconhecidas. Ele destaca que a alega\u00e7\u00e3o de uso de radar no interior da pir\u00e2mide \u00e9 falsa e que as declara\u00e7\u00f5es feitas carecem de base cient\u00edfica.<\/p>\n\n\n\n<p>Outro especialista, <strong>Lawrence Conyers<\/strong>, aponta que os equipamentos atuais n\u00e3o t\u00eam capacidade para produzir imagens confi\u00e1veis a profundidades t\u00e3o extremas como as alegadas. No entanto, ele reconhece que c\u00e2maras menores poderiam, em tese, existir sob a \u00e1rea, dada a import\u00e2ncia simb\u00f3lica do local para as antigas civiliza\u00e7\u00f5es.<\/p>\n\n\n\n<h2 class=\"wp-block-heading\"><strong>Qual \u00e9 o status cient\u00edfico da pesquisa?<\/strong><\/h2>\n\n\n\n<p>O estudo que embasa a descoberta n\u00e3o foi revisado por pares, um processo essencial para a valida\u00e7\u00e3o cient\u00edfica. Al\u00e9m disso, a interpreta\u00e7\u00e3o proposta pelos autores se afasta de explica\u00e7\u00f5es convencionais e n\u00e3o encontra respaldo em pesquisas arqueol\u00f3gicas consolidadas.<\/p>\n\n\n\n<p>A aus\u00eancia de escava\u00e7\u00f5es, a falta de valida\u00e7\u00e3o externa e a apresenta\u00e7\u00e3o dos dados fora de publica\u00e7\u00f5es especializadas contribu\u00edram para o ceticismo. Apesar disso, o estudo despertou interesse internacional e reacendeu discuss\u00f5es antigas sobre a possibilidade de estruturas ocultas sob o planalto de <strong>Giz\u00e9<\/strong>.<\/p>\n\n\n\n<p>Para a ci\u00eancia, a exist\u00eancia de uma cidade subterr\u00e2nea abaixo das pir\u00e2mides do <strong>Egito <\/strong>permanece, por ora, apenas como uma especula\u00e7\u00e3o n\u00e3o comprovada. A investiga\u00e7\u00e3o continua, e somente escava\u00e7\u00f5es controladas poder\u00e3o confirmar ou refutar essas alega\u00e7\u00f5es intrigantes.<\/p>\n","protected":false},"excerpt":{"rendered":"<p>Um grupo de pesquisadores afirma ter descoberto uma rede de estruturas subterr\u00e2neas sob o planalto de Giz\u00e9, mas a comunidade cient\u00edfica recebe a hip\u00f3tese com ceticismo.<\/p>\n","protected":false},"author":3,"featured_media":15760,"comment_status":"open","ping_status":"open","sticky":false,"template":"","format":"standard","meta":{"_yoast_wpseo_focuskw":"cidade subterr\u00e2nea","_yoast_wpseo_title":"%%title%%","_yoast_wpseo_metadesc":"Um grupo de pesquisadores afirma ter descoberto uma rede de estruturas subterr\u00e2neas sob o planalto de Giz\u00e9, mas a comunidade cient\u00edfica recebe a hip\u00f3tese com ceticismo.","jnews-multi-image_gallery":[],"jnews_single_post":{"format":"standard"},"jnews_primary_category":[],"jnews_social_meta":[],"jnews_override_counter":[],"footnotes":""},"categories":[108],"tags":[109],"class_list":["post-15758","post","type-post","status-publish","format-standard","has-post-thumbnail","hentry","category-cidades","tag-cidades"],"yoast_head":"<!-- This site is optimized with the Yoast SEO plugin v24.6 - https:\/\/yoast.com\/wordpress\/plugins\/seo\/ -->\n<title>Descobertas subterr\u00e2neas apontam uma cidade soterrada, entenda<\/title>\n<meta name=\"description\" content=\"Um grupo de pesquisadores afirma ter descoberto uma rede de estruturas subterr\u00e2neas sob o planalto de Giz\u00e9, mas a comunidade cient\u00edfica recebe a hip\u00f3tese com ceticismo.\" \/>\n<meta name=\"robots\" content=\"index, follow, max-snippet:-1, max-image-preview:large, max-video-preview:-1\" \/>\n<link rel=\"canonical\" href=\"https:\/\/www.correiobraziliense.com.br\/cbradar\/descobertas-subterraneas-apontam-uma-cidade-soterrada-entenda\/\" \/>\n<meta property=\"og:locale\" content=\"pt_BR\" \/>\n<meta property=\"og:type\" content=\"article\" \/>\n<meta property=\"og:title\" content=\"Descobertas subterr\u00e2neas apontam uma cidade soterrada, entenda\" \/>\n<meta property=\"og:description\" content=\"Um grupo de pesquisadores afirma ter descoberto uma rede de estruturas subterr\u00e2neas sob o planalto de Giz\u00e9, mas a comunidade cient\u00edfica recebe a hip\u00f3tese com ceticismo.\" \/>\n<meta property=\"og:url\" content=\"https:\/\/www.correiobraziliense.com.br\/cbradar\/descobertas-subterraneas-apontam-uma-cidade-soterrada-entenda\/\" \/>\n<meta property=\"og:site_name\" content=\"Correio Braziliense - Radar\" \/>\n<meta property=\"article:published_time\" content=\"2025-03-27T00:50:00+00:00\" \/>\n<meta property=\"og:image\" content=\"https:\/\/www.correiobraziliense.com.br\/cbradar\/wp-content\/uploads\/2025\/03\/cidade-no-egito_1742920539121.jpg\" \/>\n\t<meta property=\"og:image:width\" content=\"1280\" \/>\n\t<meta property=\"og:image:height\" content=\"720\" \/>\n\t<meta property=\"og:image:type\" content=\"image\/jpeg\" \/>\n<meta name=\"author\" content=\"Larissa Carvalho\" \/>\n<meta name=\"twitter:card\" content=\"summary_large_image\" \/>\n<meta name=\"twitter:label1\" content=\"Escrito por\" \/>\n\t<meta name=\"twitter:data1\" content=\"Larissa Carvalho\" \/>\n\t<meta name=\"twitter:label2\" content=\"Est. tempo de leitura\" \/>\n\t<meta name=\"twitter:data2\" content=\"4 minutos\" \/>\n<!-- \/ Yoast SEO plugin. -->","yoast_head_json":{"title":"Descobertas subterr\u00e2neas apontam uma cidade soterrada, entenda","description":"Um grupo de pesquisadores afirma ter descoberto uma rede de estruturas subterr\u00e2neas sob o planalto de Giz\u00e9, mas a comunidade cient\u00edfica recebe a hip\u00f3tese com ceticismo.","robots":{"index":"index","follow":"follow","max-snippet":"max-snippet:-1","max-image-preview":"max-image-preview:large","max-video-preview":"max-video-preview:-1"},"canonical":"https:\/\/www.correiobraziliense.com.br\/cbradar\/descobertas-subterraneas-apontam-uma-cidade-soterrada-entenda\/","og_locale":"pt_BR","og_type":"article","og_title":"Descobertas subterr\u00e2neas apontam uma cidade soterrada, entenda","og_description":"Um grupo de pesquisadores afirma ter descoberto uma rede de estruturas subterr\u00e2neas sob o planalto de Giz\u00e9, mas a comunidade cient\u00edfica recebe a hip\u00f3tese com ceticismo.","og_url":"https:\/\/www.correiobraziliense.com.br\/cbradar\/descobertas-subterraneas-apontam-uma-cidade-soterrada-entenda\/","og_site_name":"Correio Braziliense - Radar","article_published_time":"2025-03-27T00:50:00+00:00","og_image":[{"width":1280,"height":720,"url":"https:\/\/www.correiobraziliense.com.br\/cbradar\/wp-content\/uploads\/2025\/03\/cidade-no-egito_1742920539121.jpg","type":"image\/jpeg"}],"author":"Larissa Carvalho","twitter_card":"summary_large_image","twitter_misc":{"Escrito por":"Larissa Carvalho","Est. tempo de leitura":"4 minutos"},"schema":{"@context":"https:\/\/schema.org","@graph":[{"@type":"WebPage","@id":"https:\/\/www.correiobraziliense.com.br\/cbradar\/descobertas-subterraneas-apontam-uma-cidade-soterrada-entenda\/","url":"https:\/\/www.correiobraziliense.com.br\/cbradar\/descobertas-subterraneas-apontam-uma-cidade-soterrada-entenda\/","name":"Descobertas subterr\u00e2neas apontam uma cidade soterrada, entenda","isPartOf":{"@id":"https:\/\/www.correiobraziliense.com.br\/cbradar\/#website"},"primaryImageOfPage":{"@id":"https:\/\/www.correiobraziliense.com.br\/cbradar\/descobertas-subterraneas-apontam-uma-cidade-soterrada-entenda\/#primaryimage"},"image":{"@id":"https:\/\/www.correiobraziliense.com.br\/cbradar\/descobertas-subterraneas-apontam-uma-cidade-soterrada-entenda\/#primaryimage"},"thumbnailUrl":"https:\/\/www.correiobraziliense.com.br\/cbradar\/wp-content\/uploads\/2025\/03\/cidade-no-egito_1742920539121.jpg","datePublished":"2025-03-27T00:50:00+00:00","author":{"@id":"https:\/\/www.correiobraziliense.com.br\/cbradar\/#\/schema\/person\/58422787644df994b53a19d3e56c1513"},"description":"Um grupo de pesquisadores afirma ter descoberto uma rede de estruturas subterr\u00e2neas sob o planalto de Giz\u00e9, mas a comunidade cient\u00edfica recebe a hip\u00f3tese com ceticismo.","breadcrumb":{"@id":"https:\/\/www.correiobraziliense.com.br\/cbradar\/descobertas-subterraneas-apontam-uma-cidade-soterrada-entenda\/#breadcrumb"},"inLanguage":"pt-BR","potentialAction":[{"@type":"ReadAction","target":["https:\/\/www.correiobraziliense.com.br\/cbradar\/descobertas-subterraneas-apontam-uma-cidade-soterrada-entenda\/"]}]},{"@type":"ImageObject","inLanguage":"pt-BR","@id":"https:\/\/www.correiobraziliense.com.br\/cbradar\/descobertas-subterraneas-apontam-uma-cidade-soterrada-entenda\/#primaryimage","url":"https:\/\/www.correiobraziliense.com.br\/cbradar\/wp-content\/uploads\/2025\/03\/cidade-no-egito_1742920539121.jpg","contentUrl":"https:\/\/www.correiobraziliense.com.br\/cbradar\/wp-content\/uploads\/2025\/03\/cidade-no-egito_1742920539121.jpg","width":1280,"height":720,"caption":"Cairo - Egito Cr\u00e9ditos: depositphotos.com \/ Roaming Pictures"},{"@type":"BreadcrumbList","@id":"https:\/\/www.correiobraziliense.com.br\/cbradar\/descobertas-subterraneas-apontam-uma-cidade-soterrada-entenda\/#breadcrumb","itemListElement":[{"@type":"ListItem","position":1,"name":"In\u00edcio","item":"https:\/\/www.correiobraziliense.com.br\/cbradar\/"},{"@type":"ListItem","position":2,"name":"Descobertas subterr\u00e2neas apontam uma cidade soterrada, entenda"}]},{"@type":"WebSite","@id":"https:\/\/www.correiobraziliense.com.br\/cbradar\/#website","url":"https:\/\/www.correiobraziliense.com.br\/cbradar\/","name":"Correio Braziliense - Radar","description":"Acompanhe as \u00faltimas not\u00edcias e fique bem informado sobre tudo o que acontece no Brasil e no mundo.","potentialAction":[{"@type":"SearchAction","target":{"@type":"EntryPoint","urlTemplate":"https:\/\/www.correiobraziliense.com.br\/cbradar\/?s={search_term_string}"},"query-input":{"@type":"PropertyValueSpecification","valueRequired":true,"valueName":"search_term_string"}}],"inLanguage":"pt-BR"},{"@type":"Person","@id":"https:\/\/www.correiobraziliense.com.br\/cbradar\/#\/schema\/person\/58422787644df994b53a19d3e56c1513","name":"Larissa Carvalho","image":{"@type":"ImageObject","inLanguage":"pt-BR","@id":"https:\/\/www.correiobraziliense.com.br\/cbradar\/#\/schema\/person\/image\/","url":"https:\/\/secure.gravatar.com\/avatar\/fe4f91a0de32b52a838d0d612abdc1aa?s=96&d=mm&r=g","contentUrl":"https:\/\/secure.gravatar.com\/avatar\/fe4f91a0de32b52a838d0d612abdc1aa?s=96&d=mm&r=g","caption":"Larissa Carvalho"},"url":"https:\/\/www.correiobraziliense.com.br\/cbradar\/author\/larissamyth\/"}]}},"_links":{"self":[{"href":"https:\/\/www.correiobraziliense.com.br\/cbradar\/wp-json\/wp\/v2\/posts\/15758","targetHints":{"allow":["GET"]}}],"collection":[{"href":"https:\/\/www.correiobraziliense.com.br\/cbradar\/wp-json\/wp\/v2\/posts"}],"about":[{"href":"https:\/\/www.correiobraziliense.com.br\/cbradar\/wp-json\/wp\/v2\/types\/post"}],"author":[{"embeddable":true,"href":"https:\/\/www.correiobraziliense.com.br\/cbradar\/wp-json\/wp\/v2\/users\/3"}],"replies":[{"embeddable":true,"href":"https:\/\/www.correiobraziliense.com.br\/cbradar\/wp-json\/wp\/v2\/comments?post=15758"}],"version-history":[{"count":2,"href":"https:\/\/www.correiobraziliense.com.br\/cbradar\/wp-json\/wp\/v2\/posts\/15758\/revisions"}],"predecessor-version":[{"id":15794,"href":"https:\/\/www.correiobraziliense.com.br\/cbradar\/wp-json\/wp\/v2\/posts\/15758\/revisions\/15794"}],"wp:featuredmedia":[{"embeddable":true,"href":"https:\/\/www.correiobraziliense.com.br\/cbradar\/wp-json\/wp\/v2\/media\/15760"}],"wp:attachment":[{"href":"https:\/\/www.correiobraziliense.com.br\/cbradar\/wp-json\/wp\/v2\/media?parent=15758"}],"wp:term":[{"taxonomy":"category","embeddable":true,"href":"https:\/\/www.correiobraziliense.com.br\/cbradar\/wp-json\/wp\/v2\/categories?post=15758"},{"taxonomy":"post_tag","embeddable":true,"href":"https:\/\/www.correiobraziliense.com.br\/cbradar\/wp-json\/wp\/v2\/tags?post=15758"}],"curies":[{"name":"wp","href":"https:\/\/api.w.org\/{rel}","templated":true}]}}