{"id":157705,"date":"2025-12-18T10:45:26","date_gmt":"2025-12-18T13:45:26","guid":{"rendered":"https:\/\/www.correiobraziliense.com.br\/cbradar\/?p=157705"},"modified":"2025-12-17T09:36:34","modified_gmt":"2025-12-17T12:36:34","slug":"o-acucar-escondido-nos-industrializados-que-sobrecarrega-o-figado-sem-voce-perceber","status":"publish","type":"post","link":"https:\/\/www.correiobraziliense.com.br\/cbradar\/o-acucar-escondido-nos-industrializados-que-sobrecarrega-o-figado-sem-voce-perceber\/","title":{"rendered":"O a\u00e7\u00facar escondido nos industrializados que sobrecarrega o f\u00edgado sem voc\u00ea perceber"},"content":{"rendered":"\n<p>A frutose industrial, especialmente na forma de xarope de milho rico em frutose, est\u00e1 presente em grande parte dos alimentos industrializados consumidos no dia a dia. Refrigerantes, sucos de caixinha, bolachas recheadas e at\u00e9 produtos considerados \u201cfit\u201d podem conter esse tipo de ado\u00e7ante, que exige um esfor\u00e7o extra do f\u00edgado e, quando consumido em excesso, pode contribuir para altera\u00e7\u00f5es metab\u00f3licas importantes.<\/p>\n\n\n\n<h2 class=\"wp-block-heading\">O que \u00e9 frutose industrial e como ela afeta o f\u00edgado<\/h2>\n\n\n\n<p>A frutose industrial \u00e9 uma forma concentrada e processada de a\u00e7\u00facar, derivada principalmente do milho, conhecida como <strong>xarope de milho rico em frutose<\/strong>. Diferente da frutose natural presente em frutas in natura, esse ado\u00e7ante aparece em grandes quantidades em bebidas ado\u00e7adas, sobremesas prontas, molhos, cereais matinais a\u00e7ucarados e diversos lanches industrializados.<\/p>\n\n\n\n<p>O f\u00edgado \u00e9 o principal respons\u00e1vel por metabolizar essa frutose concentrada e, quando a ingest\u00e3o \u00e9 frequente e em grandes volumes, converte o excesso em gordura. Esse processo pode favorecer a <strong>doen\u00e7a hep\u00e1tica gordurosa n\u00e3o alco\u00f3lica<\/strong>, que muitas vezes evolui de forma silenciosa e s\u00f3 \u00e9 identificada em exames de rotina, j\u00e1 com ac\u00famulo de gordura instalado.<\/p>\n\n\n<div class=\"wp-block-image\">\n<figure class=\"aligncenter size-large\"><img decoding=\"async\" width=\"1024\" height=\"576\" src=\"https:\/\/www.correiobraziliense.com.br\/cbradar\/wp-content\/uploads\/2025\/12\/Gemini_Generated_Image_62gudi62gudi62gu-1-1024x576.png\" alt=\"\" class=\"wp-image-157757\" srcset=\"https:\/\/www.correiobraziliense.com.br\/cbradar\/wp-content\/uploads\/2025\/12\/Gemini_Generated_Image_62gudi62gudi62gu-1-1024x576.png 1024w, https:\/\/www.correiobraziliense.com.br\/cbradar\/wp-content\/uploads\/2025\/12\/Gemini_Generated_Image_62gudi62gudi62gu-1-300x169.png 300w, https:\/\/www.correiobraziliense.com.br\/cbradar\/wp-content\/uploads\/2025\/12\/Gemini_Generated_Image_62gudi62gudi62gu-1-768x432.png 768w, https:\/\/www.correiobraziliense.com.br\/cbradar\/wp-content\/uploads\/2025\/12\/Gemini_Generated_Image_62gudi62gudi62gu-1-750x422.png 750w, https:\/\/www.correiobraziliense.com.br\/cbradar\/wp-content\/uploads\/2025\/12\/Gemini_Generated_Image_62gudi62gudi62gu-1-1140x641.png 1140w, https:\/\/www.correiobraziliense.com.br\/cbradar\/wp-content\/uploads\/2025\/12\/Gemini_Generated_Image_62gudi62gudi62gu-1.png 1280w\" sizes=\"(max-width: 1024px) 100vw, 1024px\" \/><figcaption class=\"wp-element-caption\">O f\u00edgado \u00e9 o principal respons\u00e1vel por metabolizar essa frutose concentrada <\/figcaption><\/figure><\/div>\n\n\n<p>Leia tamb\u00e9m:&nbsp;<a href=\"https:\/\/www.correiobraziliense.com.br\/cbradar\/a-parte-esquecida-da-fruta-que-alivia-garganta-irritada-e-fortalece-a-saude-da-boca\/\" target=\"_blank\" rel=\"noopener\">A parte esquecida da fruta que alivia garganta irritada e fortalece a sa\u00fade da boca<\/a><\/p>\n\n\n\n<h2 class=\"wp-block-heading\">Qual \u00e9 o perigo oculto da frutose industrial no dia a dia<\/h2>\n\n\n\n<p>O risco ligado ao xarope de milho rico em frutose est\u00e1 principalmente no padr\u00e3o de consumo, e n\u00e3o em exposi\u00e7\u00f5es ocasionais. Quando refrigerantes, bebidas ado\u00e7adas, doces prontos e snacks se tornam rotina, o f\u00edgado recebe uma carga constante de frutose industrial, o que aumenta o risco de ac\u00famulo de gordura e inflama\u00e7\u00e3o hep\u00e1tica ao longo do tempo.<\/p>\n\n\n\n<p>Al\u00e9m do impacto direto no f\u00edgado, o consumo elevado de frutose industrial costuma vir associado a dieta pobre em fibras, baixa ingest\u00e3o de \u00e1gua e sedentarismo. Esse conjunto favorece ganho de peso, aumento de triglicer\u00eddeos, resist\u00eancia \u00e0 insulina e maior risco cardiometab\u00f3lico, conectando o problema hep\u00e1tico a um desequil\u00edbrio mais amplo no organismo.<\/p>\n\n\n<div class=\"wp-block-image\">\n<figure class=\"aligncenter size-large\"><img decoding=\"async\" width=\"1024\" height=\"576\" src=\"https:\/\/www.correiobraziliense.com.br\/cbradar\/wp-content\/uploads\/2025\/12\/frutose-_1765970568928-1024x576.jpg\" alt=\"\" class=\"wp-image-157755\" srcset=\"https:\/\/www.correiobraziliense.com.br\/cbradar\/wp-content\/uploads\/2025\/12\/frutose-_1765970568928-1024x576.jpg 1024w, https:\/\/www.correiobraziliense.com.br\/cbradar\/wp-content\/uploads\/2025\/12\/frutose-_1765970568928-300x169.jpg 300w, https:\/\/www.correiobraziliense.com.br\/cbradar\/wp-content\/uploads\/2025\/12\/frutose-_1765970568928-768x432.jpg 768w, https:\/\/www.correiobraziliense.com.br\/cbradar\/wp-content\/uploads\/2025\/12\/frutose-_1765970568928-750x422.jpg 750w, https:\/\/www.correiobraziliense.com.br\/cbradar\/wp-content\/uploads\/2025\/12\/frutose-_1765970568928-1140x641.jpg 1140w, https:\/\/www.correiobraziliense.com.br\/cbradar\/wp-content\/uploads\/2025\/12\/frutose-_1765970568928.jpg 1280w\" sizes=\"(max-width: 1024px) 100vw, 1024px\" \/><figcaption class=\"wp-element-caption\">A frutose industrial \u00e9 uma forma concentrada e processada de a\u00e7\u00facar &#8211; Cr\u00e9ditos: depositphotos.com \/ alex9500<\/figcaption><\/figure><\/div>\n\n\n<h2 class=\"wp-block-heading\">Como identificar a frutose industrial nos r\u00f3tulos dos alimentos<\/h2>\n\n\n\n<p>Reconhecer onde a frutose industrial est\u00e1 escondida \u00e9 fundamental para aliviar a sobrecarga do f\u00edgado e fazer escolhas mais conscientes. A ind\u00fastria utiliza diferentes nomes para o mesmo tipo de ado\u00e7ante, o que pode confundir o consumidor desatento.<\/p>\n\n\n\n<p>Ler o r\u00f3tulo com aten\u00e7\u00e3o e observar a posi\u00e7\u00e3o dos ingredientes na lista ajuda a identificar produtos com alto teor de xaropes a\u00e7ucarados. A seguir est\u00e3o alguns termos comuns que indicam a presen\u00e7a de frutose industrial ou a\u00e7\u00facares concentrados:<\/p>\n\n\n\n<ul class=\"wp-block-list\">\n<li><strong>Xarope de milho rico em frutose<\/strong> (ou \u201chigh fructose corn syrup\u201d).<\/li>\n\n\n\n<li><strong>Xarope de glicose-frutose<\/strong> ou \u201cxarope de frutose\u201d.<\/li>\n\n\n\n<li><strong>A\u00e7\u00facares adicionados<\/strong> em grandes quantidades logo no in\u00edcio da lista.<\/li>\n\n\n\n<li>Termos como <em>xarope de milho<\/em> e <em>xarope de glicose<\/em>, especialmente em produtos muito doces.<\/li>\n<\/ul>\n\n\n\n<p>De modo geral, quanto mais cedo esses ingredientes aparecem na lista, maior \u00e9 a sua propor\u00e7\u00e3o no produto. Refrigerantes, bebidas energ\u00e9ticas, sucos de caixinha a\u00e7ucarados, balas, iogurtes ado\u00e7ados, caldas para sorvete, barras de cereal com cobertura a\u00e7ucarada e bolos prontos s\u00e3o exemplos comuns de alimentos ricos em frutose industrial.<\/p>\n\n\n\n<p>Se voc\u00ea gosta de ouvir opini\u00f5es de profissionais, separamos esse v\u00eddeo do <a href=\"https:\/\/www.youtube.com\/@DrJulianoTeles\" target=\"_blank\" rel=\"noreferrer noopener\">Dr Juliano Teles<\/a> mostrando os perigos desse xarope na sa\u00fade:<\/p>\n\n\n\n<figure class=\"wp-block-embed is-type-video is-provider-youtube wp-block-embed-youtube wp-embed-aspect-16-9 wp-has-aspect-ratio\"><div class=\"wp-block-embed__wrapper\">\n<div class=\"jeg_video_container jeg_video_content\"><iframe loading=\"lazy\" title=\"Conhe\u00e7a os perigos do XAROPE DE MILHO para a nossa sa\u00fade\" width=\"500\" height=\"281\" src=\"https:\/\/www.youtube.com\/embed\/2uNYg9loGSo?feature=oembed\" frameborder=\"0\" allow=\"accelerometer; autoplay; clipboard-write; encrypted-media; gyroscope; picture-in-picture; web-share\" referrerpolicy=\"strict-origin-when-cross-origin\" allowfullscreen><\/iframe><\/div>\n<\/div><\/figure>\n\n\n\n<h2 class=\"wp-block-heading\">Como reduzir a sobrecarga do f\u00edgado causada pela frutose industrial<\/h2>\n\n\n\n<p>Diminuir o impacto da frutose industrial no f\u00edgado depende de mudan\u00e7as graduais e consistentes no h\u00e1bito alimentar, sem necessidade de restri\u00e7\u00f5es extremas. Substituir bebidas ado\u00e7adas por \u00e1gua, \u00e1gua com g\u00e1s, ch\u00e1s sem a\u00e7\u00facar ou sucos naturais preparados na hora, em por\u00e7\u00f5es moderadas, \u00e9 um primeiro passo importante para prote\u00e7\u00e3o hep\u00e1tica.<\/p>\n\n\n\n<ol class=\"wp-block-list\">\n<li><strong>Rever as bebidas di\u00e1rias<\/strong>: reduzir refrigerantes, energ\u00e9ticos e sucos prontos, priorizando l\u00edquidos sem a\u00e7\u00facar adicionado.<\/li>\n\n\n\n<li><strong>Trocar lanches ultraprocessados<\/strong>: optar por frutas frescas, oleaginosas em pequenas por\u00e7\u00f5es e sandu\u00edches simples preparados em casa.<\/li>\n\n\n\n<li><strong>Ler r\u00f3tulos com aten\u00e7\u00e3o<\/strong>: evitar produtos em que xarope de milho, xarope de frutose ou a\u00e7\u00facar apare\u00e7am entre os primeiros ingredientes.<\/li>\n\n\n\n<li><strong>Valorizar alimentos in natura<\/strong>: dar prefer\u00eancia a prepara\u00e7\u00f5es caseiras, com menos ado\u00e7antes concentrados e mais fibras.<\/li>\n\n\n\n<li><strong>Buscar orienta\u00e7\u00e3o profissional<\/strong>: em casos de altera\u00e7\u00e3o nas enzimas do f\u00edgado ou diagn\u00f3stico de gordura hep\u00e1tica, o acompanhamento com profissional de sa\u00fade habilitado ajuda a ajustar o plano alimentar e o estilo de vida.<\/li>\n<\/ol>\n\n\n\n<p>Frutas inteiras continuam sendo fontes importantes de vitaminas, fibras e \u00e1gua, e n\u00e3o devem ser confundidas com a frutose industrializada usada em larga escala pela ind\u00fastria. O foco est\u00e1 em reduzir o excesso de a\u00e7\u00facares concentrados adicionados, especialmente na forma de xarope de milho rico em frutose, favorecendo um metabolismo mais equilibrado e um f\u00edgado mais protegido ao longo do tempo.<\/p>\n","protected":false},"excerpt":{"rendered":"<p>A frutose industrial, especialmente na forma de xarope de milho rico em frutose, est\u00e1 presente em grande parte dos alimentos industrializados consumidos no dia a dia. Refrigerantes, sucos de caixinha, bolachas recheadas e at\u00e9 produtos considerados \u201cfit\u201d podem conter esse tipo de ado\u00e7ante, que exige um esfor\u00e7o extra do f\u00edgado e, quando consumido em excesso, [&hellip;]<\/p>\n","protected":false},"author":9,"featured_media":157833,"comment_status":"open","ping_status":"open","sticky":false,"template":"","format":"standard","meta":{"_yoast_wpseo_focuskw":"xarope de milho","_yoast_wpseo_title":"","_yoast_wpseo_metadesc":"A\u00e7\u00facar industrial muito usado em alimentos processados pode sobrecarregar o f\u00edgado e favorecer altera\u00e7\u00f5es metab\u00f3licas ao longo do tempo.","jnews-multi-image_gallery":[],"jnews_single_post":{"format":"standard"},"jnews_primary_category":[],"jnews_social_meta":[],"jnews_override_counter":[],"footnotes":""},"categories":[119],"tags":[4167,12887,12886],"class_list":["post-157705","post","type-post","status-publish","format-standard","has-post-thumbnail","hentry","category-bem-estar","tag-figado","tag-frutose","tag-xarope-de-milho"],"yoast_head":"<!-- This site is optimized with the Yoast SEO plugin v24.6 - https:\/\/yoast.com\/wordpress\/plugins\/seo\/ -->\n<title>O a\u00e7\u00facar escondido nos industrializados que sobrecarrega o f\u00edgado sem voc\u00ea perceber - Correio Braziliense - Radar<\/title>\n<meta name=\"description\" content=\"A\u00e7\u00facar industrial muito usado em alimentos processados pode sobrecarregar o f\u00edgado e favorecer altera\u00e7\u00f5es metab\u00f3licas ao longo do tempo.\" \/>\n<meta name=\"robots\" content=\"index, follow, max-snippet:-1, max-image-preview:large, max-video-preview:-1\" \/>\n<link rel=\"canonical\" href=\"https:\/\/www.correiobraziliense.com.br\/cbradar\/o-acucar-escondido-nos-industrializados-que-sobrecarrega-o-figado-sem-voce-perceber\/\" \/>\n<meta property=\"og:locale\" content=\"pt_BR\" \/>\n<meta property=\"og:type\" content=\"article\" \/>\n<meta property=\"og:title\" content=\"O a\u00e7\u00facar escondido nos industrializados que sobrecarrega o f\u00edgado sem voc\u00ea perceber - Correio Braziliense - Radar\" \/>\n<meta property=\"og:description\" content=\"A\u00e7\u00facar industrial muito usado em alimentos processados pode sobrecarregar o f\u00edgado e favorecer altera\u00e7\u00f5es metab\u00f3licas ao longo do tempo.\" \/>\n<meta property=\"og:url\" content=\"https:\/\/www.correiobraziliense.com.br\/cbradar\/o-acucar-escondido-nos-industrializados-que-sobrecarrega-o-figado-sem-voce-perceber\/\" \/>\n<meta property=\"og:site_name\" content=\"Correio Braziliense - Radar\" \/>\n<meta property=\"article:published_time\" content=\"2025-12-18T13:45:26+00:00\" \/>\n<meta property=\"og:image\" content=\"https:\/\/www.correiobraziliense.com.br\/cbradar\/wp-content\/uploads\/2025\/12\/freepik__faa-uma-imagem-realista-do-acar__10995.jpeg\" \/>\n\t<meta property=\"og:image:width\" content=\"1280\" \/>\n\t<meta property=\"og:image:height\" content=\"720\" \/>\n\t<meta property=\"og:image:type\" content=\"image\/jpeg\" \/>\n<meta name=\"author\" content=\"Daniely Cardoso\" \/>\n<meta name=\"twitter:card\" content=\"summary_large_image\" \/>\n<meta name=\"twitter:label1\" content=\"Escrito por\" \/>\n\t<meta name=\"twitter:data1\" content=\"Daniely Cardoso\" \/>\n\t<meta name=\"twitter:label2\" content=\"Est. tempo de leitura\" \/>\n\t<meta name=\"twitter:data2\" content=\"5 minutos\" \/>\n<!-- \/ Yoast SEO plugin. -->","yoast_head_json":{"title":"O a\u00e7\u00facar escondido nos industrializados que sobrecarrega o f\u00edgado sem voc\u00ea perceber - Correio Braziliense - Radar","description":"A\u00e7\u00facar industrial muito usado em alimentos processados pode sobrecarregar o f\u00edgado e favorecer altera\u00e7\u00f5es metab\u00f3licas ao longo do tempo.","robots":{"index":"index","follow":"follow","max-snippet":"max-snippet:-1","max-image-preview":"max-image-preview:large","max-video-preview":"max-video-preview:-1"},"canonical":"https:\/\/www.correiobraziliense.com.br\/cbradar\/o-acucar-escondido-nos-industrializados-que-sobrecarrega-o-figado-sem-voce-perceber\/","og_locale":"pt_BR","og_type":"article","og_title":"O a\u00e7\u00facar escondido nos industrializados que sobrecarrega o f\u00edgado sem voc\u00ea perceber - Correio Braziliense - Radar","og_description":"A\u00e7\u00facar industrial muito usado em alimentos processados pode sobrecarregar o f\u00edgado e favorecer altera\u00e7\u00f5es metab\u00f3licas ao longo do tempo.","og_url":"https:\/\/www.correiobraziliense.com.br\/cbradar\/o-acucar-escondido-nos-industrializados-que-sobrecarrega-o-figado-sem-voce-perceber\/","og_site_name":"Correio Braziliense - Radar","article_published_time":"2025-12-18T13:45:26+00:00","og_image":[{"width":1280,"height":720,"url":"https:\/\/www.correiobraziliense.com.br\/cbradar\/wp-content\/uploads\/2025\/12\/freepik__faa-uma-imagem-realista-do-acar__10995.jpeg","type":"image\/jpeg"}],"author":"Daniely Cardoso","twitter_card":"summary_large_image","twitter_misc":{"Escrito por":"Daniely Cardoso","Est. tempo de leitura":"5 minutos"},"schema":{"@context":"https:\/\/schema.org","@graph":[{"@type":"WebPage","@id":"https:\/\/www.correiobraziliense.com.br\/cbradar\/o-acucar-escondido-nos-industrializados-que-sobrecarrega-o-figado-sem-voce-perceber\/","url":"https:\/\/www.correiobraziliense.com.br\/cbradar\/o-acucar-escondido-nos-industrializados-que-sobrecarrega-o-figado-sem-voce-perceber\/","name":"O a\u00e7\u00facar escondido nos industrializados que sobrecarrega o f\u00edgado sem voc\u00ea perceber - Correio Braziliense - Radar","isPartOf":{"@id":"https:\/\/www.correiobraziliense.com.br\/cbradar\/#website"},"primaryImageOfPage":{"@id":"https:\/\/www.correiobraziliense.com.br\/cbradar\/o-acucar-escondido-nos-industrializados-que-sobrecarrega-o-figado-sem-voce-perceber\/#primaryimage"},"image":{"@id":"https:\/\/www.correiobraziliense.com.br\/cbradar\/o-acucar-escondido-nos-industrializados-que-sobrecarrega-o-figado-sem-voce-perceber\/#primaryimage"},"thumbnailUrl":"https:\/\/www.correiobraziliense.com.br\/cbradar\/wp-content\/uploads\/2025\/12\/freepik__faa-uma-imagem-realista-do-acar__10995.jpeg","datePublished":"2025-12-18T13:45:26+00:00","author":{"@id":"https:\/\/www.correiobraziliense.com.br\/cbradar\/#\/schema\/person\/7356666e12ec0ee53f348ee5db227032"},"description":"A\u00e7\u00facar industrial muito usado em alimentos processados pode sobrecarregar o f\u00edgado e favorecer altera\u00e7\u00f5es metab\u00f3licas ao longo do tempo.","breadcrumb":{"@id":"https:\/\/www.correiobraziliense.com.br\/cbradar\/o-acucar-escondido-nos-industrializados-que-sobrecarrega-o-figado-sem-voce-perceber\/#breadcrumb"},"inLanguage":"pt-BR","potentialAction":[{"@type":"ReadAction","target":["https:\/\/www.correiobraziliense.com.br\/cbradar\/o-acucar-escondido-nos-industrializados-que-sobrecarrega-o-figado-sem-voce-perceber\/"]}]},{"@type":"ImageObject","inLanguage":"pt-BR","@id":"https:\/\/www.correiobraziliense.com.br\/cbradar\/o-acucar-escondido-nos-industrializados-que-sobrecarrega-o-figado-sem-voce-perceber\/#primaryimage","url":"https:\/\/www.correiobraziliense.com.br\/cbradar\/wp-content\/uploads\/2025\/12\/freepik__faa-uma-imagem-realista-do-acar__10995.jpeg","contentUrl":"https:\/\/www.correiobraziliense.com.br\/cbradar\/wp-content\/uploads\/2025\/12\/freepik__faa-uma-imagem-realista-do-acar__10995.jpeg","width":1280,"height":720,"caption":"O a\u00e7\u00facar em excesso pode sobrecarregar o organismo e contribuir para o desenvolvimento de altera\u00e7\u00f5es metab\u00f3licas e inflamat\u00f3rias"},{"@type":"BreadcrumbList","@id":"https:\/\/www.correiobraziliense.com.br\/cbradar\/o-acucar-escondido-nos-industrializados-que-sobrecarrega-o-figado-sem-voce-perceber\/#breadcrumb","itemListElement":[{"@type":"ListItem","position":1,"name":"In\u00edcio","item":"https:\/\/www.correiobraziliense.com.br\/cbradar\/"},{"@type":"ListItem","position":2,"name":"O a\u00e7\u00facar escondido nos industrializados que sobrecarrega o f\u00edgado sem voc\u00ea perceber"}]},{"@type":"WebSite","@id":"https:\/\/www.correiobraziliense.com.br\/cbradar\/#website","url":"https:\/\/www.correiobraziliense.com.br\/cbradar\/","name":"Correio Braziliense - Radar","description":"Acompanhe as \u00faltimas not\u00edcias e fique bem informado sobre tudo o que acontece no Brasil e no mundo.","potentialAction":[{"@type":"SearchAction","target":{"@type":"EntryPoint","urlTemplate":"https:\/\/www.correiobraziliense.com.br\/cbradar\/?s={search_term_string}"},"query-input":{"@type":"PropertyValueSpecification","valueRequired":true,"valueName":"search_term_string"}}],"inLanguage":"pt-BR"},{"@type":"Person","@id":"https:\/\/www.correiobraziliense.com.br\/cbradar\/#\/schema\/person\/7356666e12ec0ee53f348ee5db227032","name":"Daniely Cardoso","image":{"@type":"ImageObject","inLanguage":"pt-BR","@id":"https:\/\/www.correiobraziliense.com.br\/cbradar\/#\/schema\/person\/image\/","url":"https:\/\/secure.gravatar.com\/avatar\/4b80ddbd124d1f071b626d52d62e5dff?s=96&d=mm&r=g","contentUrl":"https:\/\/secure.gravatar.com\/avatar\/4b80ddbd124d1f071b626d52d62e5dff?s=96&d=mm&r=g","caption":"Daniely Cardoso"},"description":"Redatora nos portais CB Radar e EM Foco, formada pela Universidade Federal de Goi\u00e1s, em Goi\u00e2nia. Apaixonada por comunica\u00e7\u00e3o, arte, decora\u00e7\u00e3o e tend\u00eancias, atuo na produ\u00e7\u00e3o de conte\u00fados envolventes sobre curiosidades, moda, beleza e paisagismo, sempre com um olhar atento \u00e0s novidades do momento.","sameAs":["https:\/\/www.correiobraziliense.com.br\/cbradar"],"url":"https:\/\/www.correiobraziliense.com.br\/cbradar\/author\/danielymyth\/"}]}},"_links":{"self":[{"href":"https:\/\/www.correiobraziliense.com.br\/cbradar\/wp-json\/wp\/v2\/posts\/157705","targetHints":{"allow":["GET"]}}],"collection":[{"href":"https:\/\/www.correiobraziliense.com.br\/cbradar\/wp-json\/wp\/v2\/posts"}],"about":[{"href":"https:\/\/www.correiobraziliense.com.br\/cbradar\/wp-json\/wp\/v2\/types\/post"}],"author":[{"embeddable":true,"href":"https:\/\/www.correiobraziliense.com.br\/cbradar\/wp-json\/wp\/v2\/users\/9"}],"replies":[{"embeddable":true,"href":"https:\/\/www.correiobraziliense.com.br\/cbradar\/wp-json\/wp\/v2\/comments?post=157705"}],"version-history":[{"count":3,"href":"https:\/\/www.correiobraziliense.com.br\/cbradar\/wp-json\/wp\/v2\/posts\/157705\/revisions"}],"predecessor-version":[{"id":157836,"href":"https:\/\/www.correiobraziliense.com.br\/cbradar\/wp-json\/wp\/v2\/posts\/157705\/revisions\/157836"}],"wp:featuredmedia":[{"embeddable":true,"href":"https:\/\/www.correiobraziliense.com.br\/cbradar\/wp-json\/wp\/v2\/media\/157833"}],"wp:attachment":[{"href":"https:\/\/www.correiobraziliense.com.br\/cbradar\/wp-json\/wp\/v2\/media?parent=157705"}],"wp:term":[{"taxonomy":"category","embeddable":true,"href":"https:\/\/www.correiobraziliense.com.br\/cbradar\/wp-json\/wp\/v2\/categories?post=157705"},{"taxonomy":"post_tag","embeddable":true,"href":"https:\/\/www.correiobraziliense.com.br\/cbradar\/wp-json\/wp\/v2\/tags?post=157705"}],"curies":[{"name":"wp","href":"https:\/\/api.w.org\/{rel}","templated":true}]}}