{"id":157744,"date":"2025-12-18T17:45:06","date_gmt":"2025-12-18T20:45:06","guid":{"rendered":"https:\/\/www.correiobraziliense.com.br\/cbradar\/?p=157744"},"modified":"2025-12-17T09:47:20","modified_gmt":"2025-12-17T12:47:20","slug":"o-que-esse-nutriente-faz-para-impedir-que-o-figado-vire-deposito-de-gordura","status":"publish","type":"post","link":"https:\/\/www.correiobraziliense.com.br\/cbradar\/o-que-esse-nutriente-faz-para-impedir-que-o-figado-vire-deposito-de-gordura\/","title":{"rendered":"O que esse nutriente faz para impedir que o f\u00edgado vire dep\u00f3sito de gordura"},"content":{"rendered":"\n<p>Entre os v\u00e1rios cuidados indicados para manter o f\u00edgado em bom estado, a presen\u00e7a adequada de <strong>colina<\/strong> na alimenta\u00e7\u00e3o tem ganhado espa\u00e7o nas orienta\u00e7\u00f5es de profissionais de sa\u00fade. Esse nutriente participa diretamente do metabolismo de gorduras e da prote\u00e7\u00e3o das c\u00e9lulas hep\u00e1ticas, sendo relevante para evitar o ac\u00famulo de lip\u00eddios no \u00f3rg\u00e3o e auxiliar na preven\u00e7\u00e3o de quadros como a <strong>esteatose<\/strong> hep\u00e1tica, especialmente quando associado a um estilo de vida saud\u00e1vel.<\/p>\n\n\n\n<h2 class=\"wp-block-heading\">O que \u00e9 colina e qual sua import\u00e2ncia para o f\u00edgado<\/h2>\n\n\n\n<p>A <strong>colina<\/strong> \u00e9 um composto org\u00e2nico que atua de forma integrada com vitaminas do complexo B e \u00e9 considerada um nutriente essencial, pois a produ\u00e7\u00e3o interna n\u00e3o cobre as necessidades di\u00e1rias. No f\u00edgado, participa da s\u00edntese de fosfolip\u00eddios, principalmente a fosfatidilcolina, que comp\u00f5e a membrana das c\u00e9lulas hep\u00e1ticas, preservando sua integridade estrutural e funcional.<\/p>\n\n\n\n<p>Al\u00e9m disso, a colina est\u00e1 envolvida na forma\u00e7\u00e3o da <strong>VLDL<\/strong> (lipoprote\u00edna de densidade muito baixa), respons\u00e1vel por transportar triglicer\u00eddeos para fora do f\u00edgado. Quando esse transporte funciona bem, h\u00e1 menor tend\u00eancia ao ac\u00famulo de gordura nos hepat\u00f3citos; na defici\u00eancia de colina, o processo \u00e9 prejudicado, favorecendo dep\u00f3sito de lip\u00eddios e aumentando o risco de esteatose ao longo do tempo.<\/p>\n\n\n<div class=\"wp-block-image\">\n<figure class=\"aligncenter size-large\"><img decoding=\"async\" width=\"1024\" height=\"576\" src=\"https:\/\/www.correiobraziliense.com.br\/cbradar\/wp-content\/uploads\/2025\/12\/Gemini_Generated_Image_awt2okawt2okawt2-1-1024x576.png\" alt=\"\" class=\"wp-image-157824\" srcset=\"https:\/\/www.correiobraziliense.com.br\/cbradar\/wp-content\/uploads\/2025\/12\/Gemini_Generated_Image_awt2okawt2okawt2-1-1024x576.png 1024w, https:\/\/www.correiobraziliense.com.br\/cbradar\/wp-content\/uploads\/2025\/12\/Gemini_Generated_Image_awt2okawt2okawt2-1-300x169.png 300w, https:\/\/www.correiobraziliense.com.br\/cbradar\/wp-content\/uploads\/2025\/12\/Gemini_Generated_Image_awt2okawt2okawt2-1-768x432.png 768w, https:\/\/www.correiobraziliense.com.br\/cbradar\/wp-content\/uploads\/2025\/12\/Gemini_Generated_Image_awt2okawt2okawt2-1-750x422.png 750w, https:\/\/www.correiobraziliense.com.br\/cbradar\/wp-content\/uploads\/2025\/12\/Gemini_Generated_Image_awt2okawt2okawt2-1-1140x641.png 1140w, https:\/\/www.correiobraziliense.com.br\/cbradar\/wp-content\/uploads\/2025\/12\/Gemini_Generated_Image_awt2okawt2okawt2-1.png 1280w\" sizes=\"(max-width: 1024px) 100vw, 1024px\" \/><figcaption class=\"wp-element-caption\">A colina \u00e9 um composto org\u00e2nico que atua de forma integrada com vitaminas do complexo B<\/figcaption><\/figure><\/div>\n\n\n<p>Leia tamb\u00e9m:&nbsp;<a href=\"https:\/\/www.correiobraziliense.com.br\/cbradar\/a-parte-esquecida-da-fruta-que-alivia-garganta-irritada-e-fortalece-a-saude-da-boca\/\" target=\"_blank\" rel=\"noopener\">A parte esquecida da fruta que alivia garganta irritada e fortalece a sa\u00fade da boca<\/a><\/p>\n\n\n\n<h2 class=\"wp-block-heading\">Como a colina atua na quebra de gorduras e na preven\u00e7\u00e3o da esteatose<\/h2>\n\n\n\n<p>A fun\u00e7\u00e3o da <strong>colina<\/strong> na quebra de gorduras est\u00e1 diretamente ligada ao seu papel no metabolismo lip\u00eddico, permitindo que o f\u00edgado transforme gorduras em energia ou em part\u00edculas transport\u00e1veis pelo sangue. Com isso, o \u00f3rg\u00e3o n\u00e3o se torna um \u201cdep\u00f3sito\u201d permanente de triglicer\u00eddeos, o que reduz o risco de f\u00edgado gorduroso n\u00e3o alco\u00f3lico e outras altera\u00e7\u00f5es metab\u00f3licas associadas.<\/p>\n\n\n\n<p>Esse efeito \u00e9 observado principalmente em tr\u00eas frentes, que ajudam a explicar por que a colina costuma ser inclu\u00edda em estrat\u00e9gias nutricionais para proteger o f\u00edgado:<\/p>\n\n\n\n<ul class=\"wp-block-list\">\n<li><strong>Mobiliza\u00e7\u00e3o<\/strong> de gorduras: facilita a sa\u00edda de triglicer\u00eddeos do f\u00edgado por meio da forma\u00e7\u00e3o de VLDL.<\/li>\n\n\n\n<li><strong>Prote\u00e7\u00e3o<\/strong> das c\u00e9lulas hep\u00e1ticas: participa da estrutura das membranas celulares, aumentando a resist\u00eancia a agress\u00f5es metab\u00f3licas.<\/li>\n\n\n\n<li><strong>Regula\u00e7\u00e3o<\/strong> do metabolismo: atua como doadora de grupos metil em rea\u00e7\u00f5es que influenciam o uso e a distribui\u00e7\u00e3o de gorduras no organismo.<\/li>\n<\/ul>\n\n\n\n<h2 class=\"wp-block-heading\">Quais s\u00e3o as principais fontes alimentares de colina<\/h2>\n\n\n\n<p>A <strong>colina<\/strong> est\u00e1 presente em diversos alimentos comuns, com maior concentra\u00e7\u00e3o em produtos de origem animal, embora tamb\u00e9m existam boas op\u00e7\u00f5es vegetais. A escolha das fontes deve considerar prefer\u00eancias, restri\u00e7\u00f5es alimentares e, quando necess\u00e1rio, orienta\u00e7\u00f5es para condi\u00e7\u00f5es espec\u00edficas como gravidez, vegetarianismo ou doen\u00e7as hep\u00e1ticas.<\/p>\n\n\n<div class=\"wp-block-image\">\n<figure class=\"aligncenter size-large is-resized\"><img decoding=\"async\" width=\"1024\" height=\"576\" src=\"https:\/\/www.correiobraziliense.com.br\/cbradar\/wp-content\/uploads\/2025\/05\/cozinhar-ovos_1748443801442-1024x576.jpg\" alt=\"O jeito mais saud\u00e1vel de cozinhar ovos e preservar os nutrientes\" class=\"wp-image-44153\" style=\"width:1024px;height:auto\" srcset=\"https:\/\/www.correiobraziliense.com.br\/cbradar\/wp-content\/uploads\/2025\/05\/cozinhar-ovos_1748443801442-1024x576.jpg 1024w, https:\/\/www.correiobraziliense.com.br\/cbradar\/wp-content\/uploads\/2025\/05\/cozinhar-ovos_1748443801442-300x169.jpg 300w, https:\/\/www.correiobraziliense.com.br\/cbradar\/wp-content\/uploads\/2025\/05\/cozinhar-ovos_1748443801442-768x432.jpg 768w, https:\/\/www.correiobraziliense.com.br\/cbradar\/wp-content\/uploads\/2025\/05\/cozinhar-ovos_1748443801442-750x422.jpg 750w, https:\/\/www.correiobraziliense.com.br\/cbradar\/wp-content\/uploads\/2025\/05\/cozinhar-ovos_1748443801442-1140x641.jpg 1140w, https:\/\/www.correiobraziliense.com.br\/cbradar\/wp-content\/uploads\/2025\/05\/cozinhar-ovos_1748443801442.jpg 1280w\" sizes=\"(max-width: 1024px) 100vw, 1024px\" \/><figcaption class=\"wp-element-caption\">A colina est\u00e1 presente em diversos alimentos comuns, com maior concentra\u00e7\u00e3o em produtos de origem animal &#8211; Cr\u00e9ditos: depositphotos.com \/ AntonMatyukha<\/figcaption><\/figure><\/div>\n\n\n<p>Entre as fontes mais conhecidas de colina, destacam-se <strong>ovos<\/strong> (principalmente a gema), f\u00edgado e v\u00edsceras, carnes em geral, leite e derivados, al\u00e9m de soja, leguminosas, nozes e sementes. Montar refei\u00e7\u00f5es que combinem diferentes fontes ao longo do dia, em vez de concentrar tudo em um \u00fanico alimento, facilita atingir o aporte necess\u00e1rio com maior variedade nutricional.<\/p>\n\n\n\n<h2 class=\"wp-block-heading\">Qual \u00e9 a quantidade recomendada de colina e quem precisa de mais aten\u00e7\u00e3o<\/h2>\n\n\n\n<p>As necessidades di\u00e1rias de <strong>colina<\/strong> variam conforme idade, sexo e condi\u00e7\u00e3o de sa\u00fade, mas, em adultos, situam-se em centenas de miligramas por dia, com pequenas diferen\u00e7as entre homens e mulheres. Gestantes e lactantes costumam ter necessidades aumentadas, pois a colina tamb\u00e9m participa do desenvolvimento neurol\u00f3gico do feto e do beb\u00ea, sendo tema frequente em orienta\u00e7\u00f5es pr\u00e9-natais.<\/p>\n\n\n\n<p>Alguns grupos requerem aten\u00e7\u00e3o especial ao consumo de colina, como pessoas com diagn\u00f3stico ou risco de <strong>esteatose<\/strong> hep\u00e1tica, indiv\u00edduos com ingest\u00e3o proteica muito baixa ou dietas muito restritivas, bem como gestantes, lactantes e pessoas com doen\u00e7as hep\u00e1ticas cr\u00f4nicas. Nesses casos, avalia-se detalhadamente a alimenta\u00e7\u00e3o e, se necess\u00e1rio, considera-se suplementa\u00e7\u00e3o sob acompanhamento profissional, j\u00e1 que o excesso de colina tamb\u00e9m pode causar desconfortos e altera\u00e7\u00f5es metab\u00f3licas.<\/p>\n\n\n\n<p>Se voc\u00ea gosta de ouvir opini\u00f5es de especialistas, separamos esse v\u00eddeo do canal da nutricionista <a href=\"https:\/\/www.youtube.com\/@DraAndreiaTorres\" target=\"_blank\" rel=\"noreferrer noopener\">Andreia Torres<\/a> explicando a import\u00e2ncia da colina na sa\u00fade:<\/p>\n\n\n\n<figure class=\"wp-block-embed is-type-video is-provider-youtube wp-block-embed-youtube wp-embed-aspect-16-9 wp-has-aspect-ratio\"><div class=\"wp-block-embed__wrapper\">\n<div class=\"jeg_video_container jeg_video_content\"><iframe loading=\"lazy\" title=\"IMPORT\u00c2NCIA DA VITAMINA COLINA | APRENDA NUTRI\u00c7\u00c3O\" width=\"500\" height=\"281\" src=\"https:\/\/www.youtube.com\/embed\/W1CcQo1FzlU?feature=oembed\" frameborder=\"0\" allow=\"accelerometer; autoplay; clipboard-write; encrypted-media; gyroscope; picture-in-picture; web-share\" referrerpolicy=\"strict-origin-when-cross-origin\" allowfullscreen><\/iframe><\/div>\n<\/div><\/figure>\n\n\n\n<h2 class=\"wp-block-heading\">Como incluir colina no dia a dia para proteger o f\u00edgado de forma pr\u00e1tica<\/h2>\n\n\n\n<p>Cuidar da sa\u00fade do f\u00edgado envolve um conjunto de h\u00e1bitos, e a <strong>colina<\/strong> ocupa lugar importante nesse contexto, especialmente em planos voltados \u00e0 preven\u00e7\u00e3o ou manejo da esteatose. Pequenas mudan\u00e7as na rotina alimentar, priorizando fontes naturais do nutriente, podem ser suficientes para melhorar o aporte di\u00e1rio sem necessidade imediata de suplementos na maior parte das pessoas.<\/p>\n\n\n\n<p>Alguns exemplos de ajustes simples na alimenta\u00e7\u00e3o ajudam a distribuir melhor a ingest\u00e3o de colina ao longo do dia e podem ser adaptados a diferentes padr\u00f5es alimentares:<\/p>\n\n\n\n<ul class=\"wp-block-list\">\n<li>Inserir <strong>ovos<\/strong> em prepara\u00e7\u00f5es ao longo da semana, como omeletes, ovos cozidos ou mexidos.<\/li>\n\n\n\n<li>Alternar tipos de <strong>carnes<\/strong>, incluindo peixes e aves em combina\u00e7\u00f5es variadas nas principais refei\u00e7\u00f5es.<\/li>\n\n\n\n<li>Aproveitar <strong>leguminosas<\/strong> como base de pratos principais em alguns dias, como feij\u00e3o, lentilha ou gr\u00e3o-de-bico.<\/li>\n\n\n\n<li>Usar soja e derivados como op\u00e7\u00e3o para quem reduz produtos de origem animal, como tofu e bebidas vegetais.<\/li>\n\n\n\n<li>Acrescentar oleaginosas (como nozes e am\u00eandoas) em lanches ou saladas, contribuindo com pequenas quantidades di\u00e1rias.<\/li>\n<\/ul>\n\n\n\n<p>Com acompanhamento adequado, a <strong>colina<\/strong> pode ser integrada a um plano alimentar equilibrado, contribuindo para um metabolismo de gorduras mais eficiente e para a redu\u00e7\u00e3o do risco de esteatose hep\u00e1tica. Assim, o nutriente se torna uma pe\u00e7a importante na prote\u00e7\u00e3o do f\u00edgado, ao lado de h\u00e1bitos como controle de peso, atividade f\u00edsica regular, sono de boa qualidade e modera\u00e7\u00e3o no consumo de \u00e1lcool e alimentos ultraprocessados.<\/p>\n","protected":false},"excerpt":{"rendered":"<p>Entre os v\u00e1rios cuidados indicados para manter o f\u00edgado em bom estado, a presen\u00e7a adequada de colina na alimenta\u00e7\u00e3o tem ganhado espa\u00e7o nas orienta\u00e7\u00f5es de profissionais de sa\u00fade. Esse nutriente participa diretamente do metabolismo de gorduras e da prote\u00e7\u00e3o das c\u00e9lulas hep\u00e1ticas, sendo relevante para evitar o ac\u00famulo de lip\u00eddios no \u00f3rg\u00e3o e auxiliar na [&hellip;]<\/p>\n","protected":false},"author":9,"featured_media":157844,"comment_status":"open","ping_status":"open","sticky":false,"template":"","format":"standard","meta":{"_yoast_wpseo_focuskw":"colina e sua import\u00e2ncia para o f\u00edgado","_yoast_wpseo_title":"","_yoast_wpseo_metadesc":"Esse nutriente participa do metabolismo de gorduras e ajuda o f\u00edgado a evitar ac\u00famulo lip\u00eddico quando aliado a h\u00e1bitos saud\u00e1veis.","jnews-multi-image_gallery":[],"jnews_single_post":{"format":"standard"},"jnews_primary_category":[],"jnews_social_meta":[],"jnews_override_counter":[],"footnotes":""},"categories":[119,4404],"tags":[12895,565,12896],"class_list":["post-157744","post","type-post","status-publish","format-standard","has-post-thumbnail","hentry","category-bem-estar","category-saude","tag-colina","tag-saude","tag-vitaminas-figado"],"yoast_head":"<!-- This site is optimized with the Yoast SEO plugin v24.6 - https:\/\/yoast.com\/wordpress\/plugins\/seo\/ -->\n<title>O que esse nutriente faz para impedir que o f\u00edgado vire dep\u00f3sito de gordura - Correio Braziliense - Radar<\/title>\n<meta name=\"description\" content=\"Esse nutriente participa do metabolismo de gorduras e ajuda o f\u00edgado a evitar ac\u00famulo lip\u00eddico quando aliado a h\u00e1bitos saud\u00e1veis.\" \/>\n<meta name=\"robots\" content=\"index, follow, max-snippet:-1, max-image-preview:large, max-video-preview:-1\" \/>\n<link rel=\"canonical\" href=\"https:\/\/www.correiobraziliense.com.br\/cbradar\/o-que-esse-nutriente-faz-para-impedir-que-o-figado-vire-deposito-de-gordura\/\" \/>\n<meta property=\"og:locale\" content=\"pt_BR\" \/>\n<meta property=\"og:type\" content=\"article\" \/>\n<meta property=\"og:title\" content=\"O que esse nutriente faz para impedir que o f\u00edgado vire dep\u00f3sito de gordura - Correio Braziliense - Radar\" \/>\n<meta property=\"og:description\" content=\"Esse nutriente participa do metabolismo de gorduras e ajuda o f\u00edgado a evitar ac\u00famulo lip\u00eddico quando aliado a h\u00e1bitos saud\u00e1veis.\" \/>\n<meta property=\"og:url\" content=\"https:\/\/www.correiobraziliense.com.br\/cbradar\/o-que-esse-nutriente-faz-para-impedir-que-o-figado-vire-deposito-de-gordura\/\" \/>\n<meta property=\"og:site_name\" content=\"Correio Braziliense - Radar\" \/>\n<meta property=\"article:published_time\" content=\"2025-12-18T20:45:06+00:00\" \/>\n<meta property=\"og:image\" content=\"https:\/\/www.correiobraziliense.com.br\/cbradar\/wp-content\/uploads\/2025\/12\/freepik__cena-de-cozinha-contempornea-com-alimentos-ricos-e__11000-1.jpeg\" \/>\n\t<meta property=\"og:image:width\" content=\"1280\" \/>\n\t<meta property=\"og:image:height\" content=\"720\" \/>\n\t<meta property=\"og:image:type\" content=\"image\/jpeg\" \/>\n<meta name=\"author\" content=\"Daniely Cardoso\" \/>\n<meta name=\"twitter:card\" content=\"summary_large_image\" \/>\n<meta name=\"twitter:label1\" content=\"Escrito por\" \/>\n\t<meta name=\"twitter:data1\" content=\"Daniely Cardoso\" \/>\n\t<meta name=\"twitter:label2\" content=\"Est. tempo de leitura\" \/>\n\t<meta name=\"twitter:data2\" content=\"6 minutos\" \/>\n<!-- \/ Yoast SEO plugin. -->","yoast_head_json":{"title":"O que esse nutriente faz para impedir que o f\u00edgado vire dep\u00f3sito de gordura - Correio Braziliense - Radar","description":"Esse nutriente participa do metabolismo de gorduras e ajuda o f\u00edgado a evitar ac\u00famulo lip\u00eddico quando aliado a h\u00e1bitos saud\u00e1veis.","robots":{"index":"index","follow":"follow","max-snippet":"max-snippet:-1","max-image-preview":"max-image-preview:large","max-video-preview":"max-video-preview:-1"},"canonical":"https:\/\/www.correiobraziliense.com.br\/cbradar\/o-que-esse-nutriente-faz-para-impedir-que-o-figado-vire-deposito-de-gordura\/","og_locale":"pt_BR","og_type":"article","og_title":"O que esse nutriente faz para impedir que o f\u00edgado vire dep\u00f3sito de gordura - Correio Braziliense - Radar","og_description":"Esse nutriente participa do metabolismo de gorduras e ajuda o f\u00edgado a evitar ac\u00famulo lip\u00eddico quando aliado a h\u00e1bitos saud\u00e1veis.","og_url":"https:\/\/www.correiobraziliense.com.br\/cbradar\/o-que-esse-nutriente-faz-para-impedir-que-o-figado-vire-deposito-de-gordura\/","og_site_name":"Correio Braziliense - Radar","article_published_time":"2025-12-18T20:45:06+00:00","og_image":[{"width":1280,"height":720,"url":"https:\/\/www.correiobraziliense.com.br\/cbradar\/wp-content\/uploads\/2025\/12\/freepik__cena-de-cozinha-contempornea-com-alimentos-ricos-e__11000-1.jpeg","type":"image\/jpeg"}],"author":"Daniely Cardoso","twitter_card":"summary_large_image","twitter_misc":{"Escrito por":"Daniely Cardoso","Est. tempo de leitura":"6 minutos"},"schema":{"@context":"https:\/\/schema.org","@graph":[{"@type":"WebPage","@id":"https:\/\/www.correiobraziliense.com.br\/cbradar\/o-que-esse-nutriente-faz-para-impedir-que-o-figado-vire-deposito-de-gordura\/","url":"https:\/\/www.correiobraziliense.com.br\/cbradar\/o-que-esse-nutriente-faz-para-impedir-que-o-figado-vire-deposito-de-gordura\/","name":"O que esse nutriente faz para impedir que o f\u00edgado vire dep\u00f3sito de gordura - Correio Braziliense - Radar","isPartOf":{"@id":"https:\/\/www.correiobraziliense.com.br\/cbradar\/#website"},"primaryImageOfPage":{"@id":"https:\/\/www.correiobraziliense.com.br\/cbradar\/o-que-esse-nutriente-faz-para-impedir-que-o-figado-vire-deposito-de-gordura\/#primaryimage"},"image":{"@id":"https:\/\/www.correiobraziliense.com.br\/cbradar\/o-que-esse-nutriente-faz-para-impedir-que-o-figado-vire-deposito-de-gordura\/#primaryimage"},"thumbnailUrl":"https:\/\/www.correiobraziliense.com.br\/cbradar\/wp-content\/uploads\/2025\/12\/freepik__cena-de-cozinha-contempornea-com-alimentos-ricos-e__11000-1.jpeg","datePublished":"2025-12-18T20:45:06+00:00","author":{"@id":"https:\/\/www.correiobraziliense.com.br\/cbradar\/#\/schema\/person\/7356666e12ec0ee53f348ee5db227032"},"description":"Esse nutriente participa do metabolismo de gorduras e ajuda o f\u00edgado a evitar ac\u00famulo lip\u00eddico quando aliado a h\u00e1bitos saud\u00e1veis.","breadcrumb":{"@id":"https:\/\/www.correiobraziliense.com.br\/cbradar\/o-que-esse-nutriente-faz-para-impedir-que-o-figado-vire-deposito-de-gordura\/#breadcrumb"},"inLanguage":"pt-BR","potentialAction":[{"@type":"ReadAction","target":["https:\/\/www.correiobraziliense.com.br\/cbradar\/o-que-esse-nutriente-faz-para-impedir-que-o-figado-vire-deposito-de-gordura\/"]}]},{"@type":"ImageObject","inLanguage":"pt-BR","@id":"https:\/\/www.correiobraziliense.com.br\/cbradar\/o-que-esse-nutriente-faz-para-impedir-que-o-figado-vire-deposito-de-gordura\/#primaryimage","url":"https:\/\/www.correiobraziliense.com.br\/cbradar\/wp-content\/uploads\/2025\/12\/freepik__cena-de-cozinha-contempornea-com-alimentos-ricos-e__11000-1.jpeg","contentUrl":"https:\/\/www.correiobraziliense.com.br\/cbradar\/wp-content\/uploads\/2025\/12\/freepik__cena-de-cozinha-contempornea-com-alimentos-ricos-e__11000-1.jpeg","width":1280,"height":720,"caption":"A colina atua diretamente no metabolismo das gorduras no organismo"},{"@type":"BreadcrumbList","@id":"https:\/\/www.correiobraziliense.com.br\/cbradar\/o-que-esse-nutriente-faz-para-impedir-que-o-figado-vire-deposito-de-gordura\/#breadcrumb","itemListElement":[{"@type":"ListItem","position":1,"name":"In\u00edcio","item":"https:\/\/www.correiobraziliense.com.br\/cbradar\/"},{"@type":"ListItem","position":2,"name":"O que esse nutriente faz para impedir que o f\u00edgado vire dep\u00f3sito de gordura"}]},{"@type":"WebSite","@id":"https:\/\/www.correiobraziliense.com.br\/cbradar\/#website","url":"https:\/\/www.correiobraziliense.com.br\/cbradar\/","name":"Correio Braziliense - Radar","description":"Acompanhe as \u00faltimas not\u00edcias e fique bem informado sobre tudo o que acontece no Brasil e no mundo.","potentialAction":[{"@type":"SearchAction","target":{"@type":"EntryPoint","urlTemplate":"https:\/\/www.correiobraziliense.com.br\/cbradar\/?s={search_term_string}"},"query-input":{"@type":"PropertyValueSpecification","valueRequired":true,"valueName":"search_term_string"}}],"inLanguage":"pt-BR"},{"@type":"Person","@id":"https:\/\/www.correiobraziliense.com.br\/cbradar\/#\/schema\/person\/7356666e12ec0ee53f348ee5db227032","name":"Daniely Cardoso","image":{"@type":"ImageObject","inLanguage":"pt-BR","@id":"https:\/\/www.correiobraziliense.com.br\/cbradar\/#\/schema\/person\/image\/","url":"https:\/\/secure.gravatar.com\/avatar\/4b80ddbd124d1f071b626d52d62e5dff?s=96&d=mm&r=g","contentUrl":"https:\/\/secure.gravatar.com\/avatar\/4b80ddbd124d1f071b626d52d62e5dff?s=96&d=mm&r=g","caption":"Daniely Cardoso"},"description":"Redatora nos portais CB Radar e EM Foco, formada pela Universidade Federal de Goi\u00e1s, em Goi\u00e2nia. Apaixonada por comunica\u00e7\u00e3o, arte, decora\u00e7\u00e3o e tend\u00eancias, atuo na produ\u00e7\u00e3o de conte\u00fados envolventes sobre curiosidades, moda, beleza e paisagismo, sempre com um olhar atento \u00e0s novidades do momento.","sameAs":["https:\/\/www.correiobraziliense.com.br\/cbradar"],"url":"https:\/\/www.correiobraziliense.com.br\/cbradar\/author\/danielymyth\/"}]}},"_links":{"self":[{"href":"https:\/\/www.correiobraziliense.com.br\/cbradar\/wp-json\/wp\/v2\/posts\/157744","targetHints":{"allow":["GET"]}}],"collection":[{"href":"https:\/\/www.correiobraziliense.com.br\/cbradar\/wp-json\/wp\/v2\/posts"}],"about":[{"href":"https:\/\/www.correiobraziliense.com.br\/cbradar\/wp-json\/wp\/v2\/types\/post"}],"author":[{"embeddable":true,"href":"https:\/\/www.correiobraziliense.com.br\/cbradar\/wp-json\/wp\/v2\/users\/9"}],"replies":[{"embeddable":true,"href":"https:\/\/www.correiobraziliense.com.br\/cbradar\/wp-json\/wp\/v2\/comments?post=157744"}],"version-history":[{"count":2,"href":"https:\/\/www.correiobraziliense.com.br\/cbradar\/wp-json\/wp\/v2\/posts\/157744\/revisions"}],"predecessor-version":[{"id":157825,"href":"https:\/\/www.correiobraziliense.com.br\/cbradar\/wp-json\/wp\/v2\/posts\/157744\/revisions\/157825"}],"wp:featuredmedia":[{"embeddable":true,"href":"https:\/\/www.correiobraziliense.com.br\/cbradar\/wp-json\/wp\/v2\/media\/157844"}],"wp:attachment":[{"href":"https:\/\/www.correiobraziliense.com.br\/cbradar\/wp-json\/wp\/v2\/media?parent=157744"}],"wp:term":[{"taxonomy":"category","embeddable":true,"href":"https:\/\/www.correiobraziliense.com.br\/cbradar\/wp-json\/wp\/v2\/categories?post=157744"},{"taxonomy":"post_tag","embeddable":true,"href":"https:\/\/www.correiobraziliense.com.br\/cbradar\/wp-json\/wp\/v2\/tags?post=157744"}],"curies":[{"name":"wp","href":"https:\/\/api.w.org\/{rel}","templated":true}]}}