{"id":157948,"date":"2025-12-19T20:15:00","date_gmt":"2025-12-19T23:15:00","guid":{"rendered":"https:\/\/www.correiobraziliense.com.br\/cbradar\/?p=157948"},"modified":"2025-12-18T09:04:33","modified_gmt":"2025-12-18T12:04:33","slug":"poucos-sabem-desse-impacto-no-figado-de-quem-consome-muitas-frutas","status":"publish","type":"post","link":"https:\/\/www.correiobraziliense.com.br\/cbradar\/poucos-sabem-desse-impacto-no-figado-de-quem-consome-muitas-frutas\/","title":{"rendered":"Poucos sabem desse impacto no f\u00edgado de quem consome muitas frutas"},"content":{"rendered":"\n<p>O consumo excessivo de <strong>a\u00e7\u00facar<\/strong>, em especial da <strong>frutose presente em refrigerantes e produtos ultraprocessados<\/strong>, vem sendo cada vez mais associado a altera\u00e7\u00f5es silenciosas no f\u00edgado. Em muitos casos, essas mudan\u00e7as s\u00f3 s\u00e3o percebidas em exames de rotina, quando a gordura j\u00e1 se acumulou no \u00f3rg\u00e3o, o que coloca a frutose no centro dos debates sobre <strong>sa\u00fade metab\u00f3lica, s\u00edndrome metab\u00f3lica e doen\u00e7as cr\u00f4nicas em 2025<\/strong><a href=\"https:\/\/www.news-medical.net\/news\/20251216\/High-fructose-intake-increases-fatty-liver-risk.aspx\" target=\"_blank\" rel=\"noreferrer noopener\">. As informa\u00e7\u00f5es s\u00e3o do portal News Medical.<\/a><\/p>\n\n\n\n<figure class=\"wp-block-image size-large\"><img decoding=\"async\" width=\"1024\" height=\"576\" src=\"https:\/\/www.correiobraziliense.com.br\/cbradar\/wp-content\/uploads\/2025\/12\/Frutas_Figado_1280x720-1024x576.png\" alt=\"\" class=\"wp-image-157957\" srcset=\"https:\/\/www.correiobraziliense.com.br\/cbradar\/wp-content\/uploads\/2025\/12\/Frutas_Figado_1280x720-1024x576.png 1024w, https:\/\/www.correiobraziliense.com.br\/cbradar\/wp-content\/uploads\/2025\/12\/Frutas_Figado_1280x720-300x169.png 300w, https:\/\/www.correiobraziliense.com.br\/cbradar\/wp-content\/uploads\/2025\/12\/Frutas_Figado_1280x720-768x432.png 768w, https:\/\/www.correiobraziliense.com.br\/cbradar\/wp-content\/uploads\/2025\/12\/Frutas_Figado_1280x720-750x422.png 750w, https:\/\/www.correiobraziliense.com.br\/cbradar\/wp-content\/uploads\/2025\/12\/Frutas_Figado_1280x720-1140x641.png 1140w, https:\/\/www.correiobraziliense.com.br\/cbradar\/wp-content\/uploads\/2025\/12\/Frutas_Figado_1280x720.png 1280w\" sizes=\"(max-width: 1024px) 100vw, 1024px\" \/><\/figure>\n\n\n\n<h2 class=\"wp-block-heading\">O que \u00e9 frutose e qual o impacto na sa\u00fade do f\u00edgado<\/h2>\n\n\n\n<p>A <strong>frutose<\/strong> \u00e9 um monossacar\u00eddeo amplamente utilizado pela ind\u00fastria de alimentos como ado\u00e7ante de baixo custo e alto poder ado\u00e7ante. Em refrigerantes, sucos de caixinha, biscoitos recheados e molhos prontos, a frutose aparece em grandes quantidades, muitas vezes combinada com glicose em forma de <strong>xarope de milho rico em frutose<\/strong>.<\/p>\n\n\n\n<p>Diferentemente de outros carboidratos, grande parte da frutose ingerida \u00e9 metabolizada diretamente no f\u00edgado, onde pode ser convertida em gordura, especialmente quando o consumo cal\u00f3rico total est\u00e1 elevado. Esse processo favorece o dep\u00f3sito de <strong>triglicer\u00eddeos nas c\u00e9lulas hep\u00e1ticas<\/strong>, contribuindo para o desenvolvimento de <strong>esteatose hep\u00e1tica (f\u00edgado gorduroso)<\/strong> e aumento de marcadores inflamat\u00f3rios.<\/p>\n\n\n\n<h2 class=\"wp-block-heading\">Como a frutose se relaciona com o f\u00edgado gorduroso n\u00e3o alco\u00f3lico (NAFLD)<\/h2>\n\n\n\n<p>A <strong>doen\u00e7a hep\u00e1tica gordurosa n\u00e3o alco\u00f3lica (NAFLD)<\/strong> \u00e9 caracterizada pelo ac\u00famulo de gordura no f\u00edgado em indiv\u00edduos sem consumo significativo de \u00e1lcool. Esse quadro varia desde formas leves, apenas com gordura nas c\u00e9lulas, at\u00e9 est\u00e1gios avan\u00e7ados, como a <strong>esteato-hepatite n\u00e3o alco\u00f3lica<\/strong>, em que h\u00e1 inflama\u00e7\u00e3o, fibrose e maior risco de cirrose e c\u00e2ncer de f\u00edgado.<\/p>\n\n\n\n<p>Revis\u00f5es recentes destacam que o uso cont\u00ednuo e elevado de <strong>frutose adicionada em bebidas a\u00e7ucaradas<\/strong> est\u00e1 ligado ao aumento desses casos. Entre os mecanismos descritos, est\u00e3o o aumento da <strong>s\u00edntese de novos \u00e1cidos graxos<\/strong>, maior produ\u00e7\u00e3o de lipoprote\u00ednas ricas em triglicer\u00eddeos, ac\u00famulo de gordura em f\u00edgado e m\u00fasculo, resist\u00eancia \u00e0 insulina e maior vulnerabilidade a <strong>estresse oxidativo<\/strong> e disfun\u00e7\u00f5es mitocondriais.<\/p>\n\n\n\n<h2 class=\"wp-block-heading\">Como a alimenta\u00e7\u00e3o pode proteger o f\u00edgado do excesso de frutose<\/h2>\n\n\n\n<p>A mudan\u00e7a de <strong>h\u00e1bitos alimentares<\/strong> \u00e9 um dos pilares para reduzir o impacto da frutose sobre o f\u00edgado e melhorar o metabolismo como um todo. Evid\u00eancias apontam que reduzir <strong>refrigerantes, sucos ado\u00e7ados e doces industrializados<\/strong> diminui a gordura hep\u00e1tica e melhora exames laboratoriais em poucas semanas, especialmente quando combinada com <strong>perda de peso gradual<\/strong>.<\/p>\n\n\n\n<p>Algumas estrat\u00e9gias frequentemente indicadas por profissionais de sa\u00fade incluem medidas pr\u00e1ticas para o dia a dia, que ajudam a limitar a frutose adicionada e a proteger o f\u00edgado:<\/p>\n\n\n\n<ol class=\"wp-block-list\">\n<li><strong>Cortar ou limitar bebidas a\u00e7ucaradas<\/strong>: dar prefer\u00eancia \u00e0 \u00e1gua, ch\u00e1s sem a\u00e7\u00facar e, quando poss\u00edvel, sucos naturais sem adi\u00e7\u00e3o de ado\u00e7ante.<\/li>\n\n\n\n<li><strong>Priorizar alimentos in natura<\/strong>: frutas inteiras, legumes, verduras, gr\u00e3os integrais e prote\u00ednas de boa qualidade fornecem frutose em quantidades fisiol\u00f3gicas, acompanhada de fibras.<\/li>\n\n\n\n<li><strong>Reduzir gorduras saturadas e colesterol em excesso<\/strong>: diminuir frituras, embutidos, carnes muito gordurosas e produtos de padaria ricos em gordura.<\/li>\n\n\n\n<li><strong>Controlar o tamanho das por\u00e7\u00f5es<\/strong>: evitar grandes volumes de alimentos cal\u00f3ricos, mesmo quando considerados \u201cmais saud\u00e1veis\u201d, para n\u00e3o ultrapassar o gasto energ\u00e9tico di\u00e1rio.<\/li>\n<\/ol>\n\n\n\n<p>Esse tema foi explorado pelo Dr. Lair Rabelo, divulgado no perfil @omelhordodrlair:<\/p>\n\n\n\n<blockquote class=\"tiktok-embed\" cite=\"https:\/\/www.tiktok.com\/@omelhordodrlair\/video\/7560419542070299915\" data-video-id=\"7560419542070299915\" style=\"max-width: 605px;min-width: 325px;\" > <section> <a target=\"_blank\" title=\"@omelhordodrlair\" href=\"https:\/\/www.tiktok.com\/@omelhordodrlair?refer=embed\">@omelhordodrlair<\/a> Frutose \u00e9 um veneno que nem seu c\u00e9rebro aceita, s\u00f3 o seu f\u00edgado. O c\u00e9rebro aceita at\u00e9 o \u00e1lcool, imagine isso. Dr Lair Ribeiro <a title=\"drlairribeiro\" target=\"_blank\" href=\"https:\/\/www.tiktok.com\/tag\/drlairribeiro?refer=embed\">#drlairribeiro<\/a> <a title=\"lairribeiro\" target=\"_blank\" href=\"https:\/\/www.tiktok.com\/tag\/lairribeiro?refer=embed\">#lairribeiro<\/a> <a title=\"acucar\" target=\"_blank\" href=\"https:\/\/www.tiktok.com\/tag\/acucar?refer=embed\">#acucar<\/a> <a title=\"frutose\" target=\"_blank\" href=\"https:\/\/www.tiktok.com\/tag\/frutose?refer=embed\">#frutose<\/a> <a target=\"_blank\" title=\"\u266c som original - O melhor do Dr. Lair Ribeiro\" href=\"https:\/\/www.tiktok.com\/music\/som-original-7560419545953946424?refer=embed\">\u266c som original &#8211; O melhor do Dr. Lair Ribeiro<\/a> <\/section> <\/blockquote> <script async src=\"https:\/\/www.tiktok.com\/embed.js\"><\/script>\n\n\n\n<h2 class=\"wp-block-heading\">Quais mudan\u00e7as de estilo de vida ajudam a prevenir danos hep\u00e1ticos<\/h2>\n\n\n\n<p>Al\u00e9m da alimenta\u00e7\u00e3o, o <strong>estilo de vida geral<\/strong> influencia diretamente o efeito da frutose sobre o f\u00edgado e sobre o risco de NAFLD. A pr\u00e1tica regular de <strong>atividade f\u00edsica<\/strong> aumenta o gasto energ\u00e9tico, melhora a sensibilidade \u00e0 insulina e favorece a utiliza\u00e7\u00e3o de gorduras como fonte de energia, atuando como prote\u00e7\u00e3o metab\u00f3lica importante.<\/p>\n\n\n\n<ul class=\"wp-block-list\">\n<li><strong>Manter peso corporal adequado<\/strong> ou promover redu\u00e7\u00e3o gradual quando h\u00e1 excesso.<\/li>\n\n\n\n<li><strong>Monitorar exames de sangue<\/strong> e, quando indicado, realizar exames de imagem do f\u00edgado.<\/li>\n\n\n\n<li><strong>Ter cuidado com uso prolongado de medicamentos e suplementos<\/strong> sem orienta\u00e7\u00e3o.<\/li>\n\n\n\n<li><strong>Evitar consumo abusivo de \u00e1lcool<\/strong>, que pode potencializar a agress\u00e3o hep\u00e1tica junto ao excesso de frutose.<\/li>\n<\/ul>\n\n\n\n<p>Em 2025, n\u00e3o h\u00e1 <strong>tratamento medicamentoso espec\u00edfico e amplamente consolidado<\/strong> para a doen\u00e7a hep\u00e1tica gordurosa n\u00e3o alco\u00f3lica. Por isso, a combina\u00e7\u00e3o entre <strong>alimenta\u00e7\u00e3o equilibrada<\/strong>, limita\u00e7\u00e3o da frutose adicionada e rotina ativa segue como a principal ferramenta para prevenir, estabilizar ou reverter, em parte dos casos, o ac\u00famulo de gordura no f\u00edgado ao longo do tempo.<\/p>\n","protected":false},"excerpt":{"rendered":"<p>Excesso de frutose e f\u00edgado gorduroso: entenda como refrigerantes e ultraprocessados afetam a sa\u00fade do f\u00edgado e como preveni-lo com a dieta<\/p>\n","protected":false},"author":3,"featured_media":158377,"comment_status":"open","ping_status":"open","sticky":false,"template":"","format":"standard","meta":{"_yoast_wpseo_focuskw":"frutas f\u00edgado","_yoast_wpseo_title":"%%title%%","_yoast_wpseo_metadesc":"Excesso de frutose e f\u00edgado gorduroso: entenda como refrigerantes e ultraprocessados afetam a sa\u00fade do f\u00edgado e como preveni-lo com a dieta","jnews-multi-image_gallery":[],"jnews_single_post":{"format":"standard"},"jnews_primary_category":[],"jnews_social_meta":[],"jnews_override_counter":[],"footnotes":""},"categories":[112],"tags":[281,1423,144,4167,12887,565],"class_list":["post-157948","post","type-post","status-publish","format-standard","has-post-thumbnail","hentry","category-curiosidades","tag-alimentacao","tag-alimentos","tag-curiosidades","tag-figado","tag-frutose","tag-saude"],"yoast_head":"<!-- This site is optimized with the Yoast SEO plugin v24.6 - https:\/\/yoast.com\/wordpress\/plugins\/seo\/ -->\n<title>Poucos sabem desse impacto no f\u00edgado de quem consome muitas frutas<\/title>\n<meta name=\"description\" content=\"Excesso de frutose e f\u00edgado gorduroso: entenda como refrigerantes e ultraprocessados afetam a sa\u00fade do f\u00edgado e como preveni-lo com a dieta\" \/>\n<meta name=\"robots\" content=\"index, follow, max-snippet:-1, max-image-preview:large, max-video-preview:-1\" \/>\n<link rel=\"canonical\" href=\"https:\/\/www.correiobraziliense.com.br\/cbradar\/poucos-sabem-desse-impacto-no-figado-de-quem-consome-muitas-frutas\/\" \/>\n<meta property=\"og:locale\" content=\"pt_BR\" \/>\n<meta property=\"og:type\" content=\"article\" \/>\n<meta property=\"og:title\" content=\"Poucos sabem desse impacto no f\u00edgado de quem consome muitas frutas\" \/>\n<meta property=\"og:description\" content=\"Excesso de frutose e f\u00edgado gorduroso: entenda como refrigerantes e ultraprocessados afetam a sa\u00fade do f\u00edgado e como preveni-lo com a dieta\" \/>\n<meta property=\"og:url\" content=\"https:\/\/www.correiobraziliense.com.br\/cbradar\/poucos-sabem-desse-impacto-no-figado-de-quem-consome-muitas-frutas\/\" \/>\n<meta property=\"og:site_name\" content=\"Correio Braziliense - Radar\" \/>\n<meta property=\"article:published_time\" content=\"2025-12-19T23:15:00+00:00\" \/>\n<meta property=\"og:image\" content=\"https:\/\/www.correiobraziliense.com.br\/cbradar\/wp-content\/uploads\/2025\/12\/freepik__imagem-realista-de-uma-vrias-frutas-em-uma-fruteir__82775.jpeg\" \/>\n\t<meta property=\"og:image:width\" content=\"1280\" \/>\n\t<meta property=\"og:image:height\" content=\"720\" \/>\n\t<meta property=\"og:image:type\" content=\"image\/jpeg\" \/>\n<meta name=\"author\" content=\"Larissa Carvalho\" \/>\n<meta name=\"twitter:card\" content=\"summary_large_image\" \/>\n<meta name=\"twitter:label1\" content=\"Escrito por\" \/>\n\t<meta name=\"twitter:data1\" content=\"Larissa Carvalho\" \/>\n\t<meta name=\"twitter:label2\" content=\"Est. tempo de leitura\" \/>\n\t<meta name=\"twitter:data2\" content=\"4 minutos\" \/>\n<!-- \/ Yoast SEO plugin. -->","yoast_head_json":{"title":"Poucos sabem desse impacto no f\u00edgado de quem consome muitas frutas","description":"Excesso de frutose e f\u00edgado gorduroso: entenda como refrigerantes e ultraprocessados afetam a sa\u00fade do f\u00edgado e como preveni-lo com a dieta","robots":{"index":"index","follow":"follow","max-snippet":"max-snippet:-1","max-image-preview":"max-image-preview:large","max-video-preview":"max-video-preview:-1"},"canonical":"https:\/\/www.correiobraziliense.com.br\/cbradar\/poucos-sabem-desse-impacto-no-figado-de-quem-consome-muitas-frutas\/","og_locale":"pt_BR","og_type":"article","og_title":"Poucos sabem desse impacto no f\u00edgado de quem consome muitas frutas","og_description":"Excesso de frutose e f\u00edgado gorduroso: entenda como refrigerantes e ultraprocessados afetam a sa\u00fade do f\u00edgado e como preveni-lo com a dieta","og_url":"https:\/\/www.correiobraziliense.com.br\/cbradar\/poucos-sabem-desse-impacto-no-figado-de-quem-consome-muitas-frutas\/","og_site_name":"Correio Braziliense - Radar","article_published_time":"2025-12-19T23:15:00+00:00","og_image":[{"width":1280,"height":720,"url":"https:\/\/www.correiobraziliense.com.br\/cbradar\/wp-content\/uploads\/2025\/12\/freepik__imagem-realista-de-uma-vrias-frutas-em-uma-fruteir__82775.jpeg","type":"image\/jpeg"}],"author":"Larissa Carvalho","twitter_card":"summary_large_image","twitter_misc":{"Escrito por":"Larissa Carvalho","Est. tempo de leitura":"4 minutos"},"schema":{"@context":"https:\/\/schema.org","@graph":[{"@type":"WebPage","@id":"https:\/\/www.correiobraziliense.com.br\/cbradar\/poucos-sabem-desse-impacto-no-figado-de-quem-consome-muitas-frutas\/","url":"https:\/\/www.correiobraziliense.com.br\/cbradar\/poucos-sabem-desse-impacto-no-figado-de-quem-consome-muitas-frutas\/","name":"Poucos sabem desse impacto no f\u00edgado de quem consome muitas frutas","isPartOf":{"@id":"https:\/\/www.correiobraziliense.com.br\/cbradar\/#website"},"primaryImageOfPage":{"@id":"https:\/\/www.correiobraziliense.com.br\/cbradar\/poucos-sabem-desse-impacto-no-figado-de-quem-consome-muitas-frutas\/#primaryimage"},"image":{"@id":"https:\/\/www.correiobraziliense.com.br\/cbradar\/poucos-sabem-desse-impacto-no-figado-de-quem-consome-muitas-frutas\/#primaryimage"},"thumbnailUrl":"https:\/\/www.correiobraziliense.com.br\/cbradar\/wp-content\/uploads\/2025\/12\/freepik__imagem-realista-de-uma-vrias-frutas-em-uma-fruteir__82775.jpeg","datePublished":"2025-12-19T23:15:00+00:00","author":{"@id":"https:\/\/www.correiobraziliense.com.br\/cbradar\/#\/schema\/person\/58422787644df994b53a19d3e56c1513"},"description":"Excesso de frutose e f\u00edgado gorduroso: entenda como refrigerantes e ultraprocessados afetam a sa\u00fade do f\u00edgado e como preveni-lo com a dieta","breadcrumb":{"@id":"https:\/\/www.correiobraziliense.com.br\/cbradar\/poucos-sabem-desse-impacto-no-figado-de-quem-consome-muitas-frutas\/#breadcrumb"},"inLanguage":"pt-BR","potentialAction":[{"@type":"ReadAction","target":["https:\/\/www.correiobraziliense.com.br\/cbradar\/poucos-sabem-desse-impacto-no-figado-de-quem-consome-muitas-frutas\/"]}]},{"@type":"ImageObject","inLanguage":"pt-BR","@id":"https:\/\/www.correiobraziliense.com.br\/cbradar\/poucos-sabem-desse-impacto-no-figado-de-quem-consome-muitas-frutas\/#primaryimage","url":"https:\/\/www.correiobraziliense.com.br\/cbradar\/wp-content\/uploads\/2025\/12\/freepik__imagem-realista-de-uma-vrias-frutas-em-uma-fruteir__82775.jpeg","contentUrl":"https:\/\/www.correiobraziliense.com.br\/cbradar\/wp-content\/uploads\/2025\/12\/freepik__imagem-realista-de-uma-vrias-frutas-em-uma-fruteir__82775.jpeg","width":1280,"height":720,"caption":"O consumo elevado de frutose \u00e9 um fator de risco para s\u00edndrome metab\u00f3lica e doen\u00e7as cr\u00f4nicas"},{"@type":"BreadcrumbList","@id":"https:\/\/www.correiobraziliense.com.br\/cbradar\/poucos-sabem-desse-impacto-no-figado-de-quem-consome-muitas-frutas\/#breadcrumb","itemListElement":[{"@type":"ListItem","position":1,"name":"In\u00edcio","item":"https:\/\/www.correiobraziliense.com.br\/cbradar\/"},{"@type":"ListItem","position":2,"name":"Poucos sabem desse impacto no f\u00edgado de quem consome muitas frutas"}]},{"@type":"WebSite","@id":"https:\/\/www.correiobraziliense.com.br\/cbradar\/#website","url":"https:\/\/www.correiobraziliense.com.br\/cbradar\/","name":"Correio Braziliense - Radar","description":"Acompanhe as \u00faltimas not\u00edcias e fique bem informado sobre tudo o que acontece no Brasil e no mundo.","potentialAction":[{"@type":"SearchAction","target":{"@type":"EntryPoint","urlTemplate":"https:\/\/www.correiobraziliense.com.br\/cbradar\/?s={search_term_string}"},"query-input":{"@type":"PropertyValueSpecification","valueRequired":true,"valueName":"search_term_string"}}],"inLanguage":"pt-BR"},{"@type":"Person","@id":"https:\/\/www.correiobraziliense.com.br\/cbradar\/#\/schema\/person\/58422787644df994b53a19d3e56c1513","name":"Larissa Carvalho","image":{"@type":"ImageObject","inLanguage":"pt-BR","@id":"https:\/\/www.correiobraziliense.com.br\/cbradar\/#\/schema\/person\/image\/","url":"https:\/\/secure.gravatar.com\/avatar\/fe4f91a0de32b52a838d0d612abdc1aa?s=96&d=mm&r=g","contentUrl":"https:\/\/secure.gravatar.com\/avatar\/fe4f91a0de32b52a838d0d612abdc1aa?s=96&d=mm&r=g","caption":"Larissa Carvalho"},"url":"https:\/\/www.correiobraziliense.com.br\/cbradar\/author\/larissamyth\/"}]}},"_links":{"self":[{"href":"https:\/\/www.correiobraziliense.com.br\/cbradar\/wp-json\/wp\/v2\/posts\/157948","targetHints":{"allow":["GET"]}}],"collection":[{"href":"https:\/\/www.correiobraziliense.com.br\/cbradar\/wp-json\/wp\/v2\/posts"}],"about":[{"href":"https:\/\/www.correiobraziliense.com.br\/cbradar\/wp-json\/wp\/v2\/types\/post"}],"author":[{"embeddable":true,"href":"https:\/\/www.correiobraziliense.com.br\/cbradar\/wp-json\/wp\/v2\/users\/3"}],"replies":[{"embeddable":true,"href":"https:\/\/www.correiobraziliense.com.br\/cbradar\/wp-json\/wp\/v2\/comments?post=157948"}],"version-history":[{"count":2,"href":"https:\/\/www.correiobraziliense.com.br\/cbradar\/wp-json\/wp\/v2\/posts\/157948\/revisions"}],"predecessor-version":[{"id":158044,"href":"https:\/\/www.correiobraziliense.com.br\/cbradar\/wp-json\/wp\/v2\/posts\/157948\/revisions\/158044"}],"wp:featuredmedia":[{"embeddable":true,"href":"https:\/\/www.correiobraziliense.com.br\/cbradar\/wp-json\/wp\/v2\/media\/158377"}],"wp:attachment":[{"href":"https:\/\/www.correiobraziliense.com.br\/cbradar\/wp-json\/wp\/v2\/media?parent=157948"}],"wp:term":[{"taxonomy":"category","embeddable":true,"href":"https:\/\/www.correiobraziliense.com.br\/cbradar\/wp-json\/wp\/v2\/categories?post=157948"},{"taxonomy":"post_tag","embeddable":true,"href":"https:\/\/www.correiobraziliense.com.br\/cbradar\/wp-json\/wp\/v2\/tags?post=157948"}],"curies":[{"name":"wp","href":"https:\/\/api.w.org\/{rel}","templated":true}]}}