{"id":158005,"date":"2025-12-18T07:45:00","date_gmt":"2025-12-18T10:45:00","guid":{"rendered":"https:\/\/www.correiobraziliense.com.br\/cbradar\/?p=158005"},"modified":"2025-12-17T15:16:42","modified_gmt":"2025-12-17T18:16:42","slug":"beneficios-do-cominho-para-intestino-e-metabolismo","status":"publish","type":"post","link":"https:\/\/www.correiobraziliense.com.br\/cbradar\/beneficios-do-cominho-para-intestino-e-metabolismo\/","title":{"rendered":"Benef\u00edcios do cominho para intestino e metabolismo"},"content":{"rendered":"\n<p>O <strong>Cominho <\/strong>\u00e9 um tempero amplamente utilizado em diversas culin\u00e1rias ao redor do mundo, conhecido por seu aroma e sabor caracter\u00edsticos. Al\u00e9m de enriquecer pratos com seu perfil terroso e ligeiramente amargo, o Cominho tamb\u00e9m oferece uma s\u00e9rie de benef\u00edcios \u00e0 sa\u00fade. Ele \u00e9 rico em nutrientes essenciais e antioxidantes, que desempenham um papel crucial na promo\u00e7\u00e3o do bem-estar geral.<\/p>\n\n\n\n<p>Estudos mostram que a ingest\u00e3o de Cominho pode contribuir para a sa\u00fade do cora\u00e7\u00e3o ao reduzir o risco de doen\u00e7as cardiovasculares. Seu conte\u00fado nutricional inclui vitaminas do complexo B, vitamina E, ferro e magn\u00e9sio, todos essenciais para o corpo. O Cominho, al\u00e9m de incrementar o sabor de alimentos, pode auxiliar no al\u00edvio de desconfortos digestivos, como os associados \u00e0 s\u00edndrome do intestino irrit\u00e1vel.<\/p>\n\n\n\n<h2 class=\"wp-block-heading\">Por que os antioxidantes do Cominho s\u00e3o essenciais?<\/h2>\n\n\n\n<p>O consumo de alimentos ricos em antioxidantes \u00e9 importante para combater os radicais livres no organismo e prevenir doen\u00e7as cr\u00f4nicas. Os antioxidantes presentes no Cominho s\u00e3o potentes aliados na prote\u00e7\u00e3o contra enfermidades card\u00edacas. Segundo especialistas em nutri\u00e7\u00e3o, como a nutricionista Nicole Hopsecger, \u00e9 vital incluir alimentos antioxidantes na dieta di\u00e1ria para um cora\u00e7\u00e3o saud\u00e1vel.<\/p>\n\n\n<div class=\"wp-block-image\">\n<figure class=\"aligncenter size-large\"><img decoding=\"async\" width=\"1024\" height=\"576\" src=\"https:\/\/www.correiobraziliense.com.br\/cbradar\/wp-content\/uploads\/2025\/09\/Cominho_1757289214415-1024x576.jpg\" alt=\"\" class=\"wp-image-100422\" srcset=\"https:\/\/www.correiobraziliense.com.br\/cbradar\/wp-content\/uploads\/2025\/09\/Cominho_1757289214415-1024x576.jpg 1024w, https:\/\/www.correiobraziliense.com.br\/cbradar\/wp-content\/uploads\/2025\/09\/Cominho_1757289214415-300x169.jpg 300w, https:\/\/www.correiobraziliense.com.br\/cbradar\/wp-content\/uploads\/2025\/09\/Cominho_1757289214415-768x432.jpg 768w, https:\/\/www.correiobraziliense.com.br\/cbradar\/wp-content\/uploads\/2025\/09\/Cominho_1757289214415-750x422.jpg 750w, https:\/\/www.correiobraziliense.com.br\/cbradar\/wp-content\/uploads\/2025\/09\/Cominho_1757289214415-1140x641.jpg 1140w, https:\/\/www.correiobraziliense.com.br\/cbradar\/wp-content\/uploads\/2025\/09\/Cominho_1757289214415.jpg 1280w\" sizes=\"(max-width: 1024px) 100vw, 1024px\" \/><figcaption class=\"wp-element-caption\">Cominho &#8211; Cr\u00e9ditos: depositphotos.com \/ bdspn74<\/figcaption><\/figure><\/div>\n\n\n<p>Para maximizar a absor\u00e7\u00e3o dos nutrientes encontrados no Cominho, recomenda-se moer as sementes antes do consumo. Isso facilita a obten\u00e7\u00e3o das vitaminas B e E, al\u00e9m de ferro e magn\u00e9sio, otimizando seus benef\u00edcios nutricionais.<\/p>\n\n\n\n<h2 class=\"wp-block-heading\">Qual a import\u00e2ncia dos nutrientes do Cominho?<\/h2>\n\n\n\n<p>O ferro, presente em boa quantidade no Cominho, \u00e9 fundamental para a produ\u00e7\u00e3o de prote\u00ednas sangu\u00edneas indispens\u00e1veis ao transporte de oxig\u00eanio. O magn\u00e9sio garante o funcionamento adequado dos m\u00fasculos e nervos, enquanto as vitaminas do complexo B apoiam o metabolismo energ\u00e9tico e a sa\u00fade cerebral. A seguran\u00e7a do consumo do Cominho como tempero \u00e9 bem estabelecida; entretanto, suplementa\u00e7\u00e3o deve ser realizada com orienta\u00e7\u00e3o profissional.<\/p>\n\n\n\n<p>Ademais, pesquisas indicam que o extrato de Cominho pode aliviar sintomas de incha\u00e7o e desconforto t\u00edpicos da s\u00edndrome do intestino irrit\u00e1vel. Existem tamb\u00e9m ind\u00edcios de que o Cominho pode beneficiar a fun\u00e7\u00e3o hep\u00e1tica em casos de doen\u00e7a hep\u00e1tica gordurosa n\u00e3o alco\u00f3lica.<\/p>\n\n\n\n<h2 class=\"wp-block-heading\">Cominho contribui para a perda de peso?<\/h2>\n\n\n\n<p>Estudos preliminares sugerem que o Cominho pode ser uma ferramenta auxiliar na redu\u00e7\u00e3o do peso corporal, trazendo benef\u00edcios similares aos de alguns medicamentos para emagrecimento. Embora tr\u00eas gramas di\u00e1rias possam melhorar os n\u00edveis de colesterol, mais pesquisa \u00e9 necess\u00e1ria para confirmar esses efeitos potenciais.<\/p>\n\n\n\n<p>Incorporar o Cominho na dieta cotidiana \u00e9 uma maneira pr\u00e1tica de aproveitar seus benef\u00edcios \u00e0 sa\u00fade. Ele pode ser adicionado a uma variedade de pratos, desde sopas e ensopados at\u00e9 gr\u00e3os cozidos e vegetais assados, pr\u00e1tica comum em culin\u00e1rias mediterr\u00e2neas.<\/p>\n\n\n\n<h2 class=\"wp-block-heading\">Como incorporar o Cominho no cotidiano?<\/h2>\n\n\n\n<p>O Cominho n\u00e3o s\u00f3 melhora o sabor das refei\u00e7\u00f5es como tamb\u00e9m promove a sa\u00fade cardiovascular e digestiva. Quem deseja aproveitar ao m\u00e1ximo seus benef\u00edcios deve considerar inclu\u00ed-lo em diferentes prepara\u00e7\u00f5es culin\u00e1rias. \u00c9 um tempero vers\u00e1til que pode ser utilizado em v\u00e1rias receitas, real\u00e7ando sabores e fornecendo nutrientes essenciais para uma alimenta\u00e7\u00e3o equilibrada.<\/p>\n\n\n\n<p>Este tempero, muitas vezes subestimado, revela-se um aliado poderoso n\u00e3o apenas para a culin\u00e1ria, mas tamb\u00e9m para o cuidado com a sa\u00fade. Assim, explorar o uso do Cominho pode ser um passo significativo para uma dieta mais nutritiva e saborosa.<\/p>\n\n\n<a href=\"https:\/\/www.instagram.com\/dra.annaluisabf\/\" target=\"_blank\" rel=\"noopener\" style=\"text-decoration: none; color: inherit;\">\n    <span style=\"display: inline-block; border: 1px solid #ccc; border-radius: 10px; padding: 15px; max-width: 550px; font-family: sans-serif; box-shadow: 0 2px 5px rgba(0,0,0,0.1); width: 100%;\">\n\n      <!-- T\u00edtulo -->\n      <span style=\"display: block; margin: 0 0 15px 0; font-weight: bold; color: #2c3e50; text-align: center;\">\n        Entre em contato:\n      <\/span>\n\n      <!-- Linha do perfil -->\n      <span style=\"display: flex; align-items: center; gap: 15px;\">\n        <img decoding=\"async\"\n          src=\"https:\/\/www.correiobraziliense.com.br\/cbradar\/wp-content\/uploads\/2025\/08\/dra_anna_luisa.jpeg\"\n          alt=\"Foto da Dra. Anna Lu\u00edsa\"\n          style=\"border-radius: 50%; width: 80px; height: 80px; object-fit: cover;\"\n        \/>\n        <span style=\"display: flex; flex-direction: column;\">\n          <span style=\"font-size: 18px; font-weight: 700; color: #2c3e50;\">Dra. Anna Lu\u00edsa Barbosa Fernandes<\/span>\n          <span style=\"color: #555;\">CRM-GO 33.271<\/span>\n        <\/span>\n      <\/span>\n\n      <!-- Redes -->\n      <span style=\"display: flex; align-items: center; gap: 10px; margin-top: 12px;\">\n        <img decoding=\"async\" src=\"https:\/\/cdn-icons-png.flaticon.com\/24\/1384\/1384063.png\" alt=\"Instagram\" width=\"24\" height=\"24\" \/>\n        <span style=\"text-decoration: underline; color: #2c3e50;\">@dra.annaluisabf<\/span>\n      <\/span>\n\n    <\/span>\n  <\/a>\n\n\n<p><\/p>\n","protected":false},"excerpt":{"rendered":"<p>O Cominho \u00e9 um tempero amplamente utilizado em diversas culin\u00e1rias ao redor do mundo, conhecido por seu aroma e sabor caracter\u00edsticos. Al\u00e9m de enriquecer pratos com seu perfil terroso e ligeiramente amargo, o Cominho tamb\u00e9m oferece uma s\u00e9rie de benef\u00edcios \u00e0 sa\u00fade. Ele \u00e9 rico em nutrientes essenciais e antioxidantes, que desempenham um papel crucial [&hellip;]<\/p>\n","protected":false},"author":14,"featured_media":100421,"comment_status":"open","ping_status":"open","sticky":false,"template":"","format":"standard","meta":{"_yoast_wpseo_focuskw":"Cominho","_yoast_wpseo_title":"","_yoast_wpseo_metadesc":"O cominho \u00e9 rico em antioxidantes e minerais que favorecem o cora\u00e7\u00e3o e a digest\u00e3o. Saiba como usar no dia a dia.","jnews-multi-image_gallery":[],"jnews_single_post":{"format":"standard"},"jnews_primary_category":[],"jnews_social_meta":[],"jnews_override_counter":[],"footnotes":""},"categories":[4404],"tags":[281,120,1318],"class_list":["post-158005","post","type-post","status-publish","format-standard","has-post-thumbnail","hentry","category-saude","tag-alimentacao","tag-bem-estar","tag-saude-2"],"yoast_head":"<!-- This site is optimized with the Yoast SEO plugin v24.6 - https:\/\/yoast.com\/wordpress\/plugins\/seo\/ -->\n<title>Benef\u00edcios do cominho para intestino e metabolismo - Correio Braziliense - Radar<\/title>\n<meta name=\"description\" content=\"O cominho \u00e9 rico em antioxidantes e minerais que favorecem o cora\u00e7\u00e3o e a digest\u00e3o. Saiba como usar no dia a dia.\" \/>\n<meta name=\"robots\" content=\"index, follow, max-snippet:-1, max-image-preview:large, max-video-preview:-1\" \/>\n<link rel=\"canonical\" href=\"https:\/\/www.correiobraziliense.com.br\/cbradar\/beneficios-do-cominho-para-intestino-e-metabolismo\/\" \/>\n<meta property=\"og:locale\" content=\"pt_BR\" \/>\n<meta property=\"og:type\" content=\"article\" \/>\n<meta property=\"og:title\" content=\"Benef\u00edcios do cominho para intestino e metabolismo - Correio Braziliense - Radar\" \/>\n<meta property=\"og:description\" content=\"O cominho \u00e9 rico em antioxidantes e minerais que favorecem o cora\u00e7\u00e3o e a digest\u00e3o. Saiba como usar no dia a dia.\" \/>\n<meta property=\"og:url\" content=\"https:\/\/www.correiobraziliense.com.br\/cbradar\/beneficios-do-cominho-para-intestino-e-metabolismo\/\" \/>\n<meta property=\"og:site_name\" content=\"Correio Braziliense - Radar\" \/>\n<meta property=\"article:published_time\" content=\"2025-12-18T10:45:00+00:00\" \/>\n<meta property=\"og:image\" content=\"https:\/\/www.correiobraziliense.com.br\/cbradar\/wp-content\/uploads\/2025\/09\/Cominho_1757289177266.jpg\" \/>\n\t<meta property=\"og:image:width\" content=\"1280\" \/>\n\t<meta property=\"og:image:height\" content=\"720\" \/>\n\t<meta property=\"og:image:type\" content=\"image\/jpeg\" \/>\n<meta name=\"author\" content=\"guilherme_saude\" \/>\n<meta name=\"twitter:card\" content=\"summary_large_image\" \/>\n<meta name=\"twitter:label1\" content=\"Escrito por\" \/>\n\t<meta name=\"twitter:data1\" content=\"guilherme_saude\" \/>\n\t<meta name=\"twitter:label2\" content=\"Est. tempo de leitura\" \/>\n\t<meta name=\"twitter:data2\" content=\"4 minutos\" \/>\n<!-- \/ Yoast SEO plugin. -->","yoast_head_json":{"title":"Benef\u00edcios do cominho para intestino e metabolismo - Correio Braziliense - Radar","description":"O cominho \u00e9 rico em antioxidantes e minerais que favorecem o cora\u00e7\u00e3o e a digest\u00e3o. Saiba como usar no dia a dia.","robots":{"index":"index","follow":"follow","max-snippet":"max-snippet:-1","max-image-preview":"max-image-preview:large","max-video-preview":"max-video-preview:-1"},"canonical":"https:\/\/www.correiobraziliense.com.br\/cbradar\/beneficios-do-cominho-para-intestino-e-metabolismo\/","og_locale":"pt_BR","og_type":"article","og_title":"Benef\u00edcios do cominho para intestino e metabolismo - Correio Braziliense - Radar","og_description":"O cominho \u00e9 rico em antioxidantes e minerais que favorecem o cora\u00e7\u00e3o e a digest\u00e3o. Saiba como usar no dia a dia.","og_url":"https:\/\/www.correiobraziliense.com.br\/cbradar\/beneficios-do-cominho-para-intestino-e-metabolismo\/","og_site_name":"Correio Braziliense - Radar","article_published_time":"2025-12-18T10:45:00+00:00","og_image":[{"width":1280,"height":720,"url":"https:\/\/www.correiobraziliense.com.br\/cbradar\/wp-content\/uploads\/2025\/09\/Cominho_1757289177266.jpg","type":"image\/jpeg"}],"author":"guilherme_saude","twitter_card":"summary_large_image","twitter_misc":{"Escrito por":"guilherme_saude","Est. tempo de leitura":"4 minutos"},"schema":{"@context":"https:\/\/schema.org","@graph":[{"@type":"WebPage","@id":"https:\/\/www.correiobraziliense.com.br\/cbradar\/beneficios-do-cominho-para-intestino-e-metabolismo\/","url":"https:\/\/www.correiobraziliense.com.br\/cbradar\/beneficios-do-cominho-para-intestino-e-metabolismo\/","name":"Benef\u00edcios do cominho para intestino e metabolismo - Correio Braziliense - Radar","isPartOf":{"@id":"https:\/\/www.correiobraziliense.com.br\/cbradar\/#website"},"primaryImageOfPage":{"@id":"https:\/\/www.correiobraziliense.com.br\/cbradar\/beneficios-do-cominho-para-intestino-e-metabolismo\/#primaryimage"},"image":{"@id":"https:\/\/www.correiobraziliense.com.br\/cbradar\/beneficios-do-cominho-para-intestino-e-metabolismo\/#primaryimage"},"thumbnailUrl":"https:\/\/www.correiobraziliense.com.br\/cbradar\/wp-content\/uploads\/2025\/09\/Cominho_1757289177266.jpg","datePublished":"2025-12-18T10:45:00+00:00","author":{"@id":"https:\/\/www.correiobraziliense.com.br\/cbradar\/#\/schema\/person\/5aa4bf3c8fa699c267933611de12978b"},"description":"O cominho \u00e9 rico em antioxidantes e minerais que favorecem o cora\u00e7\u00e3o e a digest\u00e3o. Saiba como usar no dia a dia.","breadcrumb":{"@id":"https:\/\/www.correiobraziliense.com.br\/cbradar\/beneficios-do-cominho-para-intestino-e-metabolismo\/#breadcrumb"},"inLanguage":"pt-BR","potentialAction":[{"@type":"ReadAction","target":["https:\/\/www.correiobraziliense.com.br\/cbradar\/beneficios-do-cominho-para-intestino-e-metabolismo\/"]}]},{"@type":"ImageObject","inLanguage":"pt-BR","@id":"https:\/\/www.correiobraziliense.com.br\/cbradar\/beneficios-do-cominho-para-intestino-e-metabolismo\/#primaryimage","url":"https:\/\/www.correiobraziliense.com.br\/cbradar\/wp-content\/uploads\/2025\/09\/Cominho_1757289177266.jpg","contentUrl":"https:\/\/www.correiobraziliense.com.br\/cbradar\/wp-content\/uploads\/2025\/09\/Cominho_1757289177266.jpg","width":1280,"height":720,"caption":"Cominho - Cr\u00e9ditos: depositphotos.com \/ VadimVasenin"},{"@type":"BreadcrumbList","@id":"https:\/\/www.correiobraziliense.com.br\/cbradar\/beneficios-do-cominho-para-intestino-e-metabolismo\/#breadcrumb","itemListElement":[{"@type":"ListItem","position":1,"name":"In\u00edcio","item":"https:\/\/www.correiobraziliense.com.br\/cbradar\/"},{"@type":"ListItem","position":2,"name":"Benef\u00edcios do cominho para intestino e metabolismo"}]},{"@type":"WebSite","@id":"https:\/\/www.correiobraziliense.com.br\/cbradar\/#website","url":"https:\/\/www.correiobraziliense.com.br\/cbradar\/","name":"Correio Braziliense - Radar","description":"Acompanhe as \u00faltimas not\u00edcias e fique bem informado sobre tudo o que acontece no Brasil e no mundo.","potentialAction":[{"@type":"SearchAction","target":{"@type":"EntryPoint","urlTemplate":"https:\/\/www.correiobraziliense.com.br\/cbradar\/?s={search_term_string}"},"query-input":{"@type":"PropertyValueSpecification","valueRequired":true,"valueName":"search_term_string"}}],"inLanguage":"pt-BR"},{"@type":"Person","@id":"https:\/\/www.correiobraziliense.com.br\/cbradar\/#\/schema\/person\/5aa4bf3c8fa699c267933611de12978b","name":"guilherme_saude","image":{"@type":"ImageObject","inLanguage":"pt-BR","@id":"https:\/\/www.correiobraziliense.com.br\/cbradar\/#\/schema\/person\/image\/","url":"https:\/\/secure.gravatar.com\/avatar\/df9adfb835d344bc0af109d41756253f?s=96&d=mm&r=g","contentUrl":"https:\/\/secure.gravatar.com\/avatar\/df9adfb835d344bc0af109d41756253f?s=96&d=mm&r=g","caption":"guilherme_saude"},"url":"https:\/\/www.correiobraziliense.com.br\/cbradar\/author\/guilherme_saude\/"}]}},"_links":{"self":[{"href":"https:\/\/www.correiobraziliense.com.br\/cbradar\/wp-json\/wp\/v2\/posts\/158005","targetHints":{"allow":["GET"]}}],"collection":[{"href":"https:\/\/www.correiobraziliense.com.br\/cbradar\/wp-json\/wp\/v2\/posts"}],"about":[{"href":"https:\/\/www.correiobraziliense.com.br\/cbradar\/wp-json\/wp\/v2\/types\/post"}],"author":[{"embeddable":true,"href":"https:\/\/www.correiobraziliense.com.br\/cbradar\/wp-json\/wp\/v2\/users\/14"}],"replies":[{"embeddable":true,"href":"https:\/\/www.correiobraziliense.com.br\/cbradar\/wp-json\/wp\/v2\/comments?post=158005"}],"version-history":[{"count":1,"href":"https:\/\/www.correiobraziliense.com.br\/cbradar\/wp-json\/wp\/v2\/posts\/158005\/revisions"}],"predecessor-version":[{"id":158007,"href":"https:\/\/www.correiobraziliense.com.br\/cbradar\/wp-json\/wp\/v2\/posts\/158005\/revisions\/158007"}],"wp:featuredmedia":[{"embeddable":true,"href":"https:\/\/www.correiobraziliense.com.br\/cbradar\/wp-json\/wp\/v2\/media\/100421"}],"wp:attachment":[{"href":"https:\/\/www.correiobraziliense.com.br\/cbradar\/wp-json\/wp\/v2\/media?parent=158005"}],"wp:term":[{"taxonomy":"category","embeddable":true,"href":"https:\/\/www.correiobraziliense.com.br\/cbradar\/wp-json\/wp\/v2\/categories?post=158005"},{"taxonomy":"post_tag","embeddable":true,"href":"https:\/\/www.correiobraziliense.com.br\/cbradar\/wp-json\/wp\/v2\/tags?post=158005"}],"curies":[{"name":"wp","href":"https:\/\/api.w.org\/{rel}","templated":true}]}}