{"id":158009,"date":"2025-12-18T13:15:00","date_gmt":"2025-12-18T16:15:00","guid":{"rendered":"https:\/\/www.correiobraziliense.com.br\/cbradar\/?p=158009"},"modified":"2025-12-17T15:21:26","modified_gmt":"2025-12-17T18:21:26","slug":"caminhar-todos-os-dias-por-15-dias-faz-diferenca","status":"publish","type":"post","link":"https:\/\/www.correiobraziliense.com.br\/cbradar\/caminhar-todos-os-dias-por-15-dias-faz-diferenca\/","title":{"rendered":"Caminhar todos os dias por 15 dias faz diferen\u00e7a?"},"content":{"rendered":"\n<p>Incorporar uma rotina de caminhadas di\u00e1rias durante quinze dias \u00e9 uma abordagem acess\u00edvel e eficaz para melhorar a sa\u00fade geral. Este h\u00e1bito promove uma s\u00e9rie de transforma\u00e7\u00f5es positivas, que afetam tanto o corpo quanto a mente, sem necessidade de equipamentos sofisticados ou inscri\u00e7\u00f5es em academias.<\/p>\n\n\n\n<p>No \u00e2mbito f\u00edsico, <strong>Caminhar <\/strong>regularmente exerce um impacto not\u00e1vel no sistema cardiovascular. Em apenas duas semanas, \u00e9 poss\u00edvel observar uma melhor circula\u00e7\u00e3o sangu\u00ednea, que contribui para a redu\u00e7\u00e3o da press\u00e3o arterial. Al\u00e9m disso, a caminhada ajuda a fortalecer os m\u00fasculos, especialmente nas pernas, melhorando a resist\u00eancia f\u00edsica e reduzindo a sensa\u00e7\u00e3o de cansa\u00e7o habitual.<\/p>\n\n\n\n<h2 class=\"wp-block-heading\">Como Caminhar beneficia a sa\u00fade mental?<\/h2>\n\n\n\n<p>Os benef\u00edcios da caminhada n\u00e3o se limitam ao f\u00edsico; h\u00e1 tamb\u00e9m impactos profundos na sa\u00fade mental. Durante o exerc\u00edcio, h\u00e1 libera\u00e7\u00e3o de subst\u00e2ncias qu\u00edmicas no c\u00e9rebro, conhecidas como endorfinas, que s\u00e3o respons\u00e1veis por proporcionar uma sensa\u00e7\u00e3o de felicidade e bem-estar. Isso significa que Caminhar pode atuar como uma barreira natural contra a ansiedade e o estresse.<\/p>\n\n\n\n<p>Al\u00e9m disso, praticantes relatam uma maior clareza mental e uma capacidade aprimorada de concentra\u00e7\u00e3o. Esse tempo destinado \u00e0 caminhada oferece uma oportunidade para descomprimir a mente, estimular o racioc\u00ednio criativo e equilibrar as emo\u00e7\u00f5es.<\/p>\n\n\n\n<h2 class=\"wp-block-heading\">Qual \u00e9 o efeito da caminhada no metabolismo e peso corporal?<\/h2>\n\n\n\n<p>Quanto ao metabolismo, a pr\u00e1tica rotineira de Caminhar contribui para o aumento do gasto de calorias, auxiliando na manuten\u00e7\u00e3o de um peso corporal saud\u00e1vel. Em um curto espa\u00e7o de duas semanas, pode-se verificar uma redu\u00e7\u00e3o de medidas em regi\u00f5es como o abd\u00f4men. A atividade f\u00edsica regular tamb\u00e9m melhora a resposta do corpo \u00e0 insulina, um fator crucial na gest\u00e3o do peso.<\/p>\n\n\n\n<p>Essas mudan\u00e7as progressivas refor\u00e7am a ideia de que esfor\u00e7os modestos e consistentes podem levar a melhorias significativas na <a href=\"https:\/\/www.correiobraziliense.com.br\/cbradar\/dr-diego-wildberger-aprenda-a-controlar-a-ansiedade-de-forma-simples-e-eficaz\/\" target=\"_blank\" rel=\"noreferrer noopener\">sa\u00fade <\/a>e no bem-estar.<\/p>\n\n\n\n<figure class=\"wp-block-image aligncenter size-large\"><img decoding=\"async\" width=\"1024\" height=\"576\" src=\"https:\/\/www.correiobraziliense.com.br\/cbradar\/wp-content\/uploads\/2025\/05\/caminhada_1747751149191-1024x576.jpg\" alt=\"\" class=\"wp-image-40038\" srcset=\"https:\/\/www.correiobraziliense.com.br\/cbradar\/wp-content\/uploads\/2025\/05\/caminhada_1747751149191-1024x576.jpg 1024w, https:\/\/www.correiobraziliense.com.br\/cbradar\/wp-content\/uploads\/2025\/05\/caminhada_1747751149191-300x169.jpg 300w, https:\/\/www.correiobraziliense.com.br\/cbradar\/wp-content\/uploads\/2025\/05\/caminhada_1747751149191-768x432.jpg 768w, https:\/\/www.correiobraziliense.com.br\/cbradar\/wp-content\/uploads\/2025\/05\/caminhada_1747751149191-750x422.jpg 750w, https:\/\/www.correiobraziliense.com.br\/cbradar\/wp-content\/uploads\/2025\/05\/caminhada_1747751149191-1140x641.jpg 1140w, https:\/\/www.correiobraziliense.com.br\/cbradar\/wp-content\/uploads\/2025\/05\/caminhada_1747751149191.jpg 1280w\" sizes=\"(max-width: 1024px) 100vw, 1024px\" \/><figcaption class=\"wp-element-caption\">Corrida &#8211; Cr\u00e9ditos: depositphotos.com \/ VitalikRadko\n\n<\/figcaption><\/figure>\n\n\n\n<h2 class=\"wp-block-heading\">Que pr\u00e1ticas podem amplificar os benef\u00edcios de Caminhar?<\/h2>\n\n\n\n<p>Para potencializar os resultados alcan\u00e7ados com a caminhada, algumas diretrizes simples e pr\u00e1ticas podem ser adotadas. Uma postura adequada, juntamente com um ritmo constante, ajuda a maximizar os efeitos ben\u00e9ficos. Certificar-se de que a hidrata\u00e7\u00e3o est\u00e1 em dia \u00e9 igualmente importante, assim como usar cal\u00e7ados adequados que ofere\u00e7am suporte durante a atividade.<\/p>\n\n\n\n<ul class=\"wp-block-list\">\n<li>Postura reta com ombros relaxados \u00e9 importante.<\/li>\n\n\n\n<li>Escolha um ritmo que aumente moderadamente a frequ\u00eancia card\u00edaca.<\/li>\n\n\n\n<li>Mantenha-se hidratado antes e ap\u00f3s a atividade.<\/li>\n\n\n\n<li>Inclua alongamentos suaves antes e depois de cada caminhada.<\/li>\n<\/ul>\n\n\n\n<p>Seguir essas recomenda\u00e7\u00f5es pode intensificar os resultados, capacitando ainda mais o corpo e a mente.<\/p>\n\n\n\n<h2 class=\"wp-block-heading\">Quais sinais indicam que a caminhada est\u00e1 trazendo resultados?<\/h2>\n\n\n\n<p>Os benef\u00edcios trazidos pela caminhada s\u00e3o percept\u00edveis atrav\u00e9s de diversas melhorias no dia a dia. Maior energia, sono de melhor qualidade e redu\u00e7\u00e3o de cansa\u00e7o s\u00e3o sinais claros de adapta\u00e7\u00e3o positiva do organismo \u00e0 atividade f\u00edsica. Al\u00e9m disso, a facilidade em atividades rotineiras e um sentimento geral de bem-estar evidenciam que Caminhar \u00e9 um componente valioso para uma vida mais saud\u00e1vel e equilibrada.<\/p>\n\n\n\n<p>Adotar a caminhada di\u00e1ria como parte de uma rotina saud\u00e1vel \u00e9 uma escolha simples, mas poderosa, que pode transformar profundamente a qualidade de vida ao longo do tempo.<\/p>\n\n\n<a href=\"https:\/\/www.instagram.com\/dra.annaluisabf\/\" target=\"_blank\" rel=\"noopener\" style=\"text-decoration: none; color: inherit;\">\n    <span style=\"display: inline-block; border: 1px solid #ccc; border-radius: 10px; padding: 15px; max-width: 550px; font-family: sans-serif; box-shadow: 0 2px 5px rgba(0,0,0,0.1); width: 100%;\">\n\n      <!-- T\u00edtulo -->\n      <span style=\"display: block; margin: 0 0 15px 0; font-weight: bold; color: #2c3e50; text-align: center;\">\n        Entre em contato:\n      <\/span>\n\n      <!-- Linha do perfil -->\n      <span style=\"display: flex; align-items: center; gap: 15px;\">\n        <img decoding=\"async\"\n          src=\"https:\/\/www.correiobraziliense.com.br\/cbradar\/wp-content\/uploads\/2025\/08\/dra_anna_luisa.jpeg\"\n          alt=\"Foto da Dra. Anna Lu\u00edsa\"\n          style=\"border-radius: 50%; width: 80px; height: 80px; object-fit: cover;\"\n        \/>\n        <span style=\"display: flex; flex-direction: column;\">\n          <span style=\"font-size: 18px; font-weight: 700; color: #2c3e50;\">Dra. Anna Lu\u00edsa Barbosa Fernandes<\/span>\n          <span style=\"color: #555;\">CRM-GO 33.271<\/span>\n        <\/span>\n      <\/span>\n\n      <!-- Redes -->\n      <span style=\"display: flex; align-items: center; gap: 10px; margin-top: 12px;\">\n        <img decoding=\"async\" src=\"https:\/\/cdn-icons-png.flaticon.com\/24\/1384\/1384063.png\" alt=\"Instagram\" width=\"24\" height=\"24\" \/>\n        <span style=\"text-decoration: underline; color: #2c3e50;\">@dra.annaluisabf<\/span>\n      <\/span>\n\n    <\/span>\n  <\/a>","protected":false},"excerpt":{"rendered":"<p>Incorporar uma rotina de caminhadas di\u00e1rias durante quinze dias \u00e9 uma abordagem acess\u00edvel e eficaz para melhorar a sa\u00fade geral. Este h\u00e1bito promove uma s\u00e9rie de transforma\u00e7\u00f5es positivas, que afetam tanto o corpo quanto a mente, sem necessidade de equipamentos sofisticados ou inscri\u00e7\u00f5es em academias. No \u00e2mbito f\u00edsico, Caminhar regularmente exerce um impacto not\u00e1vel no [&hellip;]<\/p>\n","protected":false},"author":14,"featured_media":38336,"comment_status":"open","ping_status":"open","sticky":false,"template":"","format":"standard","meta":{"_yoast_wpseo_focuskw":"Caminhar","_yoast_wpseo_title":"","_yoast_wpseo_metadesc":"Caminhar todos os dias por 15 dias melhora circula\u00e7\u00e3o, humor e metabolismo. Veja os principais benef\u00edcios para o corpo e a mente.","jnews-multi-image_gallery":[],"jnews_single_post":{"format":"standard"},"jnews_primary_category":[],"jnews_social_meta":[],"jnews_override_counter":[],"footnotes":""},"categories":[4404],"tags":[120,2724,1318],"class_list":["post-158009","post","type-post","status-publish","format-standard","has-post-thumbnail","hentry","category-saude","tag-bem-estar","tag-caminhada","tag-saude-2"],"yoast_head":"<!-- This site is optimized with the Yoast SEO plugin v24.6 - https:\/\/yoast.com\/wordpress\/plugins\/seo\/ -->\n<title>Caminhar todos os dias por 15 dias faz diferen\u00e7a? - Correio Braziliense - Radar<\/title>\n<meta name=\"description\" content=\"Caminhar todos os dias por 15 dias melhora circula\u00e7\u00e3o, humor e metabolismo. Veja os principais benef\u00edcios para o corpo e a mente.\" \/>\n<meta name=\"robots\" content=\"index, follow, max-snippet:-1, max-image-preview:large, max-video-preview:-1\" \/>\n<link rel=\"canonical\" href=\"https:\/\/www.correiobraziliense.com.br\/cbradar\/caminhar-todos-os-dias-por-15-dias-faz-diferenca\/\" \/>\n<meta property=\"og:locale\" content=\"pt_BR\" \/>\n<meta property=\"og:type\" content=\"article\" \/>\n<meta property=\"og:title\" content=\"Caminhar todos os dias por 15 dias faz diferen\u00e7a? - Correio Braziliense - Radar\" \/>\n<meta property=\"og:description\" content=\"Caminhar todos os dias por 15 dias melhora circula\u00e7\u00e3o, humor e metabolismo. Veja os principais benef\u00edcios para o corpo e a mente.\" \/>\n<meta property=\"og:url\" content=\"https:\/\/www.correiobraziliense.com.br\/cbradar\/caminhar-todos-os-dias-por-15-dias-faz-diferenca\/\" \/>\n<meta property=\"og:site_name\" content=\"Correio Braziliense - Radar\" \/>\n<meta property=\"article:published_time\" content=\"2025-12-18T16:15:00+00:00\" \/>\n<meta property=\"og:image\" content=\"https:\/\/www.correiobraziliense.com.br\/cbradar\/wp-content\/uploads\/2025\/05\/caminhada_1747439695690.jpg\" \/>\n\t<meta property=\"og:image:width\" content=\"1280\" \/>\n\t<meta property=\"og:image:height\" content=\"720\" \/>\n\t<meta property=\"og:image:type\" content=\"image\/jpeg\" \/>\n<meta name=\"author\" content=\"guilherme_saude\" \/>\n<meta name=\"twitter:card\" content=\"summary_large_image\" \/>\n<meta name=\"twitter:label1\" content=\"Escrito por\" \/>\n\t<meta name=\"twitter:data1\" content=\"guilherme_saude\" \/>\n\t<meta name=\"twitter:label2\" content=\"Est. tempo de leitura\" \/>\n\t<meta name=\"twitter:data2\" content=\"4 minutos\" \/>\n<!-- \/ Yoast SEO plugin. -->","yoast_head_json":{"title":"Caminhar todos os dias por 15 dias faz diferen\u00e7a? - Correio Braziliense - Radar","description":"Caminhar todos os dias por 15 dias melhora circula\u00e7\u00e3o, humor e metabolismo. Veja os principais benef\u00edcios para o corpo e a mente.","robots":{"index":"index","follow":"follow","max-snippet":"max-snippet:-1","max-image-preview":"max-image-preview:large","max-video-preview":"max-video-preview:-1"},"canonical":"https:\/\/www.correiobraziliense.com.br\/cbradar\/caminhar-todos-os-dias-por-15-dias-faz-diferenca\/","og_locale":"pt_BR","og_type":"article","og_title":"Caminhar todos os dias por 15 dias faz diferen\u00e7a? - Correio Braziliense - Radar","og_description":"Caminhar todos os dias por 15 dias melhora circula\u00e7\u00e3o, humor e metabolismo. Veja os principais benef\u00edcios para o corpo e a mente.","og_url":"https:\/\/www.correiobraziliense.com.br\/cbradar\/caminhar-todos-os-dias-por-15-dias-faz-diferenca\/","og_site_name":"Correio Braziliense - Radar","article_published_time":"2025-12-18T16:15:00+00:00","og_image":[{"width":1280,"height":720,"url":"https:\/\/www.correiobraziliense.com.br\/cbradar\/wp-content\/uploads\/2025\/05\/caminhada_1747439695690.jpg","type":"image\/jpeg"}],"author":"guilherme_saude","twitter_card":"summary_large_image","twitter_misc":{"Escrito por":"guilherme_saude","Est. tempo de leitura":"4 minutos"},"schema":{"@context":"https:\/\/schema.org","@graph":[{"@type":"WebPage","@id":"https:\/\/www.correiobraziliense.com.br\/cbradar\/caminhar-todos-os-dias-por-15-dias-faz-diferenca\/","url":"https:\/\/www.correiobraziliense.com.br\/cbradar\/caminhar-todos-os-dias-por-15-dias-faz-diferenca\/","name":"Caminhar todos os dias por 15 dias faz diferen\u00e7a? - Correio Braziliense - Radar","isPartOf":{"@id":"https:\/\/www.correiobraziliense.com.br\/cbradar\/#website"},"primaryImageOfPage":{"@id":"https:\/\/www.correiobraziliense.com.br\/cbradar\/caminhar-todos-os-dias-por-15-dias-faz-diferenca\/#primaryimage"},"image":{"@id":"https:\/\/www.correiobraziliense.com.br\/cbradar\/caminhar-todos-os-dias-por-15-dias-faz-diferenca\/#primaryimage"},"thumbnailUrl":"https:\/\/www.correiobraziliense.com.br\/cbradar\/wp-content\/uploads\/2025\/05\/caminhada_1747439695690.jpg","datePublished":"2025-12-18T16:15:00+00:00","author":{"@id":"https:\/\/www.correiobraziliense.com.br\/cbradar\/#\/schema\/person\/5aa4bf3c8fa699c267933611de12978b"},"description":"Caminhar todos os dias por 15 dias melhora circula\u00e7\u00e3o, humor e metabolismo. Veja os principais benef\u00edcios para o corpo e a mente.","breadcrumb":{"@id":"https:\/\/www.correiobraziliense.com.br\/cbradar\/caminhar-todos-os-dias-por-15-dias-faz-diferenca\/#breadcrumb"},"inLanguage":"pt-BR","potentialAction":[{"@type":"ReadAction","target":["https:\/\/www.correiobraziliense.com.br\/cbradar\/caminhar-todos-os-dias-por-15-dias-faz-diferenca\/"]}]},{"@type":"ImageObject","inLanguage":"pt-BR","@id":"https:\/\/www.correiobraziliense.com.br\/cbradar\/caminhar-todos-os-dias-por-15-dias-faz-diferenca\/#primaryimage","url":"https:\/\/www.correiobraziliense.com.br\/cbradar\/wp-content\/uploads\/2025\/05\/caminhada_1747439695690.jpg","contentUrl":"https:\/\/www.correiobraziliense.com.br\/cbradar\/wp-content\/uploads\/2025\/05\/caminhada_1747439695690.jpg","width":1280,"height":720,"caption":"Estudo liga boa forma f\u00edsica \u00e0 preven\u00e7\u00e3o de c\u00e2nceres graves - Cr\u00e9ditos: depositphotos.com \/ yobro10"},{"@type":"BreadcrumbList","@id":"https:\/\/www.correiobraziliense.com.br\/cbradar\/caminhar-todos-os-dias-por-15-dias-faz-diferenca\/#breadcrumb","itemListElement":[{"@type":"ListItem","position":1,"name":"In\u00edcio","item":"https:\/\/www.correiobraziliense.com.br\/cbradar\/"},{"@type":"ListItem","position":2,"name":"Caminhar todos os dias por 15 dias faz diferen\u00e7a?"}]},{"@type":"WebSite","@id":"https:\/\/www.correiobraziliense.com.br\/cbradar\/#website","url":"https:\/\/www.correiobraziliense.com.br\/cbradar\/","name":"Correio Braziliense - Radar","description":"Acompanhe as \u00faltimas not\u00edcias e fique bem informado sobre tudo o que acontece no Brasil e no mundo.","potentialAction":[{"@type":"SearchAction","target":{"@type":"EntryPoint","urlTemplate":"https:\/\/www.correiobraziliense.com.br\/cbradar\/?s={search_term_string}"},"query-input":{"@type":"PropertyValueSpecification","valueRequired":true,"valueName":"search_term_string"}}],"inLanguage":"pt-BR"},{"@type":"Person","@id":"https:\/\/www.correiobraziliense.com.br\/cbradar\/#\/schema\/person\/5aa4bf3c8fa699c267933611de12978b","name":"guilherme_saude","image":{"@type":"ImageObject","inLanguage":"pt-BR","@id":"https:\/\/www.correiobraziliense.com.br\/cbradar\/#\/schema\/person\/image\/","url":"https:\/\/secure.gravatar.com\/avatar\/df9adfb835d344bc0af109d41756253f?s=96&d=mm&r=g","contentUrl":"https:\/\/secure.gravatar.com\/avatar\/df9adfb835d344bc0af109d41756253f?s=96&d=mm&r=g","caption":"guilherme_saude"},"url":"https:\/\/www.correiobraziliense.com.br\/cbradar\/author\/guilherme_saude\/"}]}},"_links":{"self":[{"href":"https:\/\/www.correiobraziliense.com.br\/cbradar\/wp-json\/wp\/v2\/posts\/158009","targetHints":{"allow":["GET"]}}],"collection":[{"href":"https:\/\/www.correiobraziliense.com.br\/cbradar\/wp-json\/wp\/v2\/posts"}],"about":[{"href":"https:\/\/www.correiobraziliense.com.br\/cbradar\/wp-json\/wp\/v2\/types\/post"}],"author":[{"embeddable":true,"href":"https:\/\/www.correiobraziliense.com.br\/cbradar\/wp-json\/wp\/v2\/users\/14"}],"replies":[{"embeddable":true,"href":"https:\/\/www.correiobraziliense.com.br\/cbradar\/wp-json\/wp\/v2\/comments?post=158009"}],"version-history":[{"count":1,"href":"https:\/\/www.correiobraziliense.com.br\/cbradar\/wp-json\/wp\/v2\/posts\/158009\/revisions"}],"predecessor-version":[{"id":158010,"href":"https:\/\/www.correiobraziliense.com.br\/cbradar\/wp-json\/wp\/v2\/posts\/158009\/revisions\/158010"}],"wp:featuredmedia":[{"embeddable":true,"href":"https:\/\/www.correiobraziliense.com.br\/cbradar\/wp-json\/wp\/v2\/media\/38336"}],"wp:attachment":[{"href":"https:\/\/www.correiobraziliense.com.br\/cbradar\/wp-json\/wp\/v2\/media?parent=158009"}],"wp:term":[{"taxonomy":"category","embeddable":true,"href":"https:\/\/www.correiobraziliense.com.br\/cbradar\/wp-json\/wp\/v2\/categories?post=158009"},{"taxonomy":"post_tag","embeddable":true,"href":"https:\/\/www.correiobraziliense.com.br\/cbradar\/wp-json\/wp\/v2\/tags?post=158009"}],"curies":[{"name":"wp","href":"https:\/\/api.w.org\/{rel}","templated":true}]}}