{"id":158012,"date":"2025-12-18T15:55:00","date_gmt":"2025-12-18T18:55:00","guid":{"rendered":"https:\/\/www.correiobraziliense.com.br\/cbradar\/?p=158012"},"modified":"2025-12-17T15:26:52","modified_gmt":"2025-12-17T18:26:52","slug":"veja-como-plantas-medicinais-podem-auxiliar-no-bem-estar-emocional-e-no-manejo-da-depressao-leve-a-moderada","status":"publish","type":"post","link":"https:\/\/www.correiobraziliense.com.br\/cbradar\/veja-como-plantas-medicinais-podem-auxiliar-no-bem-estar-emocional-e-no-manejo-da-depressao-leve-a-moderada\/","title":{"rendered":"Plantas medicinais podem ajudar no tratamento da depress\u00e3o?"},"content":{"rendered":"\n<p>A luta contra a <strong>Depress\u00e3o <\/strong>\u00e9 um desafio persistente para muitos em todo o mundo, com impactos que v\u00e3o al\u00e9m da sa\u00fade individual, afetando as din\u00e2micas sociais e familiares. Os m\u00e9todos tradicionais de tratamento, como a farmacoterapia e a psicoterapia, t\u00eam o seu lugar garantido, mas h\u00e1 uma crescente curiosidade por alternativas naturais, como a utiliza\u00e7\u00e3o de plantas medicinais. A busca por solu\u00e7\u00f5es mais org\u00e2nicas levou a um interesse renovado em vegetais como a erva-de-s\u00e3o-jo\u00e3o, o a\u00e7afr\u00e3o e a ashwagandha, cada um contribuindo de maneiras distintas para o bem-estar mental.<\/p>\n\n\n\n<p>Dentre essas op\u00e7\u00f5es, as informa\u00e7\u00f5es precursoras sugerem que essas plantas possam atuar como adjuvantes promissores no combate aos sintomas de Depress\u00e3o leve a moderada. Isso se deve ao perfil mais brando de efeitos colaterais, em compara\u00e7\u00e3o com as abordagens farmac\u00eauticas tradicionais, fazendo dessas alternativas op\u00e7\u00f5es bastante consideradas por um n\u00famero crescente de indiv\u00edduos e profissionais da sa\u00fade.<\/p>\n\n\n\n<h2 class=\"wp-block-heading\">Qual o papel da erva-de-s\u00e3o-jo\u00e3o no al\u00edvio dos sintomas depressivos?<\/h2>\n\n\n\n<p>Conhecida cientificamente como Hypericum perforatum, a erva-de-s\u00e3o-jo\u00e3o se destaca por sua utiliza\u00e7\u00e3o hist\u00f3rica no al\u00edvio dos sintomas associados \u00e0 Depress\u00e3o. Elementos como a hipericina e a hiperforina est\u00e3o no centro de suas propriedades terap\u00eauticas, promovendo a regula\u00e7\u00e3o de neurotransmissores essencialmente ligados ao humor, como a serotonina. Funcionando de forma similar a alguns rem\u00e9dios antidepressivos, esta erva \u00e9 celebrada por oferecer suporte emocional com menos repercuss\u00f5es adversas.<\/p>\n\n\n\n<figure class=\"wp-block-image aligncenter size-large\"><img decoding=\"async\" width=\"1024\" height=\"576\" src=\"https:\/\/www.correiobraziliense.com.br\/cbradar\/wp-content\/uploads\/2025\/05\/depressao_1748393572236-1024x576.jpg\" alt=\"\" class=\"wp-image-43897\" srcset=\"https:\/\/www.correiobraziliense.com.br\/cbradar\/wp-content\/uploads\/2025\/05\/depressao_1748393572236-1024x576.jpg 1024w, https:\/\/www.correiobraziliense.com.br\/cbradar\/wp-content\/uploads\/2025\/05\/depressao_1748393572236-300x169.jpg 300w, https:\/\/www.correiobraziliense.com.br\/cbradar\/wp-content\/uploads\/2025\/05\/depressao_1748393572236-768x432.jpg 768w, https:\/\/www.correiobraziliense.com.br\/cbradar\/wp-content\/uploads\/2025\/05\/depressao_1748393572236-750x422.jpg 750w, https:\/\/www.correiobraziliense.com.br\/cbradar\/wp-content\/uploads\/2025\/05\/depressao_1748393572236-1140x641.jpg 1140w, https:\/\/www.correiobraziliense.com.br\/cbradar\/wp-content\/uploads\/2025\/05\/depressao_1748393572236.jpg 1280w\" sizes=\"(max-width: 1024px) 100vw, 1024px\" \/><figcaption class=\"wp-element-caption\">Depress\u00e3o- Cr\u00e9ditos: depositphotos.com \/ kwest\n<\/figcaption><\/figure>\n\n\n\n<h2 class=\"wp-block-heading\">Como o a\u00e7afr\u00e3o \u00e9 aliado no tratamento da sa\u00fade mental?<\/h2>\n\n\n\n<p>O a\u00e7afr\u00e3o, derivado da planta Crocus sativus, tem se mostrado uma especiaria not\u00e1vel n\u00e3o apenas na culin\u00e1ria, mas tamb\u00e9m no setor da <a href=\"https:\/\/www.correiobraziliense.com.br\/cbradar\/dr-diego-wildberger-aprenda-a-controlar-a-ansiedade-de-forma-simples-e-eficaz\/\">sa\u00fade <\/a>mental. Componentes como crocina apresentam efeitos positivos na redu\u00e7\u00e3o do estado de Depress\u00e3o. Estes compostos ajudam ao agir na manuten\u00e7\u00e3o equilibrada de neurotransmissores e proteger contra danos oxidativos cerebrais. Um n\u00famero crescente de estudos sugere que ele pode ser uma op\u00e7\u00e3o vi\u00e1vel, compar\u00e1vel a medicamentos antidepressivos, mas com um perfil de toxicidade mais seguro.<\/p>\n\n\n\n<h2 class=\"wp-block-heading\">Ashwagandha: o adapt\u00f3geno no aux\u00edlio ao estresse<\/h2>\n\n\n\n<p>Utilizada h\u00e1 mil\u00eanios na medicina ayurv\u00e9dica, a ashwagandha (Withania somnifera) \u00e9 nomeada como uma planta adapt\u00f3gena, conhecida por sua capacidade de ajudar o corpo a administrar o estresse. Seus componentes, chamados withanolides, s\u00e3o conhecidos por diminuir os n\u00edveis de cortisol, o horm\u00f4nio associado ao estresse. Al\u00e9m disso, contribui na estabiliza\u00e7\u00e3o dos neurotransmissores que regulam o humor, tornando-a uma abordagem complementar valiosa contra a ansiedade, que frequentemente coexiste com a Depress\u00e3o.<\/p>\n\n\n\n<h2 class=\"wp-block-heading\">A import\u00e2ncia da consulta m\u00e9dica na escolha da fitoterapia<\/h2>\n\n\n\n<p>Embora as plantas medicinais apresentem potenciais significativos no al\u00edvio dos sintomas depressivos, \u00e9 crucial considerar a orienta\u00e7\u00e3o m\u00e9dica adequada ao incorpor\u00e1-las em um plano de tratamento. Cada indiv\u00edduo carrega um conjunto \u00fanico de condi\u00e7\u00f5es e poss\u00edveis rea\u00e7\u00f5es, o que torna a supervis\u00e3o profissional indispens\u00e1vel para prevenir intera\u00e7\u00f5es medicamentosas e assegurar a efic\u00e1cia do regime terap\u00eautico adotado. Portanto, a fitoterapia deve integrar um arsenal de abordagens definido com base em evid\u00eancias e sempre orientado por especialistas na \u00e1rea da sa\u00fade mental.<\/p>\n\n\n\n<p>Enquanto buscamos novas solu\u00e7\u00f5es para antigos problemas, a incorpora\u00e7\u00e3o de plantas medicinais no tratamento da depress\u00e3o continua a ganhar for\u00e7a, refor\u00e7ando a necessidade de combinar conhecimento tradicional e avan\u00e7os cient\u00edficos para atingir resultados sustent\u00e1veis e equilibrados.<\/p>\n\n\n<a href=\"https:\/\/www.instagram.com\/dra.annaluisabf\/\" target=\"_blank\" rel=\"noopener\" style=\"text-decoration: none; color: inherit;\">\n    <span style=\"display: inline-block; border: 1px solid #ccc; border-radius: 10px; padding: 15px; max-width: 550px; font-family: sans-serif; box-shadow: 0 2px 5px rgba(0,0,0,0.1); width: 100%;\">\n\n      <!-- T\u00edtulo -->\n      <span style=\"display: block; margin: 0 0 15px 0; font-weight: bold; color: #2c3e50; text-align: center;\">\n        Entre em contato:\n      <\/span>\n\n      <!-- Linha do perfil -->\n      <span style=\"display: flex; align-items: center; gap: 15px;\">\n        <img decoding=\"async\"\n          src=\"https:\/\/www.correiobraziliense.com.br\/cbradar\/wp-content\/uploads\/2025\/08\/dra_anna_luisa.jpeg\"\n          alt=\"Foto da Dra. Anna Lu\u00edsa\"\n          style=\"border-radius: 50%; width: 80px; height: 80px; object-fit: cover;\"\n        \/>\n        <span style=\"display: flex; flex-direction: column;\">\n          <span style=\"font-size: 18px; font-weight: 700; color: #2c3e50;\">Dra. Anna Lu\u00edsa Barbosa Fernandes<\/span>\n          <span style=\"color: #555;\">CRM-GO 33.271<\/span>\n        <\/span>\n      <\/span>\n\n      <!-- Redes -->\n      <span style=\"display: flex; align-items: center; gap: 10px; margin-top: 12px;\">\n        <img decoding=\"async\" src=\"https:\/\/cdn-icons-png.flaticon.com\/24\/1384\/1384063.png\" alt=\"Instagram\" width=\"24\" height=\"24\" \/>\n        <span style=\"text-decoration: underline; color: #2c3e50;\">@dra.annaluisabf<\/span>\n      <\/span>\n\n    <\/span>\n  <\/a>","protected":false},"excerpt":{"rendered":"<p>A luta contra a Depress\u00e3o \u00e9 um desafio persistente para muitos em todo o mundo, com impactos que v\u00e3o al\u00e9m da sa\u00fade individual, afetando as din\u00e2micas sociais e familiares. Os m\u00e9todos tradicionais de tratamento, como a farmacoterapia e a psicoterapia, t\u00eam o seu lugar garantido, mas h\u00e1 uma crescente curiosidade por alternativas naturais, como a [&hellip;]<\/p>\n","protected":false},"author":14,"featured_media":78534,"comment_status":"open","ping_status":"open","sticky":false,"template":"","format":"standard","meta":{"_yoast_wpseo_focuskw":"Plantas medicinais podem ajudar no tratamento da depress\u00e3o?","_yoast_wpseo_title":"","_yoast_wpseo_metadesc":"Entenda o papel da fitoterapia como complemento no tratamento da depress\u00e3o, sempre com orienta\u00e7\u00e3o m\u00e9dica.","jnews-multi-image_gallery":[],"jnews_single_post":{"format":"standard"},"jnews_primary_category":[],"jnews_social_meta":[],"jnews_override_counter":[],"footnotes":""},"categories":[4404],"tags":[120,247,1318],"class_list":["post-158012","post","type-post","status-publish","format-standard","has-post-thumbnail","hentry","category-saude","tag-bem-estar","tag-qualidade-de-vida","tag-saude-2"],"yoast_head":"<!-- This site is optimized with the Yoast SEO plugin v24.6 - https:\/\/yoast.com\/wordpress\/plugins\/seo\/ -->\n<title>Plantas medicinais podem ajudar no tratamento da depress\u00e3o? - Correio Braziliense - Radar<\/title>\n<meta name=\"description\" content=\"Entenda o papel da fitoterapia como complemento no tratamento da depress\u00e3o, sempre com orienta\u00e7\u00e3o m\u00e9dica.\" \/>\n<meta name=\"robots\" content=\"index, follow, max-snippet:-1, max-image-preview:large, max-video-preview:-1\" \/>\n<link rel=\"canonical\" href=\"https:\/\/www.correiobraziliense.com.br\/cbradar\/veja-como-plantas-medicinais-podem-auxiliar-no-bem-estar-emocional-e-no-manejo-da-depressao-leve-a-moderada\/\" \/>\n<meta property=\"og:locale\" content=\"pt_BR\" \/>\n<meta property=\"og:type\" content=\"article\" \/>\n<meta property=\"og:title\" content=\"Plantas medicinais podem ajudar no tratamento da depress\u00e3o? - Correio Braziliense - Radar\" \/>\n<meta property=\"og:description\" content=\"Entenda o papel da fitoterapia como complemento no tratamento da depress\u00e3o, sempre com orienta\u00e7\u00e3o m\u00e9dica.\" \/>\n<meta property=\"og:url\" content=\"https:\/\/www.correiobraziliense.com.br\/cbradar\/veja-como-plantas-medicinais-podem-auxiliar-no-bem-estar-emocional-e-no-manejo-da-depressao-leve-a-moderada\/\" \/>\n<meta property=\"og:site_name\" content=\"Correio Braziliense - Radar\" \/>\n<meta property=\"article:published_time\" content=\"2025-12-18T18:55:00+00:00\" \/>\n<meta property=\"og:image\" content=\"https:\/\/www.correiobraziliense.com.br\/cbradar\/wp-content\/uploads\/2025\/07\/Antidepressivos-_1753990301787.jpg\" \/>\n\t<meta property=\"og:image:width\" content=\"1280\" \/>\n\t<meta property=\"og:image:height\" content=\"720\" \/>\n\t<meta property=\"og:image:type\" content=\"image\/jpeg\" \/>\n<meta name=\"author\" content=\"guilherme_saude\" \/>\n<meta name=\"twitter:card\" content=\"summary_large_image\" \/>\n<meta name=\"twitter:label1\" content=\"Escrito por\" \/>\n\t<meta name=\"twitter:data1\" content=\"guilherme_saude\" \/>\n\t<meta name=\"twitter:label2\" content=\"Est. tempo de leitura\" \/>\n\t<meta name=\"twitter:data2\" content=\"4 minutos\" \/>\n<!-- \/ Yoast SEO plugin. -->","yoast_head_json":{"title":"Plantas medicinais podem ajudar no tratamento da depress\u00e3o? - Correio Braziliense - Radar","description":"Entenda o papel da fitoterapia como complemento no tratamento da depress\u00e3o, sempre com orienta\u00e7\u00e3o m\u00e9dica.","robots":{"index":"index","follow":"follow","max-snippet":"max-snippet:-1","max-image-preview":"max-image-preview:large","max-video-preview":"max-video-preview:-1"},"canonical":"https:\/\/www.correiobraziliense.com.br\/cbradar\/veja-como-plantas-medicinais-podem-auxiliar-no-bem-estar-emocional-e-no-manejo-da-depressao-leve-a-moderada\/","og_locale":"pt_BR","og_type":"article","og_title":"Plantas medicinais podem ajudar no tratamento da depress\u00e3o? - Correio Braziliense - Radar","og_description":"Entenda o papel da fitoterapia como complemento no tratamento da depress\u00e3o, sempre com orienta\u00e7\u00e3o m\u00e9dica.","og_url":"https:\/\/www.correiobraziliense.com.br\/cbradar\/veja-como-plantas-medicinais-podem-auxiliar-no-bem-estar-emocional-e-no-manejo-da-depressao-leve-a-moderada\/","og_site_name":"Correio Braziliense - Radar","article_published_time":"2025-12-18T18:55:00+00:00","og_image":[{"width":1280,"height":720,"url":"https:\/\/www.correiobraziliense.com.br\/cbradar\/wp-content\/uploads\/2025\/07\/Antidepressivos-_1753990301787.jpg","type":"image\/jpeg"}],"author":"guilherme_saude","twitter_card":"summary_large_image","twitter_misc":{"Escrito por":"guilherme_saude","Est. tempo de leitura":"4 minutos"},"schema":{"@context":"https:\/\/schema.org","@graph":[{"@type":"WebPage","@id":"https:\/\/www.correiobraziliense.com.br\/cbradar\/veja-como-plantas-medicinais-podem-auxiliar-no-bem-estar-emocional-e-no-manejo-da-depressao-leve-a-moderada\/","url":"https:\/\/www.correiobraziliense.com.br\/cbradar\/veja-como-plantas-medicinais-podem-auxiliar-no-bem-estar-emocional-e-no-manejo-da-depressao-leve-a-moderada\/","name":"Plantas medicinais podem ajudar no tratamento da depress\u00e3o? - Correio Braziliense - Radar","isPartOf":{"@id":"https:\/\/www.correiobraziliense.com.br\/cbradar\/#website"},"primaryImageOfPage":{"@id":"https:\/\/www.correiobraziliense.com.br\/cbradar\/veja-como-plantas-medicinais-podem-auxiliar-no-bem-estar-emocional-e-no-manejo-da-depressao-leve-a-moderada\/#primaryimage"},"image":{"@id":"https:\/\/www.correiobraziliense.com.br\/cbradar\/veja-como-plantas-medicinais-podem-auxiliar-no-bem-estar-emocional-e-no-manejo-da-depressao-leve-a-moderada\/#primaryimage"},"thumbnailUrl":"https:\/\/www.correiobraziliense.com.br\/cbradar\/wp-content\/uploads\/2025\/07\/Antidepressivos-_1753990301787.jpg","datePublished":"2025-12-18T18:55:00+00:00","author":{"@id":"https:\/\/www.correiobraziliense.com.br\/cbradar\/#\/schema\/person\/5aa4bf3c8fa699c267933611de12978b"},"description":"Entenda o papel da fitoterapia como complemento no tratamento da depress\u00e3o, sempre com orienta\u00e7\u00e3o m\u00e9dica.","breadcrumb":{"@id":"https:\/\/www.correiobraziliense.com.br\/cbradar\/veja-como-plantas-medicinais-podem-auxiliar-no-bem-estar-emocional-e-no-manejo-da-depressao-leve-a-moderada\/#breadcrumb"},"inLanguage":"pt-BR","potentialAction":[{"@type":"ReadAction","target":["https:\/\/www.correiobraziliense.com.br\/cbradar\/veja-como-plantas-medicinais-podem-auxiliar-no-bem-estar-emocional-e-no-manejo-da-depressao-leve-a-moderada\/"]}]},{"@type":"ImageObject","inLanguage":"pt-BR","@id":"https:\/\/www.correiobraziliense.com.br\/cbradar\/veja-como-plantas-medicinais-podem-auxiliar-no-bem-estar-emocional-e-no-manejo-da-depressao-leve-a-moderada\/#primaryimage","url":"https:\/\/www.correiobraziliense.com.br\/cbradar\/wp-content\/uploads\/2025\/07\/Antidepressivos-_1753990301787.jpg","contentUrl":"https:\/\/www.correiobraziliense.com.br\/cbradar\/wp-content\/uploads\/2025\/07\/Antidepressivos-_1753990301787.jpg","width":1280,"height":720,"caption":"Antidepressivos - Cr\u00e9ditos: depositphotos.com \/ djedzura"},{"@type":"BreadcrumbList","@id":"https:\/\/www.correiobraziliense.com.br\/cbradar\/veja-como-plantas-medicinais-podem-auxiliar-no-bem-estar-emocional-e-no-manejo-da-depressao-leve-a-moderada\/#breadcrumb","itemListElement":[{"@type":"ListItem","position":1,"name":"In\u00edcio","item":"https:\/\/www.correiobraziliense.com.br\/cbradar\/"},{"@type":"ListItem","position":2,"name":"Plantas medicinais podem ajudar no tratamento da depress\u00e3o?"}]},{"@type":"WebSite","@id":"https:\/\/www.correiobraziliense.com.br\/cbradar\/#website","url":"https:\/\/www.correiobraziliense.com.br\/cbradar\/","name":"Correio Braziliense - Radar","description":"Acompanhe as \u00faltimas not\u00edcias e fique bem informado sobre tudo o que acontece no Brasil e no mundo.","potentialAction":[{"@type":"SearchAction","target":{"@type":"EntryPoint","urlTemplate":"https:\/\/www.correiobraziliense.com.br\/cbradar\/?s={search_term_string}"},"query-input":{"@type":"PropertyValueSpecification","valueRequired":true,"valueName":"search_term_string"}}],"inLanguage":"pt-BR"},{"@type":"Person","@id":"https:\/\/www.correiobraziliense.com.br\/cbradar\/#\/schema\/person\/5aa4bf3c8fa699c267933611de12978b","name":"guilherme_saude","image":{"@type":"ImageObject","inLanguage":"pt-BR","@id":"https:\/\/www.correiobraziliense.com.br\/cbradar\/#\/schema\/person\/image\/","url":"https:\/\/secure.gravatar.com\/avatar\/df9adfb835d344bc0af109d41756253f?s=96&d=mm&r=g","contentUrl":"https:\/\/secure.gravatar.com\/avatar\/df9adfb835d344bc0af109d41756253f?s=96&d=mm&r=g","caption":"guilherme_saude"},"url":"https:\/\/www.correiobraziliense.com.br\/cbradar\/author\/guilherme_saude\/"}]}},"_links":{"self":[{"href":"https:\/\/www.correiobraziliense.com.br\/cbradar\/wp-json\/wp\/v2\/posts\/158012","targetHints":{"allow":["GET"]}}],"collection":[{"href":"https:\/\/www.correiobraziliense.com.br\/cbradar\/wp-json\/wp\/v2\/posts"}],"about":[{"href":"https:\/\/www.correiobraziliense.com.br\/cbradar\/wp-json\/wp\/v2\/types\/post"}],"author":[{"embeddable":true,"href":"https:\/\/www.correiobraziliense.com.br\/cbradar\/wp-json\/wp\/v2\/users\/14"}],"replies":[{"embeddable":true,"href":"https:\/\/www.correiobraziliense.com.br\/cbradar\/wp-json\/wp\/v2\/comments?post=158012"}],"version-history":[{"count":1,"href":"https:\/\/www.correiobraziliense.com.br\/cbradar\/wp-json\/wp\/v2\/posts\/158012\/revisions"}],"predecessor-version":[{"id":158013,"href":"https:\/\/www.correiobraziliense.com.br\/cbradar\/wp-json\/wp\/v2\/posts\/158012\/revisions\/158013"}],"wp:featuredmedia":[{"embeddable":true,"href":"https:\/\/www.correiobraziliense.com.br\/cbradar\/wp-json\/wp\/v2\/media\/78534"}],"wp:attachment":[{"href":"https:\/\/www.correiobraziliense.com.br\/cbradar\/wp-json\/wp\/v2\/media?parent=158012"}],"wp:term":[{"taxonomy":"category","embeddable":true,"href":"https:\/\/www.correiobraziliense.com.br\/cbradar\/wp-json\/wp\/v2\/categories?post=158012"},{"taxonomy":"post_tag","embeddable":true,"href":"https:\/\/www.correiobraziliense.com.br\/cbradar\/wp-json\/wp\/v2\/tags?post=158012"}],"curies":[{"name":"wp","href":"https:\/\/api.w.org\/{rel}","templated":true}]}}