{"id":158019,"date":"2025-12-18T21:35:00","date_gmt":"2025-12-19T00:35:00","guid":{"rendered":"https:\/\/www.correiobraziliense.com.br\/cbradar\/?p=158019"},"modified":"2025-12-17T15:39:22","modified_gmt":"2025-12-17T18:39:22","slug":"roma-combate-inflamacoes-e-envelhecimento-precoce","status":"publish","type":"post","link":"https:\/\/www.correiobraziliense.com.br\/cbradar\/roma-combate-inflamacoes-e-envelhecimento-precoce\/","title":{"rendered":"Rom\u00e3 combate inflama\u00e7\u00f5es e envelhecimento precoce"},"content":{"rendered":"\n<p>A Rom\u00e3 \u00e9 uma aliada poderosa na promo\u00e7\u00e3o da sa\u00fade cardiovascular. O consumo regular desta fruta contribui para a diminui\u00e7\u00e3o dos n\u00edveis de colesterol e melhora a circula\u00e7\u00e3o sangu\u00ednea. Esses efeitos s\u00e3o atribu\u00eddos \u00e0 presen\u00e7a de antioxidantes poderosos, como as punicalaginas, que consomem os radicais livres e diminuem a inflama\u00e7\u00e3o nas art\u00e9rias.<\/p>\n\n\n\n<p>Estudos tamb\u00e9m apontam para a efic\u00e1cia da Rom\u00e3 na redu\u00e7\u00e3o dos riscos de doen\u00e7as neurodegenerativas. Compostas por flavonoides e antocianinas, as sementes de Rom\u00e3 podem proteger as c\u00e9lulas cerebrais do estresse oxidativo, preservando a mem\u00f3ria e a fun\u00e7\u00e3o cognitiva em idosos.<\/p>\n\n\n\n<h2 class=\"wp-block-heading\">Como a Rom\u00e3 ajuda no combate ao c\u00e2ncer?<\/h2>\n\n\n\n<p>A luta contra o c\u00e2ncer pode encontrar na Rom\u00e3 um aliado valioso. Os compostos bioativos presentes na fruta, como o \u00e1cido el\u00e1gico, ajudam no combate ao estresse oxidativo, protegendo o DNA das c\u00e9lulas. Esses compostos t\u00eam mostrado potencial em estudos laboratoriais para deter a prolifera\u00e7\u00e3o de c\u00e9lulas cancer\u00edgenas.<\/p>\n\n\n\n<p>Embora a ci\u00eancia ainda esteja desvendando os meios exatos como a Rom\u00e3 desempenha essa fun\u00e7\u00e3o, incluir esta fruta em uma dieta equilibrada pode ser uma medida preventiva eficaz contra o desenvolvimento do c\u00e2ncer.<\/p>\n\n\n\n<h2 class=\"wp-block-heading\">Quais as aplica\u00e7\u00f5es e uso culin\u00e1rio?<\/h2>\n\n\n\n<p>Al\u00e9m de seus benef\u00edcios medicinais, a Rom\u00e3 \u00e9 bastante vers\u00e1til na cozinha. De sabor agridoce, suas sementes servem como complementos para saladas, sobremesas e iogurtes. Para preparar essa fruta, \u00e9 recomendado cortar o topo e a base, partindo a fruta ao meio para expor suas sementes. Essas sementes podem ser consumidas puras ou adicionadas a pratos, oferecendo um toque de frescor e um ar de sofistica\u00e7\u00e3o.<\/p>\n\n\n\n<figure class=\"wp-block-image aligncenter size-large\"><img decoding=\"async\" width=\"1024\" height=\"576\" src=\"https:\/\/www.correiobraziliense.com.br\/cbradar\/wp-content\/uploads\/2025\/05\/roma_1747421648606-1024x576.jpg\" alt=\"\" class=\"wp-image-38209\" srcset=\"https:\/\/www.correiobraziliense.com.br\/cbradar\/wp-content\/uploads\/2025\/05\/roma_1747421648606-1024x576.jpg 1024w, https:\/\/www.correiobraziliense.com.br\/cbradar\/wp-content\/uploads\/2025\/05\/roma_1747421648606-300x169.jpg 300w, https:\/\/www.correiobraziliense.com.br\/cbradar\/wp-content\/uploads\/2025\/05\/roma_1747421648606-768x432.jpg 768w, https:\/\/www.correiobraziliense.com.br\/cbradar\/wp-content\/uploads\/2025\/05\/roma_1747421648606-750x422.jpg 750w, https:\/\/www.correiobraziliense.com.br\/cbradar\/wp-content\/uploads\/2025\/05\/roma_1747421648606-1140x641.jpg 1140w, https:\/\/www.correiobraziliense.com.br\/cbradar\/wp-content\/uploads\/2025\/05\/roma_1747421648606.jpg 1280w\" sizes=\"(max-width: 1024px) 100vw, 1024px\" \/><figcaption class=\"wp-element-caption\">descoberta a fruta mais f\u00e1cil de cultivar que previne doen\u00e7as graves &#8211; Cr\u00e9ditos: depositphotos.com \/ olgamanukyan\n<\/figcaption><\/figure>\n\n\n\n<p>O ch\u00e1 de Rom\u00e3, preparado frequentemente a partir da casca seca, \u00e9 outra forma de aproveitar suas propriedades. Este ch\u00e1 possui um efeito antioxidante aprimorado, que pode ajudar a combater a inflama\u00e7\u00e3o e proteger contra infec\u00e7\u00f5es.<\/p>\n\n\n\n<h2 class=\"wp-block-heading\">Quais os riscos e contraindica\u00e7\u00f5es?<\/h2>\n\n\n\n<p>Embora a Rom\u00e3 seja geralmente segura para consumo, h\u00e1 algumas contraindica\u00e7\u00f5es a considerar. O consumo excessivo da casca ou do caule pode ser prejudicial, causando efeitos colaterais como n\u00e1useas ou at\u00e9 mesmo intoxica\u00e7\u00e3o. Pessoas que apresentam condi\u00e7\u00f5es gastrointestinais, como gastrite, podem enfrentar desconforto ao ingerir a fruta.<\/p>\n\n\n\n<p>Al\u00e9m disso, aqueles que tomam medicamentos regularmente devem consultar um m\u00e9dico antes de adicionar a Rom\u00e3 \u00e0 dieta. Por suas intera\u00e7\u00f5es com certos medicamentos, \u00e9 sempre prudente garantir que seu consumo n\u00e3o altere a efic\u00e1cia dos tratamentos farmacol\u00f3gicos em andamento.<\/p>\n\n\n\n<h2 class=\"wp-block-heading\">Qual o impacto na Sa\u00fade da Pele?<\/h2>\n\n\n\n<p>A <a href=\"https:\/\/www.correiobraziliense.com.br\/cbradar\/dr-diego-wildberger-aprenda-a-controlar-a-ansiedade-de-forma-simples-e-eficaz\/\" target=\"_blank\" rel=\"noreferrer noopener\">sa\u00fade <\/a>da pele tamb\u00e9m pode ser beneficiada pela ingest\u00e3o de Rom\u00e3. Rica em elagitaninos, as propriedades antioxidantes dessa fruta combatem os efeitos dos raios ultravioleta, retardando o processo de envelhecimento. Como consequ\u00eancia, h\u00e1 uma promo\u00e7\u00e3o na elasticidade cut\u00e2nea e uma redu\u00e7\u00e3o no aparecimento de rugas.<\/p>\n\n\n\n<p>Em suma, a rom\u00e3 \u00e9 um verdadeiro presente da natureza, reunindo sabor, versatilidade e uma ampla gama de vantagens para a sa\u00fade. Assumir uma abordagem equilibrada, ao incorporar a fruta em uma dieta saud\u00e1vel, pode ser uma estrat\u00e9gia eficaz para se alcan\u00e7ar um bem-estar geral e duradouro.<\/p>\n\n\n<a href=\"https:\/\/www.instagram.com\/dra.annaluisabf\/\" target=\"_blank\" rel=\"noopener\" style=\"text-decoration: none; color: inherit;\">\n    <span style=\"display: inline-block; border: 1px solid #ccc; border-radius: 10px; padding: 15px; max-width: 550px; font-family: sans-serif; box-shadow: 0 2px 5px rgba(0,0,0,0.1); width: 100%;\">\n\n      <!-- T\u00edtulo -->\n      <span style=\"display: block; margin: 0 0 15px 0; font-weight: bold; color: #2c3e50; text-align: center;\">\n        Entre em contato:\n      <\/span>\n\n      <!-- Linha do perfil -->\n      <span style=\"display: flex; align-items: center; gap: 15px;\">\n        <img decoding=\"async\"\n          src=\"https:\/\/www.correiobraziliense.com.br\/cbradar\/wp-content\/uploads\/2025\/08\/dra_anna_luisa.jpeg\"\n          alt=\"Foto da Dra. Anna Lu\u00edsa\"\n          style=\"border-radius: 50%; width: 80px; height: 80px; object-fit: cover;\"\n        \/>\n        <span style=\"display: flex; flex-direction: column;\">\n          <span style=\"font-size: 18px; font-weight: 700; color: #2c3e50;\">Dra. Anna Lu\u00edsa Barbosa Fernandes<\/span>\n          <span style=\"color: #555;\">CRM-GO 33.271<\/span>\n        <\/span>\n      <\/span>\n\n      <!-- Redes -->\n      <span style=\"display: flex; align-items: center; gap: 10px; margin-top: 12px;\">\n        <img decoding=\"async\" src=\"https:\/\/cdn-icons-png.flaticon.com\/24\/1384\/1384063.png\" alt=\"Instagram\" width=\"24\" height=\"24\" \/>\n        <span style=\"text-decoration: underline; color: #2c3e50;\">@dra.annaluisabf<\/span>\n      <\/span>\n\n    <\/span>\n  <\/a>","protected":false},"excerpt":{"rendered":"<p>A Rom\u00e3 \u00e9 uma aliada poderosa na promo\u00e7\u00e3o da sa\u00fade cardiovascular. O consumo regular desta fruta contribui para a diminui\u00e7\u00e3o dos n\u00edveis de colesterol e melhora a circula\u00e7\u00e3o sangu\u00ednea. Esses efeitos s\u00e3o atribu\u00eddos \u00e0 presen\u00e7a de antioxidantes poderosos, como as punicalaginas, que consomem os radicais livres e diminuem a inflama\u00e7\u00e3o nas art\u00e9rias. Estudos tamb\u00e9m apontam [&hellip;]<\/p>\n","protected":false},"author":14,"featured_media":38293,"comment_status":"open","ping_status":"open","sticky":false,"template":"","format":"standard","meta":{"_yoast_wpseo_focuskw":"Rom\u00e3","_yoast_wpseo_title":"","_yoast_wpseo_metadesc":"Rica em antioxidantes, a rom\u00e3 ajuda o cora\u00e7\u00e3o, o c\u00e9rebro e a pele. Veja benef\u00edcios e cuidados no consumo.","jnews-multi-image_gallery":[],"jnews_single_post":{"format":"standard"},"jnews_primary_category":[],"jnews_social_meta":[],"jnews_override_counter":[],"footnotes":""},"categories":[4404],"tags":[120,247,1318],"class_list":["post-158019","post","type-post","status-publish","format-standard","has-post-thumbnail","hentry","category-saude","tag-bem-estar","tag-qualidade-de-vida","tag-saude-2"],"yoast_head":"<!-- This site is optimized with the Yoast SEO plugin v24.6 - https:\/\/yoast.com\/wordpress\/plugins\/seo\/ -->\n<title>Rom\u00e3 combate inflama\u00e7\u00f5es e envelhecimento precoce - Correio Braziliense - Radar<\/title>\n<meta name=\"description\" content=\"Rica em antioxidantes, a rom\u00e3 ajuda o cora\u00e7\u00e3o, o c\u00e9rebro e a pele. Veja benef\u00edcios e cuidados no consumo.\" \/>\n<meta name=\"robots\" content=\"index, follow, max-snippet:-1, max-image-preview:large, max-video-preview:-1\" \/>\n<link rel=\"canonical\" href=\"https:\/\/www.correiobraziliense.com.br\/cbradar\/roma-combate-inflamacoes-e-envelhecimento-precoce\/\" \/>\n<meta property=\"og:locale\" content=\"pt_BR\" \/>\n<meta property=\"og:type\" content=\"article\" \/>\n<meta property=\"og:title\" content=\"Rom\u00e3 combate inflama\u00e7\u00f5es e envelhecimento precoce - Correio Braziliense - Radar\" \/>\n<meta property=\"og:description\" content=\"Rica em antioxidantes, a rom\u00e3 ajuda o cora\u00e7\u00e3o, o c\u00e9rebro e a pele. Veja benef\u00edcios e cuidados no consumo.\" \/>\n<meta property=\"og:url\" content=\"https:\/\/www.correiobraziliense.com.br\/cbradar\/roma-combate-inflamacoes-e-envelhecimento-precoce\/\" \/>\n<meta property=\"og:site_name\" content=\"Correio Braziliense - Radar\" \/>\n<meta property=\"article:published_time\" content=\"2025-12-19T00:35:00+00:00\" \/>\n<meta property=\"og:image\" content=\"https:\/\/www.correiobraziliense.com.br\/cbradar\/wp-content\/uploads\/2025\/05\/roma_1747421455225-1.jpg\" \/>\n\t<meta property=\"og:image:width\" content=\"1280\" \/>\n\t<meta property=\"og:image:height\" content=\"720\" \/>\n\t<meta property=\"og:image:type\" content=\"image\/jpeg\" \/>\n<meta name=\"author\" content=\"guilherme_saude\" \/>\n<meta name=\"twitter:card\" content=\"summary_large_image\" \/>\n<meta name=\"twitter:label1\" content=\"Escrito por\" \/>\n\t<meta name=\"twitter:data1\" content=\"guilherme_saude\" \/>\n\t<meta name=\"twitter:label2\" content=\"Est. tempo de leitura\" \/>\n\t<meta name=\"twitter:data2\" content=\"4 minutos\" \/>\n<!-- \/ Yoast SEO plugin. -->","yoast_head_json":{"title":"Rom\u00e3 combate inflama\u00e7\u00f5es e envelhecimento precoce - Correio Braziliense - Radar","description":"Rica em antioxidantes, a rom\u00e3 ajuda o cora\u00e7\u00e3o, o c\u00e9rebro e a pele. Veja benef\u00edcios e cuidados no consumo.","robots":{"index":"index","follow":"follow","max-snippet":"max-snippet:-1","max-image-preview":"max-image-preview:large","max-video-preview":"max-video-preview:-1"},"canonical":"https:\/\/www.correiobraziliense.com.br\/cbradar\/roma-combate-inflamacoes-e-envelhecimento-precoce\/","og_locale":"pt_BR","og_type":"article","og_title":"Rom\u00e3 combate inflama\u00e7\u00f5es e envelhecimento precoce - Correio Braziliense - Radar","og_description":"Rica em antioxidantes, a rom\u00e3 ajuda o cora\u00e7\u00e3o, o c\u00e9rebro e a pele. Veja benef\u00edcios e cuidados no consumo.","og_url":"https:\/\/www.correiobraziliense.com.br\/cbradar\/roma-combate-inflamacoes-e-envelhecimento-precoce\/","og_site_name":"Correio Braziliense - Radar","article_published_time":"2025-12-19T00:35:00+00:00","og_image":[{"width":1280,"height":720,"url":"https:\/\/www.correiobraziliense.com.br\/cbradar\/wp-content\/uploads\/2025\/05\/roma_1747421455225-1.jpg","type":"image\/jpeg"}],"author":"guilherme_saude","twitter_card":"summary_large_image","twitter_misc":{"Escrito por":"guilherme_saude","Est. tempo de leitura":"4 minutos"},"schema":{"@context":"https:\/\/schema.org","@graph":[{"@type":"WebPage","@id":"https:\/\/www.correiobraziliense.com.br\/cbradar\/roma-combate-inflamacoes-e-envelhecimento-precoce\/","url":"https:\/\/www.correiobraziliense.com.br\/cbradar\/roma-combate-inflamacoes-e-envelhecimento-precoce\/","name":"Rom\u00e3 combate inflama\u00e7\u00f5es e envelhecimento precoce - Correio Braziliense - Radar","isPartOf":{"@id":"https:\/\/www.correiobraziliense.com.br\/cbradar\/#website"},"primaryImageOfPage":{"@id":"https:\/\/www.correiobraziliense.com.br\/cbradar\/roma-combate-inflamacoes-e-envelhecimento-precoce\/#primaryimage"},"image":{"@id":"https:\/\/www.correiobraziliense.com.br\/cbradar\/roma-combate-inflamacoes-e-envelhecimento-precoce\/#primaryimage"},"thumbnailUrl":"https:\/\/www.correiobraziliense.com.br\/cbradar\/wp-content\/uploads\/2025\/05\/roma_1747421455225-1.jpg","datePublished":"2025-12-19T00:35:00+00:00","author":{"@id":"https:\/\/www.correiobraziliense.com.br\/cbradar\/#\/schema\/person\/5aa4bf3c8fa699c267933611de12978b"},"description":"Rica em antioxidantes, a rom\u00e3 ajuda o cora\u00e7\u00e3o, o c\u00e9rebro e a pele. Veja benef\u00edcios e cuidados no consumo.","breadcrumb":{"@id":"https:\/\/www.correiobraziliense.com.br\/cbradar\/roma-combate-inflamacoes-e-envelhecimento-precoce\/#breadcrumb"},"inLanguage":"pt-BR","potentialAction":[{"@type":"ReadAction","target":["https:\/\/www.correiobraziliense.com.br\/cbradar\/roma-combate-inflamacoes-e-envelhecimento-precoce\/"]}]},{"@type":"ImageObject","inLanguage":"pt-BR","@id":"https:\/\/www.correiobraziliense.com.br\/cbradar\/roma-combate-inflamacoes-e-envelhecimento-precoce\/#primaryimage","url":"https:\/\/www.correiobraziliense.com.br\/cbradar\/wp-content\/uploads\/2025\/05\/roma_1747421455225-1.jpg","contentUrl":"https:\/\/www.correiobraziliense.com.br\/cbradar\/wp-content\/uploads\/2025\/05\/roma_1747421455225-1.jpg","width":1280,"height":720},{"@type":"BreadcrumbList","@id":"https:\/\/www.correiobraziliense.com.br\/cbradar\/roma-combate-inflamacoes-e-envelhecimento-precoce\/#breadcrumb","itemListElement":[{"@type":"ListItem","position":1,"name":"In\u00edcio","item":"https:\/\/www.correiobraziliense.com.br\/cbradar\/"},{"@type":"ListItem","position":2,"name":"Rom\u00e3 combate inflama\u00e7\u00f5es e envelhecimento precoce"}]},{"@type":"WebSite","@id":"https:\/\/www.correiobraziliense.com.br\/cbradar\/#website","url":"https:\/\/www.correiobraziliense.com.br\/cbradar\/","name":"Correio Braziliense - Radar","description":"Acompanhe as \u00faltimas not\u00edcias e fique bem informado sobre tudo o que acontece no Brasil e no mundo.","potentialAction":[{"@type":"SearchAction","target":{"@type":"EntryPoint","urlTemplate":"https:\/\/www.correiobraziliense.com.br\/cbradar\/?s={search_term_string}"},"query-input":{"@type":"PropertyValueSpecification","valueRequired":true,"valueName":"search_term_string"}}],"inLanguage":"pt-BR"},{"@type":"Person","@id":"https:\/\/www.correiobraziliense.com.br\/cbradar\/#\/schema\/person\/5aa4bf3c8fa699c267933611de12978b","name":"guilherme_saude","image":{"@type":"ImageObject","inLanguage":"pt-BR","@id":"https:\/\/www.correiobraziliense.com.br\/cbradar\/#\/schema\/person\/image\/","url":"https:\/\/secure.gravatar.com\/avatar\/df9adfb835d344bc0af109d41756253f?s=96&d=mm&r=g","contentUrl":"https:\/\/secure.gravatar.com\/avatar\/df9adfb835d344bc0af109d41756253f?s=96&d=mm&r=g","caption":"guilherme_saude"},"url":"https:\/\/www.correiobraziliense.com.br\/cbradar\/author\/guilherme_saude\/"}]}},"_links":{"self":[{"href":"https:\/\/www.correiobraziliense.com.br\/cbradar\/wp-json\/wp\/v2\/posts\/158019","targetHints":{"allow":["GET"]}}],"collection":[{"href":"https:\/\/www.correiobraziliense.com.br\/cbradar\/wp-json\/wp\/v2\/posts"}],"about":[{"href":"https:\/\/www.correiobraziliense.com.br\/cbradar\/wp-json\/wp\/v2\/types\/post"}],"author":[{"embeddable":true,"href":"https:\/\/www.correiobraziliense.com.br\/cbradar\/wp-json\/wp\/v2\/users\/14"}],"replies":[{"embeddable":true,"href":"https:\/\/www.correiobraziliense.com.br\/cbradar\/wp-json\/wp\/v2\/comments?post=158019"}],"version-history":[{"count":1,"href":"https:\/\/www.correiobraziliense.com.br\/cbradar\/wp-json\/wp\/v2\/posts\/158019\/revisions"}],"predecessor-version":[{"id":158020,"href":"https:\/\/www.correiobraziliense.com.br\/cbradar\/wp-json\/wp\/v2\/posts\/158019\/revisions\/158020"}],"wp:featuredmedia":[{"embeddable":true,"href":"https:\/\/www.correiobraziliense.com.br\/cbradar\/wp-json\/wp\/v2\/media\/38293"}],"wp:attachment":[{"href":"https:\/\/www.correiobraziliense.com.br\/cbradar\/wp-json\/wp\/v2\/media?parent=158019"}],"wp:term":[{"taxonomy":"category","embeddable":true,"href":"https:\/\/www.correiobraziliense.com.br\/cbradar\/wp-json\/wp\/v2\/categories?post=158019"},{"taxonomy":"post_tag","embeddable":true,"href":"https:\/\/www.correiobraziliense.com.br\/cbradar\/wp-json\/wp\/v2\/tags?post=158019"}],"curies":[{"name":"wp","href":"https:\/\/api.w.org\/{rel}","templated":true}]}}