{"id":158022,"date":"2025-12-18T18:25:00","date_gmt":"2025-12-18T21:25:00","guid":{"rendered":"https:\/\/www.correiobraziliense.com.br\/cbradar\/?p=158022"},"modified":"2025-12-17T16:07:04","modified_gmt":"2025-12-17T19:07:04","slug":"vinagre-de-maca-no-cabelo-funciona-mesmo","status":"publish","type":"post","link":"https:\/\/www.correiobraziliense.com.br\/cbradar\/vinagre-de-maca-no-cabelo-funciona-mesmo\/","title":{"rendered":"Vinagre de ma\u00e7\u00e3 no cabelo funciona mesmo"},"content":{"rendered":"\n<p>O uso de <strong>Vinagre de Ma\u00e7\u00e3<\/strong> em tratamentos de cabelo n\u00e3o \u00e9 apenas uma moda passageira, mas uma pr\u00e1tica fundamentada em princ\u00edpios qu\u00edmicos que ajudam a melhorar a textura e o brilho dos fios. Isso se deve principalmente ao ajuste do pH capilar promovido pela acidifica\u00e7\u00e3o, um processo que pode ser realizado facilmente em casa. Quando o cabelo perde seu brilho natural e fica com aspecto \u00e1spero, muitas vezes o problema est\u00e1 na exposi\u00e7\u00e3o a produtos alcalinos, que deixam as cut\u00edculas abertas e a fibra capilar exposta.<\/p>\n\n\n\n<p>Entender como o pH afeta a sa\u00fade capilar \u00e9 fundamental para reconhecer as propriedades do Vinagre de Ma\u00e7\u00e3. O cabelo saud\u00e1vel possui um pH levemente \u00e1cido, similar ao do vinagre, enquanto muitos shampoos s\u00e3o alcalinos. O uso de Vinagre de Ma\u00e7\u00e3, com pH entre 2,5 e 3,5, ajuda a fechar as cut\u00edculas do cabelo, fazendo com que ele reflita melhor a luz, promovendo o t\u00e3o desejado brilho. Al\u00e9m de selar as cut\u00edculas, a acidifica\u00e7\u00e3o pode auxiliar na remo\u00e7\u00e3o de res\u00edduos que se acumulam devido ao uso de produtos regulares e \u00e0 exposi\u00e7\u00e3o a minerais presentes na \u00e1gua.<\/p>\n\n\n\n<h2 class=\"wp-block-heading\">Como o vinagre auxilia na remo\u00e7\u00e3o de res\u00edduos no cabelo?<\/h2>\n\n\n<div class=\"wp-block-image\">\n<figure class=\"aligncenter size-large\"><img decoding=\"async\" width=\"1024\" height=\"576\" src=\"https:\/\/www.correiobraziliense.com.br\/cbradar\/wp-content\/uploads\/2025\/11\/Vinagre-de-Maca_1762197800656-1024x576.jpg\" alt=\"\" class=\"wp-image-131119\" srcset=\"https:\/\/www.correiobraziliense.com.br\/cbradar\/wp-content\/uploads\/2025\/11\/Vinagre-de-Maca_1762197800656-1024x576.jpg 1024w, https:\/\/www.correiobraziliense.com.br\/cbradar\/wp-content\/uploads\/2025\/11\/Vinagre-de-Maca_1762197800656-300x169.jpg 300w, https:\/\/www.correiobraziliense.com.br\/cbradar\/wp-content\/uploads\/2025\/11\/Vinagre-de-Maca_1762197800656-768x432.jpg 768w, https:\/\/www.correiobraziliense.com.br\/cbradar\/wp-content\/uploads\/2025\/11\/Vinagre-de-Maca_1762197800656-750x422.jpg 750w, https:\/\/www.correiobraziliense.com.br\/cbradar\/wp-content\/uploads\/2025\/11\/Vinagre-de-Maca_1762197800656-1140x641.jpg 1140w, https:\/\/www.correiobraziliense.com.br\/cbradar\/wp-content\/uploads\/2025\/11\/Vinagre-de-Maca_1762197800656.jpg 1280w\" sizes=\"(max-width: 1024px) 100vw, 1024px\" \/><figcaption class=\"wp-element-caption\">Vinagre de Ma\u00e7\u00e3 &#8211; Cr\u00e9ditos: depositphotos.com \/ Thamkc<\/figcaption><\/figure><\/div>\n\n\n<p>A pr\u00e1tica de usar vinagre para limpeza capilar n\u00e3o se limita ao alinhamento das cut\u00edculas. A acidez do vinagre funciona como um solvente natural que ajuda a remover ac\u00famulos de produtos, como condicionadores e finalizadores, que muitas vezes os shampoos n\u00e3o conseguem eliminar completamente. Isso ajuda a \u201cdesintoxicar\u201d o cabelo, permitindo que tratamentos de hidrata\u00e7\u00e3o penetrem de forma mais eficiente.<\/p>\n\n\n\n<p>A receita para a acidifica\u00e7\u00e3o \u00e9 simples e segura, mas exige aten\u00e7\u00e3o para n\u00e3o causar ressecamento. A dilui\u00e7\u00e3o correta \u00e9 crucial: deve-se misturar uma colher de sopa de Vinagre de Ma\u00e7\u00e3 em 200ml de \u00e1gua filtrada, aplicando a solu\u00e7\u00e3o como \u00faltimo enx\u00e1gue ap\u00f3s o shampoo e o condicionador. Esse tempo de a\u00e7\u00e3o deve ser breve, cerca de um a dois minutos, antes do enx\u00e1gue com \u00e1gua fria. Seguir essas etapas ajuda a garantir que a acidez beneficie sem efeitos contraproducentes.<\/p>\n\n\n\n<h2 class=\"wp-block-heading\">Qual a frequ\u00eancia ideal para realizar a acidifica\u00e7\u00e3o com vinagre?<\/h2>\n\n\n\n<p>Embora algumas pessoas possam se beneficiar da acidifica\u00e7\u00e3o semanalmente, especialmente se o cabelo for poroso ou tratado quimicamente, em geral, o recomendado \u00e9 realizar esse processo a cada 15 dias. A escolha de um Vinagre de Ma\u00e7\u00e3 org\u00e2nico tamb\u00e9m \u00e9 prefer\u00edvel, j\u00e1 que ele ret\u00e9m componentes ben\u00e9ficos como a pectina e enzimas ausentes em outros tipos de vinagre.<\/p>\n\n\n\n<h2 class=\"wp-block-heading\">Como manter o cabelo protegido em dias \u00famidos?<\/h2>\n\n\n\n<p>Al\u00e9m de real\u00e7ar o brilho, a acidifica\u00e7\u00e3o pode servir como uma barreira contra a umidade externa. Quando as cut\u00edculas do cabelo est\u00e3o seladas adequadamente, o fio perde a capacidade de absorver a umidade do ambiente, prevenindo o frizz que aparece em dias \u00famidos. Essa t\u00e9cnica fornece um acabamento que mant\u00e9m o cabelo alinhado e disciplinado, mesmo quando o clima \u00e9 desfavor\u00e1vel.<\/p>\n\n\n\n<p>A utiliza\u00e7\u00e3o do Vinagre de Ma\u00e7\u00e3, portanto, n\u00e3o \u00e9 apenas uma aplica\u00e7\u00e3o de beleza, mas uma estrat\u00e9gia eficaz para restaurar a <a href=\"https:\/\/www.correiobraziliense.com.br\/cbradar\/dr-diego-wildberger-aprenda-a-controlar-a-ansiedade-de-forma-simples-e-eficaz\/\" target=\"_blank\" rel=\"noreferrer noopener\">sa\u00fade <\/a>dos fios e proteger contra danos externos. Incorporar essa pr\u00e1tica ao cuidado capilar pode oferecer uma solu\u00e7\u00e3o pr\u00e1tica e acess\u00edvel para manter o cabelo saud\u00e1vel e radiante<\/p>\n\n\n<a href=\"https:\/\/www.instagram.com\/dra.annaluisabf\/\" target=\"_blank\" rel=\"noopener\" style=\"text-decoration: none; color: inherit;\">\n    <span style=\"display: inline-block; border: 1px solid #ccc; border-radius: 10px; padding: 15px; max-width: 550px; font-family: sans-serif; box-shadow: 0 2px 5px rgba(0,0,0,0.1); width: 100%;\">\n\n      <!-- T\u00edtulo -->\n      <span style=\"display: block; margin: 0 0 15px 0; font-weight: bold; color: #2c3e50; text-align: center;\">\n        Entre em contato:\n      <\/span>\n\n      <!-- Linha do perfil -->\n      <span style=\"display: flex; align-items: center; gap: 15px;\">\n        <img decoding=\"async\"\n          src=\"https:\/\/www.correiobraziliense.com.br\/cbradar\/wp-content\/uploads\/2025\/08\/dra_anna_luisa.jpeg\"\n          alt=\"Foto da Dra. Anna Lu\u00edsa\"\n          style=\"border-radius: 50%; width: 80px; height: 80px; object-fit: cover;\"\n        \/>\n        <span style=\"display: flex; flex-direction: column;\">\n          <span style=\"font-size: 18px; font-weight: 700; color: #2c3e50;\">Dra. Anna Lu\u00edsa Barbosa Fernandes<\/span>\n          <span style=\"color: #555;\">CRM-GO 33.271<\/span>\n        <\/span>\n      <\/span>\n\n      <!-- Redes -->\n      <span style=\"display: flex; align-items: center; gap: 10px; margin-top: 12px;\">\n        <img decoding=\"async\" src=\"https:\/\/cdn-icons-png.flaticon.com\/24\/1384\/1384063.png\" alt=\"Instagram\" width=\"24\" height=\"24\" \/>\n        <span style=\"text-decoration: underline; color: #2c3e50;\">@dra.annaluisabf<\/span>\n      <\/span>\n\n    <\/span>\n  <\/a>","protected":false},"excerpt":{"rendered":"<p>O uso de Vinagre de Ma\u00e7\u00e3 em tratamentos de cabelo n\u00e3o \u00e9 apenas uma moda passageira, mas uma pr\u00e1tica fundamentada em princ\u00edpios qu\u00edmicos que ajudam a melhorar a textura e o brilho dos fios. Isso se deve principalmente ao ajuste do pH capilar promovido pela acidifica\u00e7\u00e3o, um processo que pode ser realizado facilmente em casa. [&hellip;]<\/p>\n","protected":false},"author":14,"featured_media":131118,"comment_status":"open","ping_status":"open","sticky":false,"template":"","format":"standard","meta":{"_yoast_wpseo_focuskw":"Vinagre de Ma\u00e7\u00e3","_yoast_wpseo_title":"","_yoast_wpseo_metadesc":"Saiba como a rom\u00e3 atua contra o envelhecimento e o estresse oxidativo. Conhe\u00e7a os benef\u00edcios da rom\u00e3 para circula\u00e7\u00e3o, mem\u00f3ria e prote\u00e7\u00e3o celular.","jnews-multi-image_gallery":[],"jnews_single_post":{"format":"standard"},"jnews_primary_category":[],"jnews_social_meta":[],"jnews_override_counter":[],"footnotes":""},"categories":[4404],"tags":[247,1318,3822],"class_list":["post-158022","post","type-post","status-publish","format-standard","has-post-thumbnail","hentry","category-saude","tag-qualidade-de-vida","tag-saude-2","tag-vinagre"],"yoast_head":"<!-- This site is optimized with the Yoast SEO plugin v24.6 - https:\/\/yoast.com\/wordpress\/plugins\/seo\/ -->\n<title>Vinagre de ma\u00e7\u00e3 no cabelo funciona mesmo - Correio Braziliense - Radar<\/title>\n<meta name=\"description\" content=\"Saiba como a rom\u00e3 atua contra o envelhecimento e o estresse oxidativo. Conhe\u00e7a os benef\u00edcios da rom\u00e3 para circula\u00e7\u00e3o, mem\u00f3ria e prote\u00e7\u00e3o celular.\" \/>\n<meta name=\"robots\" content=\"index, follow, max-snippet:-1, max-image-preview:large, max-video-preview:-1\" \/>\n<link rel=\"canonical\" href=\"https:\/\/www.correiobraziliense.com.br\/cbradar\/vinagre-de-maca-no-cabelo-funciona-mesmo\/\" \/>\n<meta property=\"og:locale\" content=\"pt_BR\" \/>\n<meta property=\"og:type\" content=\"article\" \/>\n<meta property=\"og:title\" content=\"Vinagre de ma\u00e7\u00e3 no cabelo funciona mesmo - Correio Braziliense - Radar\" \/>\n<meta property=\"og:description\" content=\"Saiba como a rom\u00e3 atua contra o envelhecimento e o estresse oxidativo. Conhe\u00e7a os benef\u00edcios da rom\u00e3 para circula\u00e7\u00e3o, mem\u00f3ria e prote\u00e7\u00e3o celular.\" \/>\n<meta property=\"og:url\" content=\"https:\/\/www.correiobraziliense.com.br\/cbradar\/vinagre-de-maca-no-cabelo-funciona-mesmo\/\" \/>\n<meta property=\"og:site_name\" content=\"Correio Braziliense - Radar\" \/>\n<meta property=\"article:published_time\" content=\"2025-12-18T21:25:00+00:00\" \/>\n<meta property=\"og:image\" content=\"https:\/\/www.correiobraziliense.com.br\/cbradar\/wp-content\/uploads\/2025\/11\/Vinagre-de-Maca_1762197733320.jpg\" \/>\n\t<meta property=\"og:image:width\" content=\"1280\" \/>\n\t<meta property=\"og:image:height\" content=\"720\" \/>\n\t<meta property=\"og:image:type\" content=\"image\/jpeg\" \/>\n<meta name=\"author\" content=\"guilherme_saude\" \/>\n<meta name=\"twitter:card\" content=\"summary_large_image\" \/>\n<meta name=\"twitter:label1\" content=\"Escrito por\" \/>\n\t<meta name=\"twitter:data1\" content=\"guilherme_saude\" \/>\n\t<meta name=\"twitter:label2\" content=\"Est. tempo de leitura\" \/>\n\t<meta name=\"twitter:data2\" content=\"4 minutos\" \/>\n<!-- \/ Yoast SEO plugin. -->","yoast_head_json":{"title":"Vinagre de ma\u00e7\u00e3 no cabelo funciona mesmo - Correio Braziliense - Radar","description":"Saiba como a rom\u00e3 atua contra o envelhecimento e o estresse oxidativo. Conhe\u00e7a os benef\u00edcios da rom\u00e3 para circula\u00e7\u00e3o, mem\u00f3ria e prote\u00e7\u00e3o celular.","robots":{"index":"index","follow":"follow","max-snippet":"max-snippet:-1","max-image-preview":"max-image-preview:large","max-video-preview":"max-video-preview:-1"},"canonical":"https:\/\/www.correiobraziliense.com.br\/cbradar\/vinagre-de-maca-no-cabelo-funciona-mesmo\/","og_locale":"pt_BR","og_type":"article","og_title":"Vinagre de ma\u00e7\u00e3 no cabelo funciona mesmo - Correio Braziliense - Radar","og_description":"Saiba como a rom\u00e3 atua contra o envelhecimento e o estresse oxidativo. Conhe\u00e7a os benef\u00edcios da rom\u00e3 para circula\u00e7\u00e3o, mem\u00f3ria e prote\u00e7\u00e3o celular.","og_url":"https:\/\/www.correiobraziliense.com.br\/cbradar\/vinagre-de-maca-no-cabelo-funciona-mesmo\/","og_site_name":"Correio Braziliense - Radar","article_published_time":"2025-12-18T21:25:00+00:00","og_image":[{"width":1280,"height":720,"url":"https:\/\/www.correiobraziliense.com.br\/cbradar\/wp-content\/uploads\/2025\/11\/Vinagre-de-Maca_1762197733320.jpg","type":"image\/jpeg"}],"author":"guilherme_saude","twitter_card":"summary_large_image","twitter_misc":{"Escrito por":"guilherme_saude","Est. tempo de leitura":"4 minutos"},"schema":{"@context":"https:\/\/schema.org","@graph":[{"@type":"WebPage","@id":"https:\/\/www.correiobraziliense.com.br\/cbradar\/vinagre-de-maca-no-cabelo-funciona-mesmo\/","url":"https:\/\/www.correiobraziliense.com.br\/cbradar\/vinagre-de-maca-no-cabelo-funciona-mesmo\/","name":"Vinagre de ma\u00e7\u00e3 no cabelo funciona mesmo - Correio Braziliense - Radar","isPartOf":{"@id":"https:\/\/www.correiobraziliense.com.br\/cbradar\/#website"},"primaryImageOfPage":{"@id":"https:\/\/www.correiobraziliense.com.br\/cbradar\/vinagre-de-maca-no-cabelo-funciona-mesmo\/#primaryimage"},"image":{"@id":"https:\/\/www.correiobraziliense.com.br\/cbradar\/vinagre-de-maca-no-cabelo-funciona-mesmo\/#primaryimage"},"thumbnailUrl":"https:\/\/www.correiobraziliense.com.br\/cbradar\/wp-content\/uploads\/2025\/11\/Vinagre-de-Maca_1762197733320.jpg","datePublished":"2025-12-18T21:25:00+00:00","author":{"@id":"https:\/\/www.correiobraziliense.com.br\/cbradar\/#\/schema\/person\/5aa4bf3c8fa699c267933611de12978b"},"description":"Saiba como a rom\u00e3 atua contra o envelhecimento e o estresse oxidativo. Conhe\u00e7a os benef\u00edcios da rom\u00e3 para circula\u00e7\u00e3o, mem\u00f3ria e prote\u00e7\u00e3o celular.","breadcrumb":{"@id":"https:\/\/www.correiobraziliense.com.br\/cbradar\/vinagre-de-maca-no-cabelo-funciona-mesmo\/#breadcrumb"},"inLanguage":"pt-BR","potentialAction":[{"@type":"ReadAction","target":["https:\/\/www.correiobraziliense.com.br\/cbradar\/vinagre-de-maca-no-cabelo-funciona-mesmo\/"]}]},{"@type":"ImageObject","inLanguage":"pt-BR","@id":"https:\/\/www.correiobraziliense.com.br\/cbradar\/vinagre-de-maca-no-cabelo-funciona-mesmo\/#primaryimage","url":"https:\/\/www.correiobraziliense.com.br\/cbradar\/wp-content\/uploads\/2025\/11\/Vinagre-de-Maca_1762197733320.jpg","contentUrl":"https:\/\/www.correiobraziliense.com.br\/cbradar\/wp-content\/uploads\/2025\/11\/Vinagre-de-Maca_1762197733320.jpg","width":1280,"height":720,"caption":"Vinagre de Ma\u00e7\u00e3 - Cr\u00e9ditos: depositphotos.com \/ MadeleineSteinbach"},{"@type":"BreadcrumbList","@id":"https:\/\/www.correiobraziliense.com.br\/cbradar\/vinagre-de-maca-no-cabelo-funciona-mesmo\/#breadcrumb","itemListElement":[{"@type":"ListItem","position":1,"name":"In\u00edcio","item":"https:\/\/www.correiobraziliense.com.br\/cbradar\/"},{"@type":"ListItem","position":2,"name":"Vinagre de ma\u00e7\u00e3 no cabelo funciona mesmo"}]},{"@type":"WebSite","@id":"https:\/\/www.correiobraziliense.com.br\/cbradar\/#website","url":"https:\/\/www.correiobraziliense.com.br\/cbradar\/","name":"Correio Braziliense - Radar","description":"Acompanhe as \u00faltimas not\u00edcias e fique bem informado sobre tudo o que acontece no Brasil e no mundo.","potentialAction":[{"@type":"SearchAction","target":{"@type":"EntryPoint","urlTemplate":"https:\/\/www.correiobraziliense.com.br\/cbradar\/?s={search_term_string}"},"query-input":{"@type":"PropertyValueSpecification","valueRequired":true,"valueName":"search_term_string"}}],"inLanguage":"pt-BR"},{"@type":"Person","@id":"https:\/\/www.correiobraziliense.com.br\/cbradar\/#\/schema\/person\/5aa4bf3c8fa699c267933611de12978b","name":"guilherme_saude","image":{"@type":"ImageObject","inLanguage":"pt-BR","@id":"https:\/\/www.correiobraziliense.com.br\/cbradar\/#\/schema\/person\/image\/","url":"https:\/\/secure.gravatar.com\/avatar\/df9adfb835d344bc0af109d41756253f?s=96&d=mm&r=g","contentUrl":"https:\/\/secure.gravatar.com\/avatar\/df9adfb835d344bc0af109d41756253f?s=96&d=mm&r=g","caption":"guilherme_saude"},"url":"https:\/\/www.correiobraziliense.com.br\/cbradar\/author\/guilherme_saude\/"}]}},"_links":{"self":[{"href":"https:\/\/www.correiobraziliense.com.br\/cbradar\/wp-json\/wp\/v2\/posts\/158022","targetHints":{"allow":["GET"]}}],"collection":[{"href":"https:\/\/www.correiobraziliense.com.br\/cbradar\/wp-json\/wp\/v2\/posts"}],"about":[{"href":"https:\/\/www.correiobraziliense.com.br\/cbradar\/wp-json\/wp\/v2\/types\/post"}],"author":[{"embeddable":true,"href":"https:\/\/www.correiobraziliense.com.br\/cbradar\/wp-json\/wp\/v2\/users\/14"}],"replies":[{"embeddable":true,"href":"https:\/\/www.correiobraziliense.com.br\/cbradar\/wp-json\/wp\/v2\/comments?post=158022"}],"version-history":[{"count":1,"href":"https:\/\/www.correiobraziliense.com.br\/cbradar\/wp-json\/wp\/v2\/posts\/158022\/revisions"}],"predecessor-version":[{"id":158024,"href":"https:\/\/www.correiobraziliense.com.br\/cbradar\/wp-json\/wp\/v2\/posts\/158022\/revisions\/158024"}],"wp:featuredmedia":[{"embeddable":true,"href":"https:\/\/www.correiobraziliense.com.br\/cbradar\/wp-json\/wp\/v2\/media\/131118"}],"wp:attachment":[{"href":"https:\/\/www.correiobraziliense.com.br\/cbradar\/wp-json\/wp\/v2\/media?parent=158022"}],"wp:term":[{"taxonomy":"category","embeddable":true,"href":"https:\/\/www.correiobraziliense.com.br\/cbradar\/wp-json\/wp\/v2\/categories?post=158022"},{"taxonomy":"post_tag","embeddable":true,"href":"https:\/\/www.correiobraziliense.com.br\/cbradar\/wp-json\/wp\/v2\/tags?post=158022"}],"curies":[{"name":"wp","href":"https:\/\/api.w.org\/{rel}","templated":true}]}}