{"id":158034,"date":"2025-12-19T13:15:00","date_gmt":"2025-12-19T16:15:00","guid":{"rendered":"https:\/\/www.correiobraziliense.com.br\/cbradar\/?p=158034"},"modified":"2025-12-17T16:34:21","modified_gmt":"2025-12-17T19:34:21","slug":"por-que-pessoas-magras-tambem-tem-gordura-visceral","status":"publish","type":"post","link":"https:\/\/www.correiobraziliense.com.br\/cbradar\/por-que-pessoas-magras-tambem-tem-gordura-visceral\/","title":{"rendered":"Por que pessoas magras tamb\u00e9m t\u00eam gordura visceral"},"content":{"rendered":"\n<p>A <strong>Gordura Visceral<\/strong> \u00e9 um tipo espec\u00edfico de gordura corporal que se acumula ao redor dos \u00f3rg\u00e3os internos, como o f\u00edgado e o p\u00e2ncreas. O que torna essa gordura particularmente perigosa \u00e9 o fato de ser invis\u00edvel a olho nu, muitas vezes afetando tanto pessoas magras quanto aquelas com sobrepeso. Sua presen\u00e7a est\u00e1 associada a uma s\u00e9rie de problemas de sa\u00fade, incluindo doen\u00e7as cr\u00f4nicas. Ao contr\u00e1rio da gordura subcut\u00e2nea, que se encontra logo abaixo da pele, a Gordura Visceral \u00e9 metabolicamente ativa, liberando subst\u00e2ncias inflamat\u00f3rias e \u00e1cido graxo, que comprometem o funcionamento normal dos \u00f3rg\u00e3os vitais.<\/p>\n\n\n\n<p>Esta gordura \u00e9 considerada uma amea\u00e7a \u00e0 sa\u00fade devido \u00e0 sua capacidade de contribuir para o desenvolvimento de condi\u00e7\u00f5es como diabetes tipo 2, doen\u00e7as card\u00edacas, hipertens\u00e3o e certos tipos de c\u00e2ncer. A inflama\u00e7\u00e3o cr\u00f4nica de baixo grau causada por essa gordura acelera o processo dessas doen\u00e7as, tornando o controle e a redu\u00e7\u00e3o da Gordura Visceral um alvo importante para interven\u00e7\u00f5es de sa\u00fade.<\/p>\n\n\n\n<h2 class=\"wp-block-heading\">Como o exerc\u00edcio ajuda na redu\u00e7\u00e3o da Gordura Visceral?<\/h2>\n\n\n\n<p>O exerc\u00edcio f\u00edsico \u00e9 uma das estrat\u00e9gias mais eficazes para combater a Gordura Visceral. Atividades aer\u00f3bicas de alta intensidade, como corrida, ciclismo e nata\u00e7\u00e3o, s\u00e3o especialmente ben\u00e9ficas devido \u00e0 sua capacidade de queimar uma quantidade significativa de calorias e reduzir preferencialmente essa gordura interna. Segundo diretrizes internacionais de sa\u00fade, como as da Organiza\u00e7\u00e3o Mundial da Sa\u00fade (OMS), \u00e9 recomendado praticar ao menos 150 minutos de exerc\u00edcios moderados por semana para colher esses benef\u00edcios.<\/p>\n\n\n<div class=\"wp-block-image\">\n<figure class=\"aligncenter size-large\"><img decoding=\"async\" width=\"1024\" height=\"576\" src=\"https:\/\/www.correiobraziliense.com.br\/cbradar\/wp-content\/uploads\/2025\/06\/Gordura-Visceral_1750762237548-1024x576.jpg\" alt=\"\" class=\"wp-image-58590\" srcset=\"https:\/\/www.correiobraziliense.com.br\/cbradar\/wp-content\/uploads\/2025\/06\/Gordura-Visceral_1750762237548-1024x576.jpg 1024w, https:\/\/www.correiobraziliense.com.br\/cbradar\/wp-content\/uploads\/2025\/06\/Gordura-Visceral_1750762237548-300x169.jpg 300w, https:\/\/www.correiobraziliense.com.br\/cbradar\/wp-content\/uploads\/2025\/06\/Gordura-Visceral_1750762237548-768x432.jpg 768w, https:\/\/www.correiobraziliense.com.br\/cbradar\/wp-content\/uploads\/2025\/06\/Gordura-Visceral_1750762237548-750x422.jpg 750w, https:\/\/www.correiobraziliense.com.br\/cbradar\/wp-content\/uploads\/2025\/06\/Gordura-Visceral_1750762237548-1140x641.jpg 1140w, https:\/\/www.correiobraziliense.com.br\/cbradar\/wp-content\/uploads\/2025\/06\/Gordura-Visceral_1750762237548.jpg 1280w\" sizes=\"(max-width: 1024px) 100vw, 1024px\" \/><figcaption class=\"wp-element-caption\">Gordura  &#8211; Cr\u00e9ditos: depositphotos.com \/ Milkos<\/figcaption><\/figure><\/div>\n\n\n<p>Al\u00e9m do exerc\u00edcio aer\u00f3bico, o treinamento de for\u00e7a tamb\u00e9m desempenha um papel vital. Constr\u00f3i e mant\u00e9m a massa muscular, o que aumenta a taxa metab\u00f3lica em repouso. M\u00fasculos mais ativos significam que o corpo consome mais glicose, melhorando a sensibilidade \u00e0 insulina. Essa combina\u00e7\u00e3o de exerc\u00edcios aer\u00f3bicos e de for\u00e7a \u00e9 a abordagem mais completa para reduzir a Gordura Visceral.<\/p>\n\n\n\n<h2 class=\"wp-block-heading\">Qual o papel da alimenta\u00e7\u00e3o na gest\u00e3o da Gordura Visceral?<\/h2>\n\n\n\n<p>A alimenta\u00e7\u00e3o adequada \u00e9 fundamental na luta contra a Gordura Visceral. O consumo de a\u00e7\u00facares adicionados e carboidratos refinados deve ser minimizado, j\u00e1 que esses alimentos podem sobrecarregar o f\u00edgado e estimular a resist\u00eancia \u00e0 insulina, contribuindo assim para o ac\u00famulo de gordura interna. Em contraste, uma dieta rica em fibras sol\u00faveis, encontradas em alimentos como aveia e ma\u00e7\u00e3s, pode ajudar a retardar a digest\u00e3o e melhorar a sensibilidade \u00e0 insulina.<\/p>\n\n\n\n<p>Optar por prote\u00ednas magras e gr\u00e3os integrais em vez de refinados tamb\u00e9m promove um metabolismo mais saud\u00e1vel. Prote\u00ednas contribuem para a saciedade e ajudam a manter a massa muscular, enquanto integrais auxiliam na estabiliza\u00e7\u00e3o dos n\u00edveis de insulina. A qualidade da dieta \u00e9, portanto, um componente crucial na redu\u00e7\u00e3o dessa gordura perigosa.<\/p>\n\n\n\n<h2 class=\"wp-block-heading\">Como o estresse e o sono afetam a Gordura Visceral?<\/h2>\n\n\n\n<p>Estresse e sono prec\u00e1rio s\u00e3o dois fatores frequentemente negligenciados que podem aumentar o ac\u00famulo de Gordura Visceral. O estresse cr\u00f4nico mant\u00e9m os n\u00edveis de cortisol elevados, o que, por sua vez, aumenta o apetite e sinaliza ao corpo para armazenar mais gordura ao redor dos \u00f3rg\u00e3os internos. Priorizar uma boa qualidade de sono, dormindo entre 7 a 9 horas por noite, e t\u00e9cnicas de gerenciamento de estresse, como medita\u00e7\u00e3o, s\u00e3o estrat\u00e9gias eficazes para equacionar os n\u00edveis hormonais e reduzir a Gordura Visceral.<\/p>\n\n\n\n<h2 class=\"wp-block-heading\">Por que buscar orienta\u00e7\u00e3o profissional \u00e9 fundamental?<\/h2>\n\n\n\n<p>Devido aos riscos associados \u00e0 Gordura Visceral, \u00e9 essencial que o processo de sua redu\u00e7\u00e3o seja realizado sob a orienta\u00e7\u00e3o de profissionais de sa\u00fade qualificados. M\u00e9dicos e nutricionistas podem oferecer planos personalizados, que levam em considera\u00e7\u00e3o as particularidades de cada indiv\u00edduo. Tentativas de auto-interven\u00e7\u00e3o sem supervis\u00e3o adequada podem ser perigosas e potencialmente ineficazes. O verdadeiro sucesso na redu\u00e7\u00e3o da Gordura Visceral est\u00e1 em fazer mudan\u00e7as sustent\u00e1veis no estilo de vida, combinando dieta equilibrada, exerc\u00edcio regular e acompanhamento profissional.<\/p>\n\n\n<a href=\"https:\/\/www.instagram.com\/dra.annaluisabf\/\" target=\"_blank\" rel=\"noopener\" style=\"text-decoration: none; color: inherit;\">\n    <span style=\"display: inline-block; border: 1px solid #ccc; border-radius: 10px; padding: 15px; max-width: 550px; font-family: sans-serif; box-shadow: 0 2px 5px rgba(0,0,0,0.1); width: 100%;\">\n\n      <!-- T\u00edtulo -->\n      <span style=\"display: block; margin: 0 0 15px 0; font-weight: bold; color: #2c3e50; text-align: center;\">\n        Entre em contato:\n      <\/span>\n\n      <!-- Linha do perfil -->\n      <span style=\"display: flex; align-items: center; gap: 15px;\">\n        <img decoding=\"async\"\n          src=\"https:\/\/www.correiobraziliense.com.br\/cbradar\/wp-content\/uploads\/2025\/08\/dra_anna_luisa.jpeg\"\n          alt=\"Foto da Dra. Anna Lu\u00edsa\"\n          style=\"border-radius: 50%; width: 80px; height: 80px; object-fit: cover;\"\n        \/>\n        <span style=\"display: flex; flex-direction: column;\">\n          <span style=\"font-size: 18px; font-weight: 700; color: #2c3e50;\">Dra. Anna Lu\u00edsa Barbosa Fernandes<\/span>\n          <span style=\"color: #555;\">CRM-GO 33.271<\/span>\n        <\/span>\n      <\/span>\n\n      <!-- Redes -->\n      <span style=\"display: flex; align-items: center; gap: 10px; margin-top: 12px;\">\n        <img decoding=\"async\" src=\"https:\/\/cdn-icons-png.flaticon.com\/24\/1384\/1384063.png\" alt=\"Instagram\" width=\"24\" height=\"24\" \/>\n        <span style=\"text-decoration: underline; color: #2c3e50;\">@dra.annaluisabf<\/span>\n      <\/span>\n\n    <\/span>\n  <\/a>","protected":false},"excerpt":{"rendered":"<p>A Gordura Visceral \u00e9 um tipo espec\u00edfico de gordura corporal que se acumula ao redor dos \u00f3rg\u00e3os internos, como o f\u00edgado e o p\u00e2ncreas. O que torna essa gordura particularmente perigosa \u00e9 o fato de ser invis\u00edvel a olho nu, muitas vezes afetando tanto pessoas magras quanto aquelas com sobrepeso. Sua presen\u00e7a est\u00e1 associada a [&hellip;]<\/p>\n","protected":false},"author":14,"featured_media":58591,"comment_status":"open","ping_status":"open","sticky":false,"template":"","format":"standard","meta":{"_yoast_wpseo_focuskw":"Gordura Visceral","_yoast_wpseo_title":"","_yoast_wpseo_metadesc":"Entenda o que \u00e9 gordura visceral, por que ela \u00e9 perigosa e como reduzir com exerc\u00edcios e alimenta\u00e7\u00e3o adequada.","jnews-multi-image_gallery":[],"jnews_single_post":{"format":"standard","override":[{"template":"2","parallax":"1","fullscreen":"1","layout":"right-sidebar","sidebar":"default-sidebar","second_sidebar":"default-sidebar","sticky_sidebar":"1","share_position":"topbottom","share_float_style":"share-monocrhome","show_featured":"1","show_post_meta":"1","show_post_author":"1","show_post_date":"1","post_date_format":"custom","post_date_format_custom":"d\/m\/Y","show_post_category":"1","show_post_reading_time":"0","post_reading_time_wpm":"300","post_calculate_word_method":"str_word_count","show_zoom_button":"0","zoom_button_out_step":"2","zoom_button_in_step":"3","show_post_tag":"1","show_comment_section":"1","number_popup_post":"3","show_inline_post_related":"1"}],"image_override":[{"single_post_thumbnail_size":"crop-500","single_post_gallery_size":"crop-500"}],"trending_post_position":"meta","trending_post_label":"Trending","sponsored_post_label":"Sponsored by","disable_ad":"0"},"jnews_primary_category":[],"jnews_social_meta":[],"jnews_override_counter":{"view_counter_number":"0","share_counter_number":"0","like_counter_number":"0","dislike_counter_number":"0"},"footnotes":""},"categories":[4404],"tags":[120,1318],"class_list":["post-158034","post","type-post","status-publish","format-standard","has-post-thumbnail","hentry","category-saude","tag-bem-estar","tag-saude-2"],"yoast_head":"<!-- This site is optimized with the Yoast SEO plugin v24.6 - https:\/\/yoast.com\/wordpress\/plugins\/seo\/ -->\n<title>Por que pessoas magras tamb\u00e9m t\u00eam gordura visceral - Correio Braziliense - Radar<\/title>\n<meta name=\"description\" content=\"Entenda o que \u00e9 gordura visceral, por que ela \u00e9 perigosa e como reduzir com exerc\u00edcios e alimenta\u00e7\u00e3o adequada.\" \/>\n<meta name=\"robots\" content=\"index, follow, max-snippet:-1, max-image-preview:large, max-video-preview:-1\" \/>\n<link rel=\"canonical\" href=\"https:\/\/www.correiobraziliense.com.br\/cbradar\/por-que-pessoas-magras-tambem-tem-gordura-visceral\/\" \/>\n<meta property=\"og:locale\" content=\"pt_BR\" \/>\n<meta property=\"og:type\" content=\"article\" \/>\n<meta property=\"og:title\" content=\"Por que pessoas magras tamb\u00e9m t\u00eam gordura visceral - Correio Braziliense - Radar\" \/>\n<meta property=\"og:description\" content=\"Entenda o que \u00e9 gordura visceral, por que ela \u00e9 perigosa e como reduzir com exerc\u00edcios e alimenta\u00e7\u00e3o adequada.\" \/>\n<meta property=\"og:url\" content=\"https:\/\/www.correiobraziliense.com.br\/cbradar\/por-que-pessoas-magras-tambem-tem-gordura-visceral\/\" \/>\n<meta property=\"og:site_name\" content=\"Correio Braziliense - Radar\" \/>\n<meta property=\"article:published_time\" content=\"2025-12-19T16:15:00+00:00\" \/>\n<meta property=\"og:image\" content=\"https:\/\/www.correiobraziliense.com.br\/cbradar\/wp-content\/uploads\/2025\/06\/Gordura-Visceral_1750762376007.jpg\" \/>\n\t<meta property=\"og:image:width\" content=\"1280\" \/>\n\t<meta property=\"og:image:height\" content=\"720\" \/>\n\t<meta property=\"og:image:type\" content=\"image\/jpeg\" \/>\n<meta name=\"author\" content=\"guilherme_saude\" \/>\n<meta name=\"twitter:card\" content=\"summary_large_image\" \/>\n<meta name=\"twitter:label1\" content=\"Escrito por\" \/>\n\t<meta name=\"twitter:data1\" content=\"guilherme_saude\" \/>\n\t<meta name=\"twitter:label2\" content=\"Est. tempo de leitura\" \/>\n\t<meta name=\"twitter:data2\" content=\"5 minutos\" \/>\n<!-- \/ Yoast SEO plugin. -->","yoast_head_json":{"title":"Por que pessoas magras tamb\u00e9m t\u00eam gordura visceral - Correio Braziliense - Radar","description":"Entenda o que \u00e9 gordura visceral, por que ela \u00e9 perigosa e como reduzir com exerc\u00edcios e alimenta\u00e7\u00e3o adequada.","robots":{"index":"index","follow":"follow","max-snippet":"max-snippet:-1","max-image-preview":"max-image-preview:large","max-video-preview":"max-video-preview:-1"},"canonical":"https:\/\/www.correiobraziliense.com.br\/cbradar\/por-que-pessoas-magras-tambem-tem-gordura-visceral\/","og_locale":"pt_BR","og_type":"article","og_title":"Por que pessoas magras tamb\u00e9m t\u00eam gordura visceral - Correio Braziliense - Radar","og_description":"Entenda o que \u00e9 gordura visceral, por que ela \u00e9 perigosa e como reduzir com exerc\u00edcios e alimenta\u00e7\u00e3o adequada.","og_url":"https:\/\/www.correiobraziliense.com.br\/cbradar\/por-que-pessoas-magras-tambem-tem-gordura-visceral\/","og_site_name":"Correio Braziliense - Radar","article_published_time":"2025-12-19T16:15:00+00:00","og_image":[{"width":1280,"height":720,"url":"https:\/\/www.correiobraziliense.com.br\/cbradar\/wp-content\/uploads\/2025\/06\/Gordura-Visceral_1750762376007.jpg","type":"image\/jpeg"}],"author":"guilherme_saude","twitter_card":"summary_large_image","twitter_misc":{"Escrito por":"guilherme_saude","Est. tempo de leitura":"5 minutos"},"schema":{"@context":"https:\/\/schema.org","@graph":[{"@type":"WebPage","@id":"https:\/\/www.correiobraziliense.com.br\/cbradar\/por-que-pessoas-magras-tambem-tem-gordura-visceral\/","url":"https:\/\/www.correiobraziliense.com.br\/cbradar\/por-que-pessoas-magras-tambem-tem-gordura-visceral\/","name":"Por que pessoas magras tamb\u00e9m t\u00eam gordura visceral - Correio Braziliense - Radar","isPartOf":{"@id":"https:\/\/www.correiobraziliense.com.br\/cbradar\/#website"},"primaryImageOfPage":{"@id":"https:\/\/www.correiobraziliense.com.br\/cbradar\/por-que-pessoas-magras-tambem-tem-gordura-visceral\/#primaryimage"},"image":{"@id":"https:\/\/www.correiobraziliense.com.br\/cbradar\/por-que-pessoas-magras-tambem-tem-gordura-visceral\/#primaryimage"},"thumbnailUrl":"https:\/\/www.correiobraziliense.com.br\/cbradar\/wp-content\/uploads\/2025\/06\/Gordura-Visceral_1750762376007.jpg","datePublished":"2025-12-19T16:15:00+00:00","author":{"@id":"https:\/\/www.correiobraziliense.com.br\/cbradar\/#\/schema\/person\/5aa4bf3c8fa699c267933611de12978b"},"description":"Entenda o que \u00e9 gordura visceral, por que ela \u00e9 perigosa e como reduzir com exerc\u00edcios e alimenta\u00e7\u00e3o adequada.","breadcrumb":{"@id":"https:\/\/www.correiobraziliense.com.br\/cbradar\/por-que-pessoas-magras-tambem-tem-gordura-visceral\/#breadcrumb"},"inLanguage":"pt-BR","potentialAction":[{"@type":"ReadAction","target":["https:\/\/www.correiobraziliense.com.br\/cbradar\/por-que-pessoas-magras-tambem-tem-gordura-visceral\/"]}]},{"@type":"ImageObject","inLanguage":"pt-BR","@id":"https:\/\/www.correiobraziliense.com.br\/cbradar\/por-que-pessoas-magras-tambem-tem-gordura-visceral\/#primaryimage","url":"https:\/\/www.correiobraziliense.com.br\/cbradar\/wp-content\/uploads\/2025\/06\/Gordura-Visceral_1750762376007.jpg","contentUrl":"https:\/\/www.correiobraziliense.com.br\/cbradar\/wp-content\/uploads\/2025\/06\/Gordura-Visceral_1750762376007.jpg","width":1280,"height":720,"caption":"Gordura Visceral - Cr\u00e9ditos: depositphotos.com \/ Thamkc"},{"@type":"BreadcrumbList","@id":"https:\/\/www.correiobraziliense.com.br\/cbradar\/por-que-pessoas-magras-tambem-tem-gordura-visceral\/#breadcrumb","itemListElement":[{"@type":"ListItem","position":1,"name":"In\u00edcio","item":"https:\/\/www.correiobraziliense.com.br\/cbradar\/"},{"@type":"ListItem","position":2,"name":"Por que pessoas magras tamb\u00e9m t\u00eam gordura visceral"}]},{"@type":"WebSite","@id":"https:\/\/www.correiobraziliense.com.br\/cbradar\/#website","url":"https:\/\/www.correiobraziliense.com.br\/cbradar\/","name":"Correio Braziliense - Radar","description":"Acompanhe as \u00faltimas not\u00edcias e fique bem informado sobre tudo o que acontece no Brasil e no mundo.","potentialAction":[{"@type":"SearchAction","target":{"@type":"EntryPoint","urlTemplate":"https:\/\/www.correiobraziliense.com.br\/cbradar\/?s={search_term_string}"},"query-input":{"@type":"PropertyValueSpecification","valueRequired":true,"valueName":"search_term_string"}}],"inLanguage":"pt-BR"},{"@type":"Person","@id":"https:\/\/www.correiobraziliense.com.br\/cbradar\/#\/schema\/person\/5aa4bf3c8fa699c267933611de12978b","name":"guilherme_saude","image":{"@type":"ImageObject","inLanguage":"pt-BR","@id":"https:\/\/www.correiobraziliense.com.br\/cbradar\/#\/schema\/person\/image\/","url":"https:\/\/secure.gravatar.com\/avatar\/df9adfb835d344bc0af109d41756253f?s=96&d=mm&r=g","contentUrl":"https:\/\/secure.gravatar.com\/avatar\/df9adfb835d344bc0af109d41756253f?s=96&d=mm&r=g","caption":"guilherme_saude"},"url":"https:\/\/www.correiobraziliense.com.br\/cbradar\/author\/guilherme_saude\/"}]}},"_links":{"self":[{"href":"https:\/\/www.correiobraziliense.com.br\/cbradar\/wp-json\/wp\/v2\/posts\/158034","targetHints":{"allow":["GET"]}}],"collection":[{"href":"https:\/\/www.correiobraziliense.com.br\/cbradar\/wp-json\/wp\/v2\/posts"}],"about":[{"href":"https:\/\/www.correiobraziliense.com.br\/cbradar\/wp-json\/wp\/v2\/types\/post"}],"author":[{"embeddable":true,"href":"https:\/\/www.correiobraziliense.com.br\/cbradar\/wp-json\/wp\/v2\/users\/14"}],"replies":[{"embeddable":true,"href":"https:\/\/www.correiobraziliense.com.br\/cbradar\/wp-json\/wp\/v2\/comments?post=158034"}],"version-history":[{"count":1,"href":"https:\/\/www.correiobraziliense.com.br\/cbradar\/wp-json\/wp\/v2\/posts\/158034\/revisions"}],"predecessor-version":[{"id":158035,"href":"https:\/\/www.correiobraziliense.com.br\/cbradar\/wp-json\/wp\/v2\/posts\/158034\/revisions\/158035"}],"wp:featuredmedia":[{"embeddable":true,"href":"https:\/\/www.correiobraziliense.com.br\/cbradar\/wp-json\/wp\/v2\/media\/58591"}],"wp:attachment":[{"href":"https:\/\/www.correiobraziliense.com.br\/cbradar\/wp-json\/wp\/v2\/media?parent=158034"}],"wp:term":[{"taxonomy":"category","embeddable":true,"href":"https:\/\/www.correiobraziliense.com.br\/cbradar\/wp-json\/wp\/v2\/categories?post=158034"},{"taxonomy":"post_tag","embeddable":true,"href":"https:\/\/www.correiobraziliense.com.br\/cbradar\/wp-json\/wp\/v2\/tags?post=158034"}],"curies":[{"name":"wp","href":"https:\/\/api.w.org\/{rel}","templated":true}]}}