{"id":158042,"date":"2025-12-19T18:25:00","date_gmt":"2025-12-19T21:25:00","guid":{"rendered":"https:\/\/www.correiobraziliense.com.br\/cbradar\/?p=158042"},"modified":"2025-12-17T17:22:15","modified_gmt":"2025-12-17T20:22:15","slug":"dor-no-nervo-ciatico-como-tratar-corretamente","status":"publish","type":"post","link":"https:\/\/www.correiobraziliense.com.br\/cbradar\/dor-no-nervo-ciatico-como-tratar-corretamente\/","title":{"rendered":"Dor no nervo ci\u00e1tico: como tratar corretamente"},"content":{"rendered":"\n<p>A <strong>Dor na Coluna Lombar<\/strong>, frequentemente denominada lombalgia, afeta uma grande parte da popula\u00e7\u00e3o em algum momento da vida. A lombalgia pode ser desencadeada por diversas causas, entre elas m\u00e1s posturas, esfor\u00e7os repetitivos ou at\u00e9 mesmo condi\u00e7\u00f5es m\u00e9dicas subjacentes, como h\u00e9rnias de disco ou osteoartrite. A identifica\u00e7\u00e3o precoce e o manejo adequado s\u00e3o essenciais para prevenir complica\u00e7\u00f5es e garantir a qualidade de vida.<\/p>\n\n\n\n<p>Os tratamentos para lombalgia variam de acordo com a causa e a gravidade dos sintomas. Em geral, op\u00e7\u00f5es como analg\u00e9sicos, anti-inflamat\u00f3rios e relaxantes musculares s\u00e3o frequentemente utilizados para aliviar a dor e a inflama\u00e7\u00e3o associadas. Estes medicamentos ajudam a reduzir a sensa\u00e7\u00e3o de dor e relaxar a musculatura, promovendo o al\u00edvio dos sintomas e permitindo que o indiv\u00edduo retome suas atividades di\u00e1rias com mais conforto.<\/p>\n\n\n\n<h2 class=\"wp-block-heading\">Quais s\u00e3o os principais rem\u00e9dios para lombalgia?<\/h2>\n\n\n\n<p>No tratamento farmacol\u00f3gico da dor lombar, os analg\u00e9sicos como o paracetamol podem ser indicados para casos mais leves. Por outro lado, anti-inflamat\u00f3rios n\u00e3o esteroides, como o ibuprofeno, s\u00e3o recomendados para combater inflama\u00e7\u00f5es mais intensas. J\u00e1 os relaxantes musculares, como a ciclobenzaprina, s\u00e3o frequentemente prescritos para aliviar contra\u00e7\u00f5es musculares e tensionamento na regi\u00e3o afetada.<\/p>\n\n\n\n<h2 class=\"wp-block-heading\">Como \u00e9 feito o tratamento da dor no nervo ci\u00e1tico?<\/h2>\n\n\n<div class=\"wp-block-image\">\n<figure class=\"aligncenter size-large\"><img decoding=\"async\" width=\"1024\" height=\"576\" src=\"https:\/\/www.correiobraziliense.com.br\/cbradar\/wp-content\/uploads\/2025\/11\/Lombar_1763324988372-1024x576.jpg\" alt=\"\" class=\"wp-image-138909\" srcset=\"https:\/\/www.correiobraziliense.com.br\/cbradar\/wp-content\/uploads\/2025\/11\/Lombar_1763324988372-1024x576.jpg 1024w, https:\/\/www.correiobraziliense.com.br\/cbradar\/wp-content\/uploads\/2025\/11\/Lombar_1763324988372-300x169.jpg 300w, https:\/\/www.correiobraziliense.com.br\/cbradar\/wp-content\/uploads\/2025\/11\/Lombar_1763324988372-768x432.jpg 768w, https:\/\/www.correiobraziliense.com.br\/cbradar\/wp-content\/uploads\/2025\/11\/Lombar_1763324988372-750x422.jpg 750w, https:\/\/www.correiobraziliense.com.br\/cbradar\/wp-content\/uploads\/2025\/11\/Lombar_1763324988372-1140x641.jpg 1140w, https:\/\/www.correiobraziliense.com.br\/cbradar\/wp-content\/uploads\/2025\/11\/Lombar_1763324988372.jpg 1280w\" sizes=\"(max-width: 1024px) 100vw, 1024px\" \/><figcaption class=\"wp-element-caption\">Lombar &#8211; Cr\u00e9ditos: depositphotos.com \/ CLIPAREA<\/figcaption><\/figure><\/div>\n\n\n<p>A dor no nervo ci\u00e1tico \u00e9 uma condi\u00e7\u00e3o que pode causar desconforto significativo, irradiando da regi\u00e3o lombar at\u00e9 as pernas. O tratamento geralmente envolve medicamentos como a pregabalina, reconhecida por seu efeito analg\u00e9sico e capacidade de reduzir a neuroinflama\u00e7\u00e3o. Al\u00e9m disso, a fisioterapia e exerc\u00edcios espec\u00edficos podem ser recomendados para fortalecer a musculatura e minimizar a press\u00e3o sobre o nervo afetado.<\/p>\n\n\n\n<h2 class=\"wp-block-heading\">Existem tratamentos n\u00e3o farmacol\u00f3gicos para lombalgia?<\/h2>\n\n\n\n<p>Sim. Al\u00e9m dos medicamentos, estrat\u00e9gias n\u00e3o farmacol\u00f3gicas s\u00e3o altamente recomendadas e podem ser muito eficazes. O uso de compressas quentes pode facilitar a circula\u00e7\u00e3o sangu\u00ednea e aliviar a rigidez na regi\u00e3o lombar. Alongamentos e exerc\u00edcios orientados por profissionais s\u00e3o cruciais para fortalecer a musculatura e prevenir novas crises. Massagens terap\u00eauticas tamb\u00e9m podem ser incorporadas para reduzir a tens\u00e3o muscular.<\/p>\n\n\n\n<h2 class=\"wp-block-heading\">Quais cuidados tomar para evitar a dor nas costas?<\/h2>\n\n\n\n<p>Prevenir a dor nas costas envolve mudan\u00e7as no estilo de vida que promovem a <a href=\"https:\/\/www.correiobraziliense.com.br\/cbradar\/dr-diego-wildberger-aprenda-a-controlar-a-ansiedade-de-forma-simples-e-eficaz\/\" target=\"_blank\" rel=\"noreferrer noopener\">sa\u00fade <\/a>da coluna vertebral. Recomenda-se manter uma postura correta durante o trabalho e ao se sentar, evitar permanecer na mesma posi\u00e7\u00e3o por longos per\u00edodos e realizar pausas para alongamentos. O fortalecimento da musculatura abdominal e dorsal atrav\u00e9s de exerc\u00edcios regulares \u00e9 igualmente importante. O uso de colch\u00f5es adequados que ofere\u00e7am suporte durante o sono tamb\u00e9m \u00e9 essencial.<\/p>\n\n\n\n<p>As pr\u00e1ticas di\u00e1rias de preven\u00e7\u00e3o e o tratamento adequado s\u00e3o fundamentais para o manejo da dor lombar e de outras condi\u00e7\u00f5es relacionadas \u00e0 coluna. Consultar um profissional de sa\u00fade para uma avalia\u00e7\u00e3o precisa e orienta\u00e7\u00f5es personalizadas pode fazer toda a diferen\u00e7a na recupera\u00e7\u00e3o e manuten\u00e7\u00e3o do bem-estar.<\/p>\n\n\n<a href=\"https:\/\/www.instagram.com\/dra.annaluisabf\/\" target=\"_blank\" rel=\"noopener\" style=\"text-decoration: none; color: inherit;\">\n    <span style=\"display: inline-block; border: 1px solid #ccc; border-radius: 10px; padding: 15px; max-width: 550px; font-family: sans-serif; box-shadow: 0 2px 5px rgba(0,0,0,0.1); width: 100%;\">\n\n      <!-- T\u00edtulo -->\n      <span style=\"display: block; margin: 0 0 15px 0; font-weight: bold; color: #2c3e50; text-align: center;\">\n        Entre em contato:\n      <\/span>\n\n      <!-- Linha do perfil -->\n      <span style=\"display: flex; align-items: center; gap: 15px;\">\n        <img decoding=\"async\"\n          src=\"https:\/\/www.correiobraziliense.com.br\/cbradar\/wp-content\/uploads\/2025\/08\/dra_anna_luisa.jpeg\"\n          alt=\"Foto da Dra. Anna Lu\u00edsa\"\n          style=\"border-radius: 50%; width: 80px; height: 80px; object-fit: cover;\"\n        \/>\n        <span style=\"display: flex; flex-direction: column;\">\n          <span style=\"font-size: 18px; font-weight: 700; color: #2c3e50;\">Dra. Anna Lu\u00edsa Barbosa Fernandes<\/span>\n          <span style=\"color: #555;\">CRM-GO 33.271<\/span>\n        <\/span>\n      <\/span>\n\n      <!-- Redes -->\n      <span style=\"display: flex; align-items: center; gap: 10px; margin-top: 12px;\">\n        <img decoding=\"async\" src=\"https:\/\/cdn-icons-png.flaticon.com\/24\/1384\/1384063.png\" alt=\"Instagram\" width=\"24\" height=\"24\" \/>\n        <span style=\"text-decoration: underline; color: #2c3e50;\">@dra.annaluisabf<\/span>\n      <\/span>\n\n    <\/span>\n  <\/a>\n\n\n<p><\/p>\n","protected":false},"excerpt":{"rendered":"<p>A Dor na Coluna Lombar, frequentemente denominada lombalgia, afeta uma grande parte da popula\u00e7\u00e3o em algum momento da vida. A lombalgia pode ser desencadeada por diversas causas, entre elas m\u00e1s posturas, esfor\u00e7os repetitivos ou at\u00e9 mesmo condi\u00e7\u00f5es m\u00e9dicas subjacentes, como h\u00e9rnias de disco ou osteoartrite. A identifica\u00e7\u00e3o precoce e o manejo adequado s\u00e3o essenciais para [&hellip;]<\/p>\n","protected":false},"author":14,"featured_media":138908,"comment_status":"open","ping_status":"open","sticky":false,"template":"","format":"standard","meta":{"_yoast_wpseo_focuskw":"Dor na Coluna Lombar","_yoast_wpseo_title":"","_yoast_wpseo_metadesc":"Saiba quais rem\u00e9dios e cuidados ajudam no al\u00edvio da lombalgia. Veja como tratar dor lombar e nervo ci\u00e1tico com seguran\u00e7a.","jnews-multi-image_gallery":[],"jnews_single_post":{"format":"standard"},"jnews_primary_category":[],"jnews_social_meta":[],"jnews_override_counter":[],"footnotes":""},"categories":[4404],"tags":[281,120,1318],"class_list":["post-158042","post","type-post","status-publish","format-standard","has-post-thumbnail","hentry","category-saude","tag-alimentacao","tag-bem-estar","tag-saude-2"],"yoast_head":"<!-- This site is optimized with the Yoast SEO plugin v24.6 - https:\/\/yoast.com\/wordpress\/plugins\/seo\/ -->\n<title>Dor no nervo ci\u00e1tico: como tratar corretamente - Correio Braziliense - Radar<\/title>\n<meta name=\"description\" content=\"Saiba quais rem\u00e9dios e cuidados ajudam no al\u00edvio da lombalgia. Veja como tratar dor lombar e nervo ci\u00e1tico com seguran\u00e7a.\" \/>\n<meta name=\"robots\" content=\"index, follow, max-snippet:-1, max-image-preview:large, max-video-preview:-1\" \/>\n<link rel=\"canonical\" href=\"https:\/\/www.correiobraziliense.com.br\/cbradar\/dor-no-nervo-ciatico-como-tratar-corretamente\/\" \/>\n<meta property=\"og:locale\" content=\"pt_BR\" \/>\n<meta property=\"og:type\" content=\"article\" \/>\n<meta property=\"og:title\" content=\"Dor no nervo ci\u00e1tico: como tratar corretamente - Correio Braziliense - Radar\" \/>\n<meta property=\"og:description\" content=\"Saiba quais rem\u00e9dios e cuidados ajudam no al\u00edvio da lombalgia. Veja como tratar dor lombar e nervo ci\u00e1tico com seguran\u00e7a.\" \/>\n<meta property=\"og:url\" content=\"https:\/\/www.correiobraziliense.com.br\/cbradar\/dor-no-nervo-ciatico-como-tratar-corretamente\/\" \/>\n<meta property=\"og:site_name\" content=\"Correio Braziliense - Radar\" \/>\n<meta property=\"article:published_time\" content=\"2025-12-19T21:25:00+00:00\" \/>\n<meta property=\"og:image\" content=\"https:\/\/www.correiobraziliense.com.br\/cbradar\/wp-content\/uploads\/2025\/11\/Lombar_1763324967510.jpg\" \/>\n\t<meta property=\"og:image:width\" content=\"1280\" \/>\n\t<meta property=\"og:image:height\" content=\"720\" \/>\n\t<meta property=\"og:image:type\" content=\"image\/jpeg\" \/>\n<meta name=\"author\" content=\"guilherme_saude\" \/>\n<meta name=\"twitter:card\" content=\"summary_large_image\" \/>\n<meta name=\"twitter:label1\" content=\"Escrito por\" \/>\n\t<meta name=\"twitter:data1\" content=\"guilherme_saude\" \/>\n\t<meta name=\"twitter:label2\" content=\"Est. tempo de leitura\" \/>\n\t<meta name=\"twitter:data2\" content=\"4 minutos\" \/>\n<!-- \/ Yoast SEO plugin. -->","yoast_head_json":{"title":"Dor no nervo ci\u00e1tico: como tratar corretamente - Correio Braziliense - Radar","description":"Saiba quais rem\u00e9dios e cuidados ajudam no al\u00edvio da lombalgia. Veja como tratar dor lombar e nervo ci\u00e1tico com seguran\u00e7a.","robots":{"index":"index","follow":"follow","max-snippet":"max-snippet:-1","max-image-preview":"max-image-preview:large","max-video-preview":"max-video-preview:-1"},"canonical":"https:\/\/www.correiobraziliense.com.br\/cbradar\/dor-no-nervo-ciatico-como-tratar-corretamente\/","og_locale":"pt_BR","og_type":"article","og_title":"Dor no nervo ci\u00e1tico: como tratar corretamente - Correio Braziliense - Radar","og_description":"Saiba quais rem\u00e9dios e cuidados ajudam no al\u00edvio da lombalgia. Veja como tratar dor lombar e nervo ci\u00e1tico com seguran\u00e7a.","og_url":"https:\/\/www.correiobraziliense.com.br\/cbradar\/dor-no-nervo-ciatico-como-tratar-corretamente\/","og_site_name":"Correio Braziliense - Radar","article_published_time":"2025-12-19T21:25:00+00:00","og_image":[{"width":1280,"height":720,"url":"https:\/\/www.correiobraziliense.com.br\/cbradar\/wp-content\/uploads\/2025\/11\/Lombar_1763324967510.jpg","type":"image\/jpeg"}],"author":"guilherme_saude","twitter_card":"summary_large_image","twitter_misc":{"Escrito por":"guilherme_saude","Est. tempo de leitura":"4 minutos"},"schema":{"@context":"https:\/\/schema.org","@graph":[{"@type":"WebPage","@id":"https:\/\/www.correiobraziliense.com.br\/cbradar\/dor-no-nervo-ciatico-como-tratar-corretamente\/","url":"https:\/\/www.correiobraziliense.com.br\/cbradar\/dor-no-nervo-ciatico-como-tratar-corretamente\/","name":"Dor no nervo ci\u00e1tico: como tratar corretamente - Correio Braziliense - Radar","isPartOf":{"@id":"https:\/\/www.correiobraziliense.com.br\/cbradar\/#website"},"primaryImageOfPage":{"@id":"https:\/\/www.correiobraziliense.com.br\/cbradar\/dor-no-nervo-ciatico-como-tratar-corretamente\/#primaryimage"},"image":{"@id":"https:\/\/www.correiobraziliense.com.br\/cbradar\/dor-no-nervo-ciatico-como-tratar-corretamente\/#primaryimage"},"thumbnailUrl":"https:\/\/www.correiobraziliense.com.br\/cbradar\/wp-content\/uploads\/2025\/11\/Lombar_1763324967510.jpg","datePublished":"2025-12-19T21:25:00+00:00","author":{"@id":"https:\/\/www.correiobraziliense.com.br\/cbradar\/#\/schema\/person\/5aa4bf3c8fa699c267933611de12978b"},"description":"Saiba quais rem\u00e9dios e cuidados ajudam no al\u00edvio da lombalgia. Veja como tratar dor lombar e nervo ci\u00e1tico com seguran\u00e7a.","breadcrumb":{"@id":"https:\/\/www.correiobraziliense.com.br\/cbradar\/dor-no-nervo-ciatico-como-tratar-corretamente\/#breadcrumb"},"inLanguage":"pt-BR","potentialAction":[{"@type":"ReadAction","target":["https:\/\/www.correiobraziliense.com.br\/cbradar\/dor-no-nervo-ciatico-como-tratar-corretamente\/"]}]},{"@type":"ImageObject","inLanguage":"pt-BR","@id":"https:\/\/www.correiobraziliense.com.br\/cbradar\/dor-no-nervo-ciatico-como-tratar-corretamente\/#primaryimage","url":"https:\/\/www.correiobraziliense.com.br\/cbradar\/wp-content\/uploads\/2025\/11\/Lombar_1763324967510.jpg","contentUrl":"https:\/\/www.correiobraziliense.com.br\/cbradar\/wp-content\/uploads\/2025\/11\/Lombar_1763324967510.jpg","width":1280,"height":720,"caption":"Dor lombar frequente pode ser um alerta do corpo - Cr\u00e9ditos: depositphotos.com \/ Amaviael"},{"@type":"BreadcrumbList","@id":"https:\/\/www.correiobraziliense.com.br\/cbradar\/dor-no-nervo-ciatico-como-tratar-corretamente\/#breadcrumb","itemListElement":[{"@type":"ListItem","position":1,"name":"In\u00edcio","item":"https:\/\/www.correiobraziliense.com.br\/cbradar\/"},{"@type":"ListItem","position":2,"name":"Dor no nervo ci\u00e1tico: como tratar corretamente"}]},{"@type":"WebSite","@id":"https:\/\/www.correiobraziliense.com.br\/cbradar\/#website","url":"https:\/\/www.correiobraziliense.com.br\/cbradar\/","name":"Correio Braziliense - Radar","description":"Acompanhe as \u00faltimas not\u00edcias e fique bem informado sobre tudo o que acontece no Brasil e no mundo.","potentialAction":[{"@type":"SearchAction","target":{"@type":"EntryPoint","urlTemplate":"https:\/\/www.correiobraziliense.com.br\/cbradar\/?s={search_term_string}"},"query-input":{"@type":"PropertyValueSpecification","valueRequired":true,"valueName":"search_term_string"}}],"inLanguage":"pt-BR"},{"@type":"Person","@id":"https:\/\/www.correiobraziliense.com.br\/cbradar\/#\/schema\/person\/5aa4bf3c8fa699c267933611de12978b","name":"guilherme_saude","image":{"@type":"ImageObject","inLanguage":"pt-BR","@id":"https:\/\/www.correiobraziliense.com.br\/cbradar\/#\/schema\/person\/image\/","url":"https:\/\/secure.gravatar.com\/avatar\/df9adfb835d344bc0af109d41756253f?s=96&d=mm&r=g","contentUrl":"https:\/\/secure.gravatar.com\/avatar\/df9adfb835d344bc0af109d41756253f?s=96&d=mm&r=g","caption":"guilherme_saude"},"url":"https:\/\/www.correiobraziliense.com.br\/cbradar\/author\/guilherme_saude\/"}]}},"_links":{"self":[{"href":"https:\/\/www.correiobraziliense.com.br\/cbradar\/wp-json\/wp\/v2\/posts\/158042","targetHints":{"allow":["GET"]}}],"collection":[{"href":"https:\/\/www.correiobraziliense.com.br\/cbradar\/wp-json\/wp\/v2\/posts"}],"about":[{"href":"https:\/\/www.correiobraziliense.com.br\/cbradar\/wp-json\/wp\/v2\/types\/post"}],"author":[{"embeddable":true,"href":"https:\/\/www.correiobraziliense.com.br\/cbradar\/wp-json\/wp\/v2\/users\/14"}],"replies":[{"embeddable":true,"href":"https:\/\/www.correiobraziliense.com.br\/cbradar\/wp-json\/wp\/v2\/comments?post=158042"}],"version-history":[{"count":1,"href":"https:\/\/www.correiobraziliense.com.br\/cbradar\/wp-json\/wp\/v2\/posts\/158042\/revisions"}],"predecessor-version":[{"id":158058,"href":"https:\/\/www.correiobraziliense.com.br\/cbradar\/wp-json\/wp\/v2\/posts\/158042\/revisions\/158058"}],"wp:featuredmedia":[{"embeddable":true,"href":"https:\/\/www.correiobraziliense.com.br\/cbradar\/wp-json\/wp\/v2\/media\/138908"}],"wp:attachment":[{"href":"https:\/\/www.correiobraziliense.com.br\/cbradar\/wp-json\/wp\/v2\/media?parent=158042"}],"wp:term":[{"taxonomy":"category","embeddable":true,"href":"https:\/\/www.correiobraziliense.com.br\/cbradar\/wp-json\/wp\/v2\/categories?post=158042"},{"taxonomy":"post_tag","embeddable":true,"href":"https:\/\/www.correiobraziliense.com.br\/cbradar\/wp-json\/wp\/v2\/tags?post=158042"}],"curies":[{"name":"wp","href":"https:\/\/api.w.org\/{rel}","templated":true}]}}