{"id":15812,"date":"2025-03-26T15:10:53","date_gmt":"2025-03-26T18:10:53","guid":{"rendered":"https:\/\/www.correiobraziliense.com.br\/cbradar\/?p=15812"},"modified":"2025-03-25T15:15:34","modified_gmt":"2025-03-25T18:15:34","slug":"apple-planeja-mudancas-no-design-do-ios-e-macos-veja-detalhes","status":"publish","type":"post","link":"https:\/\/www.correiobraziliense.com.br\/cbradar\/apple-planeja-mudancas-no-design-do-ios-e-macos-veja-detalhes\/","title":{"rendered":"Apple planeja mudan\u00e7as no design do iOS e macOS, veja detalhes"},"content":{"rendered":"\n<p>Em <strong>2025<\/strong>, a Apple est\u00e1 se preparando para lan\u00e7ar um significativo <strong>redesign<\/strong> de seus sistemas operacionais, incluindo o<strong> iOS 19, iPadOS 19 e macOS 16<\/strong>. Essa mudan\u00e7a \u00e9 vista como a maior desde o lan\u00e7amento do <strong>iOS 7 em 2013<\/strong>. O novo visual promete trazer uma abordagem renovada e moderna, refletindo as tend\u00eancias atuais de design e usabilidade.<\/p>\n\n\n\n<p>O renomado jornalista <strong>Mark Gurman<\/strong>, da <a href=\"https:\/\/www.bloomberg.com\/news\/articles\/2025-03-10\/apple-readies-dramatic-design-overhauls-for-ios-19-ipados-19-and-macos-16?srnd=undefined&amp;sref=9hGJlFio\" target=\"_blank\" rel=\"noopener\">Bloomberg<\/a>, revelou que as altera\u00e7\u00f5es ser\u00e3o inspiradas no<strong> visionOS<\/strong>, o sistema operacional utilizado no <strong>headset<\/strong> de realidade virtual <strong>Apple Vision Pro<\/strong>. A expectativa \u00e9 que essas mudan\u00e7as tragam uma experi\u00eancia mais unificada e intuitiva para os usu\u00e1rios dos dispositivos da Apple.<\/p>\n\n\n\n<h2 class=\"wp-block-heading\">Quais s\u00e3o as mudan\u00e7as esperadas no design dos sistemas operacionais da Apple?<\/h2>\n\n\n\n<p>As mudan\u00e7as planejadas para o <strong>iOS<\/strong>, <strong>iPadOS<\/strong> e <strong>macOS<\/strong> incluem uma reformula\u00e7\u00e3o completa de \u00edcones, menus, aplicativos, janelas e bot\u00f5es. A inten\u00e7\u00e3o \u00e9 criar uma identidade visual mais coesa entre os diferentes dispositivos da Apple, facilitando a transi\u00e7\u00e3o dos usu\u00e1rios entre um <strong>iPhone<\/strong>, <a href=\"https:\/\/www.correiobraziliense.com.br\/cbradar\/vale-a-pena-comprar-o-ipad-10-em-2025-ou-tem-opcoes-melhores\/\" target=\"_blank\" rel=\"noopener\">iPad <\/a>e <strong>Mac<\/strong>. Essa uniformidade \u00e9 vista como essencial para melhorar a experi\u00eancia do usu\u00e1rio.<\/p>\n\n\n\n<p>O <strong>visionOS<\/strong>, que serve como base para essas altera\u00e7\u00f5es, \u00e9 conhecido por seu design limpo e minimalista, caracter\u00edsticas que devem ser incorporadas nos novos sistemas operacionais. A <strong>Apple<\/strong> pretende apresentar mais detalhes sobre essas mudan\u00e7as durante a pr\u00f3xima <strong>Worldwide<\/strong> <strong>Developers Conference (WWDC)<\/strong>, um evento anual voltado para desenvolvedores.<\/p>\n\n\n\n<h2 class=\"wp-block-heading\">Por que a Apple est\u00e1 reformulando seus sistemas operacionais?<\/h2>\n\n\n\n<p>A decis\u00e3o de reformular os sistemas operacionais da Apple est\u00e1 ligada \u00e0 necessidade de criar uma experi\u00eancia de usu\u00e1rio mais consistente. Atualmente, cada dispositivo possui um visual \u00fanico, o que pode gerar confus\u00e3o ao alternar entre diferentes plataformas. A Apple busca resolver essa inconsist\u00eancia visual, mantendo, no entanto, sistemas operacionais separados para cada tipo de dispositivo.<\/p>\n\n\n\n<p>Apesar de algumas especula\u00e7\u00f5es sobre a poss\u00edvel unifica\u00e7\u00e3o dos sistemas, a Apple acredita que manter SOs distintos permite otimizar o desempenho e a funcionalidade de cada dispositivo. Isso contrasta com a abordagem de empresas como o <strong>Google<\/strong>, que utiliza o <strong>Android<\/strong> em diversos formatos de dispositivos.<\/p>\n\n\n<div class=\"wp-block-image\">\n<figure class=\"aligncenter size-large\"><img decoding=\"async\" width=\"1024\" height=\"576\" src=\"https:\/\/www.correiobraziliense.com.br\/cbradar\/wp-content\/uploads\/2025\/03\/ipad_1741720428154-1024x576.jpg\" alt=\"\" class=\"wp-image-11558\" srcset=\"https:\/\/www.correiobraziliense.com.br\/cbradar\/wp-content\/uploads\/2025\/03\/ipad_1741720428154-1024x576.jpg 1024w, https:\/\/www.correiobraziliense.com.br\/cbradar\/wp-content\/uploads\/2025\/03\/ipad_1741720428154-300x169.jpg 300w, https:\/\/www.correiobraziliense.com.br\/cbradar\/wp-content\/uploads\/2025\/03\/ipad_1741720428154-768x432.jpg 768w, https:\/\/www.correiobraziliense.com.br\/cbradar\/wp-content\/uploads\/2025\/03\/ipad_1741720428154-750x422.jpg 750w, https:\/\/www.correiobraziliense.com.br\/cbradar\/wp-content\/uploads\/2025\/03\/ipad_1741720428154-1140x641.jpg 1140w, https:\/\/www.correiobraziliense.com.br\/cbradar\/wp-content\/uploads\/2025\/03\/ipad_1741720428154.jpg 1280w\" sizes=\"(max-width: 1024px) 100vw, 1024px\" \/><figcaption class=\"wp-element-caption\">iPad &#8211; Cr\u00e9ditos: depositphotos.com \/ ifeelstock<\/figcaption><\/figure><\/div>\n\n\n<h2 class=\"wp-block-heading\">Qual foi o \u00faltimo grande redesign do iOS?<\/h2>\n\n\n\n<p>O \u00faltimo grande redesign do iOS ocorreu em 2013, com o lan\u00e7amento do <strong>iOS<\/strong> <strong>7<\/strong>. Na \u00e9poca, a Apple introduziu um visual mais plano e simplificado, que se tornou a base para as vers\u00f5es subsequentes do sistema operacional. Desde ent\u00e3o, o iOS passou por atualiza\u00e7\u00f5es incrementais, mas manteve a ess\u00eancia do design introduzido em 2013.<\/p>\n\n\n\n<p>Embora novos recursos tenham sido adicionados ao longo dos anos, como a biblioteca de aplicativos, o visual geral do iOS permaneceu <strong>fiel<\/strong> ao estilo do iOS 7. Com o iOS 19, a Apple busca novamente revolucionar a apar\u00eancia de seus sistemas, alinhando-se \u00e0s expectativas dos usu\u00e1rios modernos e \u00e0s tend\u00eancias de design contempor\u00e2neas.<\/p>\n\n\n\n<p>Em resumo, o redesign planejado para 2025 representa um passo significativo para a Apple, que busca oferecer uma experi\u00eancia de usu\u00e1rio mais coesa e moderna. As mudan\u00e7as prometem n\u00e3o apenas atualizar a est\u00e9tica dos sistemas operacionais, mas tamb\u00e9m melhorar a usabilidade e a intera\u00e7\u00e3o entre os diversos dispositivos da marca.<\/p>\n","protected":false},"excerpt":{"rendered":"<p>Em 2025, a Apple est\u00e1 se preparando para lan\u00e7ar um significativo redesign de seus sistemas operacionais, incluindo o iOS 19, iPadOS 19 e macOS 16. Essa mudan\u00e7a \u00e9 vista como a maior desde o lan\u00e7amento do iOS 7 em 2013. O novo visual promete trazer uma abordagem renovada e moderna, refletindo as tend\u00eancias atuais de [&hellip;]<\/p>\n","protected":false},"author":9,"featured_media":14379,"comment_status":"open","ping_status":"open","sticky":false,"template":"","format":"standard","meta":{"_yoast_wpseo_focuskw":"apple","_yoast_wpseo_title":"%%title%% %%page%%","_yoast_wpseo_metadesc":"Apple vai reformular iOS, iPadOS e macOS em 2025, trazendo um design mais moderno e coeso inspirado no visionOS.","jnews-multi-image_gallery":[],"jnews_single_post":{"format":"standard"},"jnews_primary_category":[],"jnews_social_meta":[],"jnews_override_counter":[],"footnotes":""},"categories":[169,115],"tags":[158,465,2423,2424],"class_list":["post-15812","post","type-post","status-publish","format-standard","has-post-thumbnail","hentry","category-noticias","category-tecnologia","tag-apple","tag-ios","tag-ipados","tag-macos"],"yoast_head":"<!-- This site is optimized with the Yoast SEO plugin v24.6 - https:\/\/yoast.com\/wordpress\/plugins\/seo\/ -->\n<title>Apple planeja mudan\u00e7as no design do iOS e macOS, veja detalhes<\/title>\n<meta name=\"description\" content=\"Apple vai reformular iOS, iPadOS e macOS em 2025, trazendo um design mais moderno e coeso inspirado no visionOS.\" \/>\n<meta name=\"robots\" content=\"index, follow, max-snippet:-1, max-image-preview:large, max-video-preview:-1\" \/>\n<link rel=\"canonical\" href=\"https:\/\/www.correiobraziliense.com.br\/cbradar\/apple-planeja-mudancas-no-design-do-ios-e-macos-veja-detalhes\/\" \/>\n<meta property=\"og:locale\" content=\"pt_BR\" \/>\n<meta property=\"og:type\" content=\"article\" \/>\n<meta property=\"og:title\" content=\"Apple planeja mudan\u00e7as no design do iOS e macOS, veja detalhes\" \/>\n<meta property=\"og:description\" content=\"Apple vai reformular iOS, iPadOS e macOS em 2025, trazendo um design mais moderno e coeso inspirado no visionOS.\" \/>\n<meta property=\"og:url\" content=\"https:\/\/www.correiobraziliense.com.br\/cbradar\/apple-planeja-mudancas-no-design-do-ios-e-macos-veja-detalhes\/\" \/>\n<meta property=\"og:site_name\" content=\"Correio Braziliense - Radar\" \/>\n<meta property=\"article:published_time\" content=\"2025-03-26T18:10:53+00:00\" \/>\n<meta property=\"og:image\" content=\"https:\/\/www.correiobraziliense.com.br\/cbradar\/wp-content\/uploads\/2025\/03\/apple-empresa_1742491352431.jpg\" \/>\n\t<meta property=\"og:image:width\" content=\"1279\" \/>\n\t<meta property=\"og:image:height\" content=\"720\" \/>\n\t<meta property=\"og:image:type\" content=\"image\/jpeg\" \/>\n<meta name=\"author\" content=\"Daniely Cardoso\" \/>\n<meta name=\"twitter:card\" content=\"summary_large_image\" \/>\n<meta name=\"twitter:label1\" content=\"Escrito por\" \/>\n\t<meta name=\"twitter:data1\" content=\"Daniely Cardoso\" \/>\n\t<meta name=\"twitter:label2\" content=\"Est. tempo de leitura\" \/>\n\t<meta name=\"twitter:data2\" content=\"4 minutos\" \/>\n<!-- \/ Yoast SEO plugin. -->","yoast_head_json":{"title":"Apple planeja mudan\u00e7as no design do iOS e macOS, veja detalhes","description":"Apple vai reformular iOS, iPadOS e macOS em 2025, trazendo um design mais moderno e coeso inspirado no visionOS.","robots":{"index":"index","follow":"follow","max-snippet":"max-snippet:-1","max-image-preview":"max-image-preview:large","max-video-preview":"max-video-preview:-1"},"canonical":"https:\/\/www.correiobraziliense.com.br\/cbradar\/apple-planeja-mudancas-no-design-do-ios-e-macos-veja-detalhes\/","og_locale":"pt_BR","og_type":"article","og_title":"Apple planeja mudan\u00e7as no design do iOS e macOS, veja detalhes","og_description":"Apple vai reformular iOS, iPadOS e macOS em 2025, trazendo um design mais moderno e coeso inspirado no visionOS.","og_url":"https:\/\/www.correiobraziliense.com.br\/cbradar\/apple-planeja-mudancas-no-design-do-ios-e-macos-veja-detalhes\/","og_site_name":"Correio Braziliense - Radar","article_published_time":"2025-03-26T18:10:53+00:00","og_image":[{"width":1279,"height":720,"url":"https:\/\/www.correiobraziliense.com.br\/cbradar\/wp-content\/uploads\/2025\/03\/apple-empresa_1742491352431.jpg","type":"image\/jpeg"}],"author":"Daniely Cardoso","twitter_card":"summary_large_image","twitter_misc":{"Escrito por":"Daniely Cardoso","Est. tempo de leitura":"4 minutos"},"schema":{"@context":"https:\/\/schema.org","@graph":[{"@type":"WebPage","@id":"https:\/\/www.correiobraziliense.com.br\/cbradar\/apple-planeja-mudancas-no-design-do-ios-e-macos-veja-detalhes\/","url":"https:\/\/www.correiobraziliense.com.br\/cbradar\/apple-planeja-mudancas-no-design-do-ios-e-macos-veja-detalhes\/","name":"Apple planeja mudan\u00e7as no design do iOS e macOS, veja detalhes","isPartOf":{"@id":"https:\/\/www.correiobraziliense.com.br\/cbradar\/#website"},"primaryImageOfPage":{"@id":"https:\/\/www.correiobraziliense.com.br\/cbradar\/apple-planeja-mudancas-no-design-do-ios-e-macos-veja-detalhes\/#primaryimage"},"image":{"@id":"https:\/\/www.correiobraziliense.com.br\/cbradar\/apple-planeja-mudancas-no-design-do-ios-e-macos-veja-detalhes\/#primaryimage"},"thumbnailUrl":"https:\/\/www.correiobraziliense.com.br\/cbradar\/wp-content\/uploads\/2025\/03\/apple-empresa_1742491352431.jpg","datePublished":"2025-03-26T18:10:53+00:00","author":{"@id":"https:\/\/www.correiobraziliense.com.br\/cbradar\/#\/schema\/person\/7356666e12ec0ee53f348ee5db227032"},"description":"Apple vai reformular iOS, iPadOS e macOS em 2025, trazendo um design mais moderno e coeso inspirado no visionOS.","breadcrumb":{"@id":"https:\/\/www.correiobraziliense.com.br\/cbradar\/apple-planeja-mudancas-no-design-do-ios-e-macos-veja-detalhes\/#breadcrumb"},"inLanguage":"pt-BR","potentialAction":[{"@type":"ReadAction","target":["https:\/\/www.correiobraziliense.com.br\/cbradar\/apple-planeja-mudancas-no-design-do-ios-e-macos-veja-detalhes\/"]}]},{"@type":"ImageObject","inLanguage":"pt-BR","@id":"https:\/\/www.correiobraziliense.com.br\/cbradar\/apple-planeja-mudancas-no-design-do-ios-e-macos-veja-detalhes\/#primaryimage","url":"https:\/\/www.correiobraziliense.com.br\/cbradar\/wp-content\/uploads\/2025\/03\/apple-empresa_1742491352431.jpg","contentUrl":"https:\/\/www.correiobraziliense.com.br\/cbradar\/wp-content\/uploads\/2025\/03\/apple-empresa_1742491352431.jpg","width":1279,"height":720,"caption":"Apple - Cr\u00e9ditos: depositphotos.com \/ paikong"},{"@type":"BreadcrumbList","@id":"https:\/\/www.correiobraziliense.com.br\/cbradar\/apple-planeja-mudancas-no-design-do-ios-e-macos-veja-detalhes\/#breadcrumb","itemListElement":[{"@type":"ListItem","position":1,"name":"In\u00edcio","item":"https:\/\/www.correiobraziliense.com.br\/cbradar\/"},{"@type":"ListItem","position":2,"name":"Apple planeja mudan\u00e7as no design do iOS e macOS, veja detalhes"}]},{"@type":"WebSite","@id":"https:\/\/www.correiobraziliense.com.br\/cbradar\/#website","url":"https:\/\/www.correiobraziliense.com.br\/cbradar\/","name":"Correio Braziliense - Radar","description":"Acompanhe as \u00faltimas not\u00edcias e fique bem informado sobre tudo o que acontece no Brasil e no mundo.","potentialAction":[{"@type":"SearchAction","target":{"@type":"EntryPoint","urlTemplate":"https:\/\/www.correiobraziliense.com.br\/cbradar\/?s={search_term_string}"},"query-input":{"@type":"PropertyValueSpecification","valueRequired":true,"valueName":"search_term_string"}}],"inLanguage":"pt-BR"},{"@type":"Person","@id":"https:\/\/www.correiobraziliense.com.br\/cbradar\/#\/schema\/person\/7356666e12ec0ee53f348ee5db227032","name":"Daniely Cardoso","image":{"@type":"ImageObject","inLanguage":"pt-BR","@id":"https:\/\/www.correiobraziliense.com.br\/cbradar\/#\/schema\/person\/image\/","url":"https:\/\/secure.gravatar.com\/avatar\/4b80ddbd124d1f071b626d52d62e5dff?s=96&d=mm&r=g","contentUrl":"https:\/\/secure.gravatar.com\/avatar\/4b80ddbd124d1f071b626d52d62e5dff?s=96&d=mm&r=g","caption":"Daniely Cardoso"},"description":"Redatora nos portais CB Radar e EM Foco, formada pela Universidade Federal de Goi\u00e1s, em Goi\u00e2nia. Apaixonada por comunica\u00e7\u00e3o, arte, decora\u00e7\u00e3o e tend\u00eancias, atuo na produ\u00e7\u00e3o de conte\u00fados envolventes sobre curiosidades, moda, beleza e paisagismo, sempre com um olhar atento \u00e0s novidades do momento.","sameAs":["https:\/\/www.correiobraziliense.com.br\/cbradar"],"url":"https:\/\/www.correiobraziliense.com.br\/cbradar\/author\/danielymyth\/"}]}},"_links":{"self":[{"href":"https:\/\/www.correiobraziliense.com.br\/cbradar\/wp-json\/wp\/v2\/posts\/15812","targetHints":{"allow":["GET"]}}],"collection":[{"href":"https:\/\/www.correiobraziliense.com.br\/cbradar\/wp-json\/wp\/v2\/posts"}],"about":[{"href":"https:\/\/www.correiobraziliense.com.br\/cbradar\/wp-json\/wp\/v2\/types\/post"}],"author":[{"embeddable":true,"href":"https:\/\/www.correiobraziliense.com.br\/cbradar\/wp-json\/wp\/v2\/users\/9"}],"replies":[{"embeddable":true,"href":"https:\/\/www.correiobraziliense.com.br\/cbradar\/wp-json\/wp\/v2\/comments?post=15812"}],"version-history":[{"count":2,"href":"https:\/\/www.correiobraziliense.com.br\/cbradar\/wp-json\/wp\/v2\/posts\/15812\/revisions"}],"predecessor-version":[{"id":15821,"href":"https:\/\/www.correiobraziliense.com.br\/cbradar\/wp-json\/wp\/v2\/posts\/15812\/revisions\/15821"}],"wp:featuredmedia":[{"embeddable":true,"href":"https:\/\/www.correiobraziliense.com.br\/cbradar\/wp-json\/wp\/v2\/media\/14379"}],"wp:attachment":[{"href":"https:\/\/www.correiobraziliense.com.br\/cbradar\/wp-json\/wp\/v2\/media?parent=15812"}],"wp:term":[{"taxonomy":"category","embeddable":true,"href":"https:\/\/www.correiobraziliense.com.br\/cbradar\/wp-json\/wp\/v2\/categories?post=15812"},{"taxonomy":"post_tag","embeddable":true,"href":"https:\/\/www.correiobraziliense.com.br\/cbradar\/wp-json\/wp\/v2\/tags?post=15812"}],"curies":[{"name":"wp","href":"https:\/\/api.w.org\/{rel}","templated":true}]}}