{"id":158353,"date":"2025-12-19T17:45:05","date_gmt":"2025-12-19T20:45:05","guid":{"rendered":"https:\/\/www.correiobraziliense.com.br\/cbradar\/?p=158353"},"modified":"2025-12-18T13:53:04","modified_gmt":"2025-12-18T16:53:04","slug":"os-sinais-no-corpo-que-podem-indicar-que-o-intestino-nao-esta-saudavel","status":"publish","type":"post","link":"https:\/\/www.correiobraziliense.com.br\/cbradar\/os-sinais-no-corpo-que-podem-indicar-que-o-intestino-nao-esta-saudavel\/","title":{"rendered":"Os sinais no corpo que podem indicar que o intestino n\u00e3o est\u00e1 saud\u00e1vel"},"content":{"rendered":"\n<p>Ao observar sinais do pr\u00f3prio corpo, muitas pessoas prestam aten\u00e7\u00e3o apenas ao que \u00e9 vis\u00edvel ou mais inc\u00f4modo no dia a dia, como espinhas no rosto ou queda de produtividade ao longo do expediente, mas sintomas como acne recorrente, cansa\u00e7o excessivo e altera\u00e7\u00f5es sutis no humor podem ser um aviso silencioso de que o intestino n\u00e3o est\u00e1 saud\u00e1vel, j\u00e1 que a <strong>sa\u00fade intestinal<\/strong> hoje \u00e9 vista como pe\u00e7a central para o equil\u00edbrio geral do organismo, influenciando desde a apar\u00eancia da pele at\u00e9 o estado de \u00e2nimo.<\/p>\n\n\n\n<h2 class=\"wp-block-heading\">O que a microbiota intestinal revela sobre sinais silenciosos de desequil\u00edbrio<\/h2>\n\n\n\n<p>O termo <strong>sa\u00fade do intestino<\/strong> vem sendo cada vez mais usado para descrever o bom funcionamento desse \u00f3rg\u00e3o e o equil\u00edbrio da microbiota, que abriga trilh\u00f5es de micro-organismos. Esse equil\u00edbrio depende de fatores como alimenta\u00e7\u00e3o, uso de medicamentos, qualidade do sono, n\u00edvel de estresse e at\u00e9 exposi\u00e7\u00e3o a <strong>poluentes<\/strong> do ambiente.<\/p>\n\n\n\n<p>Quando algo foge do padr\u00e3o, o intestino pode enviar sinais discretos, que nem sempre aparecem na forma de dor ou desconforto abdominal intenso. Esses sinais podem indicar que o intestino n\u00e3o est\u00e1 cumprindo adequadamente suas fun\u00e7\u00f5es de barreira, digest\u00e3o e comunica\u00e7\u00e3o com outros <strong>sistemas<\/strong> do corpo.<\/p>\n\n\n<div class=\"wp-block-image\">\n<figure class=\"aligncenter size-large\"><img decoding=\"async\" width=\"1024\" height=\"576\" src=\"https:\/\/www.correiobraziliense.com.br\/cbradar\/wp-content\/uploads\/2025\/12\/Gemini_Generated_Image_rmeys5rmeys5rmey-1-1024x576.png\" alt=\"\" class=\"wp-image-158397\" srcset=\"https:\/\/www.correiobraziliense.com.br\/cbradar\/wp-content\/uploads\/2025\/12\/Gemini_Generated_Image_rmeys5rmeys5rmey-1-1024x576.png 1024w, https:\/\/www.correiobraziliense.com.br\/cbradar\/wp-content\/uploads\/2025\/12\/Gemini_Generated_Image_rmeys5rmeys5rmey-1-300x169.png 300w, https:\/\/www.correiobraziliense.com.br\/cbradar\/wp-content\/uploads\/2025\/12\/Gemini_Generated_Image_rmeys5rmeys5rmey-1-768x432.png 768w, https:\/\/www.correiobraziliense.com.br\/cbradar\/wp-content\/uploads\/2025\/12\/Gemini_Generated_Image_rmeys5rmeys5rmey-1-750x422.png 750w, https:\/\/www.correiobraziliense.com.br\/cbradar\/wp-content\/uploads\/2025\/12\/Gemini_Generated_Image_rmeys5rmeys5rmey-1-1140x641.png 1140w, https:\/\/www.correiobraziliense.com.br\/cbradar\/wp-content\/uploads\/2025\/12\/Gemini_Generated_Image_rmeys5rmeys5rmey-1.png 1281w\" sizes=\"(max-width: 1024px) 100vw, 1024px\" \/><figcaption class=\"wp-element-caption\">Esses sintomas se relacionam \u00e0 produ\u00e7\u00e3o alterada de neurotransmissores, ao aumento de marcadores inflamat\u00f3rios <\/figcaption><\/figure><\/div>\n\n\n<h2 class=\"wp-block-heading\">Como o intestino afeta a pele e favorece o aparecimento de acne<\/h2>\n\n\n\n<p>A rela\u00e7\u00e3o entre <strong>intestino e pele<\/strong>, conhecida como eixo intestino pele, descreve como o equil\u00edbrio ou desequil\u00edbrio intestinal pode se refletir na superf\u00edcie cut\u00e2nea. Em situa\u00e7\u00f5es de disbiose, o organismo tende a produzir mais subst\u00e2ncias inflamat\u00f3rias, que podem agravar acne, ros\u00e1cea, dermatites e aumentar a sensibilidade da <strong>pele<\/strong>.<\/p>\n\n\n\n<p>No caso da acne, destacam-se mecanismos como inflama\u00e7\u00e3o sist\u00eamica, altera\u00e7\u00f5es hormonais ligadas ao metabolismo de andr\u00f3genos e comprometimento da barreira cut\u00e2nea. Padr\u00f5es alimentares ricos em ultraprocessados, a\u00e7\u00facares simples e gorduras de baixa qualidade afetam tanto a microbiota intestinal quanto a produ\u00e7\u00e3o de sebo e o surgimento de cravos e espinhas, sendo que dietas mais equilibradas, ricas em fibras, frutas, vegetais e fontes de gorduras boas, como o <strong>azeite<\/strong> de oliva e peixes gordurosos, tendem a modular melhor essa resposta.<\/p>\n\n\n\n<p>Leia tamb\u00e9m:\u00a0<a href=\"https:\/\/www.correiobraziliense.com.br\/cbradar\/os-5-alimentos-que-podem-piorar-a-saude-de-quem-possui-artrite-mesmo-consumindo-pouco\/\" target=\"_blank\" rel=\"noopener\">Os 5 alimentos que podem piorar a sa\u00fade de quem possui artrite mesmo consumindo pouco<\/a><\/p>\n\n\n\n<h2 class=\"wp-block-heading\">De que forma o eixo intestino c\u00e9rebro se relaciona ao cansa\u00e7o excessivo<\/h2>\n\n\n\n<p>O chamado <strong>eixo intestino c\u00e9rebro<\/strong> descreve a comunica\u00e7\u00e3o constante entre o sistema nervoso central e o trato gastrointestinal por vias neurais, hormonais e imunol\u00f3gicas. Uma parte relevante da serotonina, neurotransmissor ligado \u00e0 regula\u00e7\u00e3o do humor e do sono, \u00e9 produzida no intestino, o que evidencia a import\u00e2ncia desse \u00f3rg\u00e3o para energia, disposi\u00e7\u00e3o e qualidade do <strong>sono<\/strong>.<\/p>\n\n\n\n<p>Quando o intestino est\u00e1 em desequil\u00edbrio, podem surgir cansa\u00e7o constante, dificuldade de concentra\u00e7\u00e3o, lapsos de mem\u00f3ria, altera\u00e7\u00f5es do sono e oscila\u00e7\u00f5es de humor. Esses sintomas se relacionam \u00e0 produ\u00e7\u00e3o alterada de neurotransmissores, ao aumento de marcadores inflamat\u00f3rios e ao impacto da disbiose sobre o sistema imunol\u00f3gico e o estresse cr\u00f4nico, podendo inclusive contribuir para quadros como ansiedade e <strong>depress\u00e3o<\/strong> leves em algumas pessoas.<\/p>\n\n\n\n<p>Se voc\u00ea gosta de curiosidades do corpo, separamos esse v\u00eddeo do canal <a href=\"https:\/\/www.youtube.com\/@olaciencia\" target=\"_blank\" rel=\"noreferrer noopener\">Ol\u00e1, Ci\u00eancia!<\/a> falando sobre o poder do intestino:<\/p>\n\n\n\n<figure class=\"wp-block-embed is-type-video is-provider-youtube wp-block-embed-youtube wp-embed-aspect-16-9 wp-has-aspect-ratio\"><div class=\"wp-block-embed__wrapper\">\n<div class=\"jeg_video_container jeg_video_content\"><iframe loading=\"lazy\" title=\"O poder do INTESTINO como SEGUNDO C\u00c9REBRO\" width=\"500\" height=\"281\" src=\"https:\/\/www.youtube.com\/embed\/ymGGsMMQZxM?feature=oembed\" frameborder=\"0\" allow=\"accelerometer; autoplay; clipboard-write; encrypted-media; gyroscope; picture-in-picture; web-share\" referrerpolicy=\"strict-origin-when-cross-origin\" allowfullscreen><\/iframe><\/div>\n<\/div><\/figure>\n\n\n\n<h2 class=\"wp-block-heading\">Quais cuidados ajudam a manter o intestino saud\u00e1vel e reduzir acne e cansa\u00e7o<\/h2>\n\n\n\n<p>Manter o <strong>intestino saud\u00e1vel<\/strong> envolve um conjunto de h\u00e1bitos di\u00e1rios que, com o tempo, podem refletir em melhora da pele, da disposi\u00e7\u00e3o e da imunidade. Profissionais da sa\u00fade costumam destacar alimenta\u00e7\u00e3o variada, hidrata\u00e7\u00e3o, sono adequado, movimento regular e manejo do estresse como pilares b\u00e1sicos dessa manuten\u00e7\u00e3o.<\/p>\n\n\n\n<p>Entre as medidas mais citadas est\u00e3o alimenta\u00e7\u00e3o rica em fibras, consumo adequado de \u00e1gua, redu\u00e7\u00e3o de ultraprocessados, sono de qualidade e gest\u00e3o do estresse com t\u00e9cnicas de relaxamento ou atividades f\u00edsicas. Em situa\u00e7\u00f5es de acne persistente, cansa\u00e7o intenso ou outros sintomas extra intestinais, \u00e9 recomendado buscar acompanhamento profissional com um m\u00e9dico ou <strong>nutricionista<\/strong> para investiga\u00e7\u00e3o personalizada e ajuste de h\u00e1bitos e tratamentos, que podem incluir probi\u00f3ticos, pr\u00e9-bi\u00f3ticos e avalia\u00e7\u00e3o de poss\u00edveis intoler\u00e2ncias alimentares.<\/p>\n\n\n\n<p><\/p>\n","protected":false},"excerpt":{"rendered":"<p>Ao observar sinais do pr\u00f3prio corpo, muitas pessoas prestam aten\u00e7\u00e3o apenas ao que \u00e9 vis\u00edvel ou mais inc\u00f4modo no dia a dia, como espinhas no rosto ou queda de produtividade ao longo do expediente, mas sintomas como acne recorrente, cansa\u00e7o excessivo e altera\u00e7\u00f5es sutis no humor podem ser um aviso silencioso de que o intestino [&hellip;]<\/p>\n","protected":false},"author":9,"featured_media":158530,"comment_status":"open","ping_status":"open","sticky":false,"template":"","format":"standard","meta":{"_yoast_wpseo_focuskw":"microbiota intestinal","_yoast_wpseo_title":"","_yoast_wpseo_metadesc":"Altera\u00e7\u00f5es na pele e no humor podem estar ligadas ao equil\u00edbrio intestinal e \u00e0 comunica\u00e7\u00e3o entre intestino e c\u00e9rebro.","jnews-multi-image_gallery":[],"jnews_single_post":{"format":"standard"},"jnews_primary_category":[],"jnews_social_meta":[],"jnews_override_counter":[],"footnotes":""},"categories":[119],"post_tag":[2341,281,1422,565],"class_list":["post-158353","post","type-post","status-publish","format-standard","has-post-thumbnail","hentry","category-bem-estar","tag-acne","tag-alimentacao","tag-intestino","tag-saude"],"yoast_head":"<!-- This site is optimized with the Yoast SEO plugin v24.6 - https:\/\/yoast.com\/wordpress\/plugins\/seo\/ -->\n<title>Os sinais no corpo que podem indicar que o intestino n\u00e3o est\u00e1 saud\u00e1vel - Correio Braziliense - Radar<\/title>\n<meta name=\"description\" content=\"Altera\u00e7\u00f5es na pele e no humor podem estar ligadas ao equil\u00edbrio intestinal e \u00e0 comunica\u00e7\u00e3o entre intestino e c\u00e9rebro.\" \/>\n<meta name=\"robots\" content=\"index, follow, max-snippet:-1, max-image-preview:large, max-video-preview:-1\" \/>\n<link rel=\"canonical\" href=\"https:\/\/www.correiobraziliense.com.br\/cbradar\/os-sinais-no-corpo-que-podem-indicar-que-o-intestino-nao-esta-saudavel\/\" \/>\n<meta property=\"og:locale\" content=\"pt_BR\" \/>\n<meta property=\"og:type\" content=\"article\" \/>\n<meta property=\"og:title\" content=\"Os sinais no corpo que podem indicar que o intestino n\u00e3o est\u00e1 saud\u00e1vel - Correio Braziliense - Radar\" \/>\n<meta property=\"og:description\" content=\"Altera\u00e7\u00f5es na pele e no humor podem estar ligadas ao equil\u00edbrio intestinal e \u00e0 comunica\u00e7\u00e3o entre intestino e c\u00e9rebro.\" \/>\n<meta property=\"og:url\" content=\"https:\/\/www.correiobraziliense.com.br\/cbradar\/os-sinais-no-corpo-que-podem-indicar-que-o-intestino-nao-esta-saudavel\/\" \/>\n<meta property=\"og:site_name\" content=\"Correio Braziliense - Radar\" \/>\n<meta property=\"article:published_time\" content=\"2025-12-19T20:45:05+00:00\" \/>\n<meta property=\"og:image\" content=\"https:\/\/www.correiobraziliense.com.br\/cbradar\/wp-content\/uploads\/2025\/12\/freepik__imagem-realista-de-uma-pessoa-cansada-e-com-a-mo-o__82812-1.jpeg\" \/>\n\t<meta property=\"og:image:width\" content=\"1280\" \/>\n\t<meta property=\"og:image:height\" content=\"720\" \/>\n\t<meta property=\"og:image:type\" content=\"image\/jpeg\" \/>\n<meta name=\"author\" content=\"Daniely Cardoso\" \/>\n<meta name=\"twitter:card\" content=\"summary_large_image\" \/>\n<meta name=\"twitter:label1\" content=\"Escrito por\" \/>\n\t<meta name=\"twitter:data1\" content=\"Daniely Cardoso\" \/>\n\t<meta name=\"twitter:label2\" content=\"Est. tempo de leitura\" \/>\n\t<meta name=\"twitter:data2\" content=\"4 minutos\" \/>\n<!-- \/ Yoast SEO plugin. -->","yoast_head_json":{"title":"Os sinais no corpo que podem indicar que o intestino n\u00e3o est\u00e1 saud\u00e1vel - Correio Braziliense - Radar","description":"Altera\u00e7\u00f5es na pele e no humor podem estar ligadas ao equil\u00edbrio intestinal e \u00e0 comunica\u00e7\u00e3o entre intestino e c\u00e9rebro.","robots":{"index":"index","follow":"follow","max-snippet":"max-snippet:-1","max-image-preview":"max-image-preview:large","max-video-preview":"max-video-preview:-1"},"canonical":"https:\/\/www.correiobraziliense.com.br\/cbradar\/os-sinais-no-corpo-que-podem-indicar-que-o-intestino-nao-esta-saudavel\/","og_locale":"pt_BR","og_type":"article","og_title":"Os sinais no corpo que podem indicar que o intestino n\u00e3o est\u00e1 saud\u00e1vel - Correio Braziliense - Radar","og_description":"Altera\u00e7\u00f5es na pele e no humor podem estar ligadas ao equil\u00edbrio intestinal e \u00e0 comunica\u00e7\u00e3o entre intestino e c\u00e9rebro.","og_url":"https:\/\/www.correiobraziliense.com.br\/cbradar\/os-sinais-no-corpo-que-podem-indicar-que-o-intestino-nao-esta-saudavel\/","og_site_name":"Correio Braziliense - Radar","article_published_time":"2025-12-19T20:45:05+00:00","og_image":[{"width":1280,"height":720,"url":"https:\/\/www.correiobraziliense.com.br\/cbradar\/wp-content\/uploads\/2025\/12\/freepik__imagem-realista-de-uma-pessoa-cansada-e-com-a-mo-o__82812-1.jpeg","type":"image\/jpeg"}],"author":"Daniely Cardoso","twitter_card":"summary_large_image","twitter_misc":{"Escrito por":"Daniely Cardoso","Est. tempo de leitura":"4 minutos"},"schema":{"@context":"https:\/\/schema.org","@graph":[{"@type":"WebPage","@id":"https:\/\/www.correiobraziliense.com.br\/cbradar\/os-sinais-no-corpo-que-podem-indicar-que-o-intestino-nao-esta-saudavel\/","url":"https:\/\/www.correiobraziliense.com.br\/cbradar\/os-sinais-no-corpo-que-podem-indicar-que-o-intestino-nao-esta-saudavel\/","name":"Os sinais no corpo que podem indicar que o intestino n\u00e3o est\u00e1 saud\u00e1vel - Correio Braziliense - Radar","isPartOf":{"@id":"https:\/\/www.correiobraziliense.com.br\/cbradar\/#website"},"primaryImageOfPage":{"@id":"https:\/\/www.correiobraziliense.com.br\/cbradar\/os-sinais-no-corpo-que-podem-indicar-que-o-intestino-nao-esta-saudavel\/#primaryimage"},"image":{"@id":"https:\/\/www.correiobraziliense.com.br\/cbradar\/os-sinais-no-corpo-que-podem-indicar-que-o-intestino-nao-esta-saudavel\/#primaryimage"},"thumbnailUrl":"https:\/\/www.correiobraziliense.com.br\/cbradar\/wp-content\/uploads\/2025\/12\/freepik__imagem-realista-de-uma-pessoa-cansada-e-com-a-mo-o__82812-1.jpeg","datePublished":"2025-12-19T20:45:05+00:00","author":{"@id":"https:\/\/www.correiobraziliense.com.br\/cbradar\/#\/schema\/person\/7356666e12ec0ee53f348ee5db227032"},"description":"Altera\u00e7\u00f5es na pele e no humor podem estar ligadas ao equil\u00edbrio intestinal e \u00e0 comunica\u00e7\u00e3o entre intestino e c\u00e9rebro.","breadcrumb":{"@id":"https:\/\/www.correiobraziliense.com.br\/cbradar\/os-sinais-no-corpo-que-podem-indicar-que-o-intestino-nao-esta-saudavel\/#breadcrumb"},"inLanguage":"pt-BR","potentialAction":[{"@type":"ReadAction","target":["https:\/\/www.correiobraziliense.com.br\/cbradar\/os-sinais-no-corpo-que-podem-indicar-que-o-intestino-nao-esta-saudavel\/"]}]},{"@type":"ImageObject","inLanguage":"pt-BR","@id":"https:\/\/www.correiobraziliense.com.br\/cbradar\/os-sinais-no-corpo-que-podem-indicar-que-o-intestino-nao-esta-saudavel\/#primaryimage","url":"https:\/\/www.correiobraziliense.com.br\/cbradar\/wp-content\/uploads\/2025\/12\/freepik__imagem-realista-de-uma-pessoa-cansada-e-com-a-mo-o__82812-1.jpeg","contentUrl":"https:\/\/www.correiobraziliense.com.br\/cbradar\/wp-content\/uploads\/2025\/12\/freepik__imagem-realista-de-uma-pessoa-cansada-e-com-a-mo-o__82812-1.jpeg","width":1280,"height":720,"caption":"Cansa\u00e7o excessivo pode indicar desequil\u00edbrios na microbiota intestinal e m\u00e1 absor\u00e7\u00e3o de vitaminas essenciais"},{"@type":"BreadcrumbList","@id":"https:\/\/www.correiobraziliense.com.br\/cbradar\/os-sinais-no-corpo-que-podem-indicar-que-o-intestino-nao-esta-saudavel\/#breadcrumb","itemListElement":[{"@type":"ListItem","position":1,"name":"In\u00edcio","item":"https:\/\/www.correiobraziliense.com.br\/cbradar\/"},{"@type":"ListItem","position":2,"name":"Os sinais no corpo que podem indicar que o intestino n\u00e3o est\u00e1 saud\u00e1vel"}]},{"@type":"WebSite","@id":"https:\/\/www.correiobraziliense.com.br\/cbradar\/#website","url":"https:\/\/www.correiobraziliense.com.br\/cbradar\/","name":"Correio Braziliense - Radar","description":"Acompanhe as \u00faltimas not\u00edcias e fique bem informado sobre tudo o que acontece no Brasil e no mundo.","potentialAction":[{"@type":"SearchAction","target":{"@type":"EntryPoint","urlTemplate":"https:\/\/www.correiobraziliense.com.br\/cbradar\/?s={search_term_string}"},"query-input":{"@type":"PropertyValueSpecification","valueRequired":true,"valueName":"search_term_string"}}],"inLanguage":"pt-BR"},{"@type":"Person","@id":"https:\/\/www.correiobraziliense.com.br\/cbradar\/#\/schema\/person\/7356666e12ec0ee53f348ee5db227032","name":"Daniely Cardoso","image":{"@type":"ImageObject","inLanguage":"pt-BR","@id":"https:\/\/www.correiobraziliense.com.br\/cbradar\/#\/schema\/person\/image\/","url":"https:\/\/secure.gravatar.com\/avatar\/4b80ddbd124d1f071b626d52d62e5dff?s=96&d=mm&r=g","contentUrl":"https:\/\/secure.gravatar.com\/avatar\/4b80ddbd124d1f071b626d52d62e5dff?s=96&d=mm&r=g","caption":"Daniely Cardoso"},"description":"Redatora nos portais CB Radar e EM Foco, formada pela Universidade Federal de Goi\u00e1s, em Goi\u00e2nia. Apaixonada por comunica\u00e7\u00e3o, arte, decora\u00e7\u00e3o e tend\u00eancias, atuo na produ\u00e7\u00e3o de conte\u00fados envolventes sobre curiosidades, moda, beleza e paisagismo, sempre com um olhar atento \u00e0s novidades do momento.","sameAs":["https:\/\/www.correiobraziliense.com.br\/cbradar"],"url":"https:\/\/www.correiobraziliense.com.br\/cbradar\/author\/danielymyth\/"}]}},"_links":{"self":[{"href":"https:\/\/www.correiobraziliense.com.br\/cbradar\/wp-json\/wp\/v2\/posts\/158353","targetHints":{"allow":["GET"]}}],"collection":[{"href":"https:\/\/www.correiobraziliense.com.br\/cbradar\/wp-json\/wp\/v2\/posts"}],"about":[{"href":"https:\/\/www.correiobraziliense.com.br\/cbradar\/wp-json\/wp\/v2\/types\/post"}],"author":[{"embeddable":true,"href":"https:\/\/www.correiobraziliense.com.br\/cbradar\/wp-json\/wp\/v2\/users\/9"}],"replies":[{"embeddable":true,"href":"https:\/\/www.correiobraziliense.com.br\/cbradar\/wp-json\/wp\/v2\/comments?post=158353"}],"version-history":[{"count":2,"href":"https:\/\/www.correiobraziliense.com.br\/cbradar\/wp-json\/wp\/v2\/posts\/158353\/revisions"}],"predecessor-version":[{"id":158400,"href":"https:\/\/www.correiobraziliense.com.br\/cbradar\/wp-json\/wp\/v2\/posts\/158353\/revisions\/158400"}],"wp:featuredmedia":[{"embeddable":true,"href":"https:\/\/www.correiobraziliense.com.br\/cbradar\/wp-json\/wp\/v2\/media\/158530"}],"wp:attachment":[{"href":"https:\/\/www.correiobraziliense.com.br\/cbradar\/wp-json\/wp\/v2\/media?parent=158353"}],"wp:term":[{"taxonomy":"category","embeddable":true,"href":"https:\/\/www.correiobraziliense.com.br\/cbradar\/wp-json\/wp\/v2\/categories?post=158353"},{"taxonomy":"post_tag","embeddable":true,"href":"https:\/\/www.correiobraziliense.com.br\/cbradar\/wp-json\/wp\/v2\/post_tag?post=158353"}],"curies":[{"name":"wp","href":"https:\/\/api.w.org\/{rel}","templated":true}]}}