{"id":15845,"date":"2025-03-27T07:10:27","date_gmt":"2025-03-27T10:10:27","guid":{"rendered":"https:\/\/www.correiobraziliense.com.br\/cbradar\/?p=15845"},"modified":"2025-03-26T01:38:33","modified_gmt":"2025-03-26T04:38:33","slug":"como-plantar-manjericao-em-casa-e-ter-folhas-frescas-sempre","status":"publish","type":"post","link":"https:\/\/www.correiobraziliense.com.br\/cbradar\/como-plantar-manjericao-em-casa-e-ter-folhas-frescas-sempre\/","title":{"rendered":"Como plantar manjeric\u00e3o em casa e ter folhas frescas sempre"},"content":{"rendered":"\n<p>O <strong>manjeric\u00e3o<\/strong> \u00e9 uma das ervas mais cultivadas em hortas caseiras, devido ao seu sabor \u00fanico e ao seu uso em diversas receitas. Al\u00e9m disso, o manjeric\u00e3o \u00e9 de f\u00e1cil cultivo e pode ser plantado tanto em vasos quanto diretamente no solo. Com este guia completo, voc\u00ea aprender\u00e1 como plantar, cuidar e colher o manjeric\u00e3o para ter uma erva fresquinha sempre \u00e0 disposi\u00e7\u00e3o.<\/p>\n\n\n\n<h2 class=\"wp-block-heading\">Qual o melhor local para plantar?<\/h2>\n\n\n\n<p>O <strong>manjeric\u00e3o<\/strong> necessita de <strong>muita luz solar<\/strong> para se desenvolver bem. O ideal \u00e9 que a planta receba pelo menos <strong>6 horas di\u00e1rias de sol direto<\/strong>. Escolha um local arejado, mas protegido de ventos fortes, que podem danificar a planta. Em regi\u00f5es com clima quente, o manjeric\u00e3o pode ser plantado o ano todo, mas em \u00e1reas mais frias, \u00e9 melhor cultiv\u00e1-lo durante a primavera e o ver\u00e3o.<\/p>\n\n\n\n<p>Se for <a href=\"https:\/\/www.correiobraziliense.com.br\/cbradar\/aprenda-dicas-praticas-para-plantar-jambu-em-casa\/\" target=\"_blank\" rel=\"noreferrer noopener\">plantar <\/a>em <strong>vasos<\/strong>, escolha recipientes com <strong>pelo menos 20 cm de profundidade<\/strong> e bom sistema de drenagem. O manjeric\u00e3o adora espa\u00e7o para suas ra\u00edzes, ent\u00e3o certifique-se de que o vaso seja grande o suficiente.<\/p>\n\n\n\n<h2 class=\"wp-block-heading\">Qual o solo ideal para plantar?<\/h2>\n\n\n\n<p>O <strong>solo<\/strong> deve ser leve, bem drenado e rico em nutrientes. O manjeric\u00e3o prefere solos com boa aera\u00e7\u00e3o, evitando que as ra\u00edzes fiquem encharcadas. Uma boa mistura para o plantio pode ser:<\/p>\n\n\n\n<ul class=\"wp-block-list\">\n<li>50% de terra vegetal;<\/li>\n\n\n\n<li>30% de composto org\u00e2nico;<\/li>\n\n\n\n<li>20% de areia ou substrato leve.<\/li>\n<\/ul>\n\n\n\n<p>Essa combina\u00e7\u00e3o permite que a raiz do manjeric\u00e3o se desenvolva bem e que a planta receba os nutrientes necess\u00e1rios.<\/p>\n\n\n\n<h2 class=\"wp-block-heading\">Como plantar a partir de sementes?<\/h2>\n\n\n\n<p>Plantar manjeric\u00e3o a partir de sementes \u00e9 simples. Siga o passo a passo:<\/p>\n\n\n\n<ol class=\"wp-block-list\">\n<li>Plante as sementes a uma profundidade de <strong>0,5 cm<\/strong> no solo preparado.<\/li>\n\n\n\n<li>Mantenha o solo \u00famido, mas sem encharcar.<\/li>\n\n\n\n<li>A germina\u00e7\u00e3o ocorre em <strong>5 a 10 dias<\/strong>, dependendo das condi\u00e7\u00f5es de temperatura e umidade.<\/li>\n\n\n\n<li>Quando as mudas atingirem cerca de <strong>10 cm de altura<\/strong>, elas podem ser transplantadas para o local definitivo, deixando <strong>20 a 30 cm de dist\u00e2ncia<\/strong> entre elas.<\/li>\n<\/ol>\n\n\n\n<h2 class=\"wp-block-heading\">Como regar corretamente?<\/h2>\n\n\n\n<p>O <strong>manjeric\u00e3o<\/strong> gosta de solo \u00famido, mas n\u00e3o encharcado. Algumas dicas para rega:<\/p>\n\n\n\n<ul class=\"wp-block-list\">\n<li>Regue <strong>2 a 3 vezes por semana<\/strong>, ou mais frequentemente nos dias mais quentes.<\/li>\n\n\n\n<li>Evite molhar as folhas para prevenir doen\u00e7as.<\/li>\n\n\n\n<li>Regue no in\u00edcio da manh\u00e3 ou ao entardecer para evitar a evapora\u00e7\u00e3o r\u00e1pida.<\/li>\n<\/ul>\n\n\n\n<figure class=\"wp-block-image aligncenter size-large\"><img decoding=\"async\" width=\"1024\" height=\"576\" src=\"https:\/\/www.correiobraziliense.com.br\/cbradar\/wp-content\/uploads\/2025\/03\/manjericao_1742962005175-1024x576.jpg\" alt=\"Como plantar manjeric\u00e3o em casa e ter folhas frescas sempre\n\n\" class=\"wp-image-15846\" srcset=\"https:\/\/www.correiobraziliense.com.br\/cbradar\/wp-content\/uploads\/2025\/03\/manjericao_1742962005175-1024x576.jpg 1024w, https:\/\/www.correiobraziliense.com.br\/cbradar\/wp-content\/uploads\/2025\/03\/manjericao_1742962005175-300x169.jpg 300w, https:\/\/www.correiobraziliense.com.br\/cbradar\/wp-content\/uploads\/2025\/03\/manjericao_1742962005175-768x432.jpg 768w, https:\/\/www.correiobraziliense.com.br\/cbradar\/wp-content\/uploads\/2025\/03\/manjericao_1742962005175-750x422.jpg 750w, https:\/\/www.correiobraziliense.com.br\/cbradar\/wp-content\/uploads\/2025\/03\/manjericao_1742962005175-1140x641.jpg 1140w, https:\/\/www.correiobraziliense.com.br\/cbradar\/wp-content\/uploads\/2025\/03\/manjericao_1742962005175.jpg 1280w\" sizes=\"(max-width: 1024px) 100vw, 1024px\" \/><figcaption class=\"wp-element-caption\">Manjeric\u00e3o &#8211; Cr\u00e9ditos: depositphotos.com \/ AntonMatyukha<\/figcaption><\/figure>\n\n\n\n<h2 class=\"wp-block-heading\">Como adubar o manjeric\u00e3o para um bom crescimento?<\/h2>\n\n\n\n<p>O manjeric\u00e3o responde bem \u00e0 aduba\u00e7\u00e3o regular. Use <strong>fertilizantes org\u00e2nicos<\/strong> ou <strong>adubos balanceados<\/strong>. A aduba\u00e7\u00e3o deve ser feita:<\/p>\n\n\n\n<ul class=\"wp-block-list\">\n<li><strong>Antes do plantio<\/strong>: adicione composto org\u00e2nico ou h\u00famus de minhoca ao solo.<\/li>\n\n\n\n<li><strong>Durante o crescimento<\/strong>: a cada 15 dias, utilize adubos equilibrados, com mais nitrog\u00eanio, para fortalecer o crescimento das folhas.<\/li>\n<\/ul>\n\n\n\n<p>Evite o uso excessivo de fertilizantes, pois isso pode afetar o sabor do manjeric\u00e3o.<\/p>\n\n\n\n<h2 class=\"wp-block-heading\">Como fazer a poda do manjeric\u00e3o?<\/h2>\n\n\n\n<p>A poda \u00e9 essencial para manter o manjeric\u00e3o saud\u00e1vel e estimular o crescimento de novas folhas:<\/p>\n\n\n\n<ul class=\"wp-block-list\">\n<li>Corte os brotos mais altos para que a planta se ramifique.<\/li>\n\n\n\n<li>Retire flores que aparecerem, pois elas podem alterar o sabor das folhas.<\/li>\n\n\n\n<li>Remova as folhas secas ou danificadas para manter a planta vigorosa.<\/li>\n<\/ul>\n\n\n\n<h2 class=\"wp-block-heading\">Como evitar pragas e doen\u00e7as?<\/h2>\n\n\n\n<p>O <strong>manjeric\u00e3o<\/strong> pode ser atacado por pragas como pulg\u00f5es, moscas-brancas e \u00e1caros. Algumas solu\u00e7\u00f5es naturais incluem:<\/p>\n\n\n\n<ul class=\"wp-block-list\">\n<li>Pulverizar uma solu\u00e7\u00e3o de <strong>\u00e1gua com sab\u00e3o neutro<\/strong> para controlar pulg\u00f5es.<\/li>\n\n\n\n<li>Plantar ervas como <strong>manjerona<\/strong> ou <strong>alecrim<\/strong> ao redor, que ajudam a repelir pragas.<\/li>\n\n\n\n<li>Evitar regar em excesso e manter um bom espa\u00e7amento entre as plantas para prevenir fungos.<\/li>\n<\/ul>\n\n\n\n<h2 class=\"wp-block-heading\">FAQ &#8211; Perguntas frequentes<\/h2>\n\n\n\n<p><strong>1. O manjeric\u00e3o pode ser cultivado em vasos?<\/strong><br>Sim! O manjeric\u00e3o se adapta muito bem ao cultivo em vasos, desde que o recipiente tenha boa drenagem e espa\u00e7o suficiente.<\/p>\n\n\n\n<p><strong>2. Como saber quando colher o manjeric\u00e3o?<\/strong><br>Colha as folhas de manjeric\u00e3o quando elas estiverem grandes o suficiente para usar, mas antes que a planta comece a florescer.<\/p>\n\n\n\n<p><strong>3. O manjeric\u00e3o precisa de muito sol?<\/strong><br>Sim! O manjeric\u00e3o precisa de pelo menos <strong>6 horas de luz solar direta<\/strong> por dia para crescer saud\u00e1vel.<\/p>\n\n\n\n<p><strong>4. Como evitar que o manjeric\u00e3o fique amargo?<\/strong><br>Evite que o manjeric\u00e3o fique muito quente ou seco, e retire as flores para que ele continue com sabor fresco e suave.<\/p>\n\n\n\n<p><strong>5. O manjeric\u00e3o pode ser cultivado o ano todo?<\/strong><br>Em climas amenos, sim. Mas em regi\u00f5es muito frias, o manjeric\u00e3o pode ser cultivado como planta anual ou em ambientes fechados.<\/p>\n","protected":false},"excerpt":{"rendered":"<p>O manjeric\u00e3o \u00e9 uma das ervas mais cultivadas em hortas caseiras, devido ao seu sabor \u00fanico e ao seu uso em diversas receitas. Al\u00e9m disso, o manjeric\u00e3o \u00e9 de f\u00e1cil cultivo e pode ser plantado tanto em vasos quanto diretamente no solo. Com este guia completo, voc\u00ea aprender\u00e1 como plantar, cuidar e colher o manjeric\u00e3o [&hellip;]<\/p>\n","protected":false},"author":9,"featured_media":15847,"comment_status":"open","ping_status":"open","sticky":false,"template":"","format":"standard","meta":{"_yoast_wpseo_focuskw":"manjeric\u00e3o","_yoast_wpseo_title":"%%title%% %%page%%","_yoast_wpseo_metadesc":"Aprenda a plantar e cuidar do manjeric\u00e3o em casa com dicas para garantir folhas frescas e arom\u00e1ticas o ano todo.","jnews-multi-image_gallery":[],"jnews_single_post":{"format":"standard"},"jnews_primary_category":[],"jnews_social_meta":[],"jnews_override_counter":[],"footnotes":""},"categories":[136],"tags":[2431,2432,266,2080],"class_list":["post-15845","post","type-post","status-publish","format-standard","has-post-thumbnail","hentry","category-jardinagem","tag-como-plantar-manjericao","tag-cultivo-de-manjericao","tag-horta-caseira","tag-manjericao"],"yoast_head":"<!-- This site is optimized with the Yoast SEO plugin v24.6 - https:\/\/yoast.com\/wordpress\/plugins\/seo\/ -->\n<title>Como plantar manjeric\u00e3o em casa e ter folhas frescas sempre<\/title>\n<meta name=\"description\" content=\"Aprenda a plantar e cuidar do manjeric\u00e3o em casa com dicas para garantir folhas frescas e arom\u00e1ticas o ano todo.\" \/>\n<meta name=\"robots\" content=\"index, follow, max-snippet:-1, max-image-preview:large, max-video-preview:-1\" \/>\n<link rel=\"canonical\" href=\"https:\/\/www.correiobraziliense.com.br\/cbradar\/como-plantar-manjericao-em-casa-e-ter-folhas-frescas-sempre\/\" \/>\n<meta property=\"og:locale\" content=\"pt_BR\" \/>\n<meta property=\"og:type\" content=\"article\" \/>\n<meta property=\"og:title\" content=\"Como plantar manjeric\u00e3o em casa e ter folhas frescas sempre\" \/>\n<meta property=\"og:description\" content=\"Aprenda a plantar e cuidar do manjeric\u00e3o em casa com dicas para garantir folhas frescas e arom\u00e1ticas o ano todo.\" \/>\n<meta property=\"og:url\" content=\"https:\/\/www.correiobraziliense.com.br\/cbradar\/como-plantar-manjericao-em-casa-e-ter-folhas-frescas-sempre\/\" \/>\n<meta property=\"og:site_name\" content=\"Correio Braziliense - Radar\" \/>\n<meta property=\"article:published_time\" content=\"2025-03-27T10:10:27+00:00\" \/>\n<meta property=\"og:image\" content=\"https:\/\/www.correiobraziliense.com.br\/cbradar\/wp-content\/uploads\/2025\/03\/manjericao_1742962049969.jpg\" \/>\n\t<meta property=\"og:image:width\" content=\"1280\" \/>\n\t<meta property=\"og:image:height\" content=\"720\" \/>\n\t<meta property=\"og:image:type\" content=\"image\/jpeg\" \/>\n<meta name=\"author\" content=\"Daniely Cardoso\" \/>\n<meta name=\"twitter:card\" content=\"summary_large_image\" \/>\n<meta name=\"twitter:label1\" content=\"Escrito por\" \/>\n\t<meta name=\"twitter:data1\" content=\"Daniely Cardoso\" \/>\n\t<meta name=\"twitter:label2\" content=\"Est. tempo de leitura\" \/>\n\t<meta name=\"twitter:data2\" content=\"5 minutos\" \/>\n<!-- \/ Yoast SEO plugin. -->","yoast_head_json":{"title":"Como plantar manjeric\u00e3o em casa e ter folhas frescas sempre","description":"Aprenda a plantar e cuidar do manjeric\u00e3o em casa com dicas para garantir folhas frescas e arom\u00e1ticas o ano todo.","robots":{"index":"index","follow":"follow","max-snippet":"max-snippet:-1","max-image-preview":"max-image-preview:large","max-video-preview":"max-video-preview:-1"},"canonical":"https:\/\/www.correiobraziliense.com.br\/cbradar\/como-plantar-manjericao-em-casa-e-ter-folhas-frescas-sempre\/","og_locale":"pt_BR","og_type":"article","og_title":"Como plantar manjeric\u00e3o em casa e ter folhas frescas sempre","og_description":"Aprenda a plantar e cuidar do manjeric\u00e3o em casa com dicas para garantir folhas frescas e arom\u00e1ticas o ano todo.","og_url":"https:\/\/www.correiobraziliense.com.br\/cbradar\/como-plantar-manjericao-em-casa-e-ter-folhas-frescas-sempre\/","og_site_name":"Correio Braziliense - Radar","article_published_time":"2025-03-27T10:10:27+00:00","og_image":[{"width":1280,"height":720,"url":"https:\/\/www.correiobraziliense.com.br\/cbradar\/wp-content\/uploads\/2025\/03\/manjericao_1742962049969.jpg","type":"image\/jpeg"}],"author":"Daniely Cardoso","twitter_card":"summary_large_image","twitter_misc":{"Escrito por":"Daniely Cardoso","Est. tempo de leitura":"5 minutos"},"schema":{"@context":"https:\/\/schema.org","@graph":[{"@type":"WebPage","@id":"https:\/\/www.correiobraziliense.com.br\/cbradar\/como-plantar-manjericao-em-casa-e-ter-folhas-frescas-sempre\/","url":"https:\/\/www.correiobraziliense.com.br\/cbradar\/como-plantar-manjericao-em-casa-e-ter-folhas-frescas-sempre\/","name":"Como plantar manjeric\u00e3o em casa e ter folhas frescas sempre","isPartOf":{"@id":"https:\/\/www.correiobraziliense.com.br\/cbradar\/#website"},"primaryImageOfPage":{"@id":"https:\/\/www.correiobraziliense.com.br\/cbradar\/como-plantar-manjericao-em-casa-e-ter-folhas-frescas-sempre\/#primaryimage"},"image":{"@id":"https:\/\/www.correiobraziliense.com.br\/cbradar\/como-plantar-manjericao-em-casa-e-ter-folhas-frescas-sempre\/#primaryimage"},"thumbnailUrl":"https:\/\/www.correiobraziliense.com.br\/cbradar\/wp-content\/uploads\/2025\/03\/manjericao_1742962049969.jpg","datePublished":"2025-03-27T10:10:27+00:00","author":{"@id":"https:\/\/www.correiobraziliense.com.br\/cbradar\/#\/schema\/person\/7356666e12ec0ee53f348ee5db227032"},"description":"Aprenda a plantar e cuidar do manjeric\u00e3o em casa com dicas para garantir folhas frescas e arom\u00e1ticas o ano todo.","breadcrumb":{"@id":"https:\/\/www.correiobraziliense.com.br\/cbradar\/como-plantar-manjericao-em-casa-e-ter-folhas-frescas-sempre\/#breadcrumb"},"inLanguage":"pt-BR","potentialAction":[{"@type":"ReadAction","target":["https:\/\/www.correiobraziliense.com.br\/cbradar\/como-plantar-manjericao-em-casa-e-ter-folhas-frescas-sempre\/"]}]},{"@type":"ImageObject","inLanguage":"pt-BR","@id":"https:\/\/www.correiobraziliense.com.br\/cbradar\/como-plantar-manjericao-em-casa-e-ter-folhas-frescas-sempre\/#primaryimage","url":"https:\/\/www.correiobraziliense.com.br\/cbradar\/wp-content\/uploads\/2025\/03\/manjericao_1742962049969.jpg","contentUrl":"https:\/\/www.correiobraziliense.com.br\/cbradar\/wp-content\/uploads\/2025\/03\/manjericao_1742962049969.jpg","width":1280,"height":720,"caption":"\u00c9 associada ao al\u00edvio de desconfortos digestivos e \u00e0 promo\u00e7\u00e3o do bem-estar respirat\u00f3rio. - Cr\u00e9ditos: depositphotos.com \/ tab62"},{"@type":"BreadcrumbList","@id":"https:\/\/www.correiobraziliense.com.br\/cbradar\/como-plantar-manjericao-em-casa-e-ter-folhas-frescas-sempre\/#breadcrumb","itemListElement":[{"@type":"ListItem","position":1,"name":"In\u00edcio","item":"https:\/\/www.correiobraziliense.com.br\/cbradar\/"},{"@type":"ListItem","position":2,"name":"Como plantar manjeric\u00e3o em casa e ter folhas frescas sempre"}]},{"@type":"WebSite","@id":"https:\/\/www.correiobraziliense.com.br\/cbradar\/#website","url":"https:\/\/www.correiobraziliense.com.br\/cbradar\/","name":"Correio Braziliense - Radar","description":"Acompanhe as \u00faltimas not\u00edcias e fique bem informado sobre tudo o que acontece no Brasil e no mundo.","potentialAction":[{"@type":"SearchAction","target":{"@type":"EntryPoint","urlTemplate":"https:\/\/www.correiobraziliense.com.br\/cbradar\/?s={search_term_string}"},"query-input":{"@type":"PropertyValueSpecification","valueRequired":true,"valueName":"search_term_string"}}],"inLanguage":"pt-BR"},{"@type":"Person","@id":"https:\/\/www.correiobraziliense.com.br\/cbradar\/#\/schema\/person\/7356666e12ec0ee53f348ee5db227032","name":"Daniely Cardoso","image":{"@type":"ImageObject","inLanguage":"pt-BR","@id":"https:\/\/www.correiobraziliense.com.br\/cbradar\/#\/schema\/person\/image\/","url":"https:\/\/secure.gravatar.com\/avatar\/4b80ddbd124d1f071b626d52d62e5dff?s=96&d=mm&r=g","contentUrl":"https:\/\/secure.gravatar.com\/avatar\/4b80ddbd124d1f071b626d52d62e5dff?s=96&d=mm&r=g","caption":"Daniely Cardoso"},"description":"Redatora nos portais CB Radar e EM Foco, formada pela Universidade Federal de Goi\u00e1s, em Goi\u00e2nia. Apaixonada por comunica\u00e7\u00e3o, arte, decora\u00e7\u00e3o e tend\u00eancias, atuo na produ\u00e7\u00e3o de conte\u00fados envolventes sobre curiosidades, moda, beleza e paisagismo, sempre com um olhar atento \u00e0s novidades do momento.","sameAs":["https:\/\/www.correiobraziliense.com.br\/cbradar"],"url":"https:\/\/www.correiobraziliense.com.br\/cbradar\/author\/danielymyth\/"}]}},"_links":{"self":[{"href":"https:\/\/www.correiobraziliense.com.br\/cbradar\/wp-json\/wp\/v2\/posts\/15845","targetHints":{"allow":["GET"]}}],"collection":[{"href":"https:\/\/www.correiobraziliense.com.br\/cbradar\/wp-json\/wp\/v2\/posts"}],"about":[{"href":"https:\/\/www.correiobraziliense.com.br\/cbradar\/wp-json\/wp\/v2\/types\/post"}],"author":[{"embeddable":true,"href":"https:\/\/www.correiobraziliense.com.br\/cbradar\/wp-json\/wp\/v2\/users\/9"}],"replies":[{"embeddable":true,"href":"https:\/\/www.correiobraziliense.com.br\/cbradar\/wp-json\/wp\/v2\/comments?post=15845"}],"version-history":[{"count":3,"href":"https:\/\/www.correiobraziliense.com.br\/cbradar\/wp-json\/wp\/v2\/posts\/15845\/revisions"}],"predecessor-version":[{"id":15862,"href":"https:\/\/www.correiobraziliense.com.br\/cbradar\/wp-json\/wp\/v2\/posts\/15845\/revisions\/15862"}],"wp:featuredmedia":[{"embeddable":true,"href":"https:\/\/www.correiobraziliense.com.br\/cbradar\/wp-json\/wp\/v2\/media\/15847"}],"wp:attachment":[{"href":"https:\/\/www.correiobraziliense.com.br\/cbradar\/wp-json\/wp\/v2\/media?parent=15845"}],"wp:term":[{"taxonomy":"category","embeddable":true,"href":"https:\/\/www.correiobraziliense.com.br\/cbradar\/wp-json\/wp\/v2\/categories?post=15845"},{"taxonomy":"post_tag","embeddable":true,"href":"https:\/\/www.correiobraziliense.com.br\/cbradar\/wp-json\/wp\/v2\/tags?post=15845"}],"curies":[{"name":"wp","href":"https:\/\/api.w.org\/{rel}","templated":true}]}}