{"id":158665,"date":"2025-12-20T15:55:00","date_gmt":"2025-12-20T18:55:00","guid":{"rendered":"https:\/\/www.correiobraziliense.com.br\/cbradar\/?p=158665"},"modified":"2025-12-18T20:52:09","modified_gmt":"2025-12-18T23:52:09","slug":"queda-de-cabelo-quando-e-normal-e-quando-preocupar","status":"publish","type":"post","link":"https:\/\/www.correiobraziliense.com.br\/cbradar\/queda-de-cabelo-quando-e-normal-e-quando-preocupar\/","title":{"rendered":"Queda de cabelo quando \u00e9 normal e quando preocupar"},"content":{"rendered":"\n<p>A <strong>Queda de Cabelo<\/strong> \u00e9 um fen\u00f4meno que, embora atenue muitos homens e mulheres, nem sempre \u00e9 motivo de preocupa\u00e7\u00e3o m\u00e9dica. A perda de aproximadamente 80 a 120 fios diariamente \u00e9 considerada uma parte natural do ciclo capilar. Entretanto, quando esta perda se intensifica, se prolonga ou se destaca por falhas vis\u00edveis, as pessoas costumam buscar ajuda profissional.<\/p>\n\n\n\n<p>Os especialistas, como a dermatologista e tricologista Anna Cec\u00edlia Andriolo, explicam que a sa\u00fade do cabelo est\u00e1 intimamente ligada ao equil\u00edbrio do organismo humano. A queda abundante e persistente pode indicar que algo est\u00e1 errado. Tal condi\u00e7\u00e3o n\u00e3o s\u00f3 afeta a autoestima, mas tamb\u00e9m pode atrasar o diagn\u00f3stico de problemas m\u00e9dicos que requerem aten\u00e7\u00e3o.<\/p>\n\n\n\n<h2 class=\"wp-block-heading\">Quais s\u00e3o as causas comuns da Queda de Cabelo?<\/h2>\n\n\n\n<p>V\u00e1rios fatores podem motivar a Queda de Cabelo, mas as altera\u00e7\u00f5es hormonais s\u00e3o algumas das principais causas. Durante o ciclo menstrual, menopausa ou mesmo dist\u00farbios na tireoide, as mulheres podem observar mudan\u00e7as no volume dos seus cabelos. O uso de anticoncepcionais tamb\u00e9m pode influenciar esse processo. Al\u00e9m disso, defici\u00eancias nutricionais \u2013 especialmente de ferro, vitaminas do complexo B, vitamina D e zinco \u2013 s\u00e3o fatores reconhecidos por comprometer o crescimento e a resist\u00eancia dos fios.<\/p>\n\n\n\n<figure class=\"wp-block-image aligncenter size-large\"><img decoding=\"async\" width=\"1024\" height=\"576\" src=\"https:\/\/www.correiobraziliense.com.br\/cbradar\/wp-content\/uploads\/2025\/05\/queda-capilar_1747506456935-1024x576.jpg\" alt=\"\" class=\"wp-image-38660\" srcset=\"https:\/\/www.correiobraziliense.com.br\/cbradar\/wp-content\/uploads\/2025\/05\/queda-capilar_1747506456935-1024x576.jpg 1024w, https:\/\/www.correiobraziliense.com.br\/cbradar\/wp-content\/uploads\/2025\/05\/queda-capilar_1747506456935-300x169.jpg 300w, https:\/\/www.correiobraziliense.com.br\/cbradar\/wp-content\/uploads\/2025\/05\/queda-capilar_1747506456935-768x432.jpg 768w, https:\/\/www.correiobraziliense.com.br\/cbradar\/wp-content\/uploads\/2025\/05\/queda-capilar_1747506456935-750x422.jpg 750w, https:\/\/www.correiobraziliense.com.br\/cbradar\/wp-content\/uploads\/2025\/05\/queda-capilar_1747506456935-1140x641.jpg 1140w, https:\/\/www.correiobraziliense.com.br\/cbradar\/wp-content\/uploads\/2025\/05\/queda-capilar_1747506456935.jpg 1280w\" sizes=\"(max-width: 1024px) 100vw, 1024px\" \/><figcaption class=\"wp-element-caption\">esse tratamento pode revolucionar a luta contra a calv\u00edcie &#8211; Cr\u00e9ditos: depositphotos.com \/ AndrewLozovyi\n\n<\/figcaption><\/figure>\n\n\n\n<h2 class=\"wp-block-heading\">Como o estresse e doen\u00e7as impactam a sa\u00fade capilar?<\/h2>\n\n\n\n<p>O estresse cont\u00ednuo e os transtornos emocionais est\u00e3o entre os maiores gatilhos da Queda de Cabelo. Viv\u00eancias f\u00edsicas e emocionais intensas influenciam diretamente o ciclo dos fios. Al\u00e9m disso, doen\u00e7as inflamat\u00f3rias ou infecciosas, como a Covid-19 e a dengue, s\u00e3o conhecidas por provocar quedas tempor\u00e1rias nos cabelos.<\/p>\n\n\n\n<h2 class=\"wp-block-heading\">Quando buscar a ajuda de um especialista para Queda de Cabelo?<\/h2>\n\n\n\n<p>Determinar quando procurar um dermatologista \u00e9 crucial para o tratamento adequado. A Sociedade Brasileira de Cirurgia Dermatol\u00f3gica (SBCD) alerta sobre a import\u00e2ncia do diagn\u00f3stico precoce. Se houver mudan\u00e7as consider\u00e1veis no volume capilar, queda acentuada por semanas, surgimento de falhas, afinamento dos fios ou sintomas como coceira, dor e vermelhid\u00e3o, \u00e9 imprescind\u00edvel buscar avalia\u00e7\u00e3o m\u00e9dica.<\/p>\n\n\n\n<ul class=\"wp-block-list\">\n<li><strong>Mudan\u00e7a no volume do cabelo:<\/strong>\u00a0Aten\u00e7\u00e3o a qualquer altera\u00e7\u00e3o repentina ou significativa.<\/li>\n\n\n\n<li><strong>Queda persistente:<\/strong>\u00a0Se persistir por semanas, \u00e9 essencial consultar um dermatologista.<\/li>\n\n\n\n<li><strong>Sintomas associados:<\/strong>\u00a0Coceira, dor e vermelhid\u00e3o podem indicar problemas maiores.<\/li>\n<\/ul>\n\n\n\n<p>O cuidado capilar \u00e9 um reflexo do cuidado com o corpo inteiro. Entender as causas e sinais da queda do cabelo permitir\u00e1 interven\u00e7\u00f5es precoces e precisas, assegurando n\u00e3o s\u00f3 a sa\u00fade capilar, mas um bem-estar geral. \u00c9 importante manter uma alimenta\u00e7\u00e3o equilibrada, evitar o estresse e procurar ajuda m\u00e9dica quando necess\u00e1rio para garantir a sa\u00fade dos cabelos e do organismo como um todo.<\/p>\n\n\n<a href=\"https:\/\/www.instagram.com\/dra.annaluisabf\/\" target=\"_blank\" rel=\"noopener\" style=\"text-decoration: none; color: inherit;\">\n    <span style=\"display: inline-block; border: 1px solid #ccc; border-radius: 10px; padding: 15px; max-width: 550px; font-family: sans-serif; box-shadow: 0 2px 5px rgba(0,0,0,0.1); width: 100%;\">\n\n      <!-- T\u00edtulo -->\n      <span style=\"display: block; margin: 0 0 15px 0; font-weight: bold; color: #2c3e50; text-align: center;\">\n        Entre em contato:\n      <\/span>\n\n      <!-- Linha do perfil -->\n      <span style=\"display: flex; align-items: center; gap: 15px;\">\n        <img decoding=\"async\"\n          src=\"https:\/\/www.correiobraziliense.com.br\/cbradar\/wp-content\/uploads\/2025\/08\/dra_anna_luisa.jpeg\"\n          alt=\"Foto da Dra. Anna Lu\u00edsa\"\n          style=\"border-radius: 50%; width: 80px; height: 80px; object-fit: cover;\"\n        \/>\n        <span style=\"display: flex; flex-direction: column;\">\n          <span style=\"font-size: 18px; font-weight: 700; color: #2c3e50;\">Dra. Anna Lu\u00edsa Barbosa Fernandes<\/span>\n          <span style=\"color: #555;\">CRM-GO 33.271<\/span>\n        <\/span>\n      <\/span>\n\n      <!-- Redes -->\n      <span style=\"display: flex; align-items: center; gap: 10px; margin-top: 12px;\">\n        <img decoding=\"async\" src=\"https:\/\/cdn-icons-png.flaticon.com\/24\/1384\/1384063.png\" alt=\"Instagram\" width=\"24\" height=\"24\" \/>\n        <span style=\"text-decoration: underline; color: #2c3e50;\">@dra.annaluisabf<\/span>\n      <\/span>\n\n    <\/span>\n  <\/a>","protected":false},"excerpt":{"rendered":"<p>A Queda de Cabelo \u00e9 um fen\u00f4meno que, embora atenue muitos homens e mulheres, nem sempre \u00e9 motivo de preocupa\u00e7\u00e3o m\u00e9dica. A perda de aproximadamente 80 a 120 fios diariamente \u00e9 considerada uma parte natural do ciclo capilar. Entretanto, quando esta perda se intensifica, se prolonga ou se destaca por falhas vis\u00edveis, as pessoas costumam [&hellip;]<\/p>\n","protected":false},"author":14,"featured_media":40480,"comment_status":"open","ping_status":"open","sticky":false,"template":"","format":"standard","meta":{"_yoast_wpseo_focuskw":"Queda de Cabelo","_yoast_wpseo_title":"","_yoast_wpseo_metadesc":"Veja quando a queda de cabelo merece aten\u00e7\u00e3o m\u00e9dica. Estresse, horm\u00f4nios e car\u00eancias podem causar queda capilar.","jnews-multi-image_gallery":[],"jnews_single_post":{"format":"standard"},"jnews_primary_category":[],"jnews_social_meta":[],"jnews_override_counter":[],"footnotes":""},"categories":[4404],"tags":[120,126,1318],"class_list":["post-158665","post","type-post","status-publish","format-standard","has-post-thumbnail","hentry","category-saude","tag-bem-estar","tag-cabelo","tag-saude-2"],"yoast_head":"<!-- This site is optimized with the Yoast SEO plugin v24.6 - https:\/\/yoast.com\/wordpress\/plugins\/seo\/ -->\n<title>Queda de cabelo quando \u00e9 normal e quando preocupar - Correio Braziliense - Radar<\/title>\n<meta name=\"description\" content=\"Veja quando a queda de cabelo merece aten\u00e7\u00e3o m\u00e9dica. Estresse, horm\u00f4nios e car\u00eancias podem causar queda capilar.\" \/>\n<meta name=\"robots\" content=\"index, follow, max-snippet:-1, max-image-preview:large, max-video-preview:-1\" \/>\n<link rel=\"canonical\" href=\"https:\/\/www.correiobraziliense.com.br\/cbradar\/queda-de-cabelo-quando-e-normal-e-quando-preocupar\/\" \/>\n<meta property=\"og:locale\" content=\"pt_BR\" \/>\n<meta property=\"og:type\" content=\"article\" \/>\n<meta property=\"og:title\" content=\"Queda de cabelo quando \u00e9 normal e quando preocupar - Correio Braziliense - Radar\" \/>\n<meta property=\"og:description\" content=\"Veja quando a queda de cabelo merece aten\u00e7\u00e3o m\u00e9dica. Estresse, horm\u00f4nios e car\u00eancias podem causar queda capilar.\" \/>\n<meta property=\"og:url\" content=\"https:\/\/www.correiobraziliense.com.br\/cbradar\/queda-de-cabelo-quando-e-normal-e-quando-preocupar\/\" \/>\n<meta property=\"og:site_name\" content=\"Correio Braziliense - Radar\" \/>\n<meta property=\"article:published_time\" content=\"2025-12-20T18:55:00+00:00\" \/>\n<meta property=\"og:image\" content=\"https:\/\/www.correiobraziliense.com.br\/cbradar\/wp-content\/uploads\/2025\/05\/queda-de-cabelo_1747838684881.jpg\" \/>\n\t<meta property=\"og:image:width\" content=\"1280\" \/>\n\t<meta property=\"og:image:height\" content=\"720\" \/>\n\t<meta property=\"og:image:type\" content=\"image\/jpeg\" \/>\n<meta name=\"author\" content=\"guilherme_saude\" \/>\n<meta name=\"twitter:card\" content=\"summary_large_image\" \/>\n<meta name=\"twitter:label1\" content=\"Escrito por\" \/>\n\t<meta name=\"twitter:data1\" content=\"guilherme_saude\" \/>\n\t<meta name=\"twitter:label2\" content=\"Est. tempo de leitura\" \/>\n\t<meta name=\"twitter:data2\" content=\"4 minutos\" \/>\n<!-- \/ Yoast SEO plugin. -->","yoast_head_json":{"title":"Queda de cabelo quando \u00e9 normal e quando preocupar - Correio Braziliense - Radar","description":"Veja quando a queda de cabelo merece aten\u00e7\u00e3o m\u00e9dica. Estresse, horm\u00f4nios e car\u00eancias podem causar queda capilar.","robots":{"index":"index","follow":"follow","max-snippet":"max-snippet:-1","max-image-preview":"max-image-preview:large","max-video-preview":"max-video-preview:-1"},"canonical":"https:\/\/www.correiobraziliense.com.br\/cbradar\/queda-de-cabelo-quando-e-normal-e-quando-preocupar\/","og_locale":"pt_BR","og_type":"article","og_title":"Queda de cabelo quando \u00e9 normal e quando preocupar - Correio Braziliense - Radar","og_description":"Veja quando a queda de cabelo merece aten\u00e7\u00e3o m\u00e9dica. Estresse, horm\u00f4nios e car\u00eancias podem causar queda capilar.","og_url":"https:\/\/www.correiobraziliense.com.br\/cbradar\/queda-de-cabelo-quando-e-normal-e-quando-preocupar\/","og_site_name":"Correio Braziliense - Radar","article_published_time":"2025-12-20T18:55:00+00:00","og_image":[{"width":1280,"height":720,"url":"https:\/\/www.correiobraziliense.com.br\/cbradar\/wp-content\/uploads\/2025\/05\/queda-de-cabelo_1747838684881.jpg","type":"image\/jpeg"}],"author":"guilherme_saude","twitter_card":"summary_large_image","twitter_misc":{"Escrito por":"guilherme_saude","Est. tempo de leitura":"4 minutos"},"schema":{"@context":"https:\/\/schema.org","@graph":[{"@type":"WebPage","@id":"https:\/\/www.correiobraziliense.com.br\/cbradar\/queda-de-cabelo-quando-e-normal-e-quando-preocupar\/","url":"https:\/\/www.correiobraziliense.com.br\/cbradar\/queda-de-cabelo-quando-e-normal-e-quando-preocupar\/","name":"Queda de cabelo quando \u00e9 normal e quando preocupar - Correio Braziliense - Radar","isPartOf":{"@id":"https:\/\/www.correiobraziliense.com.br\/cbradar\/#website"},"primaryImageOfPage":{"@id":"https:\/\/www.correiobraziliense.com.br\/cbradar\/queda-de-cabelo-quando-e-normal-e-quando-preocupar\/#primaryimage"},"image":{"@id":"https:\/\/www.correiobraziliense.com.br\/cbradar\/queda-de-cabelo-quando-e-normal-e-quando-preocupar\/#primaryimage"},"thumbnailUrl":"https:\/\/www.correiobraziliense.com.br\/cbradar\/wp-content\/uploads\/2025\/05\/queda-de-cabelo_1747838684881.jpg","datePublished":"2025-12-20T18:55:00+00:00","author":{"@id":"https:\/\/www.correiobraziliense.com.br\/cbradar\/#\/schema\/person\/5aa4bf3c8fa699c267933611de12978b"},"description":"Veja quando a queda de cabelo merece aten\u00e7\u00e3o m\u00e9dica. Estresse, horm\u00f4nios e car\u00eancias podem causar queda capilar.","breadcrumb":{"@id":"https:\/\/www.correiobraziliense.com.br\/cbradar\/queda-de-cabelo-quando-e-normal-e-quando-preocupar\/#breadcrumb"},"inLanguage":"pt-BR","potentialAction":[{"@type":"ReadAction","target":["https:\/\/www.correiobraziliense.com.br\/cbradar\/queda-de-cabelo-quando-e-normal-e-quando-preocupar\/"]}]},{"@type":"ImageObject","inLanguage":"pt-BR","@id":"https:\/\/www.correiobraziliense.com.br\/cbradar\/queda-de-cabelo-quando-e-normal-e-quando-preocupar\/#primaryimage","url":"https:\/\/www.correiobraziliense.com.br\/cbradar\/wp-content\/uploads\/2025\/05\/queda-de-cabelo_1747838684881.jpg","contentUrl":"https:\/\/www.correiobraziliense.com.br\/cbradar\/wp-content\/uploads\/2025\/05\/queda-de-cabelo_1747838684881.jpg","width":1280,"height":720,"caption":"Cabelo - Cr\u00e9ditos: depositphotos.com \/ VitalikRadko"},{"@type":"BreadcrumbList","@id":"https:\/\/www.correiobraziliense.com.br\/cbradar\/queda-de-cabelo-quando-e-normal-e-quando-preocupar\/#breadcrumb","itemListElement":[{"@type":"ListItem","position":1,"name":"In\u00edcio","item":"https:\/\/www.correiobraziliense.com.br\/cbradar\/"},{"@type":"ListItem","position":2,"name":"Queda de cabelo quando \u00e9 normal e quando preocupar"}]},{"@type":"WebSite","@id":"https:\/\/www.correiobraziliense.com.br\/cbradar\/#website","url":"https:\/\/www.correiobraziliense.com.br\/cbradar\/","name":"Correio Braziliense - Radar","description":"Acompanhe as \u00faltimas not\u00edcias e fique bem informado sobre tudo o que acontece no Brasil e no mundo.","potentialAction":[{"@type":"SearchAction","target":{"@type":"EntryPoint","urlTemplate":"https:\/\/www.correiobraziliense.com.br\/cbradar\/?s={search_term_string}"},"query-input":{"@type":"PropertyValueSpecification","valueRequired":true,"valueName":"search_term_string"}}],"inLanguage":"pt-BR"},{"@type":"Person","@id":"https:\/\/www.correiobraziliense.com.br\/cbradar\/#\/schema\/person\/5aa4bf3c8fa699c267933611de12978b","name":"guilherme_saude","image":{"@type":"ImageObject","inLanguage":"pt-BR","@id":"https:\/\/www.correiobraziliense.com.br\/cbradar\/#\/schema\/person\/image\/","url":"https:\/\/secure.gravatar.com\/avatar\/df9adfb835d344bc0af109d41756253f?s=96&d=mm&r=g","contentUrl":"https:\/\/secure.gravatar.com\/avatar\/df9adfb835d344bc0af109d41756253f?s=96&d=mm&r=g","caption":"guilherme_saude"},"url":"https:\/\/www.correiobraziliense.com.br\/cbradar\/author\/guilherme_saude\/"}]}},"_links":{"self":[{"href":"https:\/\/www.correiobraziliense.com.br\/cbradar\/wp-json\/wp\/v2\/posts\/158665","targetHints":{"allow":["GET"]}}],"collection":[{"href":"https:\/\/www.correiobraziliense.com.br\/cbradar\/wp-json\/wp\/v2\/posts"}],"about":[{"href":"https:\/\/www.correiobraziliense.com.br\/cbradar\/wp-json\/wp\/v2\/types\/post"}],"author":[{"embeddable":true,"href":"https:\/\/www.correiobraziliense.com.br\/cbradar\/wp-json\/wp\/v2\/users\/14"}],"replies":[{"embeddable":true,"href":"https:\/\/www.correiobraziliense.com.br\/cbradar\/wp-json\/wp\/v2\/comments?post=158665"}],"version-history":[{"count":1,"href":"https:\/\/www.correiobraziliense.com.br\/cbradar\/wp-json\/wp\/v2\/posts\/158665\/revisions"}],"predecessor-version":[{"id":158667,"href":"https:\/\/www.correiobraziliense.com.br\/cbradar\/wp-json\/wp\/v2\/posts\/158665\/revisions\/158667"}],"wp:featuredmedia":[{"embeddable":true,"href":"https:\/\/www.correiobraziliense.com.br\/cbradar\/wp-json\/wp\/v2\/media\/40480"}],"wp:attachment":[{"href":"https:\/\/www.correiobraziliense.com.br\/cbradar\/wp-json\/wp\/v2\/media?parent=158665"}],"wp:term":[{"taxonomy":"category","embeddable":true,"href":"https:\/\/www.correiobraziliense.com.br\/cbradar\/wp-json\/wp\/v2\/categories?post=158665"},{"taxonomy":"post_tag","embeddable":true,"href":"https:\/\/www.correiobraziliense.com.br\/cbradar\/wp-json\/wp\/v2\/tags?post=158665"}],"curies":[{"name":"wp","href":"https:\/\/api.w.org\/{rel}","templated":true}]}}