{"id":15870,"date":"2025-03-27T18:23:00","date_gmt":"2025-03-27T21:23:00","guid":{"rendered":"https:\/\/www.correiobraziliense.com.br\/cbradar\/?p=15870"},"modified":"2025-03-26T09:18:40","modified_gmt":"2025-03-26T12:18:40","slug":"quem-realiza-compras-em-supermercados-vai-adorar-saber-desta-novidade","status":"publish","type":"post","link":"https:\/\/www.correiobraziliense.com.br\/cbradar\/quem-realiza-compras-em-supermercados-vai-adorar-saber-desta-novidade\/","title":{"rendered":"Quem realiza compras em supermercados vai adorar saber desta novidade"},"content":{"rendered":"\n<p>Fazer compras no <a href=\"https:\/\/pt.wikipedia.org\/wiki\/Supermercado\" target=\"_blank\" rel=\"noreferrer noopener\">supermercado <\/a>pode parecer uma tarefa simples, mas com a vasta quantidade de produtos dispon\u00edveis, escolher op\u00e7\u00f5es realmente saud\u00e1veis pode ser um desafio. Aprender a interpretar os r\u00f3tulos dos alimentos \u00e9 fundamental para tomar decis\u00f5es informadas e garantir uma dieta equilibrada e nutritiva. Este guia completo te ensinar\u00e1 passo a passo como ler r\u00f3tulos, identificar ingredientes menos <a href=\"https:\/\/www.correiobraziliense.com.br\/cbradar\/quem-tem-dor-no-pescoco-e-ombros-e-mexe-no-celular-precisa-saber-disso\/\" target=\"_blank\" rel=\"noreferrer noopener\">saud\u00e1veis <\/a>e escolher alimentos que promovam a sua sa\u00fade e bem-estar.<\/p>\n\n\n\n<h2 class=\"wp-block-heading\">Passo 1: entenda as informa\u00e7\u00f5es nutricionais essenciais<\/h2>\n\n\n<div class=\"wp-block-image\">\n<figure class=\"aligncenter size-large\"><img decoding=\"async\" width=\"1024\" height=\"576\" src=\"https:\/\/www.correiobraziliense.com.br\/cbradar\/wp-content\/uploads\/2025\/03\/supermarket_1741180831159-1024x576.jpg\" alt=\"Quem realiza compras em supermercados vai adorar saber desta novidade\" class=\"wp-image-9199\" srcset=\"https:\/\/www.correiobraziliense.com.br\/cbradar\/wp-content\/uploads\/2025\/03\/supermarket_1741180831159-1024x576.jpg 1024w, https:\/\/www.correiobraziliense.com.br\/cbradar\/wp-content\/uploads\/2025\/03\/supermarket_1741180831159-300x169.jpg 300w, https:\/\/www.correiobraziliense.com.br\/cbradar\/wp-content\/uploads\/2025\/03\/supermarket_1741180831159-768x432.jpg 768w, https:\/\/www.correiobraziliense.com.br\/cbradar\/wp-content\/uploads\/2025\/03\/supermarket_1741180831159-750x422.jpg 750w, https:\/\/www.correiobraziliense.com.br\/cbradar\/wp-content\/uploads\/2025\/03\/supermarket_1741180831159-1140x641.jpg 1140w, https:\/\/www.correiobraziliense.com.br\/cbradar\/wp-content\/uploads\/2025\/03\/supermarket_1741180831159.jpg 1280w\" sizes=\"(max-width: 1024px) 100vw, 1024px\" \/><figcaption class=\"wp-element-caption\">Mercado &#8211; Cr\u00e9ditos: depositphotos.com \/ AndrewLozovyi<\/figcaption><\/figure><\/div>\n\n\n<p>A tabela de informa\u00e7\u00e3o nutricional \u00e9 a sua principal ferramenta para avaliar a qualidade de um alimento. Entenda os principais itens:<\/p>\n\n\n\n<h3 class=\"wp-block-heading\">Tamanho da por\u00e7\u00e3o: a base para a compara\u00e7\u00e3o<\/h3>\n\n\n\n<p>Todas as informa\u00e7\u00f5es nutricionais s\u00e3o baseadas no tamanho da por\u00e7\u00e3o indicado na embalagem. Verifique se o tamanho da por\u00e7\u00e3o corresponde ao quanto voc\u00ea costuma consumir. Se voc\u00ea come o dobro da por\u00e7\u00e3o indicada, precisar\u00e1 dobrar todos os valores nutricionais.<\/p>\n\n\n\n<h3 class=\"wp-block-heading\">Valor energ\u00e9tico (calorias): aten\u00e7\u00e3o \u00e0 quantidade<\/h3>\n\n\n\n<p>O valor energ\u00e9tico indica a quantidade de calorias que uma por\u00e7\u00e3o do alimento fornece. Para manter um peso saud\u00e1vel, \u00e9 importante equilibrar a ingest\u00e3o de calorias com o seu gasto energ\u00e9tico di\u00e1rio.<\/p>\n\n\n\n<h3 class=\"wp-block-heading\">Carboidratos: diferenciando os tipos<\/h3>\n\n\n\n<p>Os carboidratos s\u00e3o a principal fonte de energia do corpo. No r\u00f3tulo, observe a quantidade total de carboidratos e, principalmente, a quantidade de &#8220;a\u00e7\u00facares totais&#8221; e &#8220;fibras alimentares&#8221;. Priorize alimentos com baixo teor de a\u00e7\u00facares adicionados e alto teor de fibras.<\/p>\n\n\n\n<h3 class=\"wp-block-heading\">Prote\u00ednas: essenciais para a sa\u00fade<\/h3>\n\n\n\n<p>As prote\u00ednas s\u00e3o importantes para a constru\u00e7\u00e3o e repara\u00e7\u00e3o dos tecidos do corpo. Verifique a quantidade de prote\u00ednas por por\u00e7\u00e3o e inclua fontes diversas na sua dieta.<\/p>\n\n\n\n<h3 class=\"wp-block-heading\">Gorduras: escolhendo as boas op\u00e7\u00f5es<\/h3>\n\n\n\n<p>As gorduras s\u00e3o importantes para diversas fun\u00e7\u00f5es do organismo, mas \u00e9 fundamental escolher as op\u00e7\u00f5es mais saud\u00e1veis. No r\u00f3tulo, observe a quantidade total de gorduras e, principalmente, as quantidades de &#8220;gorduras saturadas&#8221; e &#8220;gorduras trans&#8221;. Priorize alimentos com baixo teor de gorduras saturadas e evite alimentos com gorduras trans. As gorduras insaturadas (monoinsaturadas e poliinsaturadas) s\u00e3o consideradas ben\u00e9ficas para a sa\u00fade.<\/p>\n\n\n\n<h3 class=\"wp-block-heading\">Fibras alimentares: aliadas da digest\u00e3o e saciedade<\/h3>\n\n\n\n<p>As fibras alimentares s\u00e3o importantes para a sa\u00fade digestiva, ajudam a regular os n\u00edveis de a\u00e7\u00facar no sangue e promovem a sensa\u00e7\u00e3o de saciedade. Priorize alimentos com boa quantidade de fibras por por\u00e7\u00e3o.<\/p>\n\n\n\n<h3 class=\"wp-block-heading\">S\u00f3dio: modera\u00e7\u00e3o \u00e9 a chave<\/h3>\n\n\n\n<p>O consumo excessivo de s\u00f3dio pode aumentar o risco de hipertens\u00e3o. Verifique a quantidade de s\u00f3dio por por\u00e7\u00e3o e opte por alimentos com menor teor de s\u00f3dio, especialmente se voc\u00ea tiver press\u00e3o alta ou hist\u00f3rico familiar da doen\u00e7a.<\/p>\n\n\n\n<h2 class=\"wp-block-heading\">Passo 2: desvende a lista de ingredientes: a ordem importa<\/h2>\n\n\n\n<p>A lista de ingredientes \u00e9 t\u00e3o importante quanto a tabela nutricional. Os ingredientes s\u00e3o listados em ordem decrescente de quantidade, ou seja, o primeiro ingrediente \u00e9 o que est\u00e1 presente em maior quantidade no produto.<sup> <\/sup><\/p>\n\n\n\n<h3 class=\"wp-block-heading\">O que a ordem dos ingredientes indica<\/h3>\n\n\n\n<p>Um alimento com ingredientes integrais, como &#8220;farinha de trigo integral&#8221; listada como primeiro ingrediente, geralmente \u00e9 uma op\u00e7\u00e3o mais nutritiva do que um alimento com &#8220;farinha de trigo enriquecida&#8221; como primeiro ingrediente.<\/p>\n\n\n\n<h3 class=\"wp-block-heading\">Aten\u00e7\u00e3o aos a\u00e7\u00facares escondidos<\/h3>\n\n\n\n<p>Os a\u00e7\u00facares podem aparecer na lista de ingredientes com diversos nomes, como a\u00e7\u00facar, xarope de glicose, frutose, dextrose, maltodextrina, a\u00e7\u00facar invertido, mel e suco de fruta concentrado. Fique atento \u00e0 presen\u00e7a desses ingredientes, especialmente nas primeiras posi\u00e7\u00f5es da lista.<\/p>\n\n\n\n<h3 class=\"wp-block-heading\">Evite gorduras trans e \u00f3leos vegetais refinados<\/h3>\n\n\n\n<p>As gorduras trans s\u00e3o prejudiciais \u00e0 sa\u00fade cardiovascular e devem ser evitadas. Elas podem aparecer na lista de ingredientes como &#8220;gordura vegetal parcialmente hidrogenada&#8221;. \u00d3leos vegetais refinados, como \u00f3leo de soja, \u00f3leo de milho e \u00f3leo de girassol (quando n\u00e3o especificado &#8220;alto oleico&#8221;), podem ser pr\u00f3-inflamat\u00f3rios quando consumidos em excesso.<\/p>\n\n\n\n<h3 class=\"wp-block-heading\">Cuidado com aditivos qu\u00edmicos: corantes, conservantes e aromatizantes<\/h3>\n\n\n\n<p>Embora alguns aditivos sejam seguros, o consumo excessivo de certos corantes, conservantes e aromatizantes pode ser prejudicial \u00e0 sa\u00fade, especialmente para pessoas com sensibilidades ou alergias. Tente optar por alimentos com o menor n\u00famero poss\u00edvel de aditivos.<\/p>\n\n\n\n<h2 class=\"wp-block-heading\">Passo 3: fique atento \u00e0s alega\u00e7\u00f5es nutricionais<\/h2>\n\n\n\n<p>As alega\u00e7\u00f5es nutricionais s\u00e3o frases como &#8220;light&#8221;, &#8220;diet&#8221;, &#8220;integral&#8221; e &#8220;sem adi\u00e7\u00e3o de a\u00e7\u00facar&#8221; que aparecem nas embalagens dos alimentos. \u00c9 importante entender o que cada uma delas significa:<\/p>\n\n\n\n<h3 class=\"wp-block-heading\">&#8220;Light&#8221;, &#8220;Diet&#8221;, &#8220;Integral&#8221;: o que significam?<\/h3>\n\n\n\n<ul class=\"wp-block-list\">\n<li><strong>Light:<\/strong> Indica que o produto possui uma redu\u00e7\u00e3o de pelo menos 25% em algum nutriente (calorias, gorduras, s\u00f3dio, etc.) em compara\u00e7\u00e3o com a vers\u00e3o original.<\/li>\n\n\n\n<li><strong>Diet:<\/strong> Geralmente indica que o produto foi formulado para atender a necessidades diet\u00e9ticas espec\u00edficas, como restri\u00e7\u00e3o de a\u00e7\u00facar, s\u00f3dio ou gorduras.<\/li>\n\n\n\n<li><strong>Integral:<\/strong> Indica que o produto cont\u00e9m farinha de trigo integral como seu principal ingrediente, o que significa que ele preserva mais fibras e nutrientes.<\/li>\n<\/ul>\n\n\n\n<h3 class=\"wp-block-heading\">&#8220;Sem adi\u00e7\u00e3o de a\u00e7\u00facar&#8221; vs. &#8220;Sem a\u00e7\u00facar&#8221;<\/h3>\n\n\n\n<ul class=\"wp-block-list\">\n<li><strong>Sem adi\u00e7\u00e3o de a\u00e7\u00facar:<\/strong> Significa que n\u00e3o houve adi\u00e7\u00e3o de a\u00e7\u00facares durante o processo de fabrica\u00e7\u00e3o, mas o produto ainda pode conter a\u00e7\u00facares naturalmente presentes nos ingredientes.<\/li>\n\n\n\n<li><strong>Sem a\u00e7\u00facar:<\/strong> Significa que o produto cont\u00e9m menos de 0,5 gramas de a\u00e7\u00facar por por\u00e7\u00e3o.<\/li>\n<\/ul>\n\n\n\n<h3 class=\"wp-block-heading\">A import\u00e2ncia de analisar o contexto<\/h3>\n\n\n\n<p>N\u00e3o se deixe levar apenas pelas alega\u00e7\u00f5es nutricionais. \u00c9 fundamental analisar a tabela nutricional completa e a lista de ingredientes para ter uma vis\u00e3o completa da qualidade do alimento.<\/p>\n\n\n\n<h2 class=\"wp-block-heading\">Dicas pr\u00e1ticas para escolher alimentos nutritivos no supermercado<\/h2>\n\n\n\n<h3 class=\"wp-block-heading\">Priorize alimentos <em>in natura<\/em> e minimamente processados<\/h3>\n\n\n\n<p>Frutas, verduras, legumes, ovos, carnes magras e gr\u00e3os integrais s\u00e3o as op\u00e7\u00f5es mais nutritivas. Quanto menos processado for o alimento, mais nutrientes ele tende a preservar.<\/p>\n\n\n\n<h3 class=\"wp-block-heading\">Compare diferentes marcas do mesmo produto<\/h3>\n\n\n\n<p>As informa\u00e7\u00f5es nutricionais e a lista de ingredientes podem variar significativamente entre diferentes marcas do mesmo tipo de produto. Compare os r\u00f3tulos para escolher a op\u00e7\u00e3o mais saud\u00e1vel.<\/p>\n\n\n\n<h3 class=\"wp-block-heading\">N\u00e3o se deixe levar apenas pela embalagem<\/h3>\n\n\n\n<p>Embalagens atraentes e alega\u00e7\u00f5es chamativas nem sempre significam que o produto \u00e9 saud\u00e1vel. Concentre-se nas informa\u00e7\u00f5es do r\u00f3tulo.<\/p>\n\n\n\n<h3 class=\"wp-block-heading\">Planeje suas compras e fa\u00e7a uma lista<\/h3>\n\n\n\n<p>Fazer uma lista de compras com base em refei\u00e7\u00f5es planejadas pode te ajudar a evitar compras por impulso de alimentos menos saud\u00e1veis.<\/p>\n\n\n\n<h3 class=\"wp-block-heading\">N\u00e3o v\u00e1 ao supermercado com fome<\/h3>\n\n\n\n<p>Quando estamos com fome, tendemos a fazer escolhas menos saud\u00e1veis. Fa\u00e7a uma refei\u00e7\u00e3o ou um lanche antes de ir ao supermercado.<\/p>\n\n\n\n<h3 class=\"wp-block-heading\">Explore a feira e os mercados locais<\/h3>\n\n\n\n<p>Feiras e mercados costumam oferecer alimentos frescos e da esta\u00e7\u00e3o, muitas vezes com menos processamento e aditivos.<\/p>\n\n\n\n<h2 class=\"wp-block-heading\">Exemplos pr\u00e1ticos: comparando produtos no supermercado<\/h2>\n\n\n\n<blockquote class=\"instagram-media\" data-instgrm-captioned data-instgrm-permalink=\"https:\/\/www.instagram.com\/reel\/DBPA4xCpyA-\/?utm_source=ig_embed&amp;utm_campaign=loading\" data-instgrm-version=\"14\" style=\" background:#FFF; border:0; border-radius:3px; box-shadow:0 0 1px 0 rgba(0,0,0,0.5),0 1px 10px 0 rgba(0,0,0,0.15); margin: 1px; max-width:540px; min-width:326px; padding:0; width:99.375%; width:-webkit-calc(100% - 2px); width:calc(100% - 2px);\"><div style=\"padding:16px;\"> <a href=\"https:\/\/www.instagram.com\/reel\/DBPA4xCpyA-\/?utm_source=ig_embed&amp;utm_campaign=loading\" style=\" background:#FFFFFF; line-height:0; padding:0 0; text-align:center; text-decoration:none; width:100%;\" target=\"_blank\"> <div style=\" display: flex; flex-direction: row; align-items: center;\"> <div style=\"background-color: #F4F4F4; border-radius: 50%; flex-grow: 0; height: 40px; margin-right: 14px; width: 40px;\"><\/div> <div style=\"display: flex; flex-direction: column; flex-grow: 1; justify-content: center;\"> <div style=\" background-color: #F4F4F4; border-radius: 4px; flex-grow: 0; height: 14px; margin-bottom: 6px; width: 100px;\"><\/div> <div style=\" background-color: #F4F4F4; border-radius: 4px; flex-grow: 0; height: 14px; width: 60px;\"><\/div><\/div><\/div><div style=\"padding: 19% 0;\"><\/div> <div style=\"display:block; height:50px; margin:0 auto 12px; width:50px;\"><svg width=\"50px\" height=\"50px\" viewBox=\"0 0 60 60\" version=\"1.1\" xmlns=\"https:\/\/www.w3.org\/2000\/svg\" xmlns:xlink=\"https:\/\/www.w3.org\/1999\/xlink\"><g stroke=\"none\" stroke-width=\"1\" fill=\"none\" fill-rule=\"evenodd\"><g transform=\"translate(-511.000000, -20.000000)\" fill=\"#000000\"><g><path d=\"M556.869,30.41 C554.814,30.41 553.148,32.076 553.148,34.131 C553.148,36.186 554.814,37.852 556.869,37.852 C558.924,37.852 560.59,36.186 560.59,34.131 C560.59,32.076 558.924,30.41 556.869,30.41 M541,60.657 C535.114,60.657 530.342,55.887 530.342,50 C530.342,44.114 535.114,39.342 541,39.342 C546.887,39.342 551.658,44.114 551.658,50 C551.658,55.887 546.887,60.657 541,60.657 M541,33.886 C532.1,33.886 524.886,41.1 524.886,50 C524.886,58.899 532.1,66.113 541,66.113 C549.9,66.113 557.115,58.899 557.115,50 C557.115,41.1 549.9,33.886 541,33.886 M565.378,62.101 C565.244,65.022 564.756,66.606 564.346,67.663 C563.803,69.06 563.154,70.057 562.106,71.106 C561.058,72.155 560.06,72.803 558.662,73.347 C557.607,73.757 556.021,74.244 553.102,74.378 C549.944,74.521 548.997,74.552 541,74.552 C533.003,74.552 532.056,74.521 528.898,74.378 C525.979,74.244 524.393,73.757 523.338,73.347 C521.94,72.803 520.942,72.155 519.894,71.106 C518.846,70.057 518.197,69.06 517.654,67.663 C517.244,66.606 516.755,65.022 516.623,62.101 C516.479,58.943 516.448,57.996 516.448,50 C516.448,42.003 516.479,41.056 516.623,37.899 C516.755,34.978 517.244,33.391 517.654,32.338 C518.197,30.938 518.846,29.942 519.894,28.894 C520.942,27.846 521.94,27.196 523.338,26.654 C524.393,26.244 525.979,25.756 528.898,25.623 C532.057,25.479 533.004,25.448 541,25.448 C548.997,25.448 549.943,25.479 553.102,25.623 C556.021,25.756 557.607,26.244 558.662,26.654 C560.06,27.196 561.058,27.846 562.106,28.894 C563.154,29.942 563.803,30.938 564.346,32.338 C564.756,33.391 565.244,34.978 565.378,37.899 C565.522,41.056 565.552,42.003 565.552,50 C565.552,57.996 565.522,58.943 565.378,62.101 M570.82,37.631 C570.674,34.438 570.167,32.258 569.425,30.349 C568.659,28.377 567.633,26.702 565.965,25.035 C564.297,23.368 562.623,22.342 560.652,21.575 C558.743,20.834 556.562,20.326 553.369,20.18 C550.169,20.033 549.148,20 541,20 C532.853,20 531.831,20.033 528.631,20.18 C525.438,20.326 523.257,20.834 521.349,21.575 C519.376,22.342 517.703,23.368 516.035,25.035 C514.368,26.702 513.342,28.377 512.574,30.349 C511.834,32.258 511.326,34.438 511.181,37.631 C511.035,40.831 511,41.851 511,50 C511,58.147 511.035,59.17 511.181,62.369 C511.326,65.562 511.834,67.743 512.574,69.651 C513.342,71.625 514.368,73.296 516.035,74.965 C517.703,76.634 519.376,77.658 521.349,78.425 C523.257,79.167 525.438,79.673 528.631,79.82 C531.831,79.965 532.853,80.001 541,80.001 C549.148,80.001 550.169,79.965 553.369,79.82 C556.562,79.673 558.743,79.167 560.652,78.425 C562.623,77.658 564.297,76.634 565.965,74.965 C567.633,73.296 568.659,71.625 569.425,69.651 C570.167,67.743 570.674,65.562 570.82,62.369 C570.966,59.17 571,58.147 571,50 C571,41.851 570.966,40.831 570.82,37.631\"><\/path><\/g><\/g><\/g><\/svg><\/div><div style=\"padding-top: 8px;\"> <div style=\" color:#3897f0; font-family:Arial,sans-serif; font-size:14px; font-style:normal; font-weight:550; line-height:18px;\">Ver essa foto no Instagram<\/div><\/div><div style=\"padding: 12.5% 0;\"><\/div> <div style=\"display: flex; flex-direction: row; margin-bottom: 14px; align-items: center;\"><div> <div style=\"background-color: #F4F4F4; border-radius: 50%; height: 12.5px; width: 12.5px; transform: translateX(0px) translateY(7px);\"><\/div> <div style=\"background-color: #F4F4F4; height: 12.5px; transform: rotate(-45deg) translateX(3px) translateY(1px); width: 12.5px; flex-grow: 0; margin-right: 14px; margin-left: 2px;\"><\/div> <div style=\"background-color: #F4F4F4; border-radius: 50%; height: 12.5px; width: 12.5px; transform: translateX(9px) translateY(-18px);\"><\/div><\/div><div style=\"margin-left: 8px;\"> <div style=\" background-color: #F4F4F4; border-radius: 50%; flex-grow: 0; height: 20px; width: 20px;\"><\/div> <div style=\" width: 0; height: 0; border-top: 2px solid transparent; border-left: 6px solid #f4f4f4; border-bottom: 2px solid transparent; transform: translateX(16px) translateY(-4px) rotate(30deg)\"><\/div><\/div><div style=\"margin-left: auto;\"> <div style=\" width: 0px; border-top: 8px solid #F4F4F4; border-right: 8px solid transparent; transform: translateY(16px);\"><\/div> <div style=\" background-color: #F4F4F4; flex-grow: 0; height: 12px; width: 16px; transform: translateY(-4px);\"><\/div> <div style=\" width: 0; height: 0; border-top: 8px solid #F4F4F4; border-left: 8px solid transparent; transform: translateY(-4px) translateX(8px);\"><\/div><\/div><\/div> <div style=\"display: flex; flex-direction: column; flex-grow: 1; justify-content: center; margin-bottom: 24px;\"> <div style=\" background-color: #F4F4F4; border-radius: 4px; flex-grow: 0; height: 14px; margin-bottom: 6px; width: 224px;\"><\/div> <div style=\" background-color: #F4F4F4; border-radius: 4px; flex-grow: 0; height: 14px; width: 144px;\"><\/div><\/div><\/a><p style=\" color:#c9c8cd; font-family:Arial,sans-serif; font-size:14px; line-height:17px; margin-bottom:0; margin-top:8px; overflow:hidden; padding:8px 0 7px; text-align:center; text-overflow:ellipsis; white-space:nowrap;\"><a href=\"https:\/\/www.instagram.com\/reel\/DBPA4xCpyA-\/?utm_source=ig_embed&amp;utm_campaign=loading\" style=\" color:#c9c8cd; font-family:Arial,sans-serif; font-size:14px; font-style:normal; font-weight:normal; line-height:17px; text-decoration:none;\" target=\"_blank\">Uma publica\u00e7\u00e3o compartilhada por Savannah Garcia (@nutrisavannah)<\/a><\/p><\/div><\/blockquote>\n<script async src=\"\/\/www.instagram.com\/embed.js\"><\/script>\n\n\n\n<p>Compare o r\u00f3tulo de dois p\u00e3es integrais diferentes. Observe a quantidade de fibras, s\u00f3dio e a lista de ingredientes. Escolha o p\u00e3o com maior teor de fibras e menor teor de s\u00f3dio, com farinha de trigo integral como primeiro ingrediente e menos aditivos.<\/p>\n\n\n\n<h2 class=\"wp-block-heading\">A import\u00e2ncia de uma dieta equilibrada e variada<\/h2>\n\n\n\n<p>Lembre-se que nenhum alimento isolado \u00e9 respons\u00e1vel por uma dieta saud\u00e1vel. O ideal \u00e9 consumir uma variedade de alimentos nutritivos em quantidades adequadas para atender \u00e0s suas necessidades individuais.<\/p>\n\n\n\n<h2 class=\"wp-block-heading\">Consulte um nutricionista para orienta\u00e7\u00e3o personalizada<\/h2>\n\n\n\n<p>Se voc\u00ea tiver d\u00favidas espec\u00edficas sobre sua dieta ou precisar de orienta\u00e7\u00e3o personalizada, procure um nutricionista. Ele poder\u00e1 te ajudar a fazer escolhas alimentares saud\u00e1veis e adequadas \u00e0s suas necessidades e objetivos.<\/p>\n","protected":false},"excerpt":{"rendered":"<p>Fazer compras no supermercado pode parecer uma tarefa simples, mas com a vasta quantidade de produtos dispon\u00edveis, escolher op\u00e7\u00f5es realmente saud\u00e1veis pode ser um desafio. Aprender a interpretar os r\u00f3tulos dos alimentos \u00e9 fundamental para tomar decis\u00f5es informadas e garantir uma dieta equilibrada e nutritiva. Este guia completo te ensinar\u00e1 passo a passo como ler [&hellip;]<\/p>\n","protected":false},"author":11,"featured_media":15906,"comment_status":"open","ping_status":"open","sticky":false,"template":"","format":"standard","meta":{"jnews-multi-image_gallery":[],"jnews_single_post":{"format":"standard"},"jnews_primary_category":[],"jnews_social_meta":[],"jnews_override_counter":[],"footnotes":""},"categories":[119],"post_tag":[1320,565,2438],"class_list":["post-15870","post","type-post","status-publish","format-standard","has-post-thumbnail","hentry","category-bem-estar","tag-bem-estar-2","tag-saude","tag-supermercados"],"yoast_head":"<!-- This site is optimized with the Yoast SEO plugin v24.6 - https:\/\/yoast.com\/wordpress\/plugins\/seo\/ -->\n<title>Quem realiza compras em supermercados vai adorar saber desta novidade - Correio Braziliense - Radar<\/title>\n<meta name=\"description\" content=\"Clientes de supermercados v\u00e3o adorar essa novidade que pode trazer mais benef\u00edcios e economia nas compras do dia a dia!\" \/>\n<meta name=\"robots\" content=\"index, follow, max-snippet:-1, max-image-preview:large, max-video-preview:-1\" \/>\n<link rel=\"canonical\" href=\"https:\/\/www.correiobraziliense.com.br\/cbradar\/quem-realiza-compras-em-supermercados-vai-adorar-saber-desta-novidade\/\" \/>\n<meta property=\"og:locale\" content=\"pt_BR\" \/>\n<meta property=\"og:type\" content=\"article\" \/>\n<meta property=\"og:title\" content=\"Quem realiza compras em supermercados vai adorar saber desta novidade - Correio Braziliense - Radar\" \/>\n<meta property=\"og:description\" content=\"Clientes de supermercados v\u00e3o adorar essa novidade que pode trazer mais benef\u00edcios e economia nas compras do dia a dia!\" \/>\n<meta property=\"og:url\" content=\"https:\/\/www.correiobraziliense.com.br\/cbradar\/quem-realiza-compras-em-supermercados-vai-adorar-saber-desta-novidade\/\" \/>\n<meta property=\"og:site_name\" content=\"Correio Braziliense - Radar\" \/>\n<meta property=\"article:published_time\" content=\"2025-03-27T21:23:00+00:00\" \/>\n<meta property=\"og:image\" content=\"https:\/\/www.correiobraziliense.com.br\/cbradar\/wp-content\/uploads\/2025\/03\/supermercado_1742988410931.jpg\" \/>\n\t<meta property=\"og:image:width\" content=\"1280\" \/>\n\t<meta property=\"og:image:height\" content=\"720\" \/>\n\t<meta property=\"og:image:type\" content=\"image\/jpeg\" \/>\n<meta name=\"author\" content=\"Paulo Custodio\" \/>\n<meta name=\"twitter:card\" content=\"summary_large_image\" \/>\n<meta name=\"twitter:label1\" content=\"Escrito por\" \/>\n\t<meta name=\"twitter:data1\" content=\"Paulo Custodio\" \/>\n\t<meta name=\"twitter:label2\" content=\"Est. tempo de leitura\" \/>\n\t<meta name=\"twitter:data2\" content=\"7 minutos\" \/>\n<!-- \/ Yoast SEO plugin. -->","yoast_head_json":{"title":"Quem realiza compras em supermercados vai adorar saber desta novidade - Correio Braziliense - Radar","description":"Clientes de supermercados v\u00e3o adorar essa novidade que pode trazer mais benef\u00edcios e economia nas compras do dia a dia!","robots":{"index":"index","follow":"follow","max-snippet":"max-snippet:-1","max-image-preview":"max-image-preview:large","max-video-preview":"max-video-preview:-1"},"canonical":"https:\/\/www.correiobraziliense.com.br\/cbradar\/quem-realiza-compras-em-supermercados-vai-adorar-saber-desta-novidade\/","og_locale":"pt_BR","og_type":"article","og_title":"Quem realiza compras em supermercados vai adorar saber desta novidade - Correio Braziliense - Radar","og_description":"Clientes de supermercados v\u00e3o adorar essa novidade que pode trazer mais benef\u00edcios e economia nas compras do dia a dia!","og_url":"https:\/\/www.correiobraziliense.com.br\/cbradar\/quem-realiza-compras-em-supermercados-vai-adorar-saber-desta-novidade\/","og_site_name":"Correio Braziliense - Radar","article_published_time":"2025-03-27T21:23:00+00:00","og_image":[{"width":1280,"height":720,"url":"https:\/\/www.correiobraziliense.com.br\/cbradar\/wp-content\/uploads\/2025\/03\/supermercado_1742988410931.jpg","type":"image\/jpeg"}],"author":"Paulo Custodio","twitter_card":"summary_large_image","twitter_misc":{"Escrito por":"Paulo Custodio","Est. tempo de leitura":"7 minutos"},"schema":{"@context":"https:\/\/schema.org","@graph":[{"@type":"WebPage","@id":"https:\/\/www.correiobraziliense.com.br\/cbradar\/quem-realiza-compras-em-supermercados-vai-adorar-saber-desta-novidade\/","url":"https:\/\/www.correiobraziliense.com.br\/cbradar\/quem-realiza-compras-em-supermercados-vai-adorar-saber-desta-novidade\/","name":"Quem realiza compras em supermercados vai adorar saber desta novidade - Correio Braziliense - Radar","isPartOf":{"@id":"https:\/\/www.correiobraziliense.com.br\/cbradar\/#website"},"primaryImageOfPage":{"@id":"https:\/\/www.correiobraziliense.com.br\/cbradar\/quem-realiza-compras-em-supermercados-vai-adorar-saber-desta-novidade\/#primaryimage"},"image":{"@id":"https:\/\/www.correiobraziliense.com.br\/cbradar\/quem-realiza-compras-em-supermercados-vai-adorar-saber-desta-novidade\/#primaryimage"},"thumbnailUrl":"https:\/\/www.correiobraziliense.com.br\/cbradar\/wp-content\/uploads\/2025\/03\/supermercado_1742988410931.jpg","datePublished":"2025-03-27T21:23:00+00:00","author":{"@id":"https:\/\/www.correiobraziliense.com.br\/cbradar\/#\/schema\/person\/4cec7857301a9a1a2ef249893cd908d3"},"description":"Clientes de supermercados v\u00e3o adorar essa novidade que pode trazer mais benef\u00edcios e economia nas compras do dia a dia!","breadcrumb":{"@id":"https:\/\/www.correiobraziliense.com.br\/cbradar\/quem-realiza-compras-em-supermercados-vai-adorar-saber-desta-novidade\/#breadcrumb"},"inLanguage":"pt-BR","potentialAction":[{"@type":"ReadAction","target":["https:\/\/www.correiobraziliense.com.br\/cbradar\/quem-realiza-compras-em-supermercados-vai-adorar-saber-desta-novidade\/"]}]},{"@type":"ImageObject","inLanguage":"pt-BR","@id":"https:\/\/www.correiobraziliense.com.br\/cbradar\/quem-realiza-compras-em-supermercados-vai-adorar-saber-desta-novidade\/#primaryimage","url":"https:\/\/www.correiobraziliense.com.br\/cbradar\/wp-content\/uploads\/2025\/03\/supermercado_1742988410931.jpg","contentUrl":"https:\/\/www.correiobraziliense.com.br\/cbradar\/wp-content\/uploads\/2025\/03\/supermercado_1742988410931.jpg","width":1280,"height":720,"caption":"Mercado - Cr\u00e9ditos: depositphotos.com \/ monticello"},{"@type":"BreadcrumbList","@id":"https:\/\/www.correiobraziliense.com.br\/cbradar\/quem-realiza-compras-em-supermercados-vai-adorar-saber-desta-novidade\/#breadcrumb","itemListElement":[{"@type":"ListItem","position":1,"name":"In\u00edcio","item":"https:\/\/www.correiobraziliense.com.br\/cbradar\/"},{"@type":"ListItem","position":2,"name":"Quem realiza compras em supermercados vai adorar saber desta novidade"}]},{"@type":"WebSite","@id":"https:\/\/www.correiobraziliense.com.br\/cbradar\/#website","url":"https:\/\/www.correiobraziliense.com.br\/cbradar\/","name":"Correio Braziliense - Radar","description":"Acompanhe as \u00faltimas not\u00edcias e fique bem informado sobre tudo o que acontece no Brasil e no mundo.","potentialAction":[{"@type":"SearchAction","target":{"@type":"EntryPoint","urlTemplate":"https:\/\/www.correiobraziliense.com.br\/cbradar\/?s={search_term_string}"},"query-input":{"@type":"PropertyValueSpecification","valueRequired":true,"valueName":"search_term_string"}}],"inLanguage":"pt-BR"},{"@type":"Person","@id":"https:\/\/www.correiobraziliense.com.br\/cbradar\/#\/schema\/person\/4cec7857301a9a1a2ef249893cd908d3","name":"Paulo Custodio","image":{"@type":"ImageObject","inLanguage":"pt-BR","@id":"https:\/\/www.correiobraziliense.com.br\/cbradar\/#\/schema\/person\/image\/","url":"https:\/\/secure.gravatar.com\/avatar\/bcd67168d1534e8fcf4f45c726a87cea?s=96&d=mm&r=g","contentUrl":"https:\/\/secure.gravatar.com\/avatar\/bcd67168d1534e8fcf4f45c726a87cea?s=96&d=mm&r=g","caption":"Paulo Custodio"},"sameAs":["https:\/\/www.correiobraziliense.com.br\/cbradar"],"url":"https:\/\/www.correiobraziliense.com.br\/cbradar\/author\/paulomyth\/"}]}},"_links":{"self":[{"href":"https:\/\/www.correiobraziliense.com.br\/cbradar\/wp-json\/wp\/v2\/posts\/15870","targetHints":{"allow":["GET"]}}],"collection":[{"href":"https:\/\/www.correiobraziliense.com.br\/cbradar\/wp-json\/wp\/v2\/posts"}],"about":[{"href":"https:\/\/www.correiobraziliense.com.br\/cbradar\/wp-json\/wp\/v2\/types\/post"}],"author":[{"embeddable":true,"href":"https:\/\/www.correiobraziliense.com.br\/cbradar\/wp-json\/wp\/v2\/users\/11"}],"replies":[{"embeddable":true,"href":"https:\/\/www.correiobraziliense.com.br\/cbradar\/wp-json\/wp\/v2\/comments?post=15870"}],"version-history":[{"count":3,"href":"https:\/\/www.correiobraziliense.com.br\/cbradar\/wp-json\/wp\/v2\/posts\/15870\/revisions"}],"predecessor-version":[{"id":15927,"href":"https:\/\/www.correiobraziliense.com.br\/cbradar\/wp-json\/wp\/v2\/posts\/15870\/revisions\/15927"}],"wp:featuredmedia":[{"embeddable":true,"href":"https:\/\/www.correiobraziliense.com.br\/cbradar\/wp-json\/wp\/v2\/media\/15906"}],"wp:attachment":[{"href":"https:\/\/www.correiobraziliense.com.br\/cbradar\/wp-json\/wp\/v2\/media?parent=15870"}],"wp:term":[{"taxonomy":"category","embeddable":true,"href":"https:\/\/www.correiobraziliense.com.br\/cbradar\/wp-json\/wp\/v2\/categories?post=15870"},{"taxonomy":"post_tag","embeddable":true,"href":"https:\/\/www.correiobraziliense.com.br\/cbradar\/wp-json\/wp\/v2\/post_tag?post=15870"}],"curies":[{"name":"wp","href":"https:\/\/api.w.org\/{rel}","templated":true}]}}