{"id":159153,"date":"2025-12-20T12:35:00","date_gmt":"2025-12-20T15:35:00","guid":{"rendered":"https:\/\/www.correiobraziliense.com.br\/cbradar\/?p=159153"},"modified":"2025-12-19T17:22:56","modified_gmt":"2025-12-19T20:22:56","slug":"10-nomes-com-6-letras-que-sao-curtos-bonitos-e-cheios-de-presenca","status":"publish","type":"post","link":"https:\/\/www.correiobraziliense.com.br\/cbradar\/10-nomes-com-6-letras-que-sao-curtos-bonitos-e-cheios-de-presenca\/","title":{"rendered":"10 nomes com 6 letras que s\u00e3o curtos, bonitos e cheios de presen\u00e7a"},"content":{"rendered":"\n<p>Escolher um <strong>nome curto, bonito e com presen\u00e7a<\/strong> \u00e9 uma etapa importante para muitas fam\u00edlias. <strong>Nomes de 6 letras<\/strong> agradam porque s\u00e3o f\u00e1ceis de pronunciar, funcionam bem em diferentes contextos e transmitem personalidade. Entre os exemplos mais buscados est\u00e3o op\u00e7\u00f5es como <strong>Felipe<\/strong>, <strong>Daniel<\/strong>, <strong>Marina<\/strong>, <strong>Bianca<\/strong>, <strong>Arthur<\/strong> e <strong>Samuel<\/strong>, que seguem a proposta de <strong>simplicidade com impacto<\/strong> e continuam em alta nos registros de 2025.<\/p>\n\n\n\n<h2 class=\"wp-block-heading\">O que torna um nome de 6 letras marcante e especial<\/h2>\n\n\n\n<p><strong>Nomes de seis letras<\/strong> costumam ter equil\u00edbrio entre tamanho e destaque: n\u00e3o s\u00e3o longos a ponto de parecerem complexos, nem t\u00e3o curtos a ponto de passarem despercebidos. Em geral, apresentam <strong>boa musicalidade<\/strong>, o que facilita a memoriza\u00e7\u00e3o, a pron\u00fancia em diferentes l\u00ednguas e a aceita\u00e7\u00e3o social.<\/p>\n\n\n\n<p>Caracter\u00edsticas como <strong>grafia direta<\/strong>, pron\u00fancia simples e associa\u00e7\u00f5es positivas ajudam a criar essa sensa\u00e7\u00e3o de presen\u00e7a. Al\u00e9m disso, muitos nomes de 6 letras se adaptam bem a diferentes culturas e sobrenomes, o que agrada fam\u00edlias que buscam algo moderno, vers\u00e1til e ao mesmo tempo atemporal.<\/p>\n\n\n\n<p>Esse tema trouxe diversos v\u00eddeos nas redes, como no perfil @adoredbabynames:<\/p>\n\n\n\n<blockquote class=\"tiktok-embed\" cite=\"https:\/\/www.tiktok.com\/@adoredbabynames\/video\/7416354600694877483\" data-video-id=\"7416354600694877483\" style=\"max-width: 605px;min-width: 325px;\" > <section> <a target=\"_blank\" title=\"@adoredbabynames\" href=\"https:\/\/www.tiktok.com\/@adoredbabynames?refer=embed\">@adoredbabynames<\/a> 6 letter girl names\ud83c\udf3c <a title=\"fyp\" target=\"_blank\" href=\"https:\/\/www.tiktok.com\/tag\/fyp?refer=embed\">#fyp<\/a> <a title=\"foryoupage\" target=\"_blank\" href=\"https:\/\/www.tiktok.com\/tag\/foryoupage?refer=embed\">#foryoupage<\/a> <a title=\"foryourpage\" target=\"_blank\" href=\"https:\/\/www.tiktok.com\/tag\/foryourpage?refer=embed\">#foryourpage<\/a> <a title=\"babynames\" target=\"_blank\" href=\"https:\/\/www.tiktok.com\/tag\/babynames?refer=embed\">#babynames<\/a> <a title=\"viral\" target=\"_blank\" href=\"https:\/\/www.tiktok.com\/tag\/viral?refer=embed\">#viral<\/a> <a title=\"baby\" target=\"_blank\" href=\"https:\/\/www.tiktok.com\/tag\/baby?refer=embed\">#baby<\/a> <a title=\"toddler\" target=\"_blank\" href=\"https:\/\/www.tiktok.com\/tag\/toddler?refer=embed\">#toddler<\/a> <a title=\"nameideas\" target=\"_blank\" href=\"https:\/\/www.tiktok.com\/tag\/nameideas?refer=embed\">#nameideas<\/a> <a title=\"aesthetic\" target=\"_blank\" href=\"https:\/\/www.tiktok.com\/tag\/aesthetic?refer=embed\">#aesthetic<\/a> <a title=\"ideas\" target=\"_blank\" href=\"https:\/\/www.tiktok.com\/tag\/ideas?refer=embed\">#ideas<\/a> <a title=\"topbabynames\" target=\"_blank\" href=\"https:\/\/www.tiktok.com\/tag\/topbabynames?refer=embed\">#topbabynames<\/a> <a title=\"popular\" target=\"_blank\" href=\"https:\/\/www.tiktok.com\/tag\/popular?refer=embed\">#popular<\/a> <a title=\"uniquenames\" target=\"_blank\" href=\"https:\/\/www.tiktok.com\/tag\/uniquenames?refer=embed\">#uniquenames<\/a> <a title=\"momsoftiktok\" target=\"_blank\" href=\"https:\/\/www.tiktok.com\/tag\/momsoftiktok?refer=embed\">#momsoftiktok<\/a> <a title=\"fyp\u30b7\" target=\"_blank\" href=\"https:\/\/www.tiktok.com\/tag\/fyp%E3%82%B7?refer=embed\">#fyp\u30b7<\/a> <a title=\"namesuggestions\" target=\"_blank\" href=\"https:\/\/www.tiktok.com\/tag\/namesuggestions?refer=embed\">#namesuggestions<\/a> <a title=\"babyfever\" target=\"_blank\" href=\"https:\/\/www.tiktok.com\/tag\/babyfever?refer=embed\">#babyfever<\/a> <a title=\"babiesoftiktok\" target=\"_blank\" href=\"https:\/\/www.tiktok.com\/tag\/babiesoftiktok?refer=embed\">#babiesoftiktok<\/a> <a title=\"mumtobe\" target=\"_blank\" href=\"https:\/\/www.tiktok.com\/tag\/mumtobe?refer=embed\">#mumtobe<\/a> <a title=\"pregnant\" target=\"_blank\" href=\"https:\/\/www.tiktok.com\/tag\/pregnant?refer=embed\">#pregnant<\/a> <a title=\"babynameideas\" target=\"_blank\" href=\"https:\/\/www.tiktok.com\/tag\/babynameideas?refer=embed\">#babynameideas<\/a> <a title=\"babynameslist\" target=\"_blank\" href=\"https:\/\/www.tiktok.com\/tag\/babynameslist?refer=embed\">#babynameslist<\/a> <a title=\"babyfever\" target=\"_blank\" href=\"https:\/\/www.tiktok.com\/tag\/babyfever?refer=embed\">#babyfever<\/a> <a title=\"babytok\" target=\"_blank\" href=\"https:\/\/www.tiktok.com\/tag\/babytok?refer=embed\">#babytok<\/a> <a title=\"babynameinspo\" target=\"_blank\" href=\"https:\/\/www.tiktok.com\/tag\/babynameinspo?refer=embed\">#babynameinspo<\/a> <a title=\"momtobe\" target=\"_blank\" href=\"https:\/\/www.tiktok.com\/tag\/momtobe?refer=embed\">#momtobe<\/a> <a title=\"firsttimemum\" target=\"_blank\" href=\"https:\/\/www.tiktok.com\/tag\/firsttimemum?refer=embed\">#firsttimemum<\/a> <a title=\"cutebabynames\" target=\"_blank\" href=\"https:\/\/www.tiktok.com\/tag\/cutebabynames?refer=embed\">#cutebabynames<\/a> <a title=\"2024babynames\" target=\"_blank\" href=\"https:\/\/www.tiktok.com\/tag\/2024babynames?refer=embed\">#2024babynames<\/a> <a title=\"girlnames\" target=\"_blank\" href=\"https:\/\/www.tiktok.com\/tag\/girlnames?refer=embed\">#girlnames<\/a> <a title=\"boynames\" target=\"_blank\" href=\"https:\/\/www.tiktok.com\/tag\/boynames?refer=embed\">#boynames<\/a> <a title=\"girlmom\" target=\"_blank\" href=\"https:\/\/www.tiktok.com\/tag\/girlmom?refer=embed\">#girlmom<\/a> <a title=\"boymom\" target=\"_blank\" href=\"https:\/\/www.tiktok.com\/tag\/boymom?refer=embed\">#boymom<\/a> <a title=\"girlmama\" target=\"_blank\" href=\"https:\/\/www.tiktok.com\/tag\/girlmama?refer=embed\">#girlmama<\/a> <a title=\"boymama\" target=\"_blank\" href=\"https:\/\/www.tiktok.com\/tag\/boymama?refer=embed\">#boymama<\/a> <a title=\"boynamesilove\" target=\"_blank\" href=\"https:\/\/www.tiktok.com\/tag\/boynamesilove?refer=embed\">#boynamesilove<\/a> <a title=\"girlnamesilove\" target=\"_blank\" href=\"https:\/\/www.tiktok.com\/tag\/girlnamesilove?refer=embed\">#girlnamesilove<\/a> <a title=\"adoredbabynames\" target=\"_blank\" href=\"https:\/\/www.tiktok.com\/tag\/adoredbabynames?refer=embed\">#adoredbabynames<\/a> <a target=\"_blank\" title=\"\u266c Love Is Beautifully Painful - Darkrose\" href=\"https:\/\/www.tiktok.com\/music\/Love-Is-Beautifully-Painful-7216101278555113474?refer=embed\">\u266c Love Is Beautifully Painful &#8211; Darkrose<\/a> <\/section> <\/blockquote> <script async src=\"https:\/\/www.tiktok.com\/embed.js\"><\/script>\n\n\n\n<h2 class=\"wp-block-heading\">Por que nomes de 6 letras s\u00e3o t\u00e3o vers\u00e1teis<\/h2>\n\n\n\n<p>Outro ponto observado \u00e9 a <strong>versatilidade<\/strong>. Muitos <strong>nomes de 6 letras<\/strong> permitem apelidos carinhosos sem perder a for\u00e7a do nome completo, funcionando bem na fase infantil e na vida adulta. Essa flexibilidade \u00e9 valorizada por quem quer um nome que acompanhe todas as etapas da vida.<\/p>\n\n\n\n<p>A seguir, \u00e9 poss\u00edvel conferir listas separadas entre <strong>nomes masculinos e femininos<\/strong>, todos com seis letras e com esse perfil de nome curto, marcante e f\u00e1cil de usar no dia a dia, seja em contextos pessoais, escolares ou profissionais.<\/p>\n\n\n\n<h2 class=\"wp-block-heading\">10 nomes masculinos curtos e cheios de presen\u00e7a<\/h2>\n\n\n\n<p>Entre os meninos, a prefer\u00eancia por <strong>nomes de 6 letras<\/strong> continua firme, especialmente aqueles com som forte e escrita simples. Abaixo, uma sele\u00e7\u00e3o de op\u00e7\u00f5es que seguem a linha de <strong>Felipe<\/strong>, <strong>Daniel<\/strong>, <strong>Arthur<\/strong> e <strong>Samuel<\/strong>, com sonoridade marcante e estilo atual.<\/p>\n\n\n\n<ul class=\"wp-block-list\">\n<li><strong>Felipe<\/strong> \u2013 Nome tradicional, de escrita moderna e f\u00e1cil pron\u00fancia.<\/li>\n\n\n\n<li><strong>Daniel<\/strong> \u2013 Cl\u00e1ssico, reconhecido em v\u00e1rios pa\u00edses e l\u00ednguas.<\/li>\n\n\n\n<li><strong>Arthur<\/strong> \u2013 Muito usado no Brasil, combina tradi\u00e7\u00e3o e presen\u00e7a.<\/li>\n\n\n\n<li><strong>Samuel<\/strong> \u2013 Nome b\u00edblico, com som suave e marcante ao mesmo tempo.<\/li>\n\n\n\n<li><strong>Bruno<\/strong>* \u2013 Exemplo de nome curto; n\u00e3o tem 6 letras, mas ilustra a busca por simplicidade.*<\/li>\n<\/ul>\n\n\n\n<p>Como o foco \u00e9 em <strong>nomes exatamente com seis letras<\/strong>, seguem outras alternativas masculinas dentro desse crit\u00e9rio, mantendo o equil\u00edbrio entre modernidade, familiaridade e facilidade de escrita:<\/p>\n\n\n\n<ol class=\"wp-block-list\">\n<li><strong>Adriel<\/strong><\/li>\n\n\n\n<li><strong>Rodrigo<\/strong>* \u2013 Possui mais de 6 letras, por isso \u00e9 apenas citado como refer\u00eancia de estilo.*<\/li>\n<\/ol>\n\n\n\n<p>Para manter apenas nomes com seis letras, uma lista enxuta e objetiva de sugest\u00f5es realmente dentro desse padr\u00e3o masculino pode incluir op\u00e7\u00f5es muito usadas hoje e outras que come\u00e7am a ganhar espa\u00e7o.<\/p>\n\n\n\n<ul class=\"wp-block-list\">\n<li><strong>Felipe<\/strong><\/li>\n\n\n\n<li><strong>Daniel<\/strong><\/li>\n\n\n\n<li><strong>Arthur<\/strong><\/li>\n\n\n\n<li><strong>Samuel<\/strong><\/li>\n\n\n\n<li><strong>Adriel<\/strong><\/li>\n<\/ul>\n\n\n\n<h2 class=\"wp-block-heading\">Quais nomes femininos de 6 letras est\u00e3o em destaque hoje<\/h2>\n\n\n\n<p>Nos nomes femininos, a busca costuma se concentrar em op\u00e7\u00f5es <strong>delicadas, mas fortes<\/strong>, que soem bem em diferentes contextos. Nomes como <strong>Marina<\/strong> e <strong>Bianca<\/strong> representam bem essa combina\u00e7\u00e3o de suavidade e presen\u00e7a, mantendo-se constantes nas listas de registros recentes.<\/p>\n\n\n\n<p>A seguir, alguns exemplos de <strong>nomes femininos curtos<\/strong>, todos com seis letras, que se encaixam nesse perfil de beleza simples, marcante e com boa aceita\u00e7\u00e3o no Brasil e em outros pa\u00edses.<\/p>\n\n\n\n<ul class=\"wp-block-list\">\n<li><strong>Marina<\/strong> \u2013 Som leve, f\u00e1cil de lembrar e muito usado no Brasil.<\/li>\n\n\n\n<li><strong>Bianca<\/strong> \u2013 Nome moderno, com boa sonoridade e escrita clara.<\/li>\n\n\n\n<li><strong>Helena<\/strong> \u2013 Bastante popular nos \u00faltimos anos, com estilo cl\u00e1ssico.<\/li>\n\n\n\n<li><strong>Amanda<\/strong> \u2013 Presente h\u00e1 d\u00e9cadas no pa\u00eds, mant\u00e9m apelo atual.<\/li>\n\n\n\n<li><strong>Camila<\/strong> \u2013 Nome vers\u00e1til, combinando com diferentes sobrenomes.<\/li>\n<\/ul>\n\n\n\n<figure class=\"wp-block-image size-large\"><img decoding=\"async\" width=\"1024\" height=\"576\" src=\"https:\/\/www.correiobraziliense.com.br\/cbradar\/wp-content\/uploads\/2025\/12\/\u2705-BANNER-MYTH-8-1-1024x576.png\" alt=\"10 nomes com 6 letras que s\u00e3o curtos, bonitos e cheios de presen\u00e7a\" class=\"wp-image-159159\" srcset=\"https:\/\/www.correiobraziliense.com.br\/cbradar\/wp-content\/uploads\/2025\/12\/\u2705-BANNER-MYTH-8-1-1024x576.png 1024w, https:\/\/www.correiobraziliense.com.br\/cbradar\/wp-content\/uploads\/2025\/12\/\u2705-BANNER-MYTH-8-1-300x169.png 300w, https:\/\/www.correiobraziliense.com.br\/cbradar\/wp-content\/uploads\/2025\/12\/\u2705-BANNER-MYTH-8-1-768x432.png 768w, https:\/\/www.correiobraziliense.com.br\/cbradar\/wp-content\/uploads\/2025\/12\/\u2705-BANNER-MYTH-8-1-750x422.png 750w, https:\/\/www.correiobraziliense.com.br\/cbradar\/wp-content\/uploads\/2025\/12\/\u2705-BANNER-MYTH-8-1-1140x641.png 1140w, https:\/\/www.correiobraziliense.com.br\/cbradar\/wp-content\/uploads\/2025\/12\/\u2705-BANNER-MYTH-8-1.png 1280w\" sizes=\"(max-width: 1024px) 100vw, 1024px\" \/><figcaption class=\"wp-element-caption\">Escolha Felipe ou Marina para nomes curtos que encantam com leveza, trazendo afeto e estilo descomplicado ao dia a dia familiar. <\/figcaption><\/figure>\n\n\n\n<h2 class=\"wp-block-heading\">Lista final de 10 nomes com 6 letras curtos e cheios de presen\u00e7a<\/h2>\n\n\n\n<p>Reunindo as sugest\u00f5es masculinas e femininas, \u00e9 poss\u00edvel formar uma lista com dez <strong>nomes de 6 letras<\/strong> que seguem a proposta de serem curtos, bonitos e marcantes, semelhantes em estilo a <strong>Felipe<\/strong>, <strong>Daniel<\/strong>, <strong>Marina<\/strong>, <strong>Bianca<\/strong>, <strong>Arthur<\/strong> e <strong>Samuel<\/strong>. S\u00e3o op\u00e7\u00f5es que tendem a permanecer atuais por muito tempo.<\/p>\n\n\n\n<ol class=\"wp-block-list\">\n<li><strong>Felipe<\/strong><\/li>\n\n\n\n<li><strong>Daniel<\/strong><\/li>\n\n\n\n<li><strong>Arthur<\/strong><\/li>\n\n\n\n<li><strong>Samuel<\/strong><\/li>\n\n\n\n<li><strong>Adriel<\/strong><\/li>\n\n\n\n<li><strong>Marina<\/strong><\/li>\n\n\n\n<li><strong>Bianca<\/strong><\/li>\n\n\n\n<li><strong>Helena<\/strong><\/li>\n\n\n\n<li><strong>Amanda<\/strong><\/li>\n\n\n\n<li><strong>Camila<\/strong><\/li>\n<\/ol>\n\n\n\n<p>Essas op\u00e7\u00f5es ilustram como um <strong>nome de seis letras<\/strong> pode ser curto e, ao mesmo tempo, ter forte presen\u00e7a. A escolha leva em conta fatores como <strong>sonoridade<\/strong>, facilidade de escrita, tradi\u00e7\u00e3o familiar e tend\u00eancias atuais, mas cada fam\u00edlia define o que faz mais sentido para a pr\u00f3pria realidade e para a hist\u00f3ria que deseja contar com o nome.<\/p>\n","protected":false},"excerpt":{"rendered":"<p>Nomes curtos, bonitos e cheios de presen\u00e7a: descubra 10 op\u00e7\u00f5es de 6 letras para variar no dia a dia.<\/p>\n","protected":false},"author":3,"featured_media":159276,"comment_status":"open","ping_status":"open","sticky":false,"template":"","format":"standard","meta":{"_yoast_wpseo_focuskw":"nomes 6 letras","_yoast_wpseo_title":"%%title%%","_yoast_wpseo_metadesc":"Nomes curtos, bonitos e cheios de presen\u00e7a: descubra 10 op\u00e7\u00f5es de 6 letras para variar no dia a dia.","jnews-multi-image_gallery":[],"jnews_single_post":{"format":"standard"},"jnews_primary_category":[],"jnews_social_meta":[],"jnews_override_counter":[],"footnotes":""},"categories":[112],"tags":[144,5202,13007,11895],"class_list":["post-159153","post","type-post","status-publish","format-standard","has-post-thumbnail","hentry","category-curiosidades","tag-curiosidades","tag-nomes","tag-nomes-6-letras","tag-nomes-de-pessoas"],"yoast_head":"<!-- This site is optimized with the Yoast SEO plugin v24.6 - https:\/\/yoast.com\/wordpress\/plugins\/seo\/ -->\n<title>10 nomes com 6 letras que s\u00e3o curtos, bonitos e cheios de presen\u00e7a<\/title>\n<meta name=\"description\" content=\"Nomes curtos, bonitos e cheios de presen\u00e7a: descubra 10 op\u00e7\u00f5es de 6 letras para variar no dia a dia.\" \/>\n<meta name=\"robots\" content=\"index, follow, max-snippet:-1, max-image-preview:large, max-video-preview:-1\" \/>\n<link rel=\"canonical\" href=\"https:\/\/www.correiobraziliense.com.br\/cbradar\/10-nomes-com-6-letras-que-sao-curtos-bonitos-e-cheios-de-presenca\/\" \/>\n<meta property=\"og:locale\" content=\"pt_BR\" \/>\n<meta property=\"og:type\" content=\"article\" \/>\n<meta property=\"og:title\" content=\"10 nomes com 6 letras que s\u00e3o curtos, bonitos e cheios de presen\u00e7a\" \/>\n<meta property=\"og:description\" content=\"Nomes curtos, bonitos e cheios de presen\u00e7a: descubra 10 op\u00e7\u00f5es de 6 letras para variar no dia a dia.\" \/>\n<meta property=\"og:url\" content=\"https:\/\/www.correiobraziliense.com.br\/cbradar\/10-nomes-com-6-letras-que-sao-curtos-bonitos-e-cheios-de-presenca\/\" \/>\n<meta property=\"og:site_name\" content=\"Correio Braziliense - Radar\" \/>\n<meta property=\"article:published_time\" content=\"2025-12-20T15:35:00+00:00\" \/>\n<meta property=\"og:image\" content=\"https:\/\/www.correiobraziliense.com.br\/cbradar\/wp-content\/uploads\/2025\/12\/freepik__imagem-realista-de-um-beb-brasileiro__20524.png\" \/>\n\t<meta property=\"og:image:width\" content=\"1280\" \/>\n\t<meta property=\"og:image:height\" content=\"720\" \/>\n\t<meta property=\"og:image:type\" content=\"image\/png\" \/>\n<meta name=\"author\" content=\"Larissa Carvalho\" \/>\n<meta name=\"twitter:card\" content=\"summary_large_image\" \/>\n<meta name=\"twitter:label1\" content=\"Escrito por\" \/>\n\t<meta name=\"twitter:data1\" content=\"Larissa Carvalho\" \/>\n\t<meta name=\"twitter:label2\" content=\"Est. tempo de leitura\" \/>\n\t<meta name=\"twitter:data2\" content=\"5 minutos\" \/>\n<!-- \/ Yoast SEO plugin. -->","yoast_head_json":{"title":"10 nomes com 6 letras que s\u00e3o curtos, bonitos e cheios de presen\u00e7a","description":"Nomes curtos, bonitos e cheios de presen\u00e7a: descubra 10 op\u00e7\u00f5es de 6 letras para variar no dia a dia.","robots":{"index":"index","follow":"follow","max-snippet":"max-snippet:-1","max-image-preview":"max-image-preview:large","max-video-preview":"max-video-preview:-1"},"canonical":"https:\/\/www.correiobraziliense.com.br\/cbradar\/10-nomes-com-6-letras-que-sao-curtos-bonitos-e-cheios-de-presenca\/","og_locale":"pt_BR","og_type":"article","og_title":"10 nomes com 6 letras que s\u00e3o curtos, bonitos e cheios de presen\u00e7a","og_description":"Nomes curtos, bonitos e cheios de presen\u00e7a: descubra 10 op\u00e7\u00f5es de 6 letras para variar no dia a dia.","og_url":"https:\/\/www.correiobraziliense.com.br\/cbradar\/10-nomes-com-6-letras-que-sao-curtos-bonitos-e-cheios-de-presenca\/","og_site_name":"Correio Braziliense - Radar","article_published_time":"2025-12-20T15:35:00+00:00","og_image":[{"width":1280,"height":720,"url":"https:\/\/www.correiobraziliense.com.br\/cbradar\/wp-content\/uploads\/2025\/12\/freepik__imagem-realista-de-um-beb-brasileiro__20524.png","type":"image\/png"}],"author":"Larissa Carvalho","twitter_card":"summary_large_image","twitter_misc":{"Escrito por":"Larissa Carvalho","Est. tempo de leitura":"5 minutos"},"schema":{"@context":"https:\/\/schema.org","@graph":[{"@type":"WebPage","@id":"https:\/\/www.correiobraziliense.com.br\/cbradar\/10-nomes-com-6-letras-que-sao-curtos-bonitos-e-cheios-de-presenca\/","url":"https:\/\/www.correiobraziliense.com.br\/cbradar\/10-nomes-com-6-letras-que-sao-curtos-bonitos-e-cheios-de-presenca\/","name":"10 nomes com 6 letras que s\u00e3o curtos, bonitos e cheios de presen\u00e7a","isPartOf":{"@id":"https:\/\/www.correiobraziliense.com.br\/cbradar\/#website"},"primaryImageOfPage":{"@id":"https:\/\/www.correiobraziliense.com.br\/cbradar\/10-nomes-com-6-letras-que-sao-curtos-bonitos-e-cheios-de-presenca\/#primaryimage"},"image":{"@id":"https:\/\/www.correiobraziliense.com.br\/cbradar\/10-nomes-com-6-letras-que-sao-curtos-bonitos-e-cheios-de-presenca\/#primaryimage"},"thumbnailUrl":"https:\/\/www.correiobraziliense.com.br\/cbradar\/wp-content\/uploads\/2025\/12\/freepik__imagem-realista-de-um-beb-brasileiro__20524.png","datePublished":"2025-12-20T15:35:00+00:00","author":{"@id":"https:\/\/www.correiobraziliense.com.br\/cbradar\/#\/schema\/person\/58422787644df994b53a19d3e56c1513"},"description":"Nomes curtos, bonitos e cheios de presen\u00e7a: descubra 10 op\u00e7\u00f5es de 6 letras para variar no dia a dia.","breadcrumb":{"@id":"https:\/\/www.correiobraziliense.com.br\/cbradar\/10-nomes-com-6-letras-que-sao-curtos-bonitos-e-cheios-de-presenca\/#breadcrumb"},"inLanguage":"pt-BR","potentialAction":[{"@type":"ReadAction","target":["https:\/\/www.correiobraziliense.com.br\/cbradar\/10-nomes-com-6-letras-que-sao-curtos-bonitos-e-cheios-de-presenca\/"]}]},{"@type":"ImageObject","inLanguage":"pt-BR","@id":"https:\/\/www.correiobraziliense.com.br\/cbradar\/10-nomes-com-6-letras-que-sao-curtos-bonitos-e-cheios-de-presenca\/#primaryimage","url":"https:\/\/www.correiobraziliense.com.br\/cbradar\/wp-content\/uploads\/2025\/12\/freepik__imagem-realista-de-um-beb-brasileiro__20524.png","contentUrl":"https:\/\/www.correiobraziliense.com.br\/cbradar\/wp-content\/uploads\/2025\/12\/freepik__imagem-realista-de-um-beb-brasileiro__20524.png","width":1280,"height":720,"caption":"Nomes curtos costumam ser mais f\u00e1ceis de pronunciar e memorizar"},{"@type":"BreadcrumbList","@id":"https:\/\/www.correiobraziliense.com.br\/cbradar\/10-nomes-com-6-letras-que-sao-curtos-bonitos-e-cheios-de-presenca\/#breadcrumb","itemListElement":[{"@type":"ListItem","position":1,"name":"In\u00edcio","item":"https:\/\/www.correiobraziliense.com.br\/cbradar\/"},{"@type":"ListItem","position":2,"name":"10 nomes com 6 letras que s\u00e3o curtos, bonitos e cheios de presen\u00e7a"}]},{"@type":"WebSite","@id":"https:\/\/www.correiobraziliense.com.br\/cbradar\/#website","url":"https:\/\/www.correiobraziliense.com.br\/cbradar\/","name":"Correio Braziliense - Radar","description":"Acompanhe as \u00faltimas not\u00edcias e fique bem informado sobre tudo o que acontece no Brasil e no mundo.","potentialAction":[{"@type":"SearchAction","target":{"@type":"EntryPoint","urlTemplate":"https:\/\/www.correiobraziliense.com.br\/cbradar\/?s={search_term_string}"},"query-input":{"@type":"PropertyValueSpecification","valueRequired":true,"valueName":"search_term_string"}}],"inLanguage":"pt-BR"},{"@type":"Person","@id":"https:\/\/www.correiobraziliense.com.br\/cbradar\/#\/schema\/person\/58422787644df994b53a19d3e56c1513","name":"Larissa Carvalho","image":{"@type":"ImageObject","inLanguage":"pt-BR","@id":"https:\/\/www.correiobraziliense.com.br\/cbradar\/#\/schema\/person\/image\/","url":"https:\/\/secure.gravatar.com\/avatar\/fe4f91a0de32b52a838d0d612abdc1aa?s=96&d=mm&r=g","contentUrl":"https:\/\/secure.gravatar.com\/avatar\/fe4f91a0de32b52a838d0d612abdc1aa?s=96&d=mm&r=g","caption":"Larissa Carvalho"},"url":"https:\/\/www.correiobraziliense.com.br\/cbradar\/author\/larissamyth\/"}]}},"_links":{"self":[{"href":"https:\/\/www.correiobraziliense.com.br\/cbradar\/wp-json\/wp\/v2\/posts\/159153","targetHints":{"allow":["GET"]}}],"collection":[{"href":"https:\/\/www.correiobraziliense.com.br\/cbradar\/wp-json\/wp\/v2\/posts"}],"about":[{"href":"https:\/\/www.correiobraziliense.com.br\/cbradar\/wp-json\/wp\/v2\/types\/post"}],"author":[{"embeddable":true,"href":"https:\/\/www.correiobraziliense.com.br\/cbradar\/wp-json\/wp\/v2\/users\/3"}],"replies":[{"embeddable":true,"href":"https:\/\/www.correiobraziliense.com.br\/cbradar\/wp-json\/wp\/v2\/comments?post=159153"}],"version-history":[{"count":2,"href":"https:\/\/www.correiobraziliense.com.br\/cbradar\/wp-json\/wp\/v2\/posts\/159153\/revisions"}],"predecessor-version":[{"id":159160,"href":"https:\/\/www.correiobraziliense.com.br\/cbradar\/wp-json\/wp\/v2\/posts\/159153\/revisions\/159160"}],"wp:featuredmedia":[{"embeddable":true,"href":"https:\/\/www.correiobraziliense.com.br\/cbradar\/wp-json\/wp\/v2\/media\/159276"}],"wp:attachment":[{"href":"https:\/\/www.correiobraziliense.com.br\/cbradar\/wp-json\/wp\/v2\/media?parent=159153"}],"wp:term":[{"taxonomy":"category","embeddable":true,"href":"https:\/\/www.correiobraziliense.com.br\/cbradar\/wp-json\/wp\/v2\/categories?post=159153"},{"taxonomy":"post_tag","embeddable":true,"href":"https:\/\/www.correiobraziliense.com.br\/cbradar\/wp-json\/wp\/v2\/tags?post=159153"}],"curies":[{"name":"wp","href":"https:\/\/api.w.org\/{rel}","templated":true}]}}