{"id":159161,"date":"2025-12-20T21:35:00","date_gmt":"2025-12-21T00:35:00","guid":{"rendered":"https:\/\/www.correiobraziliense.com.br\/cbradar\/?p=159161"},"modified":"2025-12-20T20:11:30","modified_gmt":"2025-12-20T23:11:30","slug":"9-nomes-com-ate-8-letras-que-combinam-com-gente-alegre-e-cheia-de-energia","status":"publish","type":"post","link":"https:\/\/www.correiobraziliense.com.br\/cbradar\/9-nomes-com-ate-8-letras-que-combinam-com-gente-alegre-e-cheia-de-energia\/","title":{"rendered":"9 nomes com at\u00e9 8 letras que combinam com gente alegre e cheia de energia"},"content":{"rendered":"\n<p>Escolher um nome costuma dizer muito sobre a personalidade que se deseja transmitir. Para pessoas alegres e cheias de energia, muitos procuram nomes com som vibrante, boa sonoridade e certa leveza. Dentro desse universo, os <strong>nomes com 8 letras<\/strong> chamam aten\u00e7\u00e3o por serem marcantes, f\u00e1ceis de lembrar e bastante vers\u00e1teis no dia a dia, combinando bem com perfis expansivos, comunicativos e animados.<\/p>\n\n\n\n<h2 class=\"wp-block-heading\">Quais nomes com at\u00e9 8 letras passam alegria e boa energia<\/h2>\n\n\n\n<p>Alguns nomes t\u00eam um <strong>ritmo sonoro leve e vibrante<\/strong>, que remete a pessoas extrovertidas e bem-dispostas. Muitas fam\u00edlias procuram exatamente isso: um nome que, ao ser pronunciado, soe forte e ao mesmo tempo acolhedor, com boa musicalidade e presen\u00e7a.<\/p>\n\n\n\n<p>A seguir, uma lista com <strong>nomes com 8 letras<\/strong> que combinam com gente animada, lembrando o estilo de <strong>Rafaela, Gustavo, Isabela<\/strong> e <strong>Val\u00e9ria<\/strong>. S\u00e3o op\u00e7\u00f5es modernas e cl\u00e1ssicas, bastante usadas no Brasil e cheias de personalidade:<\/p>\n\n\n\n<ul class=\"wp-block-list\">\n<li><strong>Rafaela<\/strong><\/li>\n\n\n\n<li><strong>Gustavo<\/strong><\/li>\n\n\n\n<li><strong>Isabela<\/strong><\/li>\n\n\n\n<li><strong>Val\u00e9ria<\/strong><\/li>\n\n\n\n<li><strong>Eduardo<\/strong><\/li>\n\n\n\n<li><strong>Mariana<\/strong><\/li>\n\n\n\n<li><strong>Fernanda<\/strong><\/li>\n\n\n\n<li><strong>Leandro<\/strong><\/li>\n\n\n\n<li><strong>Amanda<\/strong><\/li>\n<\/ul>\n\n\n\n<p>Esses nomes s\u00e3o comuns em diferentes regi\u00f5es do Brasil e costumam aparecer em contextos escolares, profissionais e familiares com boa aceita\u00e7\u00e3o. Em geral, s\u00e3o <strong>f\u00e1ceis de pronunciar<\/strong> e de adaptar a apelidos carinhosos, o que refor\u00e7a a imagem de proximidade, sociabilidade e espontaneidade no dia a dia.<\/p>\n\n\n\n<p>O perfil @adoredbabynames trouxe algumas op\u00e7\u00f5es estrangeiras:<\/p>\n\n\n\n<blockquote class=\"tiktok-embed\" cite=\"https:\/\/www.tiktok.com\/@adoredbabynames\/video\/7488028578580270366\" data-video-id=\"7488028578580270366\" style=\"max-width: 605px;min-width: 325px;\" > <section> <a target=\"_blank\" title=\"@adoredbabynames\" href=\"https:\/\/www.tiktok.com\/@adoredbabynames?refer=embed\">@adoredbabynames<\/a> 8 letter names perfect for your baby girl \ud83c\udf3c\u2728 <a title=\"fyp\" target=\"_blank\" href=\"https:\/\/www.tiktok.com\/tag\/fyp?refer=embed\">#fyp<\/a> <a title=\"foryoupage\" target=\"_blank\" href=\"https:\/\/www.tiktok.com\/tag\/foryoupage?refer=embed\">#foryoupage<\/a> <a title=\"foryourpage\" target=\"_blank\" href=\"https:\/\/www.tiktok.com\/tag\/foryourpage?refer=embed\">#foryourpage<\/a> <a title=\"babynames\" target=\"_blank\" href=\"https:\/\/www.tiktok.com\/tag\/babynames?refer=embed\">#babynames<\/a> <a title=\"viral\" target=\"_blank\" href=\"https:\/\/www.tiktok.com\/tag\/viral?refer=embed\">#viral<\/a> <a title=\"baby\" target=\"_blank\" href=\"https:\/\/www.tiktok.com\/tag\/baby?refer=embed\">#baby<\/a> <a title=\"toddler\" target=\"_blank\" href=\"https:\/\/www.tiktok.com\/tag\/toddler?refer=embed\">#toddler<\/a> <a title=\"nameideas\" target=\"_blank\" href=\"https:\/\/www.tiktok.com\/tag\/nameideas?refer=embed\">#nameideas<\/a> <a title=\"aesthetic\" target=\"_blank\" href=\"https:\/\/www.tiktok.com\/tag\/aesthetic?refer=embed\">#aesthetic<\/a> <a title=\"ideas\" target=\"_blank\" href=\"https:\/\/www.tiktok.com\/tag\/ideas?refer=embed\">#ideas<\/a> <a title=\"topbabynames\" target=\"_blank\" href=\"https:\/\/www.tiktok.com\/tag\/topbabynames?refer=embed\">#topbabynames<\/a> <a title=\"popular\" target=\"_blank\" href=\"https:\/\/www.tiktok.com\/tag\/popular?refer=embed\">#popular<\/a> <a title=\"uniquenames\" target=\"_blank\" href=\"https:\/\/www.tiktok.com\/tag\/uniquenames?refer=embed\">#uniquenames<\/a> <a title=\"momsoftiktok\" target=\"_blank\" href=\"https:\/\/www.tiktok.com\/tag\/momsoftiktok?refer=embed\">#momsoftiktok<\/a> <a title=\"fyp\u30b7\" target=\"_blank\" href=\"https:\/\/www.tiktok.com\/tag\/fyp%E3%82%B7?refer=embed\">#fyp\u30b7<\/a> <a title=\"namesuggestions\" target=\"_blank\" href=\"https:\/\/www.tiktok.com\/tag\/namesuggestions?refer=embed\">#namesuggestions<\/a> <a title=\"babyfever\" target=\"_blank\" href=\"https:\/\/www.tiktok.com\/tag\/babyfever?refer=embed\">#babyfever<\/a> <a title=\"babiesoftiktok\" target=\"_blank\" href=\"https:\/\/www.tiktok.com\/tag\/babiesoftiktok?refer=embed\">#babiesoftiktok<\/a> <a title=\"mumtobe\" target=\"_blank\" href=\"https:\/\/www.tiktok.com\/tag\/mumtobe?refer=embed\">#mumtobe<\/a> <a title=\"pregnant\" target=\"_blank\" href=\"https:\/\/www.tiktok.com\/tag\/pregnant?refer=embed\">#pregnant<\/a> <a title=\"babynameideas\" target=\"_blank\" href=\"https:\/\/www.tiktok.com\/tag\/babynameideas?refer=embed\">#babynameideas<\/a> <a title=\"babynameslist\" target=\"_blank\" href=\"https:\/\/www.tiktok.com\/tag\/babynameslist?refer=embed\">#babynameslist<\/a> <a title=\"babyfever\" target=\"_blank\" href=\"https:\/\/www.tiktok.com\/tag\/babyfever?refer=embed\">#babyfever<\/a> <a title=\"babytok\" target=\"_blank\" href=\"https:\/\/www.tiktok.com\/tag\/babytok?refer=embed\">#babytok<\/a> <a title=\"babynameinspo\" target=\"_blank\" href=\"https:\/\/www.tiktok.com\/tag\/babynameinspo?refer=embed\">#babynameinspo<\/a> <a title=\"momtobe\" target=\"_blank\" href=\"https:\/\/www.tiktok.com\/tag\/momtobe?refer=embed\">#momtobe<\/a> <a title=\"firsttimemum\" target=\"_blank\" href=\"https:\/\/www.tiktok.com\/tag\/firsttimemum?refer=embed\">#firsttimemum<\/a>  <a title=\"girlnames\" target=\"_blank\" href=\"https:\/\/www.tiktok.com\/tag\/girlnames?refer=embed\">#girlnames<\/a> <a title=\"boynames\" target=\"_blank\" href=\"https:\/\/www.tiktok.com\/tag\/boynames?refer=embed\">#boynames<\/a> <a title=\"girlmom\" target=\"_blank\" href=\"https:\/\/www.tiktok.com\/tag\/girlmom?refer=embed\">#girlmom<\/a> <a title=\"boymom\" target=\"_blank\" href=\"https:\/\/www.tiktok.com\/tag\/boymom?refer=embed\">#boymom<\/a> <a title=\"girlmama\" target=\"_blank\" href=\"https:\/\/www.tiktok.com\/tag\/girlmama?refer=embed\">#girlmama<\/a> <a title=\"boymama\" target=\"_blank\" href=\"https:\/\/www.tiktok.com\/tag\/boymama?refer=embed\">#boymama<\/a> <a title=\"boynamesilove\" target=\"_blank\" href=\"https:\/\/www.tiktok.com\/tag\/boynamesilove?refer=embed\">#boynamesilove<\/a> <a title=\"girlnamesilove\" target=\"_blank\" href=\"https:\/\/www.tiktok.com\/tag\/girlnamesilove?refer=embed\">#girlnamesilove<\/a> <a title=\"adoredbabynames\" target=\"_blank\" href=\"https:\/\/www.tiktok.com\/tag\/adoredbabynames?refer=embed\">#adoredbabynames<\/a> <a target=\"_blank\" title=\"\u266c isn\u2019t she lovely - christina perri\" href=\"https:\/\/www.tiktok.com\/music\/isn\u2019t-she-lovely-7290834762897311745?refer=embed\">\u266c isn\u2019t she lovely &#8211; christina perri<\/a> <\/section> <\/blockquote> <script async src=\"https:\/\/www.tiktok.com\/embed.js\"><\/script>\n\n\n\n<h2 class=\"wp-block-heading\">Como escolher nomes com 8 letras para pessoas en\u00e9rgicas<\/h2>\n\n\n\n<p>Na hora de decidir por um nome que combine com algu\u00e9m cheio de energia, muitos observam crit\u00e9rios simples, mas importantes. A <strong>musicalidade<\/strong>, a facilidade de escrita e a possibilidade de apelidos contam muito, e os <strong>nomes com oito letras<\/strong> tendem a oferecer boas combina\u00e7\u00f5es nesse sentido.<\/p>\n\n\n\n<p>Alguns pontos que costumam ser considerados na escolha de um nome marcante e alegre ajudam a manter equil\u00edbrio entre som, significado e uso pr\u00e1tico no cotidiano:<\/p>\n\n\n\n<ul class=\"wp-block-list\">\n<li>Quantidade de s\u00edlabas e ritmo ao falar o nome completo;<\/li>\n\n\n\n<li>Se o nome harmoniza com o sobrenome;<\/li>\n\n\n\n<li>Se permite diminutivos e varia\u00e7\u00f5es sem perder a ess\u00eancia;<\/li>\n\n\n\n<li>Se \u00e9 f\u00e1cil de entender ao ser dito em voz alta, em ambientes diferentes.<\/li>\n<\/ul>\n\n\n\n<p><strong>Rafaela<\/strong>, por exemplo, pode gerar apelidos como <strong>Rafa<\/strong> ou <strong>Rafinha<\/strong>. <strong>Gustavo<\/strong> pode virar <strong>Gu<\/strong>, <strong>Guga<\/strong> ou <strong>Tavo<\/strong>. <strong>Isabela<\/strong> frequentemente \u00e9 reduzida a <strong>Isa<\/strong> ou <strong>Bel<\/strong>, enquanto <strong>Val\u00e9ria<\/strong> costuma virar <strong>Val<\/strong> ou <strong>Val\u00e9<\/strong>. Essas formas mais curtas transmitem proximidade e acompanham pessoas comunicativas em diversos c\u00edrculos sociais.<\/p>\n\n\n\n<figure class=\"wp-block-image size-large\"><img decoding=\"async\" width=\"1024\" height=\"576\" src=\"https:\/\/www.correiobraziliense.com.br\/cbradar\/wp-content\/uploads\/2025\/12\/\u2705-BANNER-MYTH-9-1024x576.png\" alt=\"9 nomes com 8 letras que combinam com gente alegre e cheia de energia\" class=\"wp-image-159164\" srcset=\"https:\/\/www.correiobraziliense.com.br\/cbradar\/wp-content\/uploads\/2025\/12\/\u2705-BANNER-MYTH-9-1024x576.png 1024w, https:\/\/www.correiobraziliense.com.br\/cbradar\/wp-content\/uploads\/2025\/12\/\u2705-BANNER-MYTH-9-300x169.png 300w, https:\/\/www.correiobraziliense.com.br\/cbradar\/wp-content\/uploads\/2025\/12\/\u2705-BANNER-MYTH-9-768x432.png 768w, https:\/\/www.correiobraziliense.com.br\/cbradar\/wp-content\/uploads\/2025\/12\/\u2705-BANNER-MYTH-9-750x422.png 750w, https:\/\/www.correiobraziliense.com.br\/cbradar\/wp-content\/uploads\/2025\/12\/\u2705-BANNER-MYTH-9-1140x641.png 1140w, https:\/\/www.correiobraziliense.com.br\/cbradar\/wp-content\/uploads\/2025\/12\/\u2705-BANNER-MYTH-9.png 1280w\" sizes=\"(max-width: 1024px) 100vw, 1024px\" \/><figcaption class=\"wp-element-caption\">Nomes vibrantes de 8 letras trazem frescor animado, f\u00e1ceis de lembrar e perfeitos para dias cheios de energia e sorrisos espont\u00e2neos.<\/figcaption><\/figure>\n\n\n\n<h2 class=\"wp-block-heading\">Por que esses nomes combinam com pessoas alegres<\/h2>\n\n\n\n<p>A rela\u00e7\u00e3o entre nome e personalidade n\u00e3o \u00e9 uma regra fixa, mas muitos associam certos sons e estruturas a tra\u00e7os de comportamento. Os <strong>nomes com 8 letras<\/strong> listados acima geralmente t\u00eam <strong>vogais abertas<\/strong>, <strong>consoantes suaves<\/strong> e ritmo equilibrado, o que pode ser percebido como mais leve, expansivo e acolhedor.<\/p>\n\n\n\n<p>Al\u00e9m disso, s\u00e3o nomes bastante presentes no Brasil desde a d\u00e9cada de 1990 at\u00e9 2025, conectados a gera\u00e7\u00f5es que cresceram em ambientes urbanos, escolares e digitais, marcados por intensa intera\u00e7\u00e3o social. Essa presen\u00e7a em <strong>novelas, m\u00fasicas, redes sociais<\/strong> e influenciadores tamb\u00e9m refor\u00e7a a imagem de nomes ligados a pessoas din\u00e2micas e expressivas.<\/p>\n\n\n\n<ol class=\"wp-block-list\">\n<li><strong>Rafaela<\/strong> \u2013 associado a for\u00e7a e simpatia, muito usado em diferentes regi\u00f5es.<\/li>\n\n\n\n<li><strong>Gustavo<\/strong> \u2013 nome masculino de som firme, comum em contextos esportivos e acad\u00eamicos.<\/li>\n\n\n\n<li><strong>Isabela<\/strong> \u2013 varia\u00e7\u00e3o delicada e popular, com forte presen\u00e7a em escolas e redes sociais.<\/li>\n\n\n\n<li><strong>Val\u00e9ria<\/strong> \u2013 tradicional, com toque elegante e moderno ao mesmo tempo.<\/li>\n\n\n\n<li><strong>Eduardo<\/strong> \u2013 cl\u00e1ssico, com diversas possibilidades de apelidos.<\/li>\n\n\n\n<li><strong>Mariana<\/strong> \u2013 nome feminino muito recorrente, associado a pessoas comunicativas.<\/li>\n\n\n\n<li><strong>Fernanda<\/strong> \u2013 bastante usado desde os anos 1980, ainda atual em 2025.<\/li>\n\n\n\n<li><strong>Leandro<\/strong> \u2013 masculino, de pron\u00fancia forte, comum em diferentes faixas et\u00e1rias.<\/li>\n\n\n\n<li><strong>Amanda<\/strong> \u2013 simples, marcante e presente em v\u00e1rias gera\u00e7\u00f5es.<\/li>\n<\/ol>\n\n\n\n<p>Dessa forma, ao considerar <strong>nomes com oito letras<\/strong> para pessoas alegres e cheias de energia, fam\u00edlias encontram um conjunto amplo de op\u00e7\u00f5es. A <strong>sonoridade<\/strong>, a hist\u00f3ria de uso no pa\u00eds e a facilidade de adapta\u00e7\u00e3o ao cotidiano fazem com que esses nomes continuem entre os preferidos para registrar novas gera\u00e7\u00f5es.<\/p>\n","protected":false},"excerpt":{"rendered":"<p>Descubra 9 nomes com 8 letras para gente alegre e cheia de energia, tipo Rafaela, Gustavo, Isabela, Val\u00e9ria, em lista inspiradora.<\/p>\n","protected":false},"author":3,"featured_media":160000,"comment_status":"open","ping_status":"open","sticky":false,"template":"","format":"standard","meta":{"_yoast_wpseo_focuskw":"nomes 8 letras","_yoast_wpseo_title":"%%title%%","_yoast_wpseo_metadesc":"Descubra 9 nomes com 8 letras para gente alegre e cheia de energia, tipo Rafaela, Gustavo, Isabela, Val\u00e9ria, em lista inspiradora.","jnews-multi-image_gallery":[],"jnews_single_post":{"format":"standard"},"jnews_primary_category":[],"jnews_social_meta":[],"jnews_override_counter":[],"footnotes":""},"categories":[112],"tags":[144,5202,13008,11895],"class_list":["post-159161","post","type-post","status-publish","format-standard","has-post-thumbnail","hentry","category-curiosidades","tag-curiosidades","tag-nomes","tag-nomes-de-8-letras","tag-nomes-de-pessoas"],"yoast_head":"<!-- This site is optimized with the Yoast SEO plugin v24.6 - https:\/\/yoast.com\/wordpress\/plugins\/seo\/ -->\n<title>9 nomes com at\u00e9 8 letras que combinam com gente alegre e cheia de energia<\/title>\n<meta name=\"description\" content=\"Descubra 9 nomes com 8 letras para gente alegre e cheia de energia, tipo Rafaela, Gustavo, Isabela, Val\u00e9ria, em lista inspiradora.\" \/>\n<meta name=\"robots\" content=\"index, follow, max-snippet:-1, max-image-preview:large, max-video-preview:-1\" \/>\n<link rel=\"canonical\" href=\"https:\/\/www.correiobraziliense.com.br\/cbradar\/9-nomes-com-ate-8-letras-que-combinam-com-gente-alegre-e-cheia-de-energia\/\" \/>\n<meta property=\"og:locale\" content=\"pt_BR\" \/>\n<meta property=\"og:type\" content=\"article\" \/>\n<meta property=\"og:title\" content=\"9 nomes com at\u00e9 8 letras que combinam com gente alegre e cheia de energia\" \/>\n<meta property=\"og:description\" content=\"Descubra 9 nomes com 8 letras para gente alegre e cheia de energia, tipo Rafaela, Gustavo, Isabela, Val\u00e9ria, em lista inspiradora.\" \/>\n<meta property=\"og:url\" content=\"https:\/\/www.correiobraziliense.com.br\/cbradar\/9-nomes-com-ate-8-letras-que-combinam-com-gente-alegre-e-cheia-de-energia\/\" \/>\n<meta property=\"og:site_name\" content=\"Correio Braziliense - Radar\" \/>\n<meta property=\"article:published_time\" content=\"2025-12-21T00:35:00+00:00\" \/>\n<meta property=\"og:image\" content=\"https:\/\/www.correiobraziliense.com.br\/cbradar\/wp-content\/uploads\/2025\/12\/\u2705-BANNER-MYTH-61.png\" \/>\n\t<meta property=\"og:image:width\" content=\"1280\" \/>\n\t<meta property=\"og:image:height\" content=\"720\" \/>\n\t<meta property=\"og:image:type\" content=\"image\/png\" \/>\n<meta name=\"author\" content=\"Larissa Carvalho\" \/>\n<meta name=\"twitter:card\" content=\"summary_large_image\" \/>\n<meta name=\"twitter:label1\" content=\"Escrito por\" \/>\n\t<meta name=\"twitter:data1\" content=\"Larissa Carvalho\" \/>\n\t<meta name=\"twitter:label2\" content=\"Est. tempo de leitura\" \/>\n\t<meta name=\"twitter:data2\" content=\"4 minutos\" \/>\n<!-- \/ Yoast SEO plugin. -->","yoast_head_json":{"title":"9 nomes com at\u00e9 8 letras que combinam com gente alegre e cheia de energia","description":"Descubra 9 nomes com 8 letras para gente alegre e cheia de energia, tipo Rafaela, Gustavo, Isabela, Val\u00e9ria, em lista inspiradora.","robots":{"index":"index","follow":"follow","max-snippet":"max-snippet:-1","max-image-preview":"max-image-preview:large","max-video-preview":"max-video-preview:-1"},"canonical":"https:\/\/www.correiobraziliense.com.br\/cbradar\/9-nomes-com-ate-8-letras-que-combinam-com-gente-alegre-e-cheia-de-energia\/","og_locale":"pt_BR","og_type":"article","og_title":"9 nomes com at\u00e9 8 letras que combinam com gente alegre e cheia de energia","og_description":"Descubra 9 nomes com 8 letras para gente alegre e cheia de energia, tipo Rafaela, Gustavo, Isabela, Val\u00e9ria, em lista inspiradora.","og_url":"https:\/\/www.correiobraziliense.com.br\/cbradar\/9-nomes-com-ate-8-letras-que-combinam-com-gente-alegre-e-cheia-de-energia\/","og_site_name":"Correio Braziliense - Radar","article_published_time":"2025-12-21T00:35:00+00:00","og_image":[{"width":1280,"height":720,"url":"https:\/\/www.correiobraziliense.com.br\/cbradar\/wp-content\/uploads\/2025\/12\/\u2705-BANNER-MYTH-61.png","type":"image\/png"}],"author":"Larissa Carvalho","twitter_card":"summary_large_image","twitter_misc":{"Escrito por":"Larissa Carvalho","Est. tempo de leitura":"4 minutos"},"schema":{"@context":"https:\/\/schema.org","@graph":[{"@type":"WebPage","@id":"https:\/\/www.correiobraziliense.com.br\/cbradar\/9-nomes-com-ate-8-letras-que-combinam-com-gente-alegre-e-cheia-de-energia\/","url":"https:\/\/www.correiobraziliense.com.br\/cbradar\/9-nomes-com-ate-8-letras-que-combinam-com-gente-alegre-e-cheia-de-energia\/","name":"9 nomes com at\u00e9 8 letras que combinam com gente alegre e cheia de energia","isPartOf":{"@id":"https:\/\/www.correiobraziliense.com.br\/cbradar\/#website"},"primaryImageOfPage":{"@id":"https:\/\/www.correiobraziliense.com.br\/cbradar\/9-nomes-com-ate-8-letras-que-combinam-com-gente-alegre-e-cheia-de-energia\/#primaryimage"},"image":{"@id":"https:\/\/www.correiobraziliense.com.br\/cbradar\/9-nomes-com-ate-8-letras-que-combinam-com-gente-alegre-e-cheia-de-energia\/#primaryimage"},"thumbnailUrl":"https:\/\/www.correiobraziliense.com.br\/cbradar\/wp-content\/uploads\/2025\/12\/\u2705-BANNER-MYTH-61.png","datePublished":"2025-12-21T00:35:00+00:00","author":{"@id":"https:\/\/www.correiobraziliense.com.br\/cbradar\/#\/schema\/person\/58422787644df994b53a19d3e56c1513"},"description":"Descubra 9 nomes com 8 letras para gente alegre e cheia de energia, tipo Rafaela, Gustavo, Isabela, Val\u00e9ria, em lista inspiradora.","breadcrumb":{"@id":"https:\/\/www.correiobraziliense.com.br\/cbradar\/9-nomes-com-ate-8-letras-que-combinam-com-gente-alegre-e-cheia-de-energia\/#breadcrumb"},"inLanguage":"pt-BR","potentialAction":[{"@type":"ReadAction","target":["https:\/\/www.correiobraziliense.com.br\/cbradar\/9-nomes-com-ate-8-letras-que-combinam-com-gente-alegre-e-cheia-de-energia\/"]}]},{"@type":"ImageObject","inLanguage":"pt-BR","@id":"https:\/\/www.correiobraziliense.com.br\/cbradar\/9-nomes-com-ate-8-letras-que-combinam-com-gente-alegre-e-cheia-de-energia\/#primaryimage","url":"https:\/\/www.correiobraziliense.com.br\/cbradar\/wp-content\/uploads\/2025\/12\/\u2705-BANNER-MYTH-61.png","contentUrl":"https:\/\/www.correiobraziliense.com.br\/cbradar\/wp-content\/uploads\/2025\/12\/\u2705-BANNER-MYTH-61.png","width":1280,"height":720,"caption":"Catarina soa alegre e f\u00e1cil: 8 letras fluem leves em chamadas familiares, combinando vitalidade sem complica\u00e7\u00f5es cotidianas."},{"@type":"BreadcrumbList","@id":"https:\/\/www.correiobraziliense.com.br\/cbradar\/9-nomes-com-ate-8-letras-que-combinam-com-gente-alegre-e-cheia-de-energia\/#breadcrumb","itemListElement":[{"@type":"ListItem","position":1,"name":"In\u00edcio","item":"https:\/\/www.correiobraziliense.com.br\/cbradar\/"},{"@type":"ListItem","position":2,"name":"9 nomes com at\u00e9 8 letras que combinam com gente alegre e cheia de energia"}]},{"@type":"WebSite","@id":"https:\/\/www.correiobraziliense.com.br\/cbradar\/#website","url":"https:\/\/www.correiobraziliense.com.br\/cbradar\/","name":"Correio Braziliense - Radar","description":"Acompanhe as \u00faltimas not\u00edcias e fique bem informado sobre tudo o que acontece no Brasil e no mundo.","potentialAction":[{"@type":"SearchAction","target":{"@type":"EntryPoint","urlTemplate":"https:\/\/www.correiobraziliense.com.br\/cbradar\/?s={search_term_string}"},"query-input":{"@type":"PropertyValueSpecification","valueRequired":true,"valueName":"search_term_string"}}],"inLanguage":"pt-BR"},{"@type":"Person","@id":"https:\/\/www.correiobraziliense.com.br\/cbradar\/#\/schema\/person\/58422787644df994b53a19d3e56c1513","name":"Larissa Carvalho","image":{"@type":"ImageObject","inLanguage":"pt-BR","@id":"https:\/\/www.correiobraziliense.com.br\/cbradar\/#\/schema\/person\/image\/","url":"https:\/\/secure.gravatar.com\/avatar\/fe4f91a0de32b52a838d0d612abdc1aa?s=96&d=mm&r=g","contentUrl":"https:\/\/secure.gravatar.com\/avatar\/fe4f91a0de32b52a838d0d612abdc1aa?s=96&d=mm&r=g","caption":"Larissa Carvalho"},"url":"https:\/\/www.correiobraziliense.com.br\/cbradar\/author\/larissamyth\/"}]}},"_links":{"self":[{"href":"https:\/\/www.correiobraziliense.com.br\/cbradar\/wp-json\/wp\/v2\/posts\/159161","targetHints":{"allow":["GET"]}}],"collection":[{"href":"https:\/\/www.correiobraziliense.com.br\/cbradar\/wp-json\/wp\/v2\/posts"}],"about":[{"href":"https:\/\/www.correiobraziliense.com.br\/cbradar\/wp-json\/wp\/v2\/types\/post"}],"author":[{"embeddable":true,"href":"https:\/\/www.correiobraziliense.com.br\/cbradar\/wp-json\/wp\/v2\/users\/3"}],"replies":[{"embeddable":true,"href":"https:\/\/www.correiobraziliense.com.br\/cbradar\/wp-json\/wp\/v2\/comments?post=159161"}],"version-history":[{"count":2,"href":"https:\/\/www.correiobraziliense.com.br\/cbradar\/wp-json\/wp\/v2\/posts\/159161\/revisions"}],"predecessor-version":[{"id":159165,"href":"https:\/\/www.correiobraziliense.com.br\/cbradar\/wp-json\/wp\/v2\/posts\/159161\/revisions\/159165"}],"wp:featuredmedia":[{"embeddable":true,"href":"https:\/\/www.correiobraziliense.com.br\/cbradar\/wp-json\/wp\/v2\/media\/160000"}],"wp:attachment":[{"href":"https:\/\/www.correiobraziliense.com.br\/cbradar\/wp-json\/wp\/v2\/media?parent=159161"}],"wp:term":[{"taxonomy":"category","embeddable":true,"href":"https:\/\/www.correiobraziliense.com.br\/cbradar\/wp-json\/wp\/v2\/categories?post=159161"},{"taxonomy":"post_tag","embeddable":true,"href":"https:\/\/www.correiobraziliense.com.br\/cbradar\/wp-json\/wp\/v2\/tags?post=159161"}],"curies":[{"name":"wp","href":"https:\/\/api.w.org\/{rel}","templated":true}]}}