{"id":15925,"date":"2025-03-27T06:50:00","date_gmt":"2025-03-27T09:50:00","guid":{"rendered":"https:\/\/www.correiobraziliense.com.br\/cbradar\/?p=15925"},"modified":"2025-06-30T00:13:35","modified_gmt":"2025-06-30T03:13:35","slug":"serie-de-raul-seixas-brilha-no-festival-series-mania","status":"publish","type":"post","link":"https:\/\/www.correiobraziliense.com.br\/cbradar\/serie-de-raul-seixas-brilha-no-festival-series-mania\/","title":{"rendered":"S\u00e9rie de Raul Seixas brilha no festival Series Mania"},"content":{"rendered":"\n<p>A trajet\u00f3ria do <strong>Maluco Beleza<\/strong> agora \u00e9 <a href=\"https:\/\/www.correiobraziliense.com.br\/cbradar\/melhores-filmes-para-quem-gostou-de-codigo-preto\/\" target=\"_blank\" rel=\"noreferrer noopener\">s\u00e9rie <\/a>internacional. <strong>Raul Seixas: Eu Sou<\/strong> marca um momento hist\u00f3rico para as produ\u00e7\u00f5es brasileiras ao se tornar a primeira s\u00e9rie nacional selecionada para o <strong>Series Mania<\/strong>, o maior festival de s\u00e9ries da Europa. A produ\u00e7\u00e3o original do <a href=\"https:\/\/globotv.globo.com\/\" target=\"_blank\" rel=\"noreferrer noopener\"><strong>Globoplay<\/strong> <\/a>teve sua estreia mundial em mar\u00e7o na <strong>Fran\u00e7a<\/strong>, concorrendo nas principais categorias do evento.<\/p>\n\n\n\n<p>Criada por <strong>Paulo Morelli<\/strong> em parceria com <strong>Pedro Morelli<\/strong>, a s\u00e9rie de oito epis\u00f3dios acompanha a vida do \u00edcone do rock brasileiro interpretado por <strong>Ravel Andrade<\/strong>. A produ\u00e7\u00e3o da <strong>O2 Filmes<\/strong> explora n\u00e3o apenas a m\u00fasica de <strong>Raul<\/strong>, mas tamb\u00e9m suas lutas internas, relacionamentos e a influ\u00eancia de figuras como <strong>Paulo Coelho<\/strong>, interpretado por <strong>Jo\u00e3o Pedro Zappa<\/strong>.<\/p>\n\n\n\n<h2 class=\"wp-block-heading\">O que torna essa s\u00e9rie t\u00e3o especial para o rock brasileiro?<\/h2>\n\n\n\n<p>A produ\u00e7\u00e3o mergulha na dualidade entre <strong>Raulzito<\/strong>, o homem t\u00edmido de <strong>Salvador<\/strong>, e o provocador <strong>Maluco Beleza<\/strong> que revolucionou a m\u00fasica brasileira. A s\u00e9rie retrata desde sua juventude nos anos 1960 at\u00e9 os momentos finais de sua vida, mostrando como ele conseguiu unir rock e bai\u00e3o de forma \u00fanica no pa\u00eds.<\/p>\n\n\n\n<p><strong>Ravel Andrade<\/strong> compartilha o papel principal com <strong>Tony Gambel<\/strong>, que cuida das performances musicais por ter experi\u00eancia com uma banda tributo ao artista. Essa divis\u00e3o permite que a s\u00e9rie capture tanto a profundidade dram\u00e1tica quanto a energia dos shows que fizeram <strong>Raul<\/strong> famoso nacionalmente.<\/p>\n\n\n\n<h2 class=\"wp-block-heading\">Por que o <strong>Series Mania<\/strong> \u00e9 t\u00e3o importante para s\u00e9ries?<\/h2>\n\n\n\n<p>O <strong>Series Mania<\/strong> acontece anualmente em <strong>Lille<\/strong>, na <strong>Fran\u00e7a<\/strong>, e \u00e9 considerado o maior evento europeu dedicado exclusivamente a s\u00e9ries televisivas. O festival re\u00fane cerca de 85 mil espectadores durante oito dias de exibi\u00e7\u00f5es, masterclasses e encontros com personalidades do mundo das s\u00e9ries.<\/p>\n\n\n\n<p>Para profissionais da ind\u00fastria, o evento oferece tr\u00eas dias de networking intenso, com cerca de 3.800 especialistas internacionais participando do <strong>Series Mania Forum<\/strong>. A presen\u00e7a brasileira no festival representa uma vit\u00f3ria para a ind\u00fastria audiovisual nacional, abrindo portas para futuras coprodu\u00e7\u00f5es internacionais.<\/p>\n\n\n\n<h2 class=\"wp-block-heading\">Qual \u00e9 o verdadeiro legado de <strong>Raul Seixas<\/strong> hoje?<\/h2>\n\n\n\n<p>Mesmo ap\u00f3s 35 anos de sua morte, <strong>Raul Seixas<\/strong> continua sendo um dos artistas mais tocados no Brasil. Segundo dados do <strong>Ecad<\/strong>, suas m\u00fasicas como <strong>Cowboy Fora da Lei<\/strong> e <strong>Metamorfose Ambulante<\/strong> ainda dominam as paradas, provando que sua filosofia musical permanece atual.<\/p>\n\n\n\n<p>O m\u00fasico nascido em <strong>Salvador<\/strong> em 1945 n\u00e3o foi apenas um roqueiro, mas um fil\u00f3sofo da m\u00fasica que questionava a sociedade atrav\u00e9s de letras carregadas de misticismo e cr\u00edtica social. Suas ideias sobre a <strong>Sociedade Alternativa<\/strong> e a liberdade individual ecoam at\u00e9 hoje entre jovens que descobrem sua obra.<\/p>\n\n\n\n<h2 class=\"wp-block-heading\">Como a s\u00e9rie retrata os momentos mais pol\u00eamicos do artista?<\/h2>\n\n\n\n<figure class=\"wp-block-embed is-type-video is-provider-youtube wp-block-embed-youtube wp-embed-aspect-16-9 wp-has-aspect-ratio\"><div class=\"wp-block-embed__wrapper\">\n<div class=\"jeg_video_container jeg_video_content\"><iframe loading=\"lazy\" title=\"Raul Seixas, Sou Eu | Teaser CCXP24\" width=\"500\" height=\"281\" src=\"https:\/\/www.youtube.com\/embed\/k1GE9kIa61g?feature=oembed\" frameborder=\"0\" allow=\"accelerometer; autoplay; clipboard-write; encrypted-media; gyroscope; picture-in-picture; web-share\" referrerpolicy=\"strict-origin-when-cross-origin\" allowfullscreen><\/iframe><\/div>\n<\/div><\/figure>\n\n\n\n<p>A produ\u00e7\u00e3o n\u00e3o esconde os aspectos controversos da vida de <strong>Raul<\/strong>. A s\u00e9rie mostra sua pris\u00e3o e ex\u00edlio durante a ditadura militar, quando ele e <strong>Paulo Coelho<\/strong> foram perseguidos pelo <strong>DOPS<\/strong> por conta das ideias da <strong>Sociedade Alternativa<\/strong> inspiradas no ocultista <strong>Aleister Crowley<\/strong>.<\/p>\n\n\n\n<p>Os epis\u00f3dios tamb\u00e9m abordam as lutas contra o v\u00edcio e os problemas pessoais que marcaram os \u00faltimos anos de <strong>Raul<\/strong>. A parceria com <strong>Marcelo Nova<\/strong> nos anos finais \u00e9 retratada com sensibilidade, mostrando como o m\u00fasico enfrentou dificuldades financeiras e de sa\u00fade at\u00e9 sua morte prematura em 1989.<\/p>\n\n\n\n<h2 class=\"wp-block-heading\">Quando a s\u00e9rie chegar\u00e1 ao p\u00fablico brasileiro?<\/h2>\n\n\n\n<p>Depois da estreia internacional, <strong>Raul Seixas: Eu Sou<\/strong> finalmente chegou ao <strong>Globoplay<\/strong> em 26 de junho de 2025, coincidindo com o que seriam os 80 anos do artista. A data foi escolhida simbolicamente para homenagear o <strong>Pai do Rock Brasileiro<\/strong> em uma data especial.<\/p>\n\n\n\n<p>O sucesso internacional da s\u00e9rie j\u00e1 gerou expectativas altas entre f\u00e3s brasileiros, que aguardavam ansiosamente para conferir como a produ\u00e7\u00e3o nacional retratou um dos maiores \u00edcones musicais do pa\u00eds. A trilha sonora, produzida por <strong>Kassin<\/strong>, recria com fidelidade a atmosfera musical das diferentes fases da carreira de <strong>Raul<\/strong>.<\/p>\n","protected":false},"excerpt":{"rendered":"<p>A nova s\u00e9rie sobre a vida e obra de Raul Seixas, \u00edcone do rock brasileiro, estreia no festival Series Mania.<\/p>\n","protected":false},"author":3,"featured_media":16015,"comment_status":"open","ping_status":"open","sticky":false,"template":"","format":"standard","meta":{"_yoast_wpseo_focuskw":"S\u00e9rie de Raul Seixas","_yoast_wpseo_title":"%%title%%","_yoast_wpseo_metadesc":"A nova s\u00e9rie sobre a vida e obra de Raul Seixas, \u00edcone do rock brasileiro, estreia no festival Series Mania.","jnews-multi-image_gallery":[],"jnews_single_post":{"format":"standard"},"jnews_primary_category":[],"jnews_social_meta":[],"jnews_override_counter":[],"footnotes":""},"categories":[140],"post_tag":[568],"class_list":["post-15925","post","type-post","status-publish","format-standard","has-post-thumbnail","hentry","category-entretenimento","tag-series-e-filmes"],"yoast_head":"<!-- This site is optimized with the Yoast SEO plugin v24.6 - https:\/\/yoast.com\/wordpress\/plugins\/seo\/ -->\n<title>S\u00e9rie de Raul Seixas brilha no festival Series Mania<\/title>\n<meta name=\"description\" content=\"A nova s\u00e9rie sobre a vida e obra de Raul Seixas, \u00edcone do rock brasileiro, estreia no festival Series Mania.\" \/>\n<meta name=\"robots\" content=\"index, follow, max-snippet:-1, max-image-preview:large, max-video-preview:-1\" \/>\n<link rel=\"canonical\" href=\"https:\/\/www.correiobraziliense.com.br\/cbradar\/serie-de-raul-seixas-brilha-no-festival-series-mania\/\" \/>\n<meta property=\"og:locale\" content=\"pt_BR\" \/>\n<meta property=\"og:type\" content=\"article\" \/>\n<meta property=\"og:title\" content=\"S\u00e9rie de Raul Seixas brilha no festival Series Mania\" \/>\n<meta property=\"og:description\" content=\"A nova s\u00e9rie sobre a vida e obra de Raul Seixas, \u00edcone do rock brasileiro, estreia no festival Series Mania.\" \/>\n<meta property=\"og:url\" content=\"https:\/\/www.correiobraziliense.com.br\/cbradar\/serie-de-raul-seixas-brilha-no-festival-series-mania\/\" \/>\n<meta property=\"og:site_name\" content=\"Correio Braziliense - Radar\" \/>\n<meta property=\"article:published_time\" content=\"2025-03-27T09:50:00+00:00\" \/>\n<meta property=\"article:modified_time\" content=\"2025-06-30T03:13:35+00:00\" \/>\n<meta property=\"og:image\" content=\"https:\/\/www.correiobraziliense.com.br\/cbradar\/wp-content\/uploads\/2025\/03\/Ravel-Andrade.jpg\" \/>\n\t<meta property=\"og:image:width\" content=\"1920\" \/>\n\t<meta property=\"og:image:height\" content=\"1080\" \/>\n\t<meta property=\"og:image:type\" content=\"image\/jpeg\" \/>\n<meta name=\"author\" content=\"Larissa Carvalho\" \/>\n<meta name=\"twitter:card\" content=\"summary_large_image\" \/>\n<meta name=\"twitter:label1\" content=\"Escrito por\" \/>\n\t<meta name=\"twitter:data1\" content=\"Larissa Carvalho\" \/>\n\t<meta name=\"twitter:label2\" content=\"Est. tempo de leitura\" \/>\n\t<meta name=\"twitter:data2\" content=\"4 minutos\" \/>\n<!-- \/ Yoast SEO plugin. -->","yoast_head_json":{"title":"S\u00e9rie de Raul Seixas brilha no festival Series Mania","description":"A nova s\u00e9rie sobre a vida e obra de Raul Seixas, \u00edcone do rock brasileiro, estreia no festival Series Mania.","robots":{"index":"index","follow":"follow","max-snippet":"max-snippet:-1","max-image-preview":"max-image-preview:large","max-video-preview":"max-video-preview:-1"},"canonical":"https:\/\/www.correiobraziliense.com.br\/cbradar\/serie-de-raul-seixas-brilha-no-festival-series-mania\/","og_locale":"pt_BR","og_type":"article","og_title":"S\u00e9rie de Raul Seixas brilha no festival Series Mania","og_description":"A nova s\u00e9rie sobre a vida e obra de Raul Seixas, \u00edcone do rock brasileiro, estreia no festival Series Mania.","og_url":"https:\/\/www.correiobraziliense.com.br\/cbradar\/serie-de-raul-seixas-brilha-no-festival-series-mania\/","og_site_name":"Correio Braziliense - Radar","article_published_time":"2025-03-27T09:50:00+00:00","article_modified_time":"2025-06-30T03:13:35+00:00","og_image":[{"width":1920,"height":1080,"url":"https:\/\/www.correiobraziliense.com.br\/cbradar\/wp-content\/uploads\/2025\/03\/Ravel-Andrade.jpg","type":"image\/jpeg"}],"author":"Larissa Carvalho","twitter_card":"summary_large_image","twitter_misc":{"Escrito por":"Larissa Carvalho","Est. tempo de leitura":"4 minutos"},"schema":{"@context":"https:\/\/schema.org","@graph":[{"@type":"WebPage","@id":"https:\/\/www.correiobraziliense.com.br\/cbradar\/serie-de-raul-seixas-brilha-no-festival-series-mania\/","url":"https:\/\/www.correiobraziliense.com.br\/cbradar\/serie-de-raul-seixas-brilha-no-festival-series-mania\/","name":"S\u00e9rie de Raul Seixas brilha no festival Series Mania","isPartOf":{"@id":"https:\/\/www.correiobraziliense.com.br\/cbradar\/#website"},"primaryImageOfPage":{"@id":"https:\/\/www.correiobraziliense.com.br\/cbradar\/serie-de-raul-seixas-brilha-no-festival-series-mania\/#primaryimage"},"image":{"@id":"https:\/\/www.correiobraziliense.com.br\/cbradar\/serie-de-raul-seixas-brilha-no-festival-series-mania\/#primaryimage"},"thumbnailUrl":"https:\/\/www.correiobraziliense.com.br\/cbradar\/wp-content\/uploads\/2025\/03\/Ravel-Andrade.jpg","datePublished":"2025-03-27T09:50:00+00:00","dateModified":"2025-06-30T03:13:35+00:00","author":{"@id":"https:\/\/www.correiobraziliense.com.br\/cbradar\/#\/schema\/person\/58422787644df994b53a19d3e56c1513"},"description":"A nova s\u00e9rie sobre a vida e obra de Raul Seixas, \u00edcone do rock brasileiro, estreia no festival Series Mania.","breadcrumb":{"@id":"https:\/\/www.correiobraziliense.com.br\/cbradar\/serie-de-raul-seixas-brilha-no-festival-series-mania\/#breadcrumb"},"inLanguage":"pt-BR","potentialAction":[{"@type":"ReadAction","target":["https:\/\/www.correiobraziliense.com.br\/cbradar\/serie-de-raul-seixas-brilha-no-festival-series-mania\/"]}]},{"@type":"ImageObject","inLanguage":"pt-BR","@id":"https:\/\/www.correiobraziliense.com.br\/cbradar\/serie-de-raul-seixas-brilha-no-festival-series-mania\/#primaryimage","url":"https:\/\/www.correiobraziliense.com.br\/cbradar\/wp-content\/uploads\/2025\/03\/Ravel-Andrade.jpg","contentUrl":"https:\/\/www.correiobraziliense.com.br\/cbradar\/wp-content\/uploads\/2025\/03\/Ravel-Andrade.jpg","width":1920,"height":1080,"caption":"Ravel Andrade, ator do cantor Raul Seixas Creditos: Ravel Andrade. Fonte: Instagram\/@ravel.ravel"},{"@type":"BreadcrumbList","@id":"https:\/\/www.correiobraziliense.com.br\/cbradar\/serie-de-raul-seixas-brilha-no-festival-series-mania\/#breadcrumb","itemListElement":[{"@type":"ListItem","position":1,"name":"In\u00edcio","item":"https:\/\/www.correiobraziliense.com.br\/cbradar\/"},{"@type":"ListItem","position":2,"name":"S\u00e9rie de Raul Seixas brilha no festival Series Mania"}]},{"@type":"WebSite","@id":"https:\/\/www.correiobraziliense.com.br\/cbradar\/#website","url":"https:\/\/www.correiobraziliense.com.br\/cbradar\/","name":"Correio Braziliense - Radar","description":"Acompanhe as \u00faltimas not\u00edcias e fique bem informado sobre tudo o que acontece no Brasil e no mundo.","potentialAction":[{"@type":"SearchAction","target":{"@type":"EntryPoint","urlTemplate":"https:\/\/www.correiobraziliense.com.br\/cbradar\/?s={search_term_string}"},"query-input":{"@type":"PropertyValueSpecification","valueRequired":true,"valueName":"search_term_string"}}],"inLanguage":"pt-BR"},{"@type":"Person","@id":"https:\/\/www.correiobraziliense.com.br\/cbradar\/#\/schema\/person\/58422787644df994b53a19d3e56c1513","name":"Larissa Carvalho","image":{"@type":"ImageObject","inLanguage":"pt-BR","@id":"https:\/\/www.correiobraziliense.com.br\/cbradar\/#\/schema\/person\/image\/","url":"https:\/\/secure.gravatar.com\/avatar\/fe4f91a0de32b52a838d0d612abdc1aa?s=96&d=mm&r=g","contentUrl":"https:\/\/secure.gravatar.com\/avatar\/fe4f91a0de32b52a838d0d612abdc1aa?s=96&d=mm&r=g","caption":"Larissa Carvalho"},"url":"https:\/\/www.correiobraziliense.com.br\/cbradar\/author\/larissamyth\/"}]}},"_links":{"self":[{"href":"https:\/\/www.correiobraziliense.com.br\/cbradar\/wp-json\/wp\/v2\/posts\/15925","targetHints":{"allow":["GET"]}}],"collection":[{"href":"https:\/\/www.correiobraziliense.com.br\/cbradar\/wp-json\/wp\/v2\/posts"}],"about":[{"href":"https:\/\/www.correiobraziliense.com.br\/cbradar\/wp-json\/wp\/v2\/types\/post"}],"author":[{"embeddable":true,"href":"https:\/\/www.correiobraziliense.com.br\/cbradar\/wp-json\/wp\/v2\/users\/3"}],"replies":[{"embeddable":true,"href":"https:\/\/www.correiobraziliense.com.br\/cbradar\/wp-json\/wp\/v2\/comments?post=15925"}],"version-history":[{"count":2,"href":"https:\/\/www.correiobraziliense.com.br\/cbradar\/wp-json\/wp\/v2\/posts\/15925\/revisions"}],"predecessor-version":[{"id":61635,"href":"https:\/\/www.correiobraziliense.com.br\/cbradar\/wp-json\/wp\/v2\/posts\/15925\/revisions\/61635"}],"wp:featuredmedia":[{"embeddable":true,"href":"https:\/\/www.correiobraziliense.com.br\/cbradar\/wp-json\/wp\/v2\/media\/16015"}],"wp:attachment":[{"href":"https:\/\/www.correiobraziliense.com.br\/cbradar\/wp-json\/wp\/v2\/media?parent=15925"}],"wp:term":[{"taxonomy":"category","embeddable":true,"href":"https:\/\/www.correiobraziliense.com.br\/cbradar\/wp-json\/wp\/v2\/categories?post=15925"},{"taxonomy":"post_tag","embeddable":true,"href":"https:\/\/www.correiobraziliense.com.br\/cbradar\/wp-json\/wp\/v2\/post_tag?post=15925"}],"curies":[{"name":"wp","href":"https:\/\/api.w.org\/{rel}","templated":true}]}}