{"id":159311,"date":"2025-12-21T12:05:00","date_gmt":"2025-12-21T15:05:00","guid":{"rendered":"https:\/\/www.correiobraziliense.com.br\/cbradar\/?p=159311"},"modified":"2025-12-19T20:13:21","modified_gmt":"2025-12-19T23:13:21","slug":"esse-detalhe-no-rosto-pode-indicar-depressao-antes-dos-sintomas","status":"publish","type":"post","link":"https:\/\/www.correiobraziliense.com.br\/cbradar\/esse-detalhe-no-rosto-pode-indicar-depressao-antes-dos-sintomas\/","title":{"rendered":"Esse detalhe no rosto pode indicar depress\u00e3o antes dos sintomas"},"content":{"rendered":"\n<p>Estudos recentes t\u00eam investigado como as express\u00f5es faciais podem ser indicadoras de dist\u00farbios emocionais, como a Depress\u00e3o. Sinais sutis, muitas vezes desapercebidos, est\u00e3o sendo analisados por m\u00e9todos avan\u00e7ados na tentativa de auxiliar no diagn\u00f3stico precoce da Depress\u00e3o, aumentando a efic\u00e1cia dos tratamentos. \u00c9 a aposta que pesquisadores de diferentes pa\u00edses t\u00eam feito para enfrentar o crescente n\u00famero de casos de sa\u00fade mental n\u00e3o diagnosticados a tempo.<\/p>\n\n\n\n<p>No Jap\u00e3o, um estudo inovador da Universidade de Waseda observou 64 universit\u00e1rios para compreender melhor a conex\u00e3o entre express\u00f5es faciais e Depress\u00e3o. Avaliadores foram recrutados para assistir a v\u00eddeos curtos dos participantes e oferecer suas impress\u00f5es com base em movimentos faciais vis\u00edveis. A tecnologia de intelig\u00eancia artificial foi usada para decifrar esses pequenos gestos, isolando as diferen\u00e7as entre aqueles com humor saud\u00e1vel e aqueles em risco de Depress\u00e3o leve.<\/p>\n\n\n\n<h2 class=\"wp-block-heading\">Quais s\u00e3o os sinais faciais de alerta para a Depress\u00e3o?<\/h2>\n\n\n\n<p>A pesquisa apontou que indiv\u00edduos com tend\u00eancia a quadros depressivos mostram menos expressividade em seus rostos. As express\u00f5es faciais positivas, como sorrisos, s\u00e3o menos frequentes, e a intera\u00e7\u00e3o pelos olhos tamb\u00e9m apresenta altera\u00e7\u00f5es. Esses detalhes podem ser indicadores de diminui\u00e7\u00e3o da vitalidade emocional, um aspecto importante que precisa ser monitorado para prevenir a progress\u00e3o da Depress\u00e3o.<\/p>\n\n\n\n<h2 class=\"wp-block-heading\">Como isso pode aprimorar o diagn\u00f3stico cl\u00ednico da Depress\u00e3o?<\/h2>\n\n\n\n<p>A possibilidade de integrar essas observa\u00e7\u00f5es no arsenal diagn\u00f3stico cl\u00ednico \u00e9 um avan\u00e7o significativo. O psiquiatra Dr. Ricardo Feldman ressalta a import\u00e2ncia desta abordagem como um complemento valioso ao exame f\u00edsico e \u00e0 avalia\u00e7\u00e3o psicol\u00f3gica. No entanto, ele destaca a necessidade de tornar essa tecnologia mais acess\u00edvel para que possa ser adotada amplamente em cl\u00ednicas e hospitais.<\/p>\n\n\n<div class=\"wp-block-image\">\n<figure class=\"aligncenter size-large\"><img decoding=\"async\" width=\"1024\" height=\"576\" src=\"https:\/\/www.correiobraziliense.com.br\/cbradar\/wp-content\/uploads\/2025\/07\/medicos_1752423678384-1024x576.jpg\" alt=\"\" class=\"wp-image-69420\" srcset=\"https:\/\/www.correiobraziliense.com.br\/cbradar\/wp-content\/uploads\/2025\/07\/medicos_1752423678384-1024x576.jpg 1024w, https:\/\/www.correiobraziliense.com.br\/cbradar\/wp-content\/uploads\/2025\/07\/medicos_1752423678384-300x169.jpg 300w, https:\/\/www.correiobraziliense.com.br\/cbradar\/wp-content\/uploads\/2025\/07\/medicos_1752423678384-768x432.jpg 768w, https:\/\/www.correiobraziliense.com.br\/cbradar\/wp-content\/uploads\/2025\/07\/medicos_1752423678384-750x422.jpg 750w, https:\/\/www.correiobraziliense.com.br\/cbradar\/wp-content\/uploads\/2025\/07\/medicos_1752423678384-1140x641.jpg 1140w, https:\/\/www.correiobraziliense.com.br\/cbradar\/wp-content\/uploads\/2025\/07\/medicos_1752423678384.jpg 1280w\" sizes=\"(max-width: 1024px) 100vw, 1024px\" \/><figcaption class=\"wp-element-caption\">M\u00e9dicos &#8211; Cr\u00e9ditos: depositphotos.com \/ AlexFedorenko<\/figcaption><\/figure><\/div>\n\n\n<h2 class=\"wp-block-heading\">Quando sinais sutis devem ser levados a s\u00e9rio?<\/h2>\n\n\n\n<p>A identifica\u00e7\u00e3o de mudan\u00e7as sutis nas express\u00f5es n\u00e3o substitui o diagn\u00f3stico m\u00e9dico completo, mas pode servir como um alerta. Outros sinais de alerta incluem altera\u00e7\u00f5es no padr\u00e3o do sono, perda de interesse por atividades previamente prazerosas e sentimentos de desesperan\u00e7a. Estas observa\u00e7\u00f5es devem ser parte de um esfor\u00e7o mais amplo para treinar profissionais de <a href=\"https:\/\/www.correiobraziliense.com.br\/cbradar\/dr-cesar-cimonari-neurocirurgiao-hemangioma-cavernoso-e-grave-entenda-agora\/\" target=\"_blank\" rel=\"noreferrer noopener\">sa\u00fade <\/a>em reconhecer sinais precoces de dist\u00farbios mentais, como explica a pesquisadora Jennyfer Domingues em seu trabalho na Universidade Estadual de Campinas.<\/p>\n\n\n\n<p>A crescente conscientiza\u00e7\u00e3o sobre a import\u00e2ncia das express\u00f5es faciais e da comunica\u00e7\u00e3o n\u00e3o verbal pode fortalecer nossa habilidade de reconhecer quando algu\u00e9m est\u00e1 em sofrimento. Promover uma cultura de observa\u00e7\u00e3o atenta e empatia pode desempenhar um papel crucial na melhoria das rela\u00e7\u00f5es interpessoais e no suporte adequado a indiv\u00edduos em risco.<\/p>\n\n\n<a href=\"https:\/\/www.instagram.com\/dra.annaluisabf\/\" target=\"_blank\" rel=\"noopener\" style=\"text-decoration: none; color: inherit;\">\n    <span style=\"display: inline-block; border: 1px solid #ccc; border-radius: 10px; padding: 15px; max-width: 550px; font-family: sans-serif; box-shadow: 0 2px 5px rgba(0,0,0,0.1); width: 100%;\">\n\n      <!-- T\u00edtulo -->\n      <span style=\"display: block; margin: 0 0 15px 0; font-weight: bold; color: #2c3e50; text-align: center;\">\n        Entre em contato:\n      <\/span>\n\n      <!-- Linha do perfil -->\n      <span style=\"display: flex; align-items: center; gap: 15px;\">\n        <img decoding=\"async\"\n          src=\"https:\/\/www.correiobraziliense.com.br\/cbradar\/wp-content\/uploads\/2025\/08\/dra_anna_luisa.jpeg\"\n          alt=\"Foto da Dra. Anna Lu\u00edsa\"\n          style=\"border-radius: 50%; width: 80px; height: 80px; object-fit: cover;\"\n        \/>\n        <span style=\"display: flex; flex-direction: column;\">\n          <span style=\"font-size: 18px; font-weight: 700; color: #2c3e50;\">Dra. Anna Lu\u00edsa Barbosa Fernandes<\/span>\n          <span style=\"color: #555;\">CRM-GO 33.271<\/span>\n        <\/span>\n      <\/span>\n\n      <!-- Redes -->\n      <span style=\"display: flex; align-items: center; gap: 10px; margin-top: 12px;\">\n        <img decoding=\"async\" src=\"https:\/\/cdn-icons-png.flaticon.com\/24\/1384\/1384063.png\" alt=\"Instagram\" width=\"24\" height=\"24\" \/>\n        <span style=\"text-decoration: underline; color: #2c3e50;\">@dra.annaluisabf<\/span>\n      <\/span>\n\n    <\/span>\n  <\/a>","protected":false},"excerpt":{"rendered":"<p>Estudos recentes t\u00eam investigado como as express\u00f5es faciais podem ser indicadoras de dist\u00farbios emocionais, como a Depress\u00e3o. Sinais sutis, muitas vezes desapercebidos, est\u00e3o sendo analisados por m\u00e9todos avan\u00e7ados na tentativa de auxiliar no diagn\u00f3stico precoce da Depress\u00e3o, aumentando a efic\u00e1cia dos tratamentos. \u00c9 a aposta que pesquisadores de diferentes pa\u00edses t\u00eam feito para enfrentar o [&hellip;]<\/p>\n","protected":false},"author":14,"featured_media":43897,"comment_status":"open","ping_status":"open","sticky":false,"template":"","format":"standard","meta":{"_yoast_wpseo_focuskw":"Depress\u00e3o","_yoast_wpseo_title":"","_yoast_wpseo_metadesc":"A depress\u00e3o pode dar sinais silenciosos antes dos sintomas cl\u00e1ssicos e estudos recentes mostram um alerta pouco conhecido.","jnews-multi-image_gallery":[],"jnews_single_post":{"format":"standard"},"jnews_primary_category":[],"jnews_social_meta":[],"jnews_override_counter":[],"footnotes":""},"categories":[4404],"tags":[281,120,1318],"class_list":["post-159311","post","type-post","status-publish","format-standard","has-post-thumbnail","hentry","category-saude","tag-alimentacao","tag-bem-estar","tag-saude-2"],"yoast_head":"<!-- This site is optimized with the Yoast SEO plugin v24.6 - https:\/\/yoast.com\/wordpress\/plugins\/seo\/ -->\n<title>Esse detalhe no rosto pode indicar depress\u00e3o antes dos sintomas - Correio Braziliense - Radar<\/title>\n<meta name=\"description\" content=\"A depress\u00e3o pode dar sinais silenciosos antes dos sintomas cl\u00e1ssicos e estudos recentes mostram um alerta pouco conhecido.\" \/>\n<meta name=\"robots\" content=\"index, follow, max-snippet:-1, max-image-preview:large, max-video-preview:-1\" \/>\n<link rel=\"canonical\" href=\"https:\/\/www.correiobraziliense.com.br\/cbradar\/esse-detalhe-no-rosto-pode-indicar-depressao-antes-dos-sintomas\/\" \/>\n<meta property=\"og:locale\" content=\"pt_BR\" \/>\n<meta property=\"og:type\" content=\"article\" \/>\n<meta property=\"og:title\" content=\"Esse detalhe no rosto pode indicar depress\u00e3o antes dos sintomas - Correio Braziliense - Radar\" \/>\n<meta property=\"og:description\" content=\"A depress\u00e3o pode dar sinais silenciosos antes dos sintomas cl\u00e1ssicos e estudos recentes mostram um alerta pouco conhecido.\" \/>\n<meta property=\"og:url\" content=\"https:\/\/www.correiobraziliense.com.br\/cbradar\/esse-detalhe-no-rosto-pode-indicar-depressao-antes-dos-sintomas\/\" \/>\n<meta property=\"og:site_name\" content=\"Correio Braziliense - Radar\" \/>\n<meta property=\"article:published_time\" content=\"2025-12-21T15:05:00+00:00\" \/>\n<meta property=\"og:image\" content=\"https:\/\/www.correiobraziliense.com.br\/cbradar\/wp-content\/uploads\/2025\/05\/depressao_1748393572236.jpg\" \/>\n\t<meta property=\"og:image:width\" content=\"1280\" \/>\n\t<meta property=\"og:image:height\" content=\"720\" \/>\n\t<meta property=\"og:image:type\" content=\"image\/jpeg\" \/>\n<meta name=\"author\" content=\"guilherme_saude\" \/>\n<meta name=\"twitter:card\" content=\"summary_large_image\" \/>\n<meta name=\"twitter:label1\" content=\"Escrito por\" \/>\n\t<meta name=\"twitter:data1\" content=\"guilherme_saude\" \/>\n\t<meta name=\"twitter:label2\" content=\"Est. tempo de leitura\" \/>\n\t<meta name=\"twitter:data2\" content=\"4 minutos\" \/>\n<!-- \/ Yoast SEO plugin. -->","yoast_head_json":{"title":"Esse detalhe no rosto pode indicar depress\u00e3o antes dos sintomas - Correio Braziliense - Radar","description":"A depress\u00e3o pode dar sinais silenciosos antes dos sintomas cl\u00e1ssicos e estudos recentes mostram um alerta pouco conhecido.","robots":{"index":"index","follow":"follow","max-snippet":"max-snippet:-1","max-image-preview":"max-image-preview:large","max-video-preview":"max-video-preview:-1"},"canonical":"https:\/\/www.correiobraziliense.com.br\/cbradar\/esse-detalhe-no-rosto-pode-indicar-depressao-antes-dos-sintomas\/","og_locale":"pt_BR","og_type":"article","og_title":"Esse detalhe no rosto pode indicar depress\u00e3o antes dos sintomas - Correio Braziliense - Radar","og_description":"A depress\u00e3o pode dar sinais silenciosos antes dos sintomas cl\u00e1ssicos e estudos recentes mostram um alerta pouco conhecido.","og_url":"https:\/\/www.correiobraziliense.com.br\/cbradar\/esse-detalhe-no-rosto-pode-indicar-depressao-antes-dos-sintomas\/","og_site_name":"Correio Braziliense - Radar","article_published_time":"2025-12-21T15:05:00+00:00","og_image":[{"width":1280,"height":720,"url":"https:\/\/www.correiobraziliense.com.br\/cbradar\/wp-content\/uploads\/2025\/05\/depressao_1748393572236.jpg","type":"image\/jpeg"}],"author":"guilherme_saude","twitter_card":"summary_large_image","twitter_misc":{"Escrito por":"guilherme_saude","Est. tempo de leitura":"4 minutos"},"schema":{"@context":"https:\/\/schema.org","@graph":[{"@type":"WebPage","@id":"https:\/\/www.correiobraziliense.com.br\/cbradar\/esse-detalhe-no-rosto-pode-indicar-depressao-antes-dos-sintomas\/","url":"https:\/\/www.correiobraziliense.com.br\/cbradar\/esse-detalhe-no-rosto-pode-indicar-depressao-antes-dos-sintomas\/","name":"Esse detalhe no rosto pode indicar depress\u00e3o antes dos sintomas - Correio Braziliense - Radar","isPartOf":{"@id":"https:\/\/www.correiobraziliense.com.br\/cbradar\/#website"},"primaryImageOfPage":{"@id":"https:\/\/www.correiobraziliense.com.br\/cbradar\/esse-detalhe-no-rosto-pode-indicar-depressao-antes-dos-sintomas\/#primaryimage"},"image":{"@id":"https:\/\/www.correiobraziliense.com.br\/cbradar\/esse-detalhe-no-rosto-pode-indicar-depressao-antes-dos-sintomas\/#primaryimage"},"thumbnailUrl":"https:\/\/www.correiobraziliense.com.br\/cbradar\/wp-content\/uploads\/2025\/05\/depressao_1748393572236.jpg","datePublished":"2025-12-21T15:05:00+00:00","author":{"@id":"https:\/\/www.correiobraziliense.com.br\/cbradar\/#\/schema\/person\/5aa4bf3c8fa699c267933611de12978b"},"description":"A depress\u00e3o pode dar sinais silenciosos antes dos sintomas cl\u00e1ssicos e estudos recentes mostram um alerta pouco conhecido.","breadcrumb":{"@id":"https:\/\/www.correiobraziliense.com.br\/cbradar\/esse-detalhe-no-rosto-pode-indicar-depressao-antes-dos-sintomas\/#breadcrumb"},"inLanguage":"pt-BR","potentialAction":[{"@type":"ReadAction","target":["https:\/\/www.correiobraziliense.com.br\/cbradar\/esse-detalhe-no-rosto-pode-indicar-depressao-antes-dos-sintomas\/"]}]},{"@type":"ImageObject","inLanguage":"pt-BR","@id":"https:\/\/www.correiobraziliense.com.br\/cbradar\/esse-detalhe-no-rosto-pode-indicar-depressao-antes-dos-sintomas\/#primaryimage","url":"https:\/\/www.correiobraziliense.com.br\/cbradar\/wp-content\/uploads\/2025\/05\/depressao_1748393572236.jpg","contentUrl":"https:\/\/www.correiobraziliense.com.br\/cbradar\/wp-content\/uploads\/2025\/05\/depressao_1748393572236.jpg","width":1280,"height":720,"caption":"Depress\u00e3o- Cr\u00e9ditos: depositphotos.com \/ kwest"},{"@type":"BreadcrumbList","@id":"https:\/\/www.correiobraziliense.com.br\/cbradar\/esse-detalhe-no-rosto-pode-indicar-depressao-antes-dos-sintomas\/#breadcrumb","itemListElement":[{"@type":"ListItem","position":1,"name":"In\u00edcio","item":"https:\/\/www.correiobraziliense.com.br\/cbradar\/"},{"@type":"ListItem","position":2,"name":"Esse detalhe no rosto pode indicar depress\u00e3o antes dos sintomas"}]},{"@type":"WebSite","@id":"https:\/\/www.correiobraziliense.com.br\/cbradar\/#website","url":"https:\/\/www.correiobraziliense.com.br\/cbradar\/","name":"Correio Braziliense - Radar","description":"Acompanhe as \u00faltimas not\u00edcias e fique bem informado sobre tudo o que acontece no Brasil e no mundo.","potentialAction":[{"@type":"SearchAction","target":{"@type":"EntryPoint","urlTemplate":"https:\/\/www.correiobraziliense.com.br\/cbradar\/?s={search_term_string}"},"query-input":{"@type":"PropertyValueSpecification","valueRequired":true,"valueName":"search_term_string"}}],"inLanguage":"pt-BR"},{"@type":"Person","@id":"https:\/\/www.correiobraziliense.com.br\/cbradar\/#\/schema\/person\/5aa4bf3c8fa699c267933611de12978b","name":"guilherme_saude","image":{"@type":"ImageObject","inLanguage":"pt-BR","@id":"https:\/\/www.correiobraziliense.com.br\/cbradar\/#\/schema\/person\/image\/","url":"https:\/\/secure.gravatar.com\/avatar\/df9adfb835d344bc0af109d41756253f?s=96&d=mm&r=g","contentUrl":"https:\/\/secure.gravatar.com\/avatar\/df9adfb835d344bc0af109d41756253f?s=96&d=mm&r=g","caption":"guilherme_saude"},"url":"https:\/\/www.correiobraziliense.com.br\/cbradar\/author\/guilherme_saude\/"}]}},"_links":{"self":[{"href":"https:\/\/www.correiobraziliense.com.br\/cbradar\/wp-json\/wp\/v2\/posts\/159311","targetHints":{"allow":["GET"]}}],"collection":[{"href":"https:\/\/www.correiobraziliense.com.br\/cbradar\/wp-json\/wp\/v2\/posts"}],"about":[{"href":"https:\/\/www.correiobraziliense.com.br\/cbradar\/wp-json\/wp\/v2\/types\/post"}],"author":[{"embeddable":true,"href":"https:\/\/www.correiobraziliense.com.br\/cbradar\/wp-json\/wp\/v2\/users\/14"}],"replies":[{"embeddable":true,"href":"https:\/\/www.correiobraziliense.com.br\/cbradar\/wp-json\/wp\/v2\/comments?post=159311"}],"version-history":[{"count":1,"href":"https:\/\/www.correiobraziliense.com.br\/cbradar\/wp-json\/wp\/v2\/posts\/159311\/revisions"}],"predecessor-version":[{"id":159312,"href":"https:\/\/www.correiobraziliense.com.br\/cbradar\/wp-json\/wp\/v2\/posts\/159311\/revisions\/159312"}],"wp:featuredmedia":[{"embeddable":true,"href":"https:\/\/www.correiobraziliense.com.br\/cbradar\/wp-json\/wp\/v2\/media\/43897"}],"wp:attachment":[{"href":"https:\/\/www.correiobraziliense.com.br\/cbradar\/wp-json\/wp\/v2\/media?parent=159311"}],"wp:term":[{"taxonomy":"category","embeddable":true,"href":"https:\/\/www.correiobraziliense.com.br\/cbradar\/wp-json\/wp\/v2\/categories?post=159311"},{"taxonomy":"post_tag","embeddable":true,"href":"https:\/\/www.correiobraziliense.com.br\/cbradar\/wp-json\/wp\/v2\/tags?post=159311"}],"curies":[{"name":"wp","href":"https:\/\/api.w.org\/{rel}","templated":true}]}}