{"id":159325,"date":"2025-12-21T18:25:00","date_gmt":"2025-12-21T21:25:00","guid":{"rendered":"https:\/\/www.correiobraziliense.com.br\/cbradar\/?p=159325"},"modified":"2025-12-19T20:22:03","modified_gmt":"2025-12-19T23:22:03","slug":"o-guia-mais-importante-para-atravessar-o-verao-com-saude","status":"publish","type":"post","link":"https:\/\/www.correiobraziliense.com.br\/cbradar\/o-guia-mais-importante-para-atravessar-o-verao-com-saude\/","title":{"rendered":"O guia mais importante para atravessar o ver\u00e3o com sa\u00fade"},"content":{"rendered":"\n<p>Com a chegada do <strong>Ver\u00e3o<\/strong>, os dias ensolarados e as altas temperaturas convidam a atividades ao ar livre, como frequentar praias, piscinas e participar de eventos festivos. No entanto, essa esta\u00e7\u00e3o requer aten\u00e7\u00e3o especial a alguns cuidados de sa\u00fade, uma vez que certos problemas se tornam mais frequentes devido \u00e0s condi\u00e7\u00f5es clim\u00e1ticas e \u00e0 exposi\u00e7\u00e3o prolongada ao sol. O envolvimento de especialistas de v\u00e1rias \u00e1reas, como dermatologia, infectologia, oftalmologia e nutri\u00e7\u00e3o, tem se mostrado crucial para a conscientiza\u00e7\u00e3o e preven\u00e7\u00e3o de tais quest\u00f5es, oferecendo orienta\u00e7\u00f5es pr\u00e1ticas para minimizar riscos \u00e0 <a href=\"https:\/\/www.correiobraziliense.com.br\/cbradar\/dr-cesar-cimonari-neurocirurgiao-hemangioma-cavernoso-e-grave-entenda-agora\/\" target=\"_blank\" rel=\"noreferrer noopener\">sa\u00fade<\/a>.<\/p>\n\n\n\n<p>Na \u00e9poca mais quente do ano, a quest\u00e3o da&nbsp;<strong>fotoprote\u00e7\u00e3o<\/strong>&nbsp;ganha destaque, especialmente no contexto da campanha Dezembro Laranja, que enfatiza a conscientiza\u00e7\u00e3o sobre o c\u00e2ncer de pele. A aplica\u00e7\u00e3o correta de protetor solar \u00e9 fundamental para evitar danos causados pela radia\u00e7\u00e3o ultravioleta. Especialistas recomendam o uso da &#8220;regra dos tr\u00eas dedos&#8221;, que sugere a aplica\u00e7\u00e3o de uma linha de protetor nos dedos indicador, m\u00e9dio e anelar para garantir uma cobertura adequada do rosto e pesco\u00e7o. Al\u00e9m de evitar a exposi\u00e7\u00e3o solar entre 10h e 16h, o uso de chap\u00e9us, roupas apropriadas e \u00f3culos escuros com prote\u00e7\u00e3o UV \u00e9 fortemente aconselhado.<\/p>\n\n\n\n<h2 class=\"wp-block-heading\">Quais s\u00e3o as doen\u00e7as mais comuns no Ver\u00e3o?<\/h2>\n\n\n\n<p>O Ver\u00e3o \u00e9 propenso ao aumento de casos de doen\u00e7as infecciosas, como\u00a0<strong>micose<\/strong>,\u00a0<strong>gastroenterite<\/strong>\u00a0e\u00a0<strong>conjuntivite<\/strong>, devido ao calor e \u00e0 umidade elevados. As infec\u00e7\u00f5es f\u00fangicas, por exemplo, encontram ambiente prop\u00edcio para se desenvolver em \u00e1reas \u00famidas e quentes, como praias e vesti\u00e1rios de piscinas. Para preven\u00e7\u00e3o, medidas como manter a pele seca, trocar roupas molhadas rapidamente e higienizar as m\u00e3os com frequ\u00eancia s\u00e3o essenciais. Al\u00e9m disso, o consumo de alimentos em locais com condi\u00e7\u00f5es adequadas de higiene ajuda a prevenir doen\u00e7as gastrointestinais, comuns nessa \u00e9poca do ano.<\/p>\n\n\n<div class=\"wp-block-image\">\n<figure class=\"aligncenter size-large\"><img decoding=\"async\" width=\"1024\" height=\"576\" src=\"https:\/\/www.correiobraziliense.com.br\/cbradar\/wp-content\/uploads\/2025\/12\/Verao_1766186501497-1024x576.jpg\" alt=\"\" class=\"wp-image-159326\" srcset=\"https:\/\/www.correiobraziliense.com.br\/cbradar\/wp-content\/uploads\/2025\/12\/Verao_1766186501497-1024x576.jpg 1024w, https:\/\/www.correiobraziliense.com.br\/cbradar\/wp-content\/uploads\/2025\/12\/Verao_1766186501497-300x169.jpg 300w, https:\/\/www.correiobraziliense.com.br\/cbradar\/wp-content\/uploads\/2025\/12\/Verao_1766186501497-768x432.jpg 768w, https:\/\/www.correiobraziliense.com.br\/cbradar\/wp-content\/uploads\/2025\/12\/Verao_1766186501497-750x422.jpg 750w, https:\/\/www.correiobraziliense.com.br\/cbradar\/wp-content\/uploads\/2025\/12\/Verao_1766186501497-1140x641.jpg 1140w, https:\/\/www.correiobraziliense.com.br\/cbradar\/wp-content\/uploads\/2025\/12\/Verao_1766186501497.jpg 1280w\" sizes=\"(max-width: 1024px) 100vw, 1024px\" \/><figcaption class=\"wp-element-caption\">Ver\u00e3o &#8211; Cr\u00e9ditos: depositphotos.com \/ sellingpix<\/figcaption><\/figure><\/div>\n\n\n<h2 class=\"wp-block-heading\">Como proteger os olhos durante o Ver\u00e3o?<\/h2>\n\n\n\n<p>Os olhos tamb\u00e9m requerem prote\u00e7\u00e3o especial no Ver\u00e3o devido \u00e0 alta incid\u00eancia de luz solar direta e reflexos intensos da \u00e1gua e da areia. O uso de \u00f3culos escuros capazes de bloquear adequadamente a radia\u00e7\u00e3o UV \u00e9 indispens\u00e1vel para prevenir problemas como queimaduras na c\u00f3rnea, pter\u00edgio e, a longo prazo, cataratas. Nas atividades aqu\u00e1ticas, as conjuntivites s\u00e3o comuns, especialmente em piscinas maltratadas. Cuidados b\u00e1sicos incluem evitar co\u00e7ar os olhos, manter a higiene das m\u00e3os e n\u00e3o compartilhar toalhas. Usu\u00e1rios de lentes de contato devem ser ainda mais cautelosos, optando por lentes descart\u00e1veis di\u00e1rias e utilizando \u00f3culos de nata\u00e7\u00e3o bem ajustados quando necess\u00e1rio.<\/p>\n\n\n\n<h2 class=\"wp-block-heading\">Qual \u00e9 o impacto das celebra\u00e7\u00f5es de Ver\u00e3o na dieta?<\/h2>\n\n\n\n<p>As festividades de Ver\u00e3o frequentemente resultam em mudan\u00e7as nos h\u00e1bitos alimentares, com o aumento do consumo de alimentos cal\u00f3ricos e bebidas alco\u00f3licas. A fim de desfrutar desses momentos sem comprometer a sa\u00fade, recomenda-se a pr\u00e1tica de modera\u00e7\u00e3o e a aten\u00e7\u00e3o \u00e0s por\u00e7\u00f5es servidas. \u00c9 importante manter-se hidratado, com ingest\u00e3o m\u00e9dia de \u00e1gua ajustada para 35 ml por quilo de peso corporal, e intercalar o consumo de bebidas alco\u00f3licas com \u00e1gua para evitar desidrata\u00e7\u00e3o. Al\u00e9m disso, garantir refei\u00e7\u00f5es regulares ao longo do dia pode ajudar a prevenir excessos durante as festas.<\/p>\n\n\n\n<p>Adotar precau\u00e7\u00f5es adequadas \u00e0 esta\u00e7\u00e3o, como refor\u00e7ar a\u00a0<strong>hidrata\u00e7\u00e3o<\/strong>, proteger a pele e os olhos e cuidar da alimenta\u00e7\u00e3o, permite um aproveitamento seguro das atividades de Ver\u00e3o. Estas medidas simples e eficazes contribuem para que a esta\u00e7\u00e3o seja desfrutada em sua plenitude, com um foco saud\u00e1vel em lazer e conviv\u00eancia social.<\/p>\n\n\n<a href=\"https:\/\/www.instagram.com\/dra.annaluisabf\/\" target=\"_blank\" rel=\"noopener\" style=\"text-decoration: none; color: inherit;\">\n    <span style=\"display: inline-block; border: 1px solid #ccc; border-radius: 10px; padding: 15px; max-width: 550px; font-family: sans-serif; box-shadow: 0 2px 5px rgba(0,0,0,0.1); width: 100%;\">\n\n      <!-- T\u00edtulo -->\n      <span style=\"display: block; margin: 0 0 15px 0; font-weight: bold; color: #2c3e50; text-align: center;\">\n        Entre em contato:\n      <\/span>\n\n      <!-- Linha do perfil -->\n      <span style=\"display: flex; align-items: center; gap: 15px;\">\n        <img decoding=\"async\"\n          src=\"https:\/\/www.correiobraziliense.com.br\/cbradar\/wp-content\/uploads\/2025\/08\/dra_anna_luisa.jpeg\"\n          alt=\"Foto da Dra. Anna Lu\u00edsa\"\n          style=\"border-radius: 50%; width: 80px; height: 80px; object-fit: cover;\"\n        \/>\n        <span style=\"display: flex; flex-direction: column;\">\n          <span style=\"font-size: 18px; font-weight: 700; color: #2c3e50;\">Dra. Anna Lu\u00edsa Barbosa Fernandes<\/span>\n          <span style=\"color: #555;\">CRM-GO 33.271<\/span>\n        <\/span>\n      <\/span>\n\n      <!-- Redes -->\n      <span style=\"display: flex; align-items: center; gap: 10px; margin-top: 12px;\">\n        <img decoding=\"async\" src=\"https:\/\/cdn-icons-png.flaticon.com\/24\/1384\/1384063.png\" alt=\"Instagram\" width=\"24\" height=\"24\" \/>\n        <span style=\"text-decoration: underline; color: #2c3e50;\">@dra.annaluisabf<\/span>\n      <\/span>\n\n    <\/span>\n  <\/a>","protected":false},"excerpt":{"rendered":"<p>Com a chegada do Ver\u00e3o, os dias ensolarados e as altas temperaturas convidam a atividades ao ar livre, como frequentar praias, piscinas e participar de eventos festivos. No entanto, essa esta\u00e7\u00e3o requer aten\u00e7\u00e3o especial a alguns cuidados de sa\u00fade, uma vez que certos problemas se tornam mais frequentes devido \u00e0s condi\u00e7\u00f5es clim\u00e1ticas e \u00e0 exposi\u00e7\u00e3o [&hellip;]<\/p>\n","protected":false},"author":14,"featured_media":102444,"comment_status":"open","ping_status":"open","sticky":false,"template":"","format":"standard","meta":{"_yoast_wpseo_focuskw":"Ver\u00e3o","_yoast_wpseo_title":"","_yoast_wpseo_metadesc":"O ver\u00e3o exige cuidados especiais com a sa\u00fade e atitudes simples podem evitar problemas comuns dessa \u00e9poca do ano.","jnews-multi-image_gallery":[],"jnews_single_post":{"format":"standard"},"jnews_primary_category":[],"jnews_social_meta":[],"jnews_override_counter":[],"footnotes":""},"categories":[4404],"tags":[281,120,1318],"class_list":["post-159325","post","type-post","status-publish","format-standard","has-post-thumbnail","hentry","category-saude","tag-alimentacao","tag-bem-estar","tag-saude-2"],"yoast_head":"<!-- This site is optimized with the Yoast SEO plugin v24.6 - https:\/\/yoast.com\/wordpress\/plugins\/seo\/ -->\n<title>O guia mais importante para atravessar o ver\u00e3o com sa\u00fade - Correio Braziliense - Radar<\/title>\n<meta name=\"description\" content=\"O ver\u00e3o exige cuidados especiais com a sa\u00fade e atitudes simples podem evitar problemas comuns dessa \u00e9poca do ano.\" \/>\n<meta name=\"robots\" content=\"index, follow, max-snippet:-1, max-image-preview:large, max-video-preview:-1\" \/>\n<link rel=\"canonical\" href=\"https:\/\/www.correiobraziliense.com.br\/cbradar\/o-guia-mais-importante-para-atravessar-o-verao-com-saude\/\" \/>\n<meta property=\"og:locale\" content=\"pt_BR\" \/>\n<meta property=\"og:type\" content=\"article\" \/>\n<meta property=\"og:title\" content=\"O guia mais importante para atravessar o ver\u00e3o com sa\u00fade - Correio Braziliense - Radar\" \/>\n<meta property=\"og:description\" content=\"O ver\u00e3o exige cuidados especiais com a sa\u00fade e atitudes simples podem evitar problemas comuns dessa \u00e9poca do ano.\" \/>\n<meta property=\"og:url\" content=\"https:\/\/www.correiobraziliense.com.br\/cbradar\/o-guia-mais-importante-para-atravessar-o-verao-com-saude\/\" \/>\n<meta property=\"og:site_name\" content=\"Correio Braziliense - Radar\" \/>\n<meta property=\"article:published_time\" content=\"2025-12-21T21:25:00+00:00\" \/>\n<meta property=\"og:image\" content=\"https:\/\/www.correiobraziliense.com.br\/cbradar\/wp-content\/uploads\/2025\/09\/Verao_1757648339450.jpg\" \/>\n\t<meta property=\"og:image:width\" content=\"1280\" \/>\n\t<meta property=\"og:image:height\" content=\"720\" \/>\n\t<meta property=\"og:image:type\" content=\"image\/jpeg\" \/>\n<meta name=\"author\" content=\"guilherme_saude\" \/>\n<meta name=\"twitter:card\" content=\"summary_large_image\" \/>\n<meta name=\"twitter:label1\" content=\"Escrito por\" \/>\n\t<meta name=\"twitter:data1\" content=\"guilherme_saude\" \/>\n\t<meta name=\"twitter:label2\" content=\"Est. tempo de leitura\" \/>\n\t<meta name=\"twitter:data2\" content=\"4 minutos\" \/>\n<!-- \/ Yoast SEO plugin. -->","yoast_head_json":{"title":"O guia mais importante para atravessar o ver\u00e3o com sa\u00fade - Correio Braziliense - Radar","description":"O ver\u00e3o exige cuidados especiais com a sa\u00fade e atitudes simples podem evitar problemas comuns dessa \u00e9poca do ano.","robots":{"index":"index","follow":"follow","max-snippet":"max-snippet:-1","max-image-preview":"max-image-preview:large","max-video-preview":"max-video-preview:-1"},"canonical":"https:\/\/www.correiobraziliense.com.br\/cbradar\/o-guia-mais-importante-para-atravessar-o-verao-com-saude\/","og_locale":"pt_BR","og_type":"article","og_title":"O guia mais importante para atravessar o ver\u00e3o com sa\u00fade - Correio Braziliense - Radar","og_description":"O ver\u00e3o exige cuidados especiais com a sa\u00fade e atitudes simples podem evitar problemas comuns dessa \u00e9poca do ano.","og_url":"https:\/\/www.correiobraziliense.com.br\/cbradar\/o-guia-mais-importante-para-atravessar-o-verao-com-saude\/","og_site_name":"Correio Braziliense - Radar","article_published_time":"2025-12-21T21:25:00+00:00","og_image":[{"width":1280,"height":720,"url":"https:\/\/www.correiobraziliense.com.br\/cbradar\/wp-content\/uploads\/2025\/09\/Verao_1757648339450.jpg","type":"image\/jpeg"}],"author":"guilherme_saude","twitter_card":"summary_large_image","twitter_misc":{"Escrito por":"guilherme_saude","Est. tempo de leitura":"4 minutos"},"schema":{"@context":"https:\/\/schema.org","@graph":[{"@type":"WebPage","@id":"https:\/\/www.correiobraziliense.com.br\/cbradar\/o-guia-mais-importante-para-atravessar-o-verao-com-saude\/","url":"https:\/\/www.correiobraziliense.com.br\/cbradar\/o-guia-mais-importante-para-atravessar-o-verao-com-saude\/","name":"O guia mais importante para atravessar o ver\u00e3o com sa\u00fade - Correio Braziliense - Radar","isPartOf":{"@id":"https:\/\/www.correiobraziliense.com.br\/cbradar\/#website"},"primaryImageOfPage":{"@id":"https:\/\/www.correiobraziliense.com.br\/cbradar\/o-guia-mais-importante-para-atravessar-o-verao-com-saude\/#primaryimage"},"image":{"@id":"https:\/\/www.correiobraziliense.com.br\/cbradar\/o-guia-mais-importante-para-atravessar-o-verao-com-saude\/#primaryimage"},"thumbnailUrl":"https:\/\/www.correiobraziliense.com.br\/cbradar\/wp-content\/uploads\/2025\/09\/Verao_1757648339450.jpg","datePublished":"2025-12-21T21:25:00+00:00","author":{"@id":"https:\/\/www.correiobraziliense.com.br\/cbradar\/#\/schema\/person\/5aa4bf3c8fa699c267933611de12978b"},"description":"O ver\u00e3o exige cuidados especiais com a sa\u00fade e atitudes simples podem evitar problemas comuns dessa \u00e9poca do ano.","breadcrumb":{"@id":"https:\/\/www.correiobraziliense.com.br\/cbradar\/o-guia-mais-importante-para-atravessar-o-verao-com-saude\/#breadcrumb"},"inLanguage":"pt-BR","potentialAction":[{"@type":"ReadAction","target":["https:\/\/www.correiobraziliense.com.br\/cbradar\/o-guia-mais-importante-para-atravessar-o-verao-com-saude\/"]}]},{"@type":"ImageObject","inLanguage":"pt-BR","@id":"https:\/\/www.correiobraziliense.com.br\/cbradar\/o-guia-mais-importante-para-atravessar-o-verao-com-saude\/#primaryimage","url":"https:\/\/www.correiobraziliense.com.br\/cbradar\/wp-content\/uploads\/2025\/09\/Verao_1757648339450.jpg","contentUrl":"https:\/\/www.correiobraziliense.com.br\/cbradar\/wp-content\/uploads\/2025\/09\/Verao_1757648339450.jpg","width":1280,"height":720,"caption":"Ver\u00e3o - Cr\u00e9ditos: depositphotos.com \/ .shock"},{"@type":"BreadcrumbList","@id":"https:\/\/www.correiobraziliense.com.br\/cbradar\/o-guia-mais-importante-para-atravessar-o-verao-com-saude\/#breadcrumb","itemListElement":[{"@type":"ListItem","position":1,"name":"In\u00edcio","item":"https:\/\/www.correiobraziliense.com.br\/cbradar\/"},{"@type":"ListItem","position":2,"name":"O guia mais importante para atravessar o ver\u00e3o com sa\u00fade"}]},{"@type":"WebSite","@id":"https:\/\/www.correiobraziliense.com.br\/cbradar\/#website","url":"https:\/\/www.correiobraziliense.com.br\/cbradar\/","name":"Correio Braziliense - Radar","description":"Acompanhe as \u00faltimas not\u00edcias e fique bem informado sobre tudo o que acontece no Brasil e no mundo.","potentialAction":[{"@type":"SearchAction","target":{"@type":"EntryPoint","urlTemplate":"https:\/\/www.correiobraziliense.com.br\/cbradar\/?s={search_term_string}"},"query-input":{"@type":"PropertyValueSpecification","valueRequired":true,"valueName":"search_term_string"}}],"inLanguage":"pt-BR"},{"@type":"Person","@id":"https:\/\/www.correiobraziliense.com.br\/cbradar\/#\/schema\/person\/5aa4bf3c8fa699c267933611de12978b","name":"guilherme_saude","image":{"@type":"ImageObject","inLanguage":"pt-BR","@id":"https:\/\/www.correiobraziliense.com.br\/cbradar\/#\/schema\/person\/image\/","url":"https:\/\/secure.gravatar.com\/avatar\/df9adfb835d344bc0af109d41756253f?s=96&d=mm&r=g","contentUrl":"https:\/\/secure.gravatar.com\/avatar\/df9adfb835d344bc0af109d41756253f?s=96&d=mm&r=g","caption":"guilherme_saude"},"url":"https:\/\/www.correiobraziliense.com.br\/cbradar\/author\/guilherme_saude\/"}]}},"_links":{"self":[{"href":"https:\/\/www.correiobraziliense.com.br\/cbradar\/wp-json\/wp\/v2\/posts\/159325","targetHints":{"allow":["GET"]}}],"collection":[{"href":"https:\/\/www.correiobraziliense.com.br\/cbradar\/wp-json\/wp\/v2\/posts"}],"about":[{"href":"https:\/\/www.correiobraziliense.com.br\/cbradar\/wp-json\/wp\/v2\/types\/post"}],"author":[{"embeddable":true,"href":"https:\/\/www.correiobraziliense.com.br\/cbradar\/wp-json\/wp\/v2\/users\/14"}],"replies":[{"embeddable":true,"href":"https:\/\/www.correiobraziliense.com.br\/cbradar\/wp-json\/wp\/v2\/comments?post=159325"}],"version-history":[{"count":1,"href":"https:\/\/www.correiobraziliense.com.br\/cbradar\/wp-json\/wp\/v2\/posts\/159325\/revisions"}],"predecessor-version":[{"id":159327,"href":"https:\/\/www.correiobraziliense.com.br\/cbradar\/wp-json\/wp\/v2\/posts\/159325\/revisions\/159327"}],"wp:featuredmedia":[{"embeddable":true,"href":"https:\/\/www.correiobraziliense.com.br\/cbradar\/wp-json\/wp\/v2\/media\/102444"}],"wp:attachment":[{"href":"https:\/\/www.correiobraziliense.com.br\/cbradar\/wp-json\/wp\/v2\/media?parent=159325"}],"wp:term":[{"taxonomy":"category","embeddable":true,"href":"https:\/\/www.correiobraziliense.com.br\/cbradar\/wp-json\/wp\/v2\/categories?post=159325"},{"taxonomy":"post_tag","embeddable":true,"href":"https:\/\/www.correiobraziliense.com.br\/cbradar\/wp-json\/wp\/v2\/tags?post=159325"}],"curies":[{"name":"wp","href":"https:\/\/api.w.org\/{rel}","templated":true}]}}