{"id":159329,"date":"2025-12-21T21:35:00","date_gmt":"2025-12-22T00:35:00","guid":{"rendered":"https:\/\/www.correiobraziliense.com.br\/cbradar\/?p=159329"},"modified":"2025-12-19T20:25:04","modified_gmt":"2025-12-19T23:25:04","slug":"o-habito-mais-importante-para-transformar-sua-saude-em-2026","status":"publish","type":"post","link":"https:\/\/www.correiobraziliense.com.br\/cbradar\/o-habito-mais-importante-para-transformar-sua-saude-em-2026\/","title":{"rendered":"O h\u00e1bito mais importante para transformar sua sa\u00fade em 2026"},"content":{"rendered":"\n<p>Com a chegada de um novo ano, muitas pessoas s\u00e3o motivadas a adotar <strong>Mudan\u00e7as Positivas<\/strong>, especialmente em rela\u00e7\u00e3o \u00e0 sa\u00fade e ao bem-estar. \u00c9 comum desejar perder peso, incorporar exerc\u00edcios \u00e0 rotina e garantir noites de descanso mais revigorantes. Entretanto, todas essas resolu\u00e7\u00f5es t\u00eam em comum um ponto de partida vital: a qualidade da alimenta\u00e7\u00e3o di\u00e1ria.<\/p>\n\n\n\n<p>A alimenta\u00e7\u00e3o \u00e9 mais do que apenas uma ferramenta para controle de peso; ela \u00e9 o alicerce para energia, imunidade e equil\u00edbrio emocional. Conforme destaca o Prof. Dr. Durval Ribas Filho, especialista em nutrologia, comer bem faz parte de um investimento na sa\u00fade f\u00edsica e mental a longo prazo.<\/p>\n\n\n\n<h2 class=\"wp-block-heading\">Como a alimenta\u00e7\u00e3o impacta a sa\u00fade?<\/h2>\n\n\n\n<p>A dieta \u00e9 fundamental para o equil\u00edbrio do corpo, impactando desde o sistema imunol\u00f3gico at\u00e9 os horm\u00f4nios. A prefer\u00eancia por alimentos integrais e minimamente processados \u00e9 uma mudan\u00e7a que pode elevar os n\u00edveis de energia, regular o intestino e at\u00e9 melhorar a apar\u00eancia da pele e a qualidade do sono.<\/p>\n\n\n\n<p>Na correria cotidiana, torna-se f\u00e1cil sucumbir \u00e0s tenta\u00e7\u00f5es das refei\u00e7\u00f5es r\u00e1pidas e pobres em nutrientes. Em 2026, o planejamento alimentar surge como estrat\u00e9gia para minimizar os estresses de \u00faltima hora e evitar custos desnecess\u00e1rios, promovendo uma <a href=\"https:\/\/www.correiobraziliense.com.br\/cbradar\/dr-cesar-cimonari-neurocirurgiao-hemangioma-cavernoso-e-grave-entenda-agora\/\">sa\u00fade <\/a>consistente e duradoura.<\/p>\n\n\n<div class=\"wp-block-image\">\n<figure class=\"aligncenter size-large\"><img decoding=\"async\" width=\"1024\" height=\"576\" src=\"https:\/\/www.correiobraziliense.com.br\/cbradar\/wp-content\/uploads\/2025\/06\/saude-mental_1749823871855-1024x576.jpg\" alt=\"\" class=\"wp-image-52641\" srcset=\"https:\/\/www.correiobraziliense.com.br\/cbradar\/wp-content\/uploads\/2025\/06\/saude-mental_1749823871855-1024x576.jpg 1024w, https:\/\/www.correiobraziliense.com.br\/cbradar\/wp-content\/uploads\/2025\/06\/saude-mental_1749823871855-300x169.jpg 300w, https:\/\/www.correiobraziliense.com.br\/cbradar\/wp-content\/uploads\/2025\/06\/saude-mental_1749823871855-768x432.jpg 768w, https:\/\/www.correiobraziliense.com.br\/cbradar\/wp-content\/uploads\/2025\/06\/saude-mental_1749823871855-750x422.jpg 750w, https:\/\/www.correiobraziliense.com.br\/cbradar\/wp-content\/uploads\/2025\/06\/saude-mental_1749823871855-1140x641.jpg 1140w, https:\/\/www.correiobraziliense.com.br\/cbradar\/wp-content\/uploads\/2025\/06\/saude-mental_1749823871855.jpg 1280w\" sizes=\"(max-width: 1024px) 100vw, 1024px\" \/><figcaption class=\"wp-element-caption\">Sa\u00fade &#8211; Cr\u00e9ditos: depositphotos.com \/ EpicStockMedia<\/figcaption><\/figure><\/div>\n\n\n<h2 class=\"wp-block-heading\">Qual a import\u00e2ncia da hidrata\u00e7\u00e3o adequada?<\/h2>\n\n\n\n<p>Beber \u00e1gua \u00e9 um dos h\u00e1bitos mais subestimados, ainda que essencial. A hidrata\u00e7\u00e3o adequada n\u00e3o s\u00f3 melhora a digest\u00e3o, mas tamb\u00e9m agu\u00e7a a concentra\u00e7\u00e3o, beneficia a sa\u00fade da pele e at\u00e9 influencia positivamente o humor. Pequenos passos em dire\u00e7\u00e3o a uma hidrata\u00e7\u00e3o consciente podem ter impactos duradouros.<\/p>\n\n\n\n<ul class=\"wp-block-list\">\n<li>Substitua bebidas a\u00e7ucaradas por \u00e1gua ou ch\u00e1s sem a\u00e7\u00facar.<\/li>\n\n\n\n<li>Adicione ingredientes naturais \u00e0 \u00e1gua, como fatias de lim\u00e3o ou folhas de hortel\u00e3, para enriquecer o sabor.<\/li>\n<\/ul>\n\n\n\n<h2 class=\"wp-block-heading\">Exerc\u00edcios e alimenta\u00e7\u00e3o s\u00e3o uma dupla essencial?<\/h2>\n\n\n\n<p>N\u00e3o \u00e9 necess\u00e1rio transformar-se em atleta para manter o corpo ativo e saud\u00e1vel. Atividades f\u00edsicas complementam uma boa alimenta\u00e7\u00e3o ao melhorar o metabolismo, regular o sono e controlar o apetite. Esse equil\u00edbrio entre dieta e exerc\u00edcio f\u00edsico resulta em um bem-estar f\u00edsico e mental robusto.<\/p>\n\n\n\n<h2 class=\"wp-block-heading\">O conhecimento pode funcionar como ferramenta para melhorar a alimenta\u00e7\u00e3o?<\/h2>\n\n\n\n<p>Ter conhecimento sobre nutri\u00e7\u00e3o \u00e9 crucial para adotar escolhas alimentares conscientes e duradouras, afastando-se das dietas passageiras. Compreender os alimentos e seus efeitos no organismo propicia autonomia para optar por um estilo de vida saud\u00e1vel, apoiando tanto a sa\u00fade quanto o bem-estar a longo prazo.<\/p>\n\n\n\n<p>Ao final, o segredo est\u00e1 em adotar a\u00e7\u00f5es di\u00e1rias que, com o tempo, se consolidam em h\u00e1bitos saud\u00e1veis. Este 2026 pode ser um ano de grandes transforma\u00e7\u00f5es, mas tudo come\u00e7a com o primeiro passo em dire\u00e7\u00e3o a uma alimenta\u00e7\u00e3o consciente e equilibrada.<\/p>\n\n\n<a href=\"https:\/\/www.instagram.com\/dra.annaluisabf\/\" target=\"_blank\" rel=\"noopener\" style=\"text-decoration: none; color: inherit;\">\n    <span style=\"display: inline-block; border: 1px solid #ccc; border-radius: 10px; padding: 15px; max-width: 550px; font-family: sans-serif; box-shadow: 0 2px 5px rgba(0,0,0,0.1); width: 100%;\">\n\n      <!-- T\u00edtulo -->\n      <span style=\"display: block; margin: 0 0 15px 0; font-weight: bold; color: #2c3e50; text-align: center;\">\n        Entre em contato:\n      <\/span>\n\n      <!-- Linha do perfil -->\n      <span style=\"display: flex; align-items: center; gap: 15px;\">\n        <img decoding=\"async\"\n          src=\"https:\/\/www.correiobraziliense.com.br\/cbradar\/wp-content\/uploads\/2025\/08\/dra_anna_luisa.jpeg\"\n          alt=\"Foto da Dra. Anna Lu\u00edsa\"\n          style=\"border-radius: 50%; width: 80px; height: 80px; object-fit: cover;\"\n        \/>\n        <span style=\"display: flex; flex-direction: column;\">\n          <span style=\"font-size: 18px; font-weight: 700; color: #2c3e50;\">Dra. Anna Lu\u00edsa Barbosa Fernandes<\/span>\n          <span style=\"color: #555;\">CRM-GO 33.271<\/span>\n        <\/span>\n      <\/span>\n\n      <!-- Redes -->\n      <span style=\"display: flex; align-items: center; gap: 10px; margin-top: 12px;\">\n        <img decoding=\"async\" src=\"https:\/\/cdn-icons-png.flaticon.com\/24\/1384\/1384063.png\" alt=\"Instagram\" width=\"24\" height=\"24\" \/>\n        <span style=\"text-decoration: underline; color: #2c3e50;\">@dra.annaluisabf<\/span>\n      <\/span>\n\n    <\/span>\n  <\/a>","protected":false},"excerpt":{"rendered":"<p>Com a chegada de um novo ano, muitas pessoas s\u00e3o motivadas a adotar Mudan\u00e7as Positivas, especialmente em rela\u00e7\u00e3o \u00e0 sa\u00fade e ao bem-estar. \u00c9 comum desejar perder peso, incorporar exerc\u00edcios \u00e0 rotina e garantir noites de descanso mais revigorantes. Entretanto, todas essas resolu\u00e7\u00f5es t\u00eam em comum um ponto de partida vital: a qualidade da alimenta\u00e7\u00e3o [&hellip;]<\/p>\n","protected":false},"author":14,"featured_media":41761,"comment_status":"open","ping_status":"open","sticky":false,"template":"","format":"standard","meta":{"_yoast_wpseo_focuskw":"Mudan\u00e7as Positivas","_yoast_wpseo_title":"","_yoast_wpseo_metadesc":"A alimenta\u00e7\u00e3o \u00e9 o ponto de partida para energia, equil\u00edbrio e sa\u00fade em 2026 e pequenas mudan\u00e7as podem gerar grandes resultados.","jnews-multi-image_gallery":[],"jnews_single_post":{"format":"standard"},"jnews_primary_category":[],"jnews_social_meta":[],"jnews_override_counter":[],"footnotes":""},"categories":[4404],"tags":[281,1423,120,247,1318],"class_list":["post-159329","post","type-post","status-publish","format-standard","has-post-thumbnail","hentry","category-saude","tag-alimentacao","tag-alimentos","tag-bem-estar","tag-qualidade-de-vida","tag-saude-2"],"yoast_head":"<!-- This site is optimized with the Yoast SEO plugin v24.6 - https:\/\/yoast.com\/wordpress\/plugins\/seo\/ -->\n<title>O h\u00e1bito mais importante para transformar sua sa\u00fade em 2026 - Correio Braziliense - Radar<\/title>\n<meta name=\"description\" content=\"A alimenta\u00e7\u00e3o \u00e9 o ponto de partida para energia, equil\u00edbrio e sa\u00fade em 2026 e pequenas mudan\u00e7as podem gerar grandes resultados.\" \/>\n<meta name=\"robots\" content=\"index, follow, max-snippet:-1, max-image-preview:large, max-video-preview:-1\" \/>\n<link rel=\"canonical\" href=\"https:\/\/www.correiobraziliense.com.br\/cbradar\/o-habito-mais-importante-para-transformar-sua-saude-em-2026\/\" \/>\n<meta property=\"og:locale\" content=\"pt_BR\" \/>\n<meta property=\"og:type\" content=\"article\" \/>\n<meta property=\"og:title\" content=\"O h\u00e1bito mais importante para transformar sua sa\u00fade em 2026 - Correio Braziliense - Radar\" \/>\n<meta property=\"og:description\" content=\"A alimenta\u00e7\u00e3o \u00e9 o ponto de partida para energia, equil\u00edbrio e sa\u00fade em 2026 e pequenas mudan\u00e7as podem gerar grandes resultados.\" \/>\n<meta property=\"og:url\" content=\"https:\/\/www.correiobraziliense.com.br\/cbradar\/o-habito-mais-importante-para-transformar-sua-saude-em-2026\/\" \/>\n<meta property=\"og:site_name\" content=\"Correio Braziliense - Radar\" \/>\n<meta property=\"article:published_time\" content=\"2025-12-22T00:35:00+00:00\" \/>\n<meta property=\"og:image\" content=\"https:\/\/www.correiobraziliense.com.br\/cbradar\/wp-content\/uploads\/2025\/05\/testosterona_1748011448383.jpg\" \/>\n\t<meta property=\"og:image:width\" content=\"1280\" \/>\n\t<meta property=\"og:image:height\" content=\"720\" \/>\n\t<meta property=\"og:image:type\" content=\"image\/jpeg\" \/>\n<meta name=\"author\" content=\"guilherme_saude\" \/>\n<meta name=\"twitter:card\" content=\"summary_large_image\" \/>\n<meta name=\"twitter:label1\" content=\"Escrito por\" \/>\n\t<meta name=\"twitter:data1\" content=\"guilherme_saude\" \/>\n\t<meta name=\"twitter:label2\" content=\"Est. tempo de leitura\" \/>\n\t<meta name=\"twitter:data2\" content=\"4 minutos\" \/>\n<!-- \/ Yoast SEO plugin. -->","yoast_head_json":{"title":"O h\u00e1bito mais importante para transformar sua sa\u00fade em 2026 - Correio Braziliense - Radar","description":"A alimenta\u00e7\u00e3o \u00e9 o ponto de partida para energia, equil\u00edbrio e sa\u00fade em 2026 e pequenas mudan\u00e7as podem gerar grandes resultados.","robots":{"index":"index","follow":"follow","max-snippet":"max-snippet:-1","max-image-preview":"max-image-preview:large","max-video-preview":"max-video-preview:-1"},"canonical":"https:\/\/www.correiobraziliense.com.br\/cbradar\/o-habito-mais-importante-para-transformar-sua-saude-em-2026\/","og_locale":"pt_BR","og_type":"article","og_title":"O h\u00e1bito mais importante para transformar sua sa\u00fade em 2026 - Correio Braziliense - Radar","og_description":"A alimenta\u00e7\u00e3o \u00e9 o ponto de partida para energia, equil\u00edbrio e sa\u00fade em 2026 e pequenas mudan\u00e7as podem gerar grandes resultados.","og_url":"https:\/\/www.correiobraziliense.com.br\/cbradar\/o-habito-mais-importante-para-transformar-sua-saude-em-2026\/","og_site_name":"Correio Braziliense - Radar","article_published_time":"2025-12-22T00:35:00+00:00","og_image":[{"width":1280,"height":720,"url":"https:\/\/www.correiobraziliense.com.br\/cbradar\/wp-content\/uploads\/2025\/05\/testosterona_1748011448383.jpg","type":"image\/jpeg"}],"author":"guilherme_saude","twitter_card":"summary_large_image","twitter_misc":{"Escrito por":"guilherme_saude","Est. tempo de leitura":"4 minutos"},"schema":{"@context":"https:\/\/schema.org","@graph":[{"@type":"WebPage","@id":"https:\/\/www.correiobraziliense.com.br\/cbradar\/o-habito-mais-importante-para-transformar-sua-saude-em-2026\/","url":"https:\/\/www.correiobraziliense.com.br\/cbradar\/o-habito-mais-importante-para-transformar-sua-saude-em-2026\/","name":"O h\u00e1bito mais importante para transformar sua sa\u00fade em 2026 - Correio Braziliense - Radar","isPartOf":{"@id":"https:\/\/www.correiobraziliense.com.br\/cbradar\/#website"},"primaryImageOfPage":{"@id":"https:\/\/www.correiobraziliense.com.br\/cbradar\/o-habito-mais-importante-para-transformar-sua-saude-em-2026\/#primaryimage"},"image":{"@id":"https:\/\/www.correiobraziliense.com.br\/cbradar\/o-habito-mais-importante-para-transformar-sua-saude-em-2026\/#primaryimage"},"thumbnailUrl":"https:\/\/www.correiobraziliense.com.br\/cbradar\/wp-content\/uploads\/2025\/05\/testosterona_1748011448383.jpg","datePublished":"2025-12-22T00:35:00+00:00","author":{"@id":"https:\/\/www.correiobraziliense.com.br\/cbradar\/#\/schema\/person\/5aa4bf3c8fa699c267933611de12978b"},"description":"A alimenta\u00e7\u00e3o \u00e9 o ponto de partida para energia, equil\u00edbrio e sa\u00fade em 2026 e pequenas mudan\u00e7as podem gerar grandes resultados.","breadcrumb":{"@id":"https:\/\/www.correiobraziliense.com.br\/cbradar\/o-habito-mais-importante-para-transformar-sua-saude-em-2026\/#breadcrumb"},"inLanguage":"pt-BR","potentialAction":[{"@type":"ReadAction","target":["https:\/\/www.correiobraziliense.com.br\/cbradar\/o-habito-mais-importante-para-transformar-sua-saude-em-2026\/"]}]},{"@type":"ImageObject","inLanguage":"pt-BR","@id":"https:\/\/www.correiobraziliense.com.br\/cbradar\/o-habito-mais-importante-para-transformar-sua-saude-em-2026\/#primaryimage","url":"https:\/\/www.correiobraziliense.com.br\/cbradar\/wp-content\/uploads\/2025\/05\/testosterona_1748011448383.jpg","contentUrl":"https:\/\/www.correiobraziliense.com.br\/cbradar\/wp-content\/uploads\/2025\/05\/testosterona_1748011448383.jpg","width":1280,"height":720,"caption":"Aumente a testosterona com h\u00e1bitos saud\u00e1veis - Cr\u00e9ditos: depositphotos.com \/ kostiantynvoitenko"},{"@type":"BreadcrumbList","@id":"https:\/\/www.correiobraziliense.com.br\/cbradar\/o-habito-mais-importante-para-transformar-sua-saude-em-2026\/#breadcrumb","itemListElement":[{"@type":"ListItem","position":1,"name":"In\u00edcio","item":"https:\/\/www.correiobraziliense.com.br\/cbradar\/"},{"@type":"ListItem","position":2,"name":"O h\u00e1bito mais importante para transformar sua sa\u00fade em 2026"}]},{"@type":"WebSite","@id":"https:\/\/www.correiobraziliense.com.br\/cbradar\/#website","url":"https:\/\/www.correiobraziliense.com.br\/cbradar\/","name":"Correio Braziliense - Radar","description":"Acompanhe as \u00faltimas not\u00edcias e fique bem informado sobre tudo o que acontece no Brasil e no mundo.","potentialAction":[{"@type":"SearchAction","target":{"@type":"EntryPoint","urlTemplate":"https:\/\/www.correiobraziliense.com.br\/cbradar\/?s={search_term_string}"},"query-input":{"@type":"PropertyValueSpecification","valueRequired":true,"valueName":"search_term_string"}}],"inLanguage":"pt-BR"},{"@type":"Person","@id":"https:\/\/www.correiobraziliense.com.br\/cbradar\/#\/schema\/person\/5aa4bf3c8fa699c267933611de12978b","name":"guilherme_saude","image":{"@type":"ImageObject","inLanguage":"pt-BR","@id":"https:\/\/www.correiobraziliense.com.br\/cbradar\/#\/schema\/person\/image\/","url":"https:\/\/secure.gravatar.com\/avatar\/df9adfb835d344bc0af109d41756253f?s=96&d=mm&r=g","contentUrl":"https:\/\/secure.gravatar.com\/avatar\/df9adfb835d344bc0af109d41756253f?s=96&d=mm&r=g","caption":"guilherme_saude"},"url":"https:\/\/www.correiobraziliense.com.br\/cbradar\/author\/guilherme_saude\/"}]}},"_links":{"self":[{"href":"https:\/\/www.correiobraziliense.com.br\/cbradar\/wp-json\/wp\/v2\/posts\/159329","targetHints":{"allow":["GET"]}}],"collection":[{"href":"https:\/\/www.correiobraziliense.com.br\/cbradar\/wp-json\/wp\/v2\/posts"}],"about":[{"href":"https:\/\/www.correiobraziliense.com.br\/cbradar\/wp-json\/wp\/v2\/types\/post"}],"author":[{"embeddable":true,"href":"https:\/\/www.correiobraziliense.com.br\/cbradar\/wp-json\/wp\/v2\/users\/14"}],"replies":[{"embeddable":true,"href":"https:\/\/www.correiobraziliense.com.br\/cbradar\/wp-json\/wp\/v2\/comments?post=159329"}],"version-history":[{"count":1,"href":"https:\/\/www.correiobraziliense.com.br\/cbradar\/wp-json\/wp\/v2\/posts\/159329\/revisions"}],"predecessor-version":[{"id":159330,"href":"https:\/\/www.correiobraziliense.com.br\/cbradar\/wp-json\/wp\/v2\/posts\/159329\/revisions\/159330"}],"wp:featuredmedia":[{"embeddable":true,"href":"https:\/\/www.correiobraziliense.com.br\/cbradar\/wp-json\/wp\/v2\/media\/41761"}],"wp:attachment":[{"href":"https:\/\/www.correiobraziliense.com.br\/cbradar\/wp-json\/wp\/v2\/media?parent=159329"}],"wp:term":[{"taxonomy":"category","embeddable":true,"href":"https:\/\/www.correiobraziliense.com.br\/cbradar\/wp-json\/wp\/v2\/categories?post=159329"},{"taxonomy":"post_tag","embeddable":true,"href":"https:\/\/www.correiobraziliense.com.br\/cbradar\/wp-json\/wp\/v2\/tags?post=159329"}],"curies":[{"name":"wp","href":"https:\/\/api.w.org\/{rel}","templated":true}]}}