{"id":159338,"date":"2025-12-22T12:05:00","date_gmt":"2025-12-22T15:05:00","guid":{"rendered":"https:\/\/www.correiobraziliense.com.br\/cbradar\/?p=159338"},"modified":"2025-12-19T20:31:46","modified_gmt":"2025-12-19T23:31:46","slug":"poucos-percebem-como-essa-doenca-afeta-os-pulmoes-com-o-tempo","status":"publish","type":"post","link":"https:\/\/www.correiobraziliense.com.br\/cbradar\/poucos-percebem-como-essa-doenca-afeta-os-pulmoes-com-o-tempo\/","title":{"rendered":"Poucos percebem como essa doen\u00e7a afeta os pulm\u00f5es com o tempo"},"content":{"rendered":"\n<p>A doen\u00e7a pulmonar obstrutiva cr\u00f4nica, ou <strong>DPOC<\/strong>, \u00e9 uma condi\u00e7\u00e3o respirat\u00f3ria progressiva que afeta milh\u00f5es de pessoas em todo o mundo. Caracteriza-se pela obstru\u00e7\u00e3o das vias a\u00e9reas, dificultando a passagem de ar pelos pulm\u00f5es e resultando em sintomas como falta de ar e tosse cr\u00f4nica. A DPOC engloba principalmente duas doen\u00e7as: o enfisema pulmonar e a bronquite cr\u00f4nica, ambas impactando negativamente a capacidade respirat\u00f3ria e a qualidade de vida dos indiv\u00edduos afetados.<\/p>\n\n\n\n<p>O desenvolvimento da DPOC ocorre ao longo de v\u00e1rios anos, frequentemente de maneira silenciosa, at\u00e9 que os sintomas se tornem evidentes e impactem significativamente o cotidiano. Fatores de risco como tabagismo, exposi\u00e7\u00e3o prolongada a poluentes ambientais e gen\u00e9ticos desempenham papel crucial na evolu\u00e7\u00e3o da doen\u00e7a. Identificar e mitigar esses riscos pode ajudar na preven\u00e7\u00e3o e no controle da DPOC, proporcionando uma melhor qualidade de vida aos pacientes.<\/p>\n\n\n\n<h2 class=\"wp-block-heading\">Quais s\u00e3o as principais causas e preven\u00e7\u00e3o da DPOC?<\/h2>\n\n\n\n<p>O tabagismo \u00e9, sem d\u00favida, o principal fator de risco associado ao desenvolvimento da DPOC. Entretanto, outros elementos como a exposi\u00e7\u00e3o a poluentes ambientais, poeira e produtos qu\u00edmicos tamb\u00e9m contribuem para o surgimento e agravamento da condi\u00e7\u00e3o. A cessa\u00e7\u00e3o do tabagismo \u00e9 fundamental na preven\u00e7\u00e3o da doen\u00e7a, mesmo para aqueles que fumam h\u00e1 muitos anos, pois ainda podem obter benef\u00edcios consider\u00e1veis ao abandonar o cigarro.<\/p>\n\n\n\n<p>Al\u00e9m de evitar o fumo ativo e passivo, outras medidas preventivas incluem a redu\u00e7\u00e3o da exposi\u00e7\u00e3o a ambientes polu\u00eddos e a utiliza\u00e7\u00e3o de equipamentos de prote\u00e7\u00e3o individual em locais de trabalho com alta concentra\u00e7\u00e3o de poeira e subst\u00e2ncias qu\u00edmicas. Manter as vacinas atualizadas, como a vacina contra influenza e a pneumoc\u00f3cica, \u00e9 essencial para diminuir o risco de infec\u00e7\u00f5es respirat\u00f3rias, que podem agravar a DPOC.<\/p>\n\n\n\n<h2 class=\"wp-block-heading\">Como \u00e9 realizado o tratamento da DPOC?<\/h2>\n\n\n\n<p>Embora a DPOC n\u00e3o tenha cura, o tratamento adequado pode aliviar os sintomas e retardar a progress\u00e3o da doen\u00e7a. Este tratamento geralmente inclui o uso de medicamentos broncodilatadores, que ajudam na abertura das vias a\u00e9reas, facilitando a respira\u00e7\u00e3o. Em certos casos, corticosteroides inalat\u00f3rios s\u00e3o prescritos para reduzir a inflama\u00e7\u00e3o das vias respirat\u00f3rias.<\/p>\n\n\n<div class=\"wp-block-image\">\n<figure class=\"aligncenter size-large\"><img decoding=\"async\" width=\"1024\" height=\"576\" src=\"https:\/\/www.correiobraziliense.com.br\/cbradar\/wp-content\/uploads\/2025\/09\/infeccao-pulmonar_1757364625469-1024x576.jpg\" alt=\"\" class=\"wp-image-100882\" srcset=\"https:\/\/www.correiobraziliense.com.br\/cbradar\/wp-content\/uploads\/2025\/09\/infeccao-pulmonar_1757364625469-1024x576.jpg 1024w, https:\/\/www.correiobraziliense.com.br\/cbradar\/wp-content\/uploads\/2025\/09\/infeccao-pulmonar_1757364625469-300x169.jpg 300w, https:\/\/www.correiobraziliense.com.br\/cbradar\/wp-content\/uploads\/2025\/09\/infeccao-pulmonar_1757364625469-768x432.jpg 768w, https:\/\/www.correiobraziliense.com.br\/cbradar\/wp-content\/uploads\/2025\/09\/infeccao-pulmonar_1757364625469-750x422.jpg 750w, https:\/\/www.correiobraziliense.com.br\/cbradar\/wp-content\/uploads\/2025\/09\/infeccao-pulmonar_1757364625469-1140x641.jpg 1140w, https:\/\/www.correiobraziliense.com.br\/cbradar\/wp-content\/uploads\/2025\/09\/infeccao-pulmonar_1757364625469.jpg 1280w\" sizes=\"(max-width: 1024px) 100vw, 1024px\" \/><figcaption class=\"wp-element-caption\">infec\u00e7\u00e3o pulmonar &#8211; Cr\u00e9ditos: depositphotos.com \/ Axel_Kock<\/figcaption><\/figure><\/div>\n\n\n<p>A reabilita\u00e7\u00e3o pulmonar, que envolve programas de exerc\u00edcios f\u00edsicos supervisionados e educa\u00e7\u00e3o em <a href=\"https:\/\/www.correiobraziliense.com.br\/cbradar\/dr-cesar-cimonari-neurocirurgiao-hemangioma-cavernoso-e-grave-entenda-agora\/\" target=\"_blank\" rel=\"noreferrer noopener\">sa\u00fade<\/a>, tem mostrado bons resultados na melhora da resist\u00eancia e na qualidade de vida dos pacientes. Al\u00e9m disso, a oxigenoterapia pode ser indicada para aqueles com baixos n\u00edveis de oxig\u00eanio no sangue, visando melhorar a oxigena\u00e7\u00e3o e aliviar a sensa\u00e7\u00e3o de falta de ar.<\/p>\n\n\n\n<h2 class=\"wp-block-heading\">Quais h\u00e1bitos podem beneficiar os portadores de DPOC?<\/h2>\n\n\n\n<p>A ado\u00e7\u00e3o de um estilo de vida saud\u00e1vel \u00e9 crucial para o manejo eficaz da DPOC. Praticar atividade f\u00edsica regularmente, mesmo que de forma leve, pode melhorar a capacidade respirat\u00f3ria e a resist\u00eancia muscular. T\u00e9cnicas de respira\u00e7\u00e3o, como a expira\u00e7\u00e3o lenta, auxiliam no al\u00edvio imediato de crises de falta de ar.<\/p>\n\n\n\n<p>Manter uma dieta equilibrada e monitorar o peso corporal tamb\u00e9m s\u00e3o pr\u00e1ticas importantes, j\u00e1 que tanto a desnutri\u00e7\u00e3o quanto o excesso de peso podem impactar negativamente a respira\u00e7\u00e3o. Al\u00e9m disso, viver em ambientes bem ventilados e evitar exposi\u00e7\u00e3o a fuma\u00e7a e cheiros fortes diversas vezes no dia \u00e9 recomend\u00e1vel.<\/p>\n\n\n\n<h2 class=\"wp-block-heading\">Por que o diagn\u00f3stico precoce \u00e9 essencial?<\/h2>\n\n\n\n<p>Detectar a DPOC em seus est\u00e1gios iniciais pode fazer uma diferen\u00e7a significativa no progn\u00f3stico e na qualidade de vida do paciente. Um diagn\u00f3stico precoce permite que o tratamento adequado seja iniciado imediatamente, mitigando a progress\u00e3o r\u00e1pida da doen\u00e7a e reduzindo o risco de complica\u00e7\u00f5es graves.<\/p>\n\n\n\n<p>Exames como a espirometria s\u00e3o fundamentais para avaliar a fun\u00e7\u00e3o pulmonar e confirmar o diagn\u00f3stico. Com um tratamento diligente e mudan\u00e7as no estilo de vida, \u00e9 poss\u00edvel controlar os sintomas da DPOC e diminuir a frequ\u00eancia de exacerba\u00e7\u00f5es, permitindo que os indiv\u00edduos mantenham uma rotina mais est\u00e1vel e satisfat\u00f3ria.<\/p>\n\n\n<a href=\"https:\/\/www.instagram.com\/dra.annaluisabf\/\" target=\"_blank\" rel=\"noopener\" style=\"text-decoration: none; color: inherit;\">\n    <span style=\"display: inline-block; border: 1px solid #ccc; border-radius: 10px; padding: 15px; max-width: 550px; font-family: sans-serif; box-shadow: 0 2px 5px rgba(0,0,0,0.1); width: 100%;\">\n\n      <!-- T\u00edtulo -->\n      <span style=\"display: block; margin: 0 0 15px 0; font-weight: bold; color: #2c3e50; text-align: center;\">\n        Entre em contato:\n      <\/span>\n\n      <!-- Linha do perfil -->\n      <span style=\"display: flex; align-items: center; gap: 15px;\">\n        <img decoding=\"async\"\n          src=\"https:\/\/www.correiobraziliense.com.br\/cbradar\/wp-content\/uploads\/2025\/08\/dra_anna_luisa.jpeg\"\n          alt=\"Foto da Dra. Anna Lu\u00edsa\"\n          style=\"border-radius: 50%; width: 80px; height: 80px; object-fit: cover;\"\n        \/>\n        <span style=\"display: flex; flex-direction: column;\">\n          <span style=\"font-size: 18px; font-weight: 700; color: #2c3e50;\">Dra. Anna Lu\u00edsa Barbosa Fernandes<\/span>\n          <span style=\"color: #555;\">CRM-GO 33.271<\/span>\n        <\/span>\n      <\/span>\n\n      <!-- Redes -->\n      <span style=\"display: flex; align-items: center; gap: 10px; margin-top: 12px;\">\n        <img decoding=\"async\" src=\"https:\/\/cdn-icons-png.flaticon.com\/24\/1384\/1384063.png\" alt=\"Instagram\" width=\"24\" height=\"24\" \/>\n        <span style=\"text-decoration: underline; color: #2c3e50;\">@dra.annaluisabf<\/span>\n      <\/span>\n\n    <\/span>\n  <\/a>","protected":false},"excerpt":{"rendered":"<p>A doen\u00e7a pulmonar obstrutiva cr\u00f4nica, ou DPOC, \u00e9 uma condi\u00e7\u00e3o respirat\u00f3ria progressiva que afeta milh\u00f5es de pessoas em todo o mundo. Caracteriza-se pela obstru\u00e7\u00e3o das vias a\u00e9reas, dificultando a passagem de ar pelos pulm\u00f5es e resultando em sintomas como falta de ar e tosse cr\u00f4nica. A DPOC engloba principalmente duas doen\u00e7as: o enfisema pulmonar e [&hellip;]<\/p>\n","protected":false},"author":14,"featured_media":155485,"comment_status":"open","ping_status":"open","sticky":false,"template":"","format":"standard","meta":{"_yoast_wpseo_focuskw":"DPOC","_yoast_wpseo_title":"","_yoast_wpseo_metadesc":"A DPOC pode evoluir silenciosamente por anos e o diagn\u00f3stico precoce faz toda a diferen\u00e7a no controle da doen\u00e7a.","jnews-multi-image_gallery":[],"jnews_single_post":{"format":"standard"},"jnews_primary_category":[],"jnews_social_meta":[],"jnews_override_counter":[],"footnotes":""},"categories":[4404],"tags":[281,120,1318],"class_list":["post-159338","post","type-post","status-publish","format-standard","has-post-thumbnail","hentry","category-saude","tag-alimentacao","tag-bem-estar","tag-saude-2"],"yoast_head":"<!-- This site is optimized with the Yoast SEO plugin v24.6 - https:\/\/yoast.com\/wordpress\/plugins\/seo\/ -->\n<title>Poucos percebem como essa doen\u00e7a afeta os pulm\u00f5es com o tempo - Correio Braziliense - Radar<\/title>\n<meta name=\"description\" content=\"A DPOC pode evoluir silenciosamente por anos e o diagn\u00f3stico precoce faz toda a diferen\u00e7a no controle da doen\u00e7a.\" \/>\n<meta name=\"robots\" content=\"index, follow, max-snippet:-1, max-image-preview:large, max-video-preview:-1\" \/>\n<link rel=\"canonical\" href=\"https:\/\/www.correiobraziliense.com.br\/cbradar\/poucos-percebem-como-essa-doenca-afeta-os-pulmoes-com-o-tempo\/\" \/>\n<meta property=\"og:locale\" content=\"pt_BR\" \/>\n<meta property=\"og:type\" content=\"article\" \/>\n<meta property=\"og:title\" content=\"Poucos percebem como essa doen\u00e7a afeta os pulm\u00f5es com o tempo - Correio Braziliense - Radar\" \/>\n<meta property=\"og:description\" content=\"A DPOC pode evoluir silenciosamente por anos e o diagn\u00f3stico precoce faz toda a diferen\u00e7a no controle da doen\u00e7a.\" \/>\n<meta property=\"og:url\" content=\"https:\/\/www.correiobraziliense.com.br\/cbradar\/poucos-percebem-como-essa-doenca-afeta-os-pulmoes-com-o-tempo\/\" \/>\n<meta property=\"og:site_name\" content=\"Correio Braziliense - Radar\" \/>\n<meta property=\"article:published_time\" content=\"2025-12-22T15:05:00+00:00\" \/>\n<meta property=\"og:image\" content=\"https:\/\/www.correiobraziliense.com.br\/cbradar\/wp-content\/uploads\/2025\/12\/DPOC_1765621759930.jpg\" \/>\n\t<meta property=\"og:image:width\" content=\"1280\" \/>\n\t<meta property=\"og:image:height\" content=\"720\" \/>\n\t<meta property=\"og:image:type\" content=\"image\/jpeg\" \/>\n<meta name=\"author\" content=\"guilherme_saude\" \/>\n<meta name=\"twitter:card\" content=\"summary_large_image\" \/>\n<meta name=\"twitter:label1\" content=\"Escrito por\" \/>\n\t<meta name=\"twitter:data1\" content=\"guilherme_saude\" \/>\n\t<meta name=\"twitter:label2\" content=\"Est. tempo de leitura\" \/>\n\t<meta name=\"twitter:data2\" content=\"5 minutos\" \/>\n<!-- \/ Yoast SEO plugin. -->","yoast_head_json":{"title":"Poucos percebem como essa doen\u00e7a afeta os pulm\u00f5es com o tempo - Correio Braziliense - Radar","description":"A DPOC pode evoluir silenciosamente por anos e o diagn\u00f3stico precoce faz toda a diferen\u00e7a no controle da doen\u00e7a.","robots":{"index":"index","follow":"follow","max-snippet":"max-snippet:-1","max-image-preview":"max-image-preview:large","max-video-preview":"max-video-preview:-1"},"canonical":"https:\/\/www.correiobraziliense.com.br\/cbradar\/poucos-percebem-como-essa-doenca-afeta-os-pulmoes-com-o-tempo\/","og_locale":"pt_BR","og_type":"article","og_title":"Poucos percebem como essa doen\u00e7a afeta os pulm\u00f5es com o tempo - Correio Braziliense - Radar","og_description":"A DPOC pode evoluir silenciosamente por anos e o diagn\u00f3stico precoce faz toda a diferen\u00e7a no controle da doen\u00e7a.","og_url":"https:\/\/www.correiobraziliense.com.br\/cbradar\/poucos-percebem-como-essa-doenca-afeta-os-pulmoes-com-o-tempo\/","og_site_name":"Correio Braziliense - Radar","article_published_time":"2025-12-22T15:05:00+00:00","og_image":[{"width":1280,"height":720,"url":"https:\/\/www.correiobraziliense.com.br\/cbradar\/wp-content\/uploads\/2025\/12\/DPOC_1765621759930.jpg","type":"image\/jpeg"}],"author":"guilherme_saude","twitter_card":"summary_large_image","twitter_misc":{"Escrito por":"guilherme_saude","Est. tempo de leitura":"5 minutos"},"schema":{"@context":"https:\/\/schema.org","@graph":[{"@type":"WebPage","@id":"https:\/\/www.correiobraziliense.com.br\/cbradar\/poucos-percebem-como-essa-doenca-afeta-os-pulmoes-com-o-tempo\/","url":"https:\/\/www.correiobraziliense.com.br\/cbradar\/poucos-percebem-como-essa-doenca-afeta-os-pulmoes-com-o-tempo\/","name":"Poucos percebem como essa doen\u00e7a afeta os pulm\u00f5es com o tempo - Correio Braziliense - Radar","isPartOf":{"@id":"https:\/\/www.correiobraziliense.com.br\/cbradar\/#website"},"primaryImageOfPage":{"@id":"https:\/\/www.correiobraziliense.com.br\/cbradar\/poucos-percebem-como-essa-doenca-afeta-os-pulmoes-com-o-tempo\/#primaryimage"},"image":{"@id":"https:\/\/www.correiobraziliense.com.br\/cbradar\/poucos-percebem-como-essa-doenca-afeta-os-pulmoes-com-o-tempo\/#primaryimage"},"thumbnailUrl":"https:\/\/www.correiobraziliense.com.br\/cbradar\/wp-content\/uploads\/2025\/12\/DPOC_1765621759930.jpg","datePublished":"2025-12-22T15:05:00+00:00","author":{"@id":"https:\/\/www.correiobraziliense.com.br\/cbradar\/#\/schema\/person\/5aa4bf3c8fa699c267933611de12978b"},"description":"A DPOC pode evoluir silenciosamente por anos e o diagn\u00f3stico precoce faz toda a diferen\u00e7a no controle da doen\u00e7a.","breadcrumb":{"@id":"https:\/\/www.correiobraziliense.com.br\/cbradar\/poucos-percebem-como-essa-doenca-afeta-os-pulmoes-com-o-tempo\/#breadcrumb"},"inLanguage":"pt-BR","potentialAction":[{"@type":"ReadAction","target":["https:\/\/www.correiobraziliense.com.br\/cbradar\/poucos-percebem-como-essa-doenca-afeta-os-pulmoes-com-o-tempo\/"]}]},{"@type":"ImageObject","inLanguage":"pt-BR","@id":"https:\/\/www.correiobraziliense.com.br\/cbradar\/poucos-percebem-como-essa-doenca-afeta-os-pulmoes-com-o-tempo\/#primaryimage","url":"https:\/\/www.correiobraziliense.com.br\/cbradar\/wp-content\/uploads\/2025\/12\/DPOC_1765621759930.jpg","contentUrl":"https:\/\/www.correiobraziliense.com.br\/cbradar\/wp-content\/uploads\/2025\/12\/DPOC_1765621759930.jpg","width":1280,"height":720,"caption":"DPOC - Cr\u00e9ditos: depositphotos.com \/ imagepointfr"},{"@type":"BreadcrumbList","@id":"https:\/\/www.correiobraziliense.com.br\/cbradar\/poucos-percebem-como-essa-doenca-afeta-os-pulmoes-com-o-tempo\/#breadcrumb","itemListElement":[{"@type":"ListItem","position":1,"name":"In\u00edcio","item":"https:\/\/www.correiobraziliense.com.br\/cbradar\/"},{"@type":"ListItem","position":2,"name":"Poucos percebem como essa doen\u00e7a afeta os pulm\u00f5es com o tempo"}]},{"@type":"WebSite","@id":"https:\/\/www.correiobraziliense.com.br\/cbradar\/#website","url":"https:\/\/www.correiobraziliense.com.br\/cbradar\/","name":"Correio Braziliense - Radar","description":"Acompanhe as \u00faltimas not\u00edcias e fique bem informado sobre tudo o que acontece no Brasil e no mundo.","potentialAction":[{"@type":"SearchAction","target":{"@type":"EntryPoint","urlTemplate":"https:\/\/www.correiobraziliense.com.br\/cbradar\/?s={search_term_string}"},"query-input":{"@type":"PropertyValueSpecification","valueRequired":true,"valueName":"search_term_string"}}],"inLanguage":"pt-BR"},{"@type":"Person","@id":"https:\/\/www.correiobraziliense.com.br\/cbradar\/#\/schema\/person\/5aa4bf3c8fa699c267933611de12978b","name":"guilherme_saude","image":{"@type":"ImageObject","inLanguage":"pt-BR","@id":"https:\/\/www.correiobraziliense.com.br\/cbradar\/#\/schema\/person\/image\/","url":"https:\/\/secure.gravatar.com\/avatar\/df9adfb835d344bc0af109d41756253f?s=96&d=mm&r=g","contentUrl":"https:\/\/secure.gravatar.com\/avatar\/df9adfb835d344bc0af109d41756253f?s=96&d=mm&r=g","caption":"guilherme_saude"},"url":"https:\/\/www.correiobraziliense.com.br\/cbradar\/author\/guilherme_saude\/"}]}},"_links":{"self":[{"href":"https:\/\/www.correiobraziliense.com.br\/cbradar\/wp-json\/wp\/v2\/posts\/159338","targetHints":{"allow":["GET"]}}],"collection":[{"href":"https:\/\/www.correiobraziliense.com.br\/cbradar\/wp-json\/wp\/v2\/posts"}],"about":[{"href":"https:\/\/www.correiobraziliense.com.br\/cbradar\/wp-json\/wp\/v2\/types\/post"}],"author":[{"embeddable":true,"href":"https:\/\/www.correiobraziliense.com.br\/cbradar\/wp-json\/wp\/v2\/users\/14"}],"replies":[{"embeddable":true,"href":"https:\/\/www.correiobraziliense.com.br\/cbradar\/wp-json\/wp\/v2\/comments?post=159338"}],"version-history":[{"count":1,"href":"https:\/\/www.correiobraziliense.com.br\/cbradar\/wp-json\/wp\/v2\/posts\/159338\/revisions"}],"predecessor-version":[{"id":159339,"href":"https:\/\/www.correiobraziliense.com.br\/cbradar\/wp-json\/wp\/v2\/posts\/159338\/revisions\/159339"}],"wp:featuredmedia":[{"embeddable":true,"href":"https:\/\/www.correiobraziliense.com.br\/cbradar\/wp-json\/wp\/v2\/media\/155485"}],"wp:attachment":[{"href":"https:\/\/www.correiobraziliense.com.br\/cbradar\/wp-json\/wp\/v2\/media?parent=159338"}],"wp:term":[{"taxonomy":"category","embeddable":true,"href":"https:\/\/www.correiobraziliense.com.br\/cbradar\/wp-json\/wp\/v2\/categories?post=159338"},{"taxonomy":"post_tag","embeddable":true,"href":"https:\/\/www.correiobraziliense.com.br\/cbradar\/wp-json\/wp\/v2\/tags?post=159338"}],"curies":[{"name":"wp","href":"https:\/\/api.w.org\/{rel}","templated":true}]}}